{"id":9920,"date":"2024-10-06T15:39:00","date_gmt":"2024-10-06T19:39:00","guid":{"rendered":"http:\/\/www.clubdescollectionneursenartsvisuelsdequebec.com\/?p=9920"},"modified":"2024-10-16T17:08:49","modified_gmt":"2024-10-16T21:08:49","slug":"serge-lemoyne-exposera-au-musee-national-des-beaux-arts-du-quebec-mnbaq","status":"publish","type":"post","link":"https:\/\/galeriebecot.com\/?p=9920","title":{"rendered":"Premiers jours -Oeuvres autochtones- au mus\u00e9e national des beaux-arts du Qu\u00e9bec (MNBAQ)"},"content":{"rendered":"\n<p class=\"wp-block-paragraph\">PREMIERS JOURS. <a href=\"https:\/\/www.mnbaq.org\">\u0152UVRES AUTOCHTONES<\/a> DE LA COLLECTION MCMICHAEL D\u2019ART CANADIEN<\/p>\n\n\n\n<p class=\"wp-block-paragraph\">Vernissage: le 16 octobre 2024<\/p>\n\n\n\n<figure class=\"wp-block-image size-large is-resized\"><a href=\"https:\/\/www.mnbaq.org\"><img loading=\"lazy\" decoding=\"async\" src=\"https:\/\/www.galeriebecot.com\/wp-content\/uploads\/2024\/10\/Tim-Pitslulak-1024x562.jpg\" alt=\"\" class=\"wp-image-19822\" width=\"758\" height=\"416\" srcset=\"https:\/\/galeriebecot.com\/wp-content\/uploads\/2024\/10\/Tim-Pitslulak-1024x562.jpg 1024w, https:\/\/galeriebecot.com\/wp-content\/uploads\/2024\/10\/Tim-Pitslulak-300x165.jpg 300w, https:\/\/galeriebecot.com\/wp-content\/uploads\/2024\/10\/Tim-Pitslulak-768x422.jpg 768w, https:\/\/galeriebecot.com\/wp-content\/uploads\/2024\/10\/Tim-Pitslulak-1536x844.jpg 1536w, https:\/\/galeriebecot.com\/wp-content\/uploads\/2024\/10\/Tim-Pitslulak-2048x1125.jpg 2048w\" sizes=\"auto, (max-width: 758px) 100vw, 758px\" \/><\/a><figcaption>Tim <strong>Pitsulak<\/strong> 2011, <strong><em>Baleine bor\u00e9ale et b\u00e9lugas<\/em><\/strong>, <strong>Crayon de couleur<\/strong> sur graphite et crayon feutre sur papier.<\/figcaption><\/figure>\n\n\n\n<p class=\"wp-block-paragraph\">Dans cette r\u00e9trospective, on y r\u00e9v\u00e8le plus de 230 oeuvres du photographe canadien Evergon&#8230;<\/p>\n\n\n\n<figure class=\"wp-block-image size-large is-resized\"><a href=\"https:\/\/www.mnbaq.org\/?gclid=EAIaIQobChMItazs2orQ4gIVkISzCh3WiwzVEAAYASAAEgK65vD_BwE\"><img loading=\"lazy\" decoding=\"async\" src=\"https:\/\/www.galeriebecot.com\/wp-content\/uploads\/2022\/11\/Evergon-436x1024.jpg\" alt=\"\" class=\"wp-image-16743\" width=\"591\" height=\"1388\" srcset=\"https:\/\/galeriebecot.com\/wp-content\/uploads\/2022\/11\/Evergon-436x1024.jpg 436w, https:\/\/galeriebecot.com\/wp-content\/uploads\/2022\/11\/Evergon-128x300.jpg 128w, https:\/\/galeriebecot.com\/wp-content\/uploads\/2022\/11\/Evergon-768x1805.jpg 768w, https:\/\/galeriebecot.com\/wp-content\/uploads\/2022\/11\/Evergon.jpg 864w\" sizes=\"auto, (max-width: 591px) 100vw, 591px\" \/><\/a><\/figure>\n\n\n<p><\/p>\n<p><a href=\"http:\/\/www.michelparent.com\/club\/\"><img loading=\"lazy\" decoding=\"async\" class=\"alignnone size-full wp-image-8818\" src=\"https:\/\/www.galeriebecot.com\/wp-content\/uploads\/2018\/06\/Logo-inscription-1-768x64ok.jpg\" alt=\"\" width=\"657\" height=\"63\" srcset=\"https:\/\/galeriebecot.com\/wp-content\/uploads\/2018\/06\/Logo-inscription-1-768x64ok.jpg 657w, https:\/\/galeriebecot.com\/wp-content\/uploads\/2018\/06\/Logo-inscription-1-768x64ok-300x29.jpg 300w\" sizes=\"auto, (max-width: 657px) 100vw, 657px\" \/><\/a><\/p>\n<p><img loading=\"lazy\" decoding=\"async\" class=\"alignnone wp-image-11442 size-full\" src=\"https:\/\/www.galeriebecot.com\/wp-content\/uploads\/2019\/06\/Miro-sculpt.jpg\" alt=\"\" width=\"576\" height=\"325\" srcset=\"https:\/\/galeriebecot.com\/wp-content\/uploads\/2019\/06\/Miro-sculpt.jpg 576w, https:\/\/galeriebecot.com\/wp-content\/uploads\/2019\/06\/Miro-sculpt-300x169.jpg 300w\" sizes=\"auto, (max-width: 576px) 100vw, 576px\" \/><\/p>\n<p><a href=\"https:\/\/www.mnbaq.org\/exposition\/miro-a-majorque-un-esprit-libre-1269\"><strong>Miro<\/strong> en quelques mots !<\/a><\/p>\n<p><span style=\"color: #000080;\"><strong>Miro<\/strong> part souvent d\u2019un <strong>\u00e9l\u00e9ment fortuit<\/strong><\/span> qu\u2019il retravaille pour cr\u00e9er un personnage ou un autre motif. Son imagination se d\u00e9ploie \u00e0 partir de taches de couleur ou d\u2019accidents de la mati\u00e8re. <em>&lt;&lt; Plut\u00f4t que de partir \u00e0 la recherche de quelque chose&nbsp;\u00e0 peindre, je commence \u00e0 peindre et tandis que je peins, la peinture commence \u00e0&nbsp;s\u2019affirmer ou \u00e0 se sugg\u00e9rer d\u2019elle-m\u00eame sous mon pinceau. <a href=\"https:\/\/www.mnbaq.org\/exposition\/miro-a-majorque-un-esprit-libre-1269\">La forme devient signe&nbsp;d\u2019une femme ou d\u2019un oiseau au fur et \u00e0 mesure de travail &gt;&gt;<\/a><\/em><\/p>\n<p><a href=\"https:\/\/www.facebook.com\/mnbaq\/?__tn__=KH-R&amp;eid=ARAcxzZRLoj6jLllxc8Ax1ShQLNyubLaRxaVdWBXBENyWXTJeYWCWvX-HfAGFuicFi3NtVxhPuV_2jXA&amp;fref=mentions&amp;__xts__[0]=68.ARDhNh3G01Ad9JySeYicXLPAahRR51tmwnoJsLY0JWwFt4PKK46cPdEzfpEs7xL_r_ZY4ZUfqRBoK1D4K-PfAz9qTTzidmsDoDiC1iJZLC6h_uhija2OWFvnCqHutTwNz2TTvJdV7pv8sZ2_aNh1snBP_TBQZCFGViVSAvU1T4s9Uz61PI6rhkIcKnLMfT_-k33hx6mtv5oTt5AjdlrZf7KpWArsJbEivEqpqzH4fMZDPucEvC8wI_-oxbt79eFkZGzX4SIqlYyUqyVlnxYUtRrzdEvTwUzpJlfK0sqgoOaFPVygc48MPlQW-EPkKZRCr2StYyhy2Cf_EBpOS3Neaw\"><img loading=\"lazy\" decoding=\"async\" class=\"alignnone size-full wp-image-9921\" src=\"https:\/\/www.galeriebecot.com\/wp-content\/uploads\/2018\/12\/Lemoyne-Serge.jpg\" alt=\"\" width=\"560\" height=\"851\" srcset=\"https:\/\/galeriebecot.com\/wp-content\/uploads\/2018\/12\/Lemoyne-Serge.jpg 560w, https:\/\/galeriebecot.com\/wp-content\/uploads\/2018\/12\/Lemoyne-Serge-197x300.jpg 197w\" sizes=\"auto, (max-width: 560px) 100vw, 560px\" \/><\/a><\/p>\n<p><a href=\"https:\/\/www.mnbaq.org\/\">C&rsquo;est avec une immense joie que nous vous annon\u00e7ons la tenue d&rsquo;une grande r\u00e9trospective sur l&rsquo;oeuvre de Serge Lemoyne&#8230;<\/a><\/p>","protected":false},"excerpt":{"rendered":"<p>PREMIERS JOURS. \u0152UVRES AUTOCHTONES DE LA COLLECTION MCMICHAEL D\u2019ART CANADIEN Vernissage: le 16 octobre 2024 Dans cette r\u00e9trospective, on y r\u00e9v\u00e8le plus de 230 oeuvres du photographe canadien Evergon&#8230; Miro&hellip; <\/p>\n","protected":false},"author":1,"featured_media":0,"comment_status":"open","ping_status":"open","sticky":false,"template":"","format":"standard","meta":{"_exactmetrics_skip_tracking":false,"_exactmetrics_sitenote_active":false,"_exactmetrics_sitenote_note":"","_exactmetrics_sitenote_category":0,"footnotes":""},"categories":[27],"tags":[34,735,4267,4266,58,157,4271,489,4270,2634,180,37,4269,4268,40],"class_list":["post-9920","post","type-post","status-publish","format-standard","hentry","category-artistes","tag-andre-becot","tag-artistes","tag-evergon","tag-journal-metro-quebec","tag-marc-bellemare-collectionneur","tag-mnbaq","tag-mona-lechasseur","tag-musee-national-des-beaux-arts-du-quebec","tag-niagara","tag-nmbaq","tag-serge-lemoyne","tag-studio-becot","tag-universite-concordia","tag-universite-dottawa","tag-visuals-arts"],"_links":{"self":[{"href":"https:\/\/galeriebecot.com\/index.php?rest_route=\/wp\/v2\/posts\/9920","targetHints":{"allow":["GET"]}}],"collection":[{"href":"https:\/\/galeriebecot.com\/index.php?rest_route=\/wp\/v2\/posts"}],"about":[{"href":"https:\/\/galeriebecot.com\/index.php?rest_route=\/wp\/v2\/types\/post"}],"author":[{"embeddable":true,"href":"https:\/\/galeriebecot.com\/index.php?rest_route=\/wp\/v2\/users\/1"}],"replies":[{"embeddable":true,"href":"https:\/\/galeriebecot.com\/index.php?rest_route=%2Fwp%2Fv2%2Fcomments&post=9920"}],"version-history":[{"count":25,"href":"https:\/\/galeriebecot.com\/index.php?rest_route=\/wp\/v2\/posts\/9920\/revisions"}],"predecessor-version":[{"id":19828,"href":"https:\/\/galeriebecot.com\/index.php?rest_route=\/wp\/v2\/posts\/9920\/revisions\/19828"}],"wp:attachment":[{"href":"https:\/\/galeriebecot.com\/index.php?rest_route=%2Fwp%2Fv2%2Fmedia&parent=9920"}],"wp:term":[{"taxonomy":"category","embeddable":true,"href":"https:\/\/galeriebecot.com\/index.php?rest_route=%2Fwp%2Fv2%2Fcategories&post=9920"},{"taxonomy":"post_tag","embeddable":true,"href":"https:\/\/galeriebecot.com\/index.php?rest_route=%2Fwp%2Fv2%2Ftags&post=9920"}],"curies":[{"name":"wp","href":"https:\/\/api.w.org\/{rel}","templated":true}]}}