{"id":9835,"date":"2020-01-31T16:49:55","date_gmt":"2020-01-31T21:49:55","guid":{"rendered":"http:\/\/www.clubdescollectionneursenartsvisuelsdequebec.com\/?p=9835"},"modified":"2020-02-10T16:31:21","modified_gmt":"2020-02-10T21:31:21","slug":"lecrivain-claude-peloquin-est-decede","status":"publish","type":"post","link":"https:\/\/galeriebecot.com\/?p=9835","title":{"rendered":"Laurent Bonet&#8230;. Jordi Bonet , Huguette Bouchard &#8211; Bonet en exposition&#8230;"},"content":{"rendered":"<p><a href=\"https:\/\/www.galeriebecot.com\/wp-content\/uploads\/2013\/06\/Jordi_femme.jpg\"><img loading=\"lazy\" decoding=\"async\" class=\"alignnone size-full wp-image-12585\" src=\"https:\/\/www.galeriebecot.com\/wp-content\/uploads\/2019\/11\/Huguette.jpg\" alt=\"\" width=\"695\" height=\"358\" srcset=\"https:\/\/galeriebecot.com\/wp-content\/uploads\/2019\/11\/Huguette.jpg 695w, https:\/\/galeriebecot.com\/wp-content\/uploads\/2019\/11\/Huguette-300x155.jpg 300w\" sizes=\"auto, (max-width: 695px) 100vw, 695px\" \/><\/a><\/p>\n<p><a href=\"https:\/\/www.galeriebecot.com\/wp-content\/uploads\/2019\/11\/Bernier1.jpg\"><img loading=\"lazy\" decoding=\"async\" class=\"alignnone size-full wp-image-12586\" src=\"https:\/\/www.galeriebecot.com\/wp-content\/uploads\/2019\/11\/Bernier1.jpg\" alt=\"\" width=\"720\" height=\"660\" srcset=\"https:\/\/galeriebecot.com\/wp-content\/uploads\/2019\/11\/Bernier1.jpg 720w, https:\/\/galeriebecot.com\/wp-content\/uploads\/2019\/11\/Bernier1-300x275.jpg 300w\" sizes=\"auto, (max-width: 720px) 100vw, 720px\" \/><\/a><\/p>\n<p><iframe loading=\"lazy\" width=\"700\" height=\"394\" src=\"https:\/\/www.youtube.com\/embed\/KKzmeAlA_us?feature=oembed\" frameborder=\"0\" allow=\"accelerometer; autoplay; encrypted-media; gyroscope; picture-in-picture\" allowfullscreen><\/iframe><\/p>\n<p>R\u00e9trospective de Jordi Bonet : plus que l&rsquo;homme d&rsquo;une murale ( <a href=\"https:\/\/www.lequotidien.com\/arts\/retrospective-de-jordi-bonet-plus-que-lhomme-dune-murale-bb6857b4e135e1df862dc7b5642d9a64?utm_campaign=lequotidien&amp;utm_medium=article_share&amp;utm_source=facebook&amp;fbclid=IwAR2lENsiE8lLkQA-BRPbxOGTwDkXzl8hwF1oN4RV3w4ztZZ9xwVBDcImaHk\"><em>extrait du journal LeQuotidien<\/em><\/a>)<\/p>\n<p><a href=\"https:\/\/www.galeriebecot.com\/wp-content\/uploads\/2019\/11\/Bernier22.jpg\"><img loading=\"lazy\" decoding=\"async\" class=\"alignnone size-full wp-image-12588\" src=\"https:\/\/www.galeriebecot.com\/wp-content\/uploads\/2019\/11\/Bernier22.jpg\" alt=\"\" width=\"646\" height=\"259\" srcset=\"https:\/\/galeriebecot.com\/wp-content\/uploads\/2019\/11\/Bernier22.jpg 646w, https:\/\/galeriebecot.com\/wp-content\/uploads\/2019\/11\/Bernier22-300x120.jpg 300w\" sizes=\"auto, (max-width: 646px) 100vw, 646px\" \/><\/a><\/p>\n<p><a href=\"https:\/\/www.galeriebecot.com\/wp-content\/uploads\/2019\/11\/Bernier3.jpg\"><img loading=\"lazy\" decoding=\"async\" class=\"alignnone size-full wp-image-12589\" src=\"https:\/\/www.galeriebecot.com\/wp-content\/uploads\/2019\/11\/Bernier3.jpg\" alt=\"\" width=\"720\" height=\"669\" srcset=\"https:\/\/galeriebecot.com\/wp-content\/uploads\/2019\/11\/Bernier3.jpg 720w, https:\/\/galeriebecot.com\/wp-content\/uploads\/2019\/11\/Bernier3-300x279.jpg 300w\" sizes=\"auto, (max-width: 720px) 100vw, 720px\" \/><\/a><\/p>\n<p><a href=\"https:\/\/www.galeriebecot.com\/wp-content\/uploads\/2019\/11\/Bernier4.jpg\"><img loading=\"lazy\" decoding=\"async\" class=\"alignnone size-full wp-image-12590\" src=\"https:\/\/www.galeriebecot.com\/wp-content\/uploads\/2019\/11\/Bernier4.jpg\" alt=\"\" width=\"720\" height=\"792\" srcset=\"https:\/\/galeriebecot.com\/wp-content\/uploads\/2019\/11\/Bernier4.jpg 720w, https:\/\/galeriebecot.com\/wp-content\/uploads\/2019\/11\/Bernier4-273x300.jpg 273w\" sizes=\"auto, (max-width: 720px) 100vw, 720px\" \/><\/a><\/p>\n<p><a href=\"https:\/\/www.galeriebecot.com\/wp-content\/uploads\/2019\/11\/Bernier-5.jpg\"><img loading=\"lazy\" decoding=\"async\" class=\"alignnone size-full wp-image-12591\" src=\"https:\/\/www.galeriebecot.com\/wp-content\/uploads\/2019\/11\/Bernier-5.jpg\" alt=\"\" width=\"720\" height=\"484\" srcset=\"https:\/\/galeriebecot.com\/wp-content\/uploads\/2019\/11\/Bernier-5.jpg 720w, https:\/\/galeriebecot.com\/wp-content\/uploads\/2019\/11\/Bernier-5-300x202.jpg 300w\" sizes=\"auto, (max-width: 720px) 100vw, 720px\" \/><\/a><\/p>\n<p><a href=\"https:\/\/www.galeriebecot.com\/wp-content\/uploads\/2019\/11\/Bernier-6.jpg\"><img loading=\"lazy\" decoding=\"async\" class=\"alignnone size-full wp-image-12592\" src=\"https:\/\/www.galeriebecot.com\/wp-content\/uploads\/2019\/11\/Bernier-6.jpg\" alt=\"\" width=\"720\" height=\"759\" srcset=\"https:\/\/galeriebecot.com\/wp-content\/uploads\/2019\/11\/Bernier-6.jpg 720w, https:\/\/galeriebecot.com\/wp-content\/uploads\/2019\/11\/Bernier-6-285x300.jpg 285w\" sizes=\"auto, (max-width: 720px) 100vw, 720px\" \/><\/a><\/p>\n<p><a href=\"https:\/\/www.galeriebecot.com\/wp-content\/uploads\/2019\/11\/Bernier7.jpg\"><img loading=\"lazy\" decoding=\"async\" class=\"alignnone size-full wp-image-12593\" src=\"https:\/\/www.galeriebecot.com\/wp-content\/uploads\/2019\/11\/Bernier7.jpg\" alt=\"\" width=\"720\" height=\"822\" srcset=\"https:\/\/galeriebecot.com\/wp-content\/uploads\/2019\/11\/Bernier7.jpg 720w, https:\/\/galeriebecot.com\/wp-content\/uploads\/2019\/11\/Bernier7-263x300.jpg 263w\" sizes=\"auto, (max-width: 720px) 100vw, 720px\" \/><\/a><\/p>\n<p><a href=\"https:\/\/www.galeriebecot.com\/wp-content\/uploads\/2019\/11\/Bernier8.jpg\"><img loading=\"lazy\" decoding=\"async\" class=\"alignnone size-full wp-image-12594\" src=\"https:\/\/www.galeriebecot.com\/wp-content\/uploads\/2019\/11\/Bernier8.jpg\" alt=\"\" width=\"720\" height=\"746\" srcset=\"https:\/\/galeriebecot.com\/wp-content\/uploads\/2019\/11\/Bernier8.jpg 720w, https:\/\/galeriebecot.com\/wp-content\/uploads\/2019\/11\/Bernier8-290x300.jpg 290w\" sizes=\"auto, (max-width: 720px) 100vw, 720px\" \/><\/a><\/p>\n<p><a href=\"https:\/\/www.galeriebecot.com\/wp-content\/uploads\/2019\/11\/Bernier9.jpg\"><img loading=\"lazy\" decoding=\"async\" class=\"alignnone size-full wp-image-12595\" src=\"https:\/\/www.galeriebecot.com\/wp-content\/uploads\/2019\/11\/Bernier9.jpg\" alt=\"\" width=\"720\" height=\"651\" srcset=\"https:\/\/galeriebecot.com\/wp-content\/uploads\/2019\/11\/Bernier9.jpg 720w, https:\/\/galeriebecot.com\/wp-content\/uploads\/2019\/11\/Bernier9-300x271.jpg 300w\" sizes=\"auto, (max-width: 720px) 100vw, 720px\" \/><\/a><\/p>\n<p><a href=\"https:\/\/www.galeriebecot.com\/wp-content\/uploads\/2019\/11\/Bernier10.jpg\"><img loading=\"lazy\" decoding=\"async\" class=\"alignnone size-full wp-image-12596\" src=\"https:\/\/www.galeriebecot.com\/wp-content\/uploads\/2019\/11\/Bernier10.jpg\" alt=\"\" width=\"720\" height=\"557\" srcset=\"https:\/\/galeriebecot.com\/wp-content\/uploads\/2019\/11\/Bernier10.jpg 720w, https:\/\/galeriebecot.com\/wp-content\/uploads\/2019\/11\/Bernier10-300x232.jpg 300w\" sizes=\"auto, (max-width: 720px) 100vw, 720px\" \/><\/a><\/p>\n<p><a href=\"https:\/\/www.galeriebecot.com\/wp-content\/uploads\/2019\/11\/Bernier11.jpg\"><img loading=\"lazy\" decoding=\"async\" class=\"alignnone size-full wp-image-12597\" src=\"https:\/\/www.galeriebecot.com\/wp-content\/uploads\/2019\/11\/Bernier11.jpg\" alt=\"\" width=\"720\" height=\"549\" srcset=\"https:\/\/galeriebecot.com\/wp-content\/uploads\/2019\/11\/Bernier11.jpg 720w, https:\/\/galeriebecot.com\/wp-content\/uploads\/2019\/11\/Bernier11-300x229.jpg 300w\" sizes=\"auto, (max-width: 720px) 100vw, 720px\" \/><\/a><\/p>\n<p><a href=\"https:\/\/www.galeriebecot.com\/wp-content\/uploads\/2019\/11\/Bernier12.jpg\"><img loading=\"lazy\" decoding=\"async\" class=\"alignnone size-full wp-image-12598\" src=\"https:\/\/www.galeriebecot.com\/wp-content\/uploads\/2019\/11\/Bernier12.jpg\" alt=\"\" width=\"720\" height=\"657\" srcset=\"https:\/\/galeriebecot.com\/wp-content\/uploads\/2019\/11\/Bernier12.jpg 720w, https:\/\/galeriebecot.com\/wp-content\/uploads\/2019\/11\/Bernier12-300x274.jpg 300w\" sizes=\"auto, (max-width: 720px) 100vw, 720px\" \/><\/a><\/p>\n<p>&nbsp;<\/p>\n<p><a href=\"https:\/\/www.galeriebecot.com\/wp-content\/uploads\/2019\/09\/Affiche-exposition-mail-2019-vernissage-des-oeuvres-de-Laurent-Bonet-Llorenc-Atelier-Bonet.jpeg\"><img loading=\"lazy\" decoding=\"async\" class=\"alignnone size-full wp-image-11991\" src=\"https:\/\/www.galeriebecot.com\/wp-content\/uploads\/2019\/09\/Affiche-exposition-mail-2019-vernissage-des-oeuvres-de-Laurent-Bonet-Llorenc-Atelier-Bonet.jpeg\" alt=\"\" width=\"426\" height=\"640\" srcset=\"https:\/\/galeriebecot.com\/wp-content\/uploads\/2019\/09\/Affiche-exposition-mail-2019-vernissage-des-oeuvres-de-Laurent-Bonet-Llorenc-Atelier-Bonet.jpeg 426w, https:\/\/galeriebecot.com\/wp-content\/uploads\/2019\/09\/Affiche-exposition-mail-2019-vernissage-des-oeuvres-de-Laurent-Bonet-Llorenc-Atelier-Bonet-200x300.jpeg 200w\" sizes=\"auto, (max-width: 426px) 100vw, 426px\" \/><\/a><\/p>\n<p>La fondation Jordi-Bonet pr\u00e9sente les oeuvres de<strong> Laurent Bonet.<\/strong><\/p>\n<p>Fragments et d\u00e9bris du neuvi\u00e8me continent.<\/p>\n<p>Le 28 novembre dans une formule 5@7.<\/p>\n<p>6oo, boulevard Sir-Wilfrid-Laurier,<\/p>\n<p>Beloeil, porte 2<\/p>\n<p>Laurent Bonet organise \u00ab\u00a0un party\u00a0\u00bb un \u00e9v\u00e9nement glamour autour du lancement de sa production post-contemporain, d\u2019objets, mobilier, tableaux et m\u00e9dia-num\u00e9rique, anti-design et artistique.<\/p>\n<p>Mais, l\u2019exposition \u00ab Fragments et d\u00e9bris du neuvi\u00e8me continent \u00bb est lanc\u00e9e comme un pav\u00e9 dans la marre&#8230;<\/p>\n<p>Vous \u00eates chaleureusement invit\u00e9s \u00e0 nous rejoindre, soit parce que vous repr\u00e9sentez une \u00e9lite, soit parce que vous avez la mission de retransmettre la connaissance.<\/p>\n<p>Cet \u00e9v\u00e9nement festif vous transportera dans un univers unique au monde.<\/p>\n<p>Meilleures salutations.<\/p>\n<p><em>Laurent Bonet<\/em><\/p>\n<p><a href=\"https:\/\/www.galeriebecot.com\/?s=Jordi+Bonet\"><img loading=\"lazy\" decoding=\"async\" class=\"alignnone wp-image-9855\" src=\"https:\/\/www.galeriebecot.com\/wp-content\/uploads\/2018\/11\/Peloquin1-devoir.jpg\" alt=\"\" width=\"941\" height=\"819\" srcset=\"https:\/\/galeriebecot.com\/wp-content\/uploads\/2018\/11\/Peloquin1-devoir.jpg 941w, https:\/\/galeriebecot.com\/wp-content\/uploads\/2018\/11\/Peloquin1-devoir-300x261.jpg 300w, https:\/\/galeriebecot.com\/wp-content\/uploads\/2018\/11\/Peloquin1-devoir-768x668.jpg 768w\" sizes=\"auto, (max-width: 941px) 100vw, 941px\" \/><\/a><\/p>\n<p><a href=\"https:\/\/www.galeriebecot.com\/wp-content\/uploads\/2018\/11\/Peloquin2-Devoir.jpg\"><img loading=\"lazy\" decoding=\"async\" class=\"alignnone size-full wp-image-9856\" src=\"https:\/\/www.galeriebecot.com\/wp-content\/uploads\/2018\/11\/Peloquin2-Devoir.jpg\" alt=\"\" width=\"667\" height=\"856\" srcset=\"https:\/\/galeriebecot.com\/wp-content\/uploads\/2018\/11\/Peloquin2-Devoir.jpg 667w, https:\/\/galeriebecot.com\/wp-content\/uploads\/2018\/11\/Peloquin2-Devoir-234x300.jpg 234w\" sizes=\"auto, (max-width: 667px) 100vw, 667px\" \/><\/a><\/p>\n<p><a href=\"https:\/\/www.galeriebecot.com\/wp-content\/uploads\/2018\/11\/Peloquin3-Devoir.jpg\"><img loading=\"lazy\" decoding=\"async\" class=\"alignnone size-full wp-image-9857\" src=\"https:\/\/www.galeriebecot.com\/wp-content\/uploads\/2018\/11\/Peloquin3-Devoir.jpg\" alt=\"\" width=\"576\" height=\"938\" srcset=\"https:\/\/galeriebecot.com\/wp-content\/uploads\/2018\/11\/Peloquin3-Devoir.jpg 576w, https:\/\/galeriebecot.com\/wp-content\/uploads\/2018\/11\/Peloquin3-Devoir-184x300.jpg 184w\" sizes=\"auto, (max-width: 576px) 100vw, 576px\" \/><\/a><\/p>\n<p><a href=\"https:\/\/www.galeriebecot.com\/wp-content\/uploads\/2018\/11\/Peloquin4-devoir.jpg\"><img loading=\"lazy\" decoding=\"async\" class=\"alignnone size-full wp-image-9858\" src=\"https:\/\/www.galeriebecot.com\/wp-content\/uploads\/2018\/11\/Peloquin4-devoir.jpg\" alt=\"\" width=\"609\" height=\"1001\" srcset=\"https:\/\/galeriebecot.com\/wp-content\/uploads\/2018\/11\/Peloquin4-devoir.jpg 609w, https:\/\/galeriebecot.com\/wp-content\/uploads\/2018\/11\/Peloquin4-devoir-183x300.jpg 183w\" sizes=\"auto, (max-width: 609px) 100vw, 609px\" \/><\/a><\/p>\n<p><a href=\"https:\/\/www.galeriebecot.com\/wp-content\/uploads\/2018\/11\/Peloquin5-devoir.jpg\"><img loading=\"lazy\" decoding=\"async\" class=\"alignnone size-full wp-image-9859\" src=\"https:\/\/www.galeriebecot.com\/wp-content\/uploads\/2018\/11\/Peloquin5-devoir.jpg\" alt=\"\" width=\"585\" height=\"948\" srcset=\"https:\/\/galeriebecot.com\/wp-content\/uploads\/2018\/11\/Peloquin5-devoir.jpg 585w, https:\/\/galeriebecot.com\/wp-content\/uploads\/2018\/11\/Peloquin5-devoir-185x300.jpg 185w\" sizes=\"auto, (max-width: 585px) 100vw, 585px\" \/><\/a><\/p>\n<p><a href=\"https:\/\/www.galeriebecot.com\/wp-content\/uploads\/2018\/11\/Peloquin1.jpg\"><img loading=\"lazy\" decoding=\"async\" class=\"alignnone size-full wp-image-9836\" src=\"https:\/\/www.galeriebecot.com\/wp-content\/uploads\/2018\/11\/Peloquin1.jpg\" alt=\"\" width=\"661\" height=\"917\" srcset=\"https:\/\/galeriebecot.com\/wp-content\/uploads\/2018\/11\/Peloquin1.jpg 661w, https:\/\/galeriebecot.com\/wp-content\/uploads\/2018\/11\/Peloquin1-216x300.jpg 216w\" sizes=\"auto, (max-width: 661px) 100vw, 661px\" \/><\/a><\/p>\n<p><a href=\"https:\/\/ici.radio-canada.ca\/nouvelle\/697425\/derapage-poete-claude-peloquin-immigration\"><img loading=\"lazy\" decoding=\"async\" class=\"alignnone size-full wp-image-9837\" src=\"https:\/\/www.galeriebecot.com\/wp-content\/uploads\/2018\/11\/Peloquin2.jpg\" alt=\"\" width=\"657\" height=\"758\" srcset=\"https:\/\/galeriebecot.com\/wp-content\/uploads\/2018\/11\/Peloquin2.jpg 657w, https:\/\/galeriebecot.com\/wp-content\/uploads\/2018\/11\/Peloquin2-260x300.jpg 260w\" sizes=\"auto, (max-width: 657px) 100vw, 657px\" \/><\/a><\/p>\n<p><a href=\"https:\/\/www.youtube.com\/watch?v=qo8zKhd4Cf0\"><img loading=\"lazy\" decoding=\"async\" class=\"alignnone size-full wp-image-9838\" src=\"https:\/\/www.galeriebecot.com\/wp-content\/uploads\/2018\/11\/PeloquinCharlebois.jpg\" alt=\"\" width=\"379\" height=\"214\" srcset=\"https:\/\/galeriebecot.com\/wp-content\/uploads\/2018\/11\/PeloquinCharlebois.jpg 379w, https:\/\/galeriebecot.com\/wp-content\/uploads\/2018\/11\/PeloquinCharlebois-300x169.jpg 300w\" sizes=\"auto, (max-width: 379px) 100vw, 379px\" \/><\/a><\/p>\n<p><a href=\"https:\/\/www.youtube.com\/watch?v=UoDJgjRXgS4\"><img loading=\"lazy\" decoding=\"async\" class=\"alignnone size-full wp-image-9839\" src=\"https:\/\/www.galeriebecot.com\/wp-content\/uploads\/2018\/11\/Peloquin-Lien.jpg\" alt=\"\" width=\"377\" height=\"213\" srcset=\"https:\/\/galeriebecot.com\/wp-content\/uploads\/2018\/11\/Peloquin-Lien.jpg 377w, https:\/\/galeriebecot.com\/wp-content\/uploads\/2018\/11\/Peloquin-Lien-300x169.jpg 300w\" sizes=\"auto, (max-width: 377px) 100vw, 377px\" \/><\/a><\/p>\n<p><a href=\"https:\/\/www.galeriebecot.com\/wp-content\/uploads\/2018\/11\/projetpeloquinclub1.jpg\"><img loading=\"lazy\" decoding=\"async\" class=\"alignnone size-large wp-image-9867\" src=\"https:\/\/www.galeriebecot.com\/wp-content\/uploads\/2018\/11\/projetpeloquinclub1-552x1024.jpg\" alt=\"\" width=\"552\" height=\"1024\" srcset=\"https:\/\/galeriebecot.com\/wp-content\/uploads\/2018\/11\/projetpeloquinclub1-552x1024.jpg 552w, https:\/\/galeriebecot.com\/wp-content\/uploads\/2018\/11\/projetpeloquinclub1-162x300.jpg 162w, https:\/\/galeriebecot.com\/wp-content\/uploads\/2018\/11\/projetpeloquinclub1.jpg 750w\" sizes=\"auto, (max-width: 552px) 100vw, 552px\" \/><\/a><\/p>\n<p><a href=\"https:\/\/www.galeriebecot.com\/wp-content\/uploads\/2018\/11\/Peloquin-Quotidien-1.jpg\"><img loading=\"lazy\" decoding=\"async\" class=\"alignnone size-large wp-image-9861\" src=\"https:\/\/www.galeriebecot.com\/wp-content\/uploads\/2018\/11\/Peloquin-Quotidien-1-1024x914.jpg\" alt=\"\" width=\"700\" height=\"625\" srcset=\"https:\/\/galeriebecot.com\/wp-content\/uploads\/2018\/11\/Peloquin-Quotidien-1-1024x914.jpg 1024w, https:\/\/galeriebecot.com\/wp-content\/uploads\/2018\/11\/Peloquin-Quotidien-1-300x268.jpg 300w, https:\/\/galeriebecot.com\/wp-content\/uploads\/2018\/11\/Peloquin-Quotidien-1-768x685.jpg 768w, https:\/\/galeriebecot.com\/wp-content\/uploads\/2018\/11\/Peloquin-Quotidien-1.jpg 1162w\" sizes=\"auto, (max-width: 700px) 100vw, 700px\" \/><\/a><\/p>\n<p><a href=\"https:\/\/www.galeriebecot.com\/wp-content\/uploads\/2018\/11\/peloquin2-Qotidien.jpg\"><img loading=\"lazy\" decoding=\"async\" class=\"alignnone size-full wp-image-9862\" src=\"https:\/\/www.galeriebecot.com\/wp-content\/uploads\/2018\/11\/peloquin2-Qotidien.jpg\" alt=\"\" width=\"914\" height=\"380\" srcset=\"https:\/\/galeriebecot.com\/wp-content\/uploads\/2018\/11\/peloquin2-Qotidien.jpg 914w, https:\/\/galeriebecot.com\/wp-content\/uploads\/2018\/11\/peloquin2-Qotidien-300x125.jpg 300w, https:\/\/galeriebecot.com\/wp-content\/uploads\/2018\/11\/peloquin2-Qotidien-768x319.jpg 768w, https:\/\/galeriebecot.com\/wp-content\/uploads\/2018\/11\/peloquin2-Qotidien-700x290.jpg 700w\" sizes=\"auto, (max-width: 914px) 100vw, 914px\" \/><\/a><\/p>\n<p><a href=\"https:\/\/www.galeriebecot.com\/wp-content\/uploads\/2018\/11\/peloquin3-Qotidien.jpg\"><img loading=\"lazy\" decoding=\"async\" class=\"alignnone size-full wp-image-9863\" src=\"https:\/\/www.galeriebecot.com\/wp-content\/uploads\/2018\/11\/peloquin3-Qotidien.jpg\" alt=\"\" width=\"966\" height=\"962\" srcset=\"https:\/\/galeriebecot.com\/wp-content\/uploads\/2018\/11\/peloquin3-Qotidien.jpg 966w, https:\/\/galeriebecot.com\/wp-content\/uploads\/2018\/11\/peloquin3-Qotidien-150x150.jpg 150w, https:\/\/galeriebecot.com\/wp-content\/uploads\/2018\/11\/peloquin3-Qotidien-300x300.jpg 300w, https:\/\/galeriebecot.com\/wp-content\/uploads\/2018\/11\/peloquin3-Qotidien-768x765.jpg 768w, https:\/\/galeriebecot.com\/wp-content\/uploads\/2018\/11\/peloquin3-Qotidien-330x330.jpg 330w\" sizes=\"auto, (max-width: 966px) 100vw, 966px\" \/><\/a><\/p>\n<p><a href=\"https:\/\/www.galeriebecot.com\/wp-content\/uploads\/2018\/11\/Peloquin4-Quotidien.jpg\"><img loading=\"lazy\" decoding=\"async\" class=\"alignnone size-full wp-image-9864\" src=\"https:\/\/www.galeriebecot.com\/wp-content\/uploads\/2018\/11\/Peloquin4-Quotidien.jpg\" alt=\"\" width=\"886\" height=\"774\" srcset=\"https:\/\/galeriebecot.com\/wp-content\/uploads\/2018\/11\/Peloquin4-Quotidien.jpg 886w, https:\/\/galeriebecot.com\/wp-content\/uploads\/2018\/11\/Peloquin4-Quotidien-300x262.jpg 300w, https:\/\/galeriebecot.com\/wp-content\/uploads\/2018\/11\/Peloquin4-Quotidien-768x671.jpg 768w\" sizes=\"auto, (max-width: 886px) 100vw, 886px\" \/><\/a><\/p>\n<p><a href=\"https:\/\/michelparent.com\/club\/index.php\"><img loading=\"lazy\" decoding=\"async\" class=\"alignnone size-large wp-image-11648\" src=\"https:\/\/www.galeriebecot.com\/wp-content\/uploads\/2019\/08\/Logo-inscription-1-1024x85.jpg\" alt=\"\" width=\"700\" height=\"58\" srcset=\"https:\/\/galeriebecot.com\/wp-content\/uploads\/2019\/08\/Logo-inscription-1-1024x85.jpg 1024w, https:\/\/galeriebecot.com\/wp-content\/uploads\/2019\/08\/Logo-inscription-1-300x25.jpg 300w, https:\/\/galeriebecot.com\/wp-content\/uploads\/2019\/08\/Logo-inscription-1-768x64.jpg 768w, https:\/\/galeriebecot.com\/wp-content\/uploads\/2019\/08\/Logo-inscription-1.jpg 1403w\" sizes=\"auto, (max-width: 700px) 100vw, 700px\" \/><\/a><\/p>\n<p>&nbsp;<\/p>\n<p><a href=\"https:\/\/www.galeriebecot.com\/wp-content\/uploads\/2019\/08\/espace1.jpg\"><img loading=\"lazy\" decoding=\"async\" class=\"alignnone size-full wp-image-11676\" src=\"https:\/\/www.galeriebecot.com\/wp-content\/uploads\/2019\/08\/espace1.jpg\" alt=\"\" width=\"850\" height=\"798\" srcset=\"https:\/\/galeriebecot.com\/wp-content\/uploads\/2019\/08\/espace1.jpg 850w, https:\/\/galeriebecot.com\/wp-content\/uploads\/2019\/08\/espace1-300x282.jpg 300w, https:\/\/galeriebecot.com\/wp-content\/uploads\/2019\/08\/espace1-768x721.jpg 768w\" sizes=\"auto, (max-width: 850px) 100vw, 850px\" \/><\/a><\/p>\n<p><strong><em>Plonger sans faire de vagues.<\/em><\/strong><\/p>\n<p><strong>Julie Bouffard.<\/strong><\/p>\n<p><em>Vernissage le 19 septembre 2019 , d\u00e8s 17h30.<\/em><\/p>\n<p><strong>Du 16 septembre au 11 octobre 2019.<\/strong><\/p>\n<p><em>Bienvenue \u00e0 tous !<\/em><\/p>\n<p><a href=\"https:\/\/www.galeriebecot.com\/wp-content\/uploads\/2019\/08\/espace22.jpg\"><img loading=\"lazy\" decoding=\"async\" class=\"alignnone size-full wp-image-11681\" src=\"https:\/\/www.galeriebecot.com\/wp-content\/uploads\/2019\/08\/espace22.jpg\" alt=\"\" width=\"858\" height=\"748\" srcset=\"https:\/\/galeriebecot.com\/wp-content\/uploads\/2019\/08\/espace22.jpg 858w, https:\/\/galeriebecot.com\/wp-content\/uploads\/2019\/08\/espace22-300x262.jpg 300w, https:\/\/galeriebecot.com\/wp-content\/uploads\/2019\/08\/espace22-768x670.jpg 768w\" sizes=\"auto, (max-width: 858px) 100vw, 858px\" \/><\/a><\/p>\n<p><a href=\"https:\/\/www.galeriebecot.com\/wp-content\/uploads\/2019\/08\/espace33.jpg\"><img loading=\"lazy\" decoding=\"async\" class=\"alignnone size-full wp-image-11682\" src=\"https:\/\/www.galeriebecot.com\/wp-content\/uploads\/2019\/08\/espace33.jpg\" alt=\"\" width=\"832\" height=\"803\" srcset=\"https:\/\/galeriebecot.com\/wp-content\/uploads\/2019\/08\/espace33.jpg 832w, https:\/\/galeriebecot.com\/wp-content\/uploads\/2019\/08\/espace33-300x290.jpg 300w, https:\/\/galeriebecot.com\/wp-content\/uploads\/2019\/08\/espace33-768x741.jpg 768w\" sizes=\"auto, (max-width: 832px) 100vw, 832px\" \/><\/a><\/p>\n<p><a href=\"https:\/\/www.facebook.com\/espacep\"><u>page web de\u00a0Espace Parenth\u00e8ses<\/u><\/a><\/p>\n<p><a href=\"https:\/\/www.galeriebecot.com\/wp-content\/uploads\/2019\/08\/espace4.jpg\"><img loading=\"lazy\" decoding=\"async\" class=\"alignnone size-full wp-image-11679\" src=\"https:\/\/www.galeriebecot.com\/wp-content\/uploads\/2019\/08\/espace4.jpg\" alt=\"\" width=\"824\" height=\"864\" srcset=\"https:\/\/galeriebecot.com\/wp-content\/uploads\/2019\/08\/espace4.jpg 824w, https:\/\/galeriebecot.com\/wp-content\/uploads\/2019\/08\/espace4-286x300.jpg 286w, https:\/\/galeriebecot.com\/wp-content\/uploads\/2019\/08\/espace4-768x805.jpg 768w\" sizes=\"auto, (max-width: 824px) 100vw, 824px\" \/><\/a><\/p>\n<p><a href=\"https:\/\/www.facebook.com\/espacep\"><img loading=\"lazy\" decoding=\"async\" class=\"alignnone size-large wp-image-11612\" src=\"https:\/\/www.galeriebecot.com\/wp-content\/uploads\/2019\/08\/Gravel-Gagnon-1024x651.jpg\" alt=\"\" width=\"700\" height=\"445\" srcset=\"https:\/\/galeriebecot.com\/wp-content\/uploads\/2019\/08\/Gravel-Gagnon-1024x651.jpg 1024w, https:\/\/galeriebecot.com\/wp-content\/uploads\/2019\/08\/Gravel-Gagnon-300x191.jpg 300w, https:\/\/galeriebecot.com\/wp-content\/uploads\/2019\/08\/Gravel-Gagnon-768x489.jpg 768w, https:\/\/galeriebecot.com\/wp-content\/uploads\/2019\/08\/Gravel-Gagnon.jpg 1245w\" sizes=\"auto, (max-width: 700px) 100vw, 700px\" \/><\/a><\/p>\n<div><strong>Communiqu\u00e9.<\/strong><br \/>\n<strong>Pour diffusion imm\u00e9diate.<\/strong><\/div>\n<div>\n<div><strong><em>Il faut bien prot\u00e9ger les coquillages \u2013 <\/em><\/strong><strong>Le duo Michelle Gagnon et Laurence Gravel\u00a0\u00e0 Espace Parenth<\/strong><strong>\u00e8ses.<\/strong><br \/>\n<strong>19 ao\u00fbt au 6 septembre 2019\u00a0 \u2014 <\/strong>Vernissage, jeudi 29 ao\u00fbt \u00e0 17\u00a0h\u00a030.<strong>Qu\u00e9bec, le 19 ao\u00fbt 2019 \u2014 Espace Parenth\u00e8ses est fier de pr\u00e9senter l\u2019exposition <em>Il faut bien prot\u00e9ger les coquillages,\u00a0<\/em>du duo Michelle Gagnon et Laurence Gravel\u00a0.<\/strong>Laurence Gravel compl\u00e8te pr\u00e9sentement sa deuxi\u00e8me ann\u00e9e \u00e0 la ma\u00eetrise en arts visuels \u00e0 l\u2019Universit\u00e9 Laval et propose pour cette exposition une s\u00e9rie de collage num\u00e9rique, de mod\u00e9lisation 3D et une vid\u00e9o d\u2019animation. Inspir\u00e9es par l\u2019iconographie de Versailles, ces images sont dans la continuit\u00e9 de travail de l\u2019artiste qui s\u2019articule habituellement par la vid\u00e9o performative. Fascin\u00e9e par la vie th\u00e9\u00e2trale des personnages populaires qui ont v\u00e9cu au XVIIIe si\u00e8cle \u00e0 Versailles, l\u2019artiste cr\u00e9e des univers humoristiques inspir\u00e9s par la mise en sc\u00e8ne du quotidien, du spectacle et du jeu.Michelle Gagnon propose pour cette exposition un corpus d\u2019\u0153uvres principalement compos\u00e9es de sculptures en c\u00e9ramique, accompagn\u00e9es d\u2019estampes. Ce petit univers intime se r\u00e9sume par un amalgame entre l\u2019\u00e9rotisme, le motif et la flore. Par l\u2019\u00e9laboration de diff\u00e9rents symboles qui lui sont propres, elle s\u2019int\u00e9resse \u00e0 l\u2019appropriation du d\u00e9sir f\u00e9minin, du fantasme et de sa repr\u00e9sentation. Les pi\u00e8ces pr\u00e9sent\u00e9es ont \u00e9galement beaucoup \u00e0 voir avec l\u2019exp\u00e9rience et le souvenir intime, la symbiose et le bien-\u00eatre \u00e9rotique. Michelle Gagnon est la r\u00e9cipiendaire 2019 du prix Suzie-Houde de Premi\u00e8re Ovation.Enfin, le duo pr\u00e9sent\u00e9 semble a priori distant, voire m\u00eame h\u00e9t\u00e9roclite, mais toutes deux se rejoignent dans les relations qu\u2019elles entretiennent avec l\u2019autofiction et la mythologie personnelle. Laissez-les vous montrer comment il faut bien prot\u00e9ger les coquillages.Ce projet est entre autres rendu possible gr\u00e2ce \u00e0 Premi\u00e8re Ovation.<strong>Espace Parenth\u00e8ses<\/strong>\u00a0accueille des expositions d\u2019artistes professionnels et de la rel\u00e8ve. Espace Parenth\u00e8ses, situ\u00e9 \u00e0 l\u2019entr\u00e9e de la biblioth\u00e8que du C\u00e9gep de Sainte-Foy, est accessible du lundi au jeudi de 7\u00a0h\u00a015 \u00e0 20\u00a0h\u00a045, le vendredi de 7\u00a0h\u00a015 \u00e0 18\u00a0h. Entr\u00e9e libre. Visitez la\u00a0<a href=\"https:\/\/www.facebook.com\/espacep\"><u>page web de\u00a0Espace Parenth\u00e8ses<\/u><\/a>\u00a0et suivez-le sur\u00a0<u>Facebook<\/u>.<\/div>\n<div>\u2013\u00a030 \u2013<\/div>\n<div><strong>Pour informations<\/strong>\u00a0:<\/div>\n<div><\/div>\n<p><strong>Isabel Tr\u00e9panier <\/strong><br \/>\nCommissaire Espace Parenth\u00e8ses<br \/>\nConseill\u00e8re \u00e0 la vie \u00e9tudiante<br \/>\n418\u00a0659-6600, poste\u00a03585<br \/>\n<a title=\"R\u00e9diger un courriel \u00e0 espacep@cegep-ste-foy.qc.ca\">espacep@cegep-ste-foy.qc.ca<\/a><\/p>\n<\/div>\n<p><a href=\"https:\/\/www.galeriebecot.com\/?s=Jordi+Bonet\">Rencontre avec Claude P\u00e9loquin et Madame Huguette Bouchard-Bonet<\/a><\/p>\n<p>le 30 novembre 2010 \u00e0 19h. \u00e0 la\u00a0Galerie Espace Parenth\u00e8ses du C\u00e9gep de Sainte Foy.<\/p>\n<p>Le po\u00e8te, \u00e9crivain et chanteur Claude P\u00e9loquin est d\u00e9c\u00e9d\u00e9 dimanche soir \u00e0 l&rsquo;\u00e2ge de 76 ans.<\/p>\n<p><a href=\"http:\/\/sites.cegep-ste-foy.qc.ca\/socio\/lieux\/espace-parentheses\/\">Galerie Espace Parenth\u00e8ses du C\u00e9gep de Sainte Foy.<\/a><\/p>\n","protected":false},"excerpt":{"rendered":"<p>R\u00e9trospective de Jordi Bonet : plus que l&rsquo;homme d&rsquo;une murale ( extrait du journal LeQuotidien) &nbsp; La fondation Jordi-Bonet pr\u00e9sente les oeuvres de Laurent Bonet. Fragments et d\u00e9bris du neuvi\u00e8me&hellip; <\/p>\n","protected":false},"author":1,"featured_media":0,"comment_status":"open","ping_status":"open","sticky":false,"template":"","format":"standard","meta":{"_exactmetrics_skip_tracking":false,"_exactmetrics_sitenote_active":false,"_exactmetrics_sitenote_note":"","_exactmetrics_sitenote_category":0,"footnotes":""},"categories":[20,27,29],"tags":[34,735,2614,2119,1023,6,2620,2617,2616,2625,2917,2618,2608,2626,2612,2615,1022,244,2847,2842,2916,3259,2623,2609,2611,2621,58,2463,2841,2624,2613,2610,180,2619,3258,37,40,2622],"class_list":["post-9835","post","type-post","status-publish","format-standard","hentry","category-article-descriptif","category-artistes","category-journaux","tag-andre-becot","tag-artistes","tag-beau-dommage","tag-claude-gauvreau","tag-claude-peloquin","tag-club-des-collectionneurs-en-arts-visuels-de-quebec","tag-denis-vanier","tag-eric-roger","tag-federico-garcia-lorca","tag-felix-leclerc","tag-fondation-jordi-bonet","tag-galerie-espaces-parentheses","tag-grand-theatre-de-quebec","tag-huguette-bouchard-bonet","tag-jericho","tag-jocelyne-langlois","tag-jordi-bonet","tag-josianne-desloges","tag-julie-boufard","tag-laurence-gravel","tag-laurent-bonet","tag-le-progres","tag-lequotidien","tag-lindberg","tag-louise-forestier","tag-m-dulude","tag-marc-bellemare-collectionneur","tag-michel-tremblay","tag-michelle-gagnon","tag-pablo-rodriguez","tag-pierre-huet","tag-robert-charlebois","tag-serge-lemoyne","tag-stephane-baillargeon","tag-stephane-bouchard","tag-studio-becot","tag-visuals-arts","tag-yann-perreau"],"_links":{"self":[{"href":"https:\/\/galeriebecot.com\/index.php?rest_route=\/wp\/v2\/posts\/9835","targetHints":{"allow":["GET"]}}],"collection":[{"href":"https:\/\/galeriebecot.com\/index.php?rest_route=\/wp\/v2\/posts"}],"about":[{"href":"https:\/\/galeriebecot.com\/index.php?rest_route=\/wp\/v2\/types\/post"}],"author":[{"embeddable":true,"href":"https:\/\/galeriebecot.com\/index.php?rest_route=\/wp\/v2\/users\/1"}],"replies":[{"embeddable":true,"href":"https:\/\/galeriebecot.com\/index.php?rest_route=%2Fwp%2Fv2%2Fcomments&post=9835"}],"version-history":[{"count":38,"href":"https:\/\/galeriebecot.com\/index.php?rest_route=\/wp\/v2\/posts\/9835\/revisions"}],"predecessor-version":[{"id":12606,"href":"https:\/\/galeriebecot.com\/index.php?rest_route=\/wp\/v2\/posts\/9835\/revisions\/12606"}],"wp:attachment":[{"href":"https:\/\/galeriebecot.com\/index.php?rest_route=%2Fwp%2Fv2%2Fmedia&parent=9835"}],"wp:term":[{"taxonomy":"category","embeddable":true,"href":"https:\/\/galeriebecot.com\/index.php?rest_route=%2Fwp%2Fv2%2Fcategories&post=9835"},{"taxonomy":"post_tag","embeddable":true,"href":"https:\/\/galeriebecot.com\/index.php?rest_route=%2Fwp%2Fv2%2Ftags&post=9835"}],"curies":[{"name":"wp","href":"https:\/\/api.w.org\/{rel}","templated":true}]}}