{"id":9732,"date":"2018-10-28T15:41:00","date_gmt":"2018-10-28T19:41:00","guid":{"rendered":"http:\/\/www.clubdescollectionneursenartsvisuelsdequebec.com\/?p=9732"},"modified":"2018-11-08T15:43:00","modified_gmt":"2018-11-08T20:43:00","slug":"vernissages-le-9-novembre-_-collectif-8-et-foire-a-dessins-du-14-au-16-novembre","status":"publish","type":"post","link":"https:\/\/galeriebecot.com\/?p=9732","title":{"rendered":"Vernissages: le 9 novembre _ Collectif 8 _  et foire \u00e0 dessins, du 14 au 16 novembre."},"content":{"rendered":"<p><a href=\"https:\/\/www.galeriebecot.com\/wp-content\/uploads\/2018\/11\/Collectif-8.jpg\"><img loading=\"lazy\" decoding=\"async\" class=\"alignnone size-full wp-image-9733\" src=\"https:\/\/www.galeriebecot.com\/wp-content\/uploads\/2018\/11\/Collectif-8.jpg\" alt=\"\" width=\"576\" height=\"758\" srcset=\"https:\/\/galeriebecot.com\/wp-content\/uploads\/2018\/11\/Collectif-8.jpg 576w, https:\/\/galeriebecot.com\/wp-content\/uploads\/2018\/11\/Collectif-8-228x300.jpg 228w\" sizes=\"auto, (max-width: 576px) 100vw, 576px\" \/><\/a><\/p>\n<p>Vernissage, le 9 novembre 2018 \u00e0 17 h.<\/p>\n<p>au 783 de la rue Saint-Joseph \u00e0 Qu\u00e9bec.<\/p>\n<p>Jean Simon B\u00e9gin, Emmanuelle Gendron, Josianne Pinsonnault, Caroline St-Pierre, Paul Tougas, Maud Besson, Sandy Cunningham, Kirkov.<\/p>\n<p><a href=\"https:\/\/www.galeriebecot.com\/wp-content\/uploads\/2018\/11\/Foire-a-dessins.jpg\"><img loading=\"lazy\" decoding=\"async\" class=\"alignnone size-full wp-image-9734\" src=\"https:\/\/www.galeriebecot.com\/wp-content\/uploads\/2018\/11\/Foire-a-dessins.jpg\" alt=\"\" width=\"864\" height=\"371\" srcset=\"https:\/\/galeriebecot.com\/wp-content\/uploads\/2018\/11\/Foire-a-dessins.jpg 864w, https:\/\/galeriebecot.com\/wp-content\/uploads\/2018\/11\/Foire-a-dessins-300x129.jpg 300w, https:\/\/galeriebecot.com\/wp-content\/uploads\/2018\/11\/Foire-a-dessins-768x330.jpg 768w\" sizes=\"auto, (max-width: 864px) 100vw, 864px\" \/><\/a><\/p>\n<p>Foire \u00e0 DESSINS<\/p>\n<p>du 14 novembre 10:00 au 16 novembre 17:00<\/p>\n<p>au 295 Boulevard Charest Est, Qu\u00e9bec,Qc, G1K 3G8<\/p>\n<p>Organis\u00e9 par Jo\u00eblle Henry et invitation par Judith Cameron<\/p>\n","protected":false},"excerpt":{"rendered":"<p>Vernissage, le 9 novembre 2018 \u00e0 17 h. au 783 de la rue Saint-Joseph \u00e0 Qu\u00e9bec. Jean Simon B\u00e9gin, Emmanuelle Gendron, Josianne Pinsonnault, Caroline St-Pierre, Paul Tougas, Maud Besson, Sandy&hellip; <\/p>\n","protected":false},"author":1,"featured_media":0,"comment_status":"open","ping_status":"open","sticky":false,"template":"","format":"standard","meta":{"_exactmetrics_skip_tracking":false,"_exactmetrics_sitenote_active":false,"_exactmetrics_sitenote_note":"","_exactmetrics_sitenote_category":0,"footnotes":""},"categories":[27,19],"tags":[34,735,2582,6,66,2580,2586,2579,2587,2581,983,2130,33,58,2584,2583,2585,37,40],"class_list":["post-9732","post","type-post","status-publish","format-standard","hentry","category-artistes","category-vernissage","tag-andre-becot","tag-artistes","tag-caroline-st-pierre","tag-club-des-collectionneurs-en-arts-visuels-de-quebec","tag-club-des-collectionneurs-en-arts-visuels-de-quebec-studio-becot","tag-emmanuelle-gendron","tag-foire-a-dessins","tag-jean-simon-begin","tag-joelle-henry","tag-josianne-pinsonnault","tag-judith-cameron","tag-kirkov","tag-marc-bellemare","tag-marc-bellemare-collectionneur","tag-maud-besson","tag-paul-tougas","tag-sandy-cunningham","tag-studio-becot","tag-visuals-arts"],"_links":{"self":[{"href":"https:\/\/galeriebecot.com\/index.php?rest_route=\/wp\/v2\/posts\/9732","targetHints":{"allow":["GET"]}}],"collection":[{"href":"https:\/\/galeriebecot.com\/index.php?rest_route=\/wp\/v2\/posts"}],"about":[{"href":"https:\/\/galeriebecot.com\/index.php?rest_route=\/wp\/v2\/types\/post"}],"author":[{"embeddable":true,"href":"https:\/\/galeriebecot.com\/index.php?rest_route=\/wp\/v2\/users\/1"}],"replies":[{"embeddable":true,"href":"https:\/\/galeriebecot.com\/index.php?rest_route=%2Fwp%2Fv2%2Fcomments&post=9732"}],"version-history":[{"count":2,"href":"https:\/\/galeriebecot.com\/index.php?rest_route=\/wp\/v2\/posts\/9732\/revisions"}],"predecessor-version":[{"id":9736,"href":"https:\/\/galeriebecot.com\/index.php?rest_route=\/wp\/v2\/posts\/9732\/revisions\/9736"}],"wp:attachment":[{"href":"https:\/\/galeriebecot.com\/index.php?rest_route=%2Fwp%2Fv2%2Fmedia&parent=9732"}],"wp:term":[{"taxonomy":"category","embeddable":true,"href":"https:\/\/galeriebecot.com\/index.php?rest_route=%2Fwp%2Fv2%2Fcategories&post=9732"},{"taxonomy":"post_tag","embeddable":true,"href":"https:\/\/galeriebecot.com\/index.php?rest_route=%2Fwp%2Fv2%2Ftags&post=9732"}],"curies":[{"name":"wp","href":"https:\/\/api.w.org\/{rel}","templated":true}]}}