{"id":9681,"date":"2018-10-24T15:49:38","date_gmt":"2018-10-24T19:49:38","guid":{"rendered":"http:\/\/www.clubdescollectionneursenartsvisuelsdequebec.com\/?p=9681"},"modified":"2018-10-28T17:29:04","modified_gmt":"2018-10-28T21:29:04","slug":"fabien-verschaere-a-la-galerie-brugier-rigail","status":"publish","type":"post","link":"https:\/\/galeriebecot.com\/?p=9681","title":{"rendered":"Fabien Verschaere \u00e0 la Galerie Brugier Rigail"},"content":{"rendered":"<p><a href=\"https:\/\/www.galeriebecot.com\/?p=1398\"><img loading=\"lazy\" decoding=\"async\" class=\"alignnone size-full wp-image-8815\" src=\"https:\/\/www.galeriebecot.com\/wp-content\/uploads\/2018\/06\/Historique-du-clubokok.jpg\" alt=\"\" width=\"369\" height=\"35\" srcset=\"https:\/\/galeriebecot.com\/wp-content\/uploads\/2018\/06\/Historique-du-clubokok.jpg 369w, https:\/\/galeriebecot.com\/wp-content\/uploads\/2018\/06\/Historique-du-clubokok-300x28.jpg 300w\" sizes=\"auto, (max-width: 369px) 100vw, 369px\" \/><\/a><\/p>\n<p><a href=\"http:\/\/www.michelparent.com\/club\/\"><img loading=\"lazy\" decoding=\"async\" class=\"alignnone size-full wp-image-8818\" src=\"https:\/\/www.galeriebecot.com\/wp-content\/uploads\/2018\/06\/Logo-inscription-1-768x64ok.jpg\" alt=\"\" width=\"657\" height=\"63\" srcset=\"https:\/\/galeriebecot.com\/wp-content\/uploads\/2018\/06\/Logo-inscription-1-768x64ok.jpg 657w, https:\/\/galeriebecot.com\/wp-content\/uploads\/2018\/06\/Logo-inscription-1-768x64ok-300x29.jpg 300w\" sizes=\"auto, (max-width: 657px) 100vw, 657px\" \/><\/a><\/p>\n<p><iframe loading=\"lazy\" width=\"700\" height=\"394\" src=\"https:\/\/www.youtube.com\/embed\/FnTPou1j3IU?feature=oembed\" frameborder=\"0\" allow=\"autoplay; encrypted-media\" allowfullscreen><\/iframe><\/p>\n<p><a href=\"http:\/\/galerie-brugier-rigail.com\">Galerie Brugier Rigail<\/a><\/p>\n<div class=\"row\">\n<div class=\"col-md-12 col-sm-12\">\n<div class=\"titre\">\n<h1>FABIEN VERSCHAERE<\/h1>\n<p>Apr\u00e8s le prix de la Dena Foundation obtenu en 2000, ses oeuvres sont expos\u00e9es en France, notamment au\u00a0Palais de Tokyo\u00a0\u00e0 Paris lors de trois \u00e9v\u00e9nements majeurs dont l&rsquo;exposition collective Notre histoire en 2006 puis une exposition personnelle au\u00a0Mus\u00e9e d&rsquo;Art Contemporain de Lyon\u00a0en 2007. Les expositions se sont ensuite multipli\u00e9es \u00e0 l&rsquo;\u00e9tranger, Milan, Hong-Kong, Newcastle, New-York, Bucarest, Hano\u00ef et Abu Dhabi.<\/p>\n<\/div>\n<\/div>\n<\/div>\n<p class=\"font9\">En 2009, il a particip\u00e9\u00a0\u00e0 deux expositions collectives parisiennes importantes:\u00a0 La Force de l&rsquo;Art 02 au\u00a0Grand Palais\u00a0et Vraoum \u00e0\u00a0La Maison Rouge. En 2010, il est pr\u00e9sent dans l&rsquo;exposition collective Fantasmagoria, le monde mythique, au\u00a0mus\u00e9e des Abattoirs de Toulouse\u00a0et \u00e0 lagalerie RX\u00a0\u00e0 Paris en 2011 pour une exposition personnelle.<\/p>\n<p class=\"font9\">Plusieurs collaborations ont ensuite donn\u00e9 naissance \u00e0 des pi\u00e8ces uniques et exceptionnelles comme le baby-foot gain\u00e9 de cuir customis\u00e9 avec les designers\u00a0Domeau &amp; P\u00e9r\u00e8s, les coffrets r\u00e9alis\u00e9s avec le\u00a0tabletier\u00a0Elie Bleu\u00a0\u00e0 Paris ou encore le service en verre con\u00e7u avec le\u00a0CIAV, Centre International d&rsquo;Art Verrier de Meisenthal.<\/p>\n<p class=\"font9\">En 2012, apr\u00e8s une exposition personnelle \u00e0 Munich \u00e0 la galerie Travers\u00e9e, il a particip\u00e9\u00a0\u00e0 de nombreuses expositions collectives, entre autres \u00e0 la Maison des Arts de Malakoff ou au R\u00e9fectoire des Cordeliers \u00e0 Paris. En 2013 a \u00e9t\u00e9 inaugur\u00e9e dans la rotonde D du Grand Palais une cr\u00e9ation in situ, command\u00e9e par La\u00a0RMN-Grand Palais.<\/p>\n<p class=\"font9\">De nombreuses expositions collectives se sont succ\u00e9d\u00e9es en 2014\u00a0:\u00a0l&rsquo;exposition \u00ab\u00a0Le Mur\u00a0\u00bb \u00e0 La Maison Rouge \u00e0 Paris, l?exposition \u00ab\u00a0 Portrait 1\u00a0\u00bb \u00e0 la galerie RX \u00e0 Paris et l&rsquo;exposition \u00ab\u00a0Andreas et Fabien Verschaere\u00a0\u00bb \u00e0 la galerie Huberty &amp; Breyne \u00e0 Bruxelles.<\/p>\n<p class=\"font9\">Une exposition personnelle au\u00a0Mus\u00e9e d&rsquo;Art Moderne Saint-Etienne\u00a0M\u00e9tropole a \u00e9t\u00e9 pr\u00e9sent\u00e9e en 2014. Un catalogue intitul\u00e9 \u00ab\u00a0The Small Theater of Muxuland\u00a0\u00bb a \u00e9t\u00e9 \u00e9dit\u00e9 \u00e0 cette occasion.<\/p>\n<p class=\"font9\">Une collaboration avec\u00a0Pierre Herm\u00e9\u00a0s&rsquo;est traduite par un projet original en forme de \u00ab\u00a0R\u00e9sidences Itin\u00e9rantes\u00a0\u00bb dont sont n\u00e9s des dessins de Fabien Verschaere r\u00e9alis\u00e9s \u00e0 Seoul, Hong Kong, Tokyo, Londres et Paris.<\/p>\n<p class=\"font9\">En 2015, il a particip\u00e9 \u00e0 une exposition collective au\u00a0mus\u00e9e SEMA \u00e0 S\u00e9oul en Cor\u00e9e\u00a0dans le cadre du \u00ab\u00a0G-Dragon Project\u00a0\u00bb.<\/p>\n<p class=\"font9\">Cette m\u00eame ann\u00e9e, il a re\u00e7u la commande de la part de\u00a0Gecina\u00a0d&rsquo;une fresque monumentale dans le 13<sup>\u00e8me<\/sup>arrondissement de Paris \u00a0dans le cadre du label \u00ab\u00a01 Immeuble, 1 oeuvre\u00a0\u00bb \u00e0 l&rsquo;initiative du Minist\u00e8re de La Culture et de la Communication.<\/p>\n<p class=\"font9\">En\u00a02016, il a expos\u00e9 au Mus\u00e9e GMOMA \u00e0 S\u00e9oul en Cor\u00e9e dans le cadre de l&rsquo;exposition \u00ab\u00a0G-Live\u00a0\u00bb.<\/p>\n","protected":false},"excerpt":{"rendered":"<p>Galerie Brugier Rigail FABIEN VERSCHAERE Apr\u00e8s le prix de la Dena Foundation obtenu en 2000, ses oeuvres sont expos\u00e9es en France, notamment au\u00a0Palais de Tokyo\u00a0\u00e0 Paris lors de trois \u00e9v\u00e9nements&hellip; <\/p>\n","protected":false},"author":1,"featured_media":0,"comment_status":"open","ping_status":"open","sticky":false,"template":"","format":"standard","meta":{"_exactmetrics_skip_tracking":false,"_exactmetrics_sitenote_active":false,"_exactmetrics_sitenote_note":"","_exactmetrics_sitenote_category":0,"footnotes":""},"categories":[27,18,19],"tags":[34,735,6,2553,2554,58,37,40],"class_list":["post-9681","post","type-post","status-publish","format-standard","hentry","category-artistes","category-evenement","category-vernissage","tag-andre-becot","tag-artistes","tag-club-des-collectionneurs-en-arts-visuels-de-quebec","tag-fabien-verschaere","tag-galerie-brugier-rigail","tag-marc-bellemare-collectionneur","tag-studio-becot","tag-visuals-arts"],"_links":{"self":[{"href":"https:\/\/galeriebecot.com\/index.php?rest_route=\/wp\/v2\/posts\/9681","targetHints":{"allow":["GET"]}}],"collection":[{"href":"https:\/\/galeriebecot.com\/index.php?rest_route=\/wp\/v2\/posts"}],"about":[{"href":"https:\/\/galeriebecot.com\/index.php?rest_route=\/wp\/v2\/types\/post"}],"author":[{"embeddable":true,"href":"https:\/\/galeriebecot.com\/index.php?rest_route=\/wp\/v2\/users\/1"}],"replies":[{"embeddable":true,"href":"https:\/\/galeriebecot.com\/index.php?rest_route=%2Fwp%2Fv2%2Fcomments&post=9681"}],"version-history":[{"count":7,"href":"https:\/\/galeriebecot.com\/index.php?rest_route=\/wp\/v2\/posts\/9681\/revisions"}],"predecessor-version":[{"id":9688,"href":"https:\/\/galeriebecot.com\/index.php?rest_route=\/wp\/v2\/posts\/9681\/revisions\/9688"}],"wp:attachment":[{"href":"https:\/\/galeriebecot.com\/index.php?rest_route=%2Fwp%2Fv2%2Fmedia&parent=9681"}],"wp:term":[{"taxonomy":"category","embeddable":true,"href":"https:\/\/galeriebecot.com\/index.php?rest_route=%2Fwp%2Fv2%2Fcategories&post=9681"},{"taxonomy":"post_tag","embeddable":true,"href":"https:\/\/galeriebecot.com\/index.php?rest_route=%2Fwp%2Fv2%2Ftags&post=9681"}],"curies":[{"name":"wp","href":"https:\/\/api.w.org\/{rel}","templated":true}]}}