{"id":9559,"date":"2018-11-26T10:41:47","date_gmt":"2018-11-26T15:41:47","guid":{"rendered":"http:\/\/www.clubdescollectionneursenartsvisuelsdequebec.com\/?p=9559"},"modified":"2018-11-27T17:42:48","modified_gmt":"2018-11-27T22:42:48","slug":"marcel-barbeau-en-solo-et-en-mouvement","status":"publish","type":"post","link":"https:\/\/galeriebecot.com\/?p=9559","title":{"rendered":"Soir\u00e9e unique ! Marcel Barbeau, en visite guid\u00e9e, dans les salles du Mus\u00e9e !"},"content":{"rendered":"<p><a href=\"https:\/\/www.galeriebecot.com\/?p=1398\"><img loading=\"lazy\" decoding=\"async\" class=\"alignnone size-full wp-image-8815\" src=\"https:\/\/www.galeriebecot.com\/wp-content\/uploads\/2018\/06\/Historique-du-clubokok.jpg\" alt=\"\" width=\"369\" height=\"35\" srcset=\"https:\/\/galeriebecot.com\/wp-content\/uploads\/2018\/06\/Historique-du-clubokok.jpg 369w, https:\/\/galeriebecot.com\/wp-content\/uploads\/2018\/06\/Historique-du-clubokok-300x28.jpg 300w\" sizes=\"auto, (max-width: 369px) 100vw, 369px\" \/><\/a><\/p>\n<p><a href=\"http:\/\/www.michelparent.com\/club\/\"><img loading=\"lazy\" decoding=\"async\" class=\"alignnone size-full wp-image-8818\" src=\"https:\/\/www.galeriebecot.com\/wp-content\/uploads\/2018\/06\/Logo-inscription-1-768x64ok.jpg\" alt=\"\" width=\"657\" height=\"63\" srcset=\"https:\/\/galeriebecot.com\/wp-content\/uploads\/2018\/06\/Logo-inscription-1-768x64ok.jpg 657w, https:\/\/galeriebecot.com\/wp-content\/uploads\/2018\/06\/Logo-inscription-1-768x64ok-300x29.jpg 300w\" sizes=\"auto, (max-width: 657px) 100vw, 657px\" \/><\/a><\/p>\n<p><a href=\"https:\/\/www.galeriebecot.com\/wp-content\/uploads\/2018\/11\/Barbeau-Groupe.jpg\"><img loading=\"lazy\" decoding=\"async\" class=\"alignnone size-full wp-image-9848\" src=\"https:\/\/www.galeriebecot.com\/wp-content\/uploads\/2018\/11\/Barbeau-Groupe.jpg\" alt=\"\" width=\"720\" height=\"226\" srcset=\"https:\/\/galeriebecot.com\/wp-content\/uploads\/2018\/11\/Barbeau-Groupe.jpg 720w, https:\/\/galeriebecot.com\/wp-content\/uploads\/2018\/11\/Barbeau-Groupe-300x94.jpg 300w\" sizes=\"auto, (max-width: 720px) 100vw, 720px\" \/><\/a><\/p>\n<p><a href=\"https:\/\/www.galeriebecot.com\/wp-content\/uploads\/2018\/11\/Barbeau2.jpg\"><img loading=\"lazy\" decoding=\"async\" class=\"alignnone size-full wp-image-9849\" src=\"https:\/\/www.galeriebecot.com\/wp-content\/uploads\/2018\/11\/Barbeau2.jpg\" alt=\"\" width=\"720\" height=\"350\" srcset=\"https:\/\/galeriebecot.com\/wp-content\/uploads\/2018\/11\/Barbeau2.jpg 720w, https:\/\/galeriebecot.com\/wp-content\/uploads\/2018\/11\/Barbeau2-300x146.jpg 300w\" sizes=\"auto, (max-width: 720px) 100vw, 720px\" \/><\/a><\/p>\n<p><a href=\"https:\/\/www.galeriebecot.com\/wp-content\/uploads\/2018\/11\/barbeau33.jpg\"><img loading=\"lazy\" decoding=\"async\" class=\"alignnone size-full wp-image-9853\" src=\"https:\/\/www.galeriebecot.com\/wp-content\/uploads\/2018\/11\/barbeau33.jpg\" alt=\"\" width=\"475\" height=\"288\" srcset=\"https:\/\/galeriebecot.com\/wp-content\/uploads\/2018\/11\/barbeau33.jpg 475w, https:\/\/galeriebecot.com\/wp-content\/uploads\/2018\/11\/barbeau33-300x182.jpg 300w\" sizes=\"auto, (max-width: 475px) 100vw, 475px\" \/><\/a><\/p>\n<p><a href=\"https:\/\/www.galeriebecot.com\/wp-content\/uploads\/2018\/05\/Club-Historique.jpg\"><img loading=\"lazy\" decoding=\"async\" class=\"alignnone size-full wp-image-8645\" src=\"https:\/\/www.galeriebecot.com\/wp-content\/uploads\/2018\/05\/Club-Historique.jpg\" alt=\"\" width=\"805\" height=\"741\" srcset=\"https:\/\/galeriebecot.com\/wp-content\/uploads\/2018\/05\/Club-Historique.jpg 805w, https:\/\/galeriebecot.com\/wp-content\/uploads\/2018\/05\/Club-Historique-300x276.jpg 300w, https:\/\/galeriebecot.com\/wp-content\/uploads\/2018\/05\/Club-Historique-768x707.jpg 768w\" sizes=\"auto, (max-width: 805px) 100vw, 805px\" \/><\/a><\/p>\n<p>Lundi le 26 novembre 2018, le club des \u00a0collectionneurs en arts visuels de Qu\u00e9bec, vous convie \u00e0 une visite guid\u00e9e en compagnie \u00a0de la commissaire de l&rsquo;exposition de Marcel Barbeau, Madame Eve-Lyne Beaudry.<\/p>\n<p><a href=\"https:\/\/www.galeriebecot.com\/wp-content\/uploads\/2018\/10\/club-Barbeau-11.jpg\"><img loading=\"lazy\" decoding=\"async\" class=\"alignnone size-full wp-image-9780\" src=\"https:\/\/www.galeriebecot.com\/wp-content\/uploads\/2018\/10\/club-Barbeau-11.jpg\" alt=\"\" width=\"744\" height=\"841\" srcset=\"https:\/\/galeriebecot.com\/wp-content\/uploads\/2018\/10\/club-Barbeau-11.jpg 744w, https:\/\/galeriebecot.com\/wp-content\/uploads\/2018\/10\/club-Barbeau-11-265x300.jpg 265w\" sizes=\"auto, (max-width: 744px) 100vw, 744px\" \/><\/a><\/p>\n<p><a href=\"http:\/\/www.michelparent.com\/club\/\"><img loading=\"lazy\" decoding=\"async\" class=\"alignnone size-full wp-image-9781\" src=\"https:\/\/www.galeriebecot.com\/wp-content\/uploads\/2018\/10\/Club-Barbeau2.jpg\" alt=\"\" width=\"752\" height=\"280\" srcset=\"https:\/\/galeriebecot.com\/wp-content\/uploads\/2018\/10\/Club-Barbeau2.jpg 752w, https:\/\/galeriebecot.com\/wp-content\/uploads\/2018\/10\/Club-Barbeau2-300x112.jpg 300w\" sizes=\"auto, (max-width: 752px) 100vw, 752px\" \/><\/a><\/p>\n<p>&nbsp;<\/p>\n<p><a href=\"https:\/\/www.mnbaq.org\/exposition\/marcel-barbeau-1258\"><img loading=\"lazy\" decoding=\"async\" class=\"alignnone size-full wp-image-9558\" src=\"https:\/\/www.galeriebecot.com\/wp-content\/uploads\/2017\/04\/Barbeau.jpg\" alt=\"\" width=\"398\" height=\"474\" srcset=\"https:\/\/galeriebecot.com\/wp-content\/uploads\/2017\/04\/Barbeau.jpg 398w, https:\/\/galeriebecot.com\/wp-content\/uploads\/2017\/04\/Barbeau-252x300.jpg 252w\" sizes=\"auto, (max-width: 398px) 100vw, 398px\" \/><\/a><\/p>\n<p><a href=\"https:\/\/www.galeriebecot.com\/wp-content\/uploads\/2018\/10\/Barbeau-Texte.jpg\"><img loading=\"lazy\" decoding=\"async\" class=\"alignnone size-full wp-image-9563\" src=\"https:\/\/www.galeriebecot.com\/wp-content\/uploads\/2018\/10\/Barbeau-Texte.jpg\" alt=\"\" width=\"685\" height=\"99\" srcset=\"https:\/\/galeriebecot.com\/wp-content\/uploads\/2018\/10\/Barbeau-Texte.jpg 685w, https:\/\/galeriebecot.com\/wp-content\/uploads\/2018\/10\/Barbeau-Texte-300x43.jpg 300w\" sizes=\"auto, (max-width: 685px) 100vw, 685px\" \/><\/a><\/p>\n<p><iframe loading=\"lazy\" width=\"700\" height=\"394\" src=\"https:\/\/www.youtube.com\/embed\/fL0fx-i3KqM?feature=oembed\" frameborder=\"0\" allow=\"accelerometer; autoplay; encrypted-media; gyroscope; picture-in-picture\" allowfullscreen><\/iframe><\/p>\n<p><a href=\"https:\/\/www.mnbaq.org\/exposition\/marcel-barbeau-1258\">Mus\u00e9e des Beaux-Arts de Qu\u00e9bec.<\/a><\/p>\n<p>Du 11 octobre au 6 janvier 2019.<\/p>\n<p>Pavillon Pierre Lassonde.<\/p>\n<p>Figure notoire de l\u2019art contemporain du Qu\u00e9bec, <a href=\"https:\/\/marcelbarbeau.com\/\">Marcel Barbeau<\/a> fut port\u00e9 par une \u00e9tonnante audace cr\u00e9ative. Investi d\u2019une insatiable curiosit\u00e9 esth\u00e9tique, il ne s\u2019est jamais contraint \u00e0 une seule orientation ou \u00e0 une seule forme d\u2019expression. Son attrait pluridisciplinaire s\u2019est exprim\u00e9 dans des formes aussi vari\u00e9es que le dessin, la peinture, le collage et la sculpture, ainsi qu\u2019au sein de performances picturales r\u00e9alis\u00e9es avec des po\u00e8tes, des musiciens et des danseurs. En cela, l\u2019artiste fait figure de pionnier quant au d\u00e9cloisonnement des fronti\u00e8res artistiques. Adoptant tr\u00e8s t\u00f4t une posture de chercheur dans l\u2019\u00e9volution de sa d\u00e9marche, Barbeau s\u2019est ainsi engag\u00e9 dans une voie artistique singuli\u00e8re, exempte de tout compromis, renouvelant sans cesse sa production.<\/p>\n<p>Barbeau fut \u00e0 l\u2019amorce de nombreux courants d\u2019avant-garde et de tendances artistiques au pays : il s\u2019av\u00e8re un contributeur essentiel aux premiers d\u00e9veloppements de l\u2019abstraction picturale (ann\u00e9es 1940 et 1950), il est internationalement reconnu pour sa contribution \u00e0 l\u2019art optique (ann\u00e9es 1960) et il prend part aux premi\u00e8res manifestations transdisciplinaires au Qu\u00e9bec (ann\u00e9es 1970).<\/p>\n<p><a href=\"https:\/\/www.galeriebecot.com\/wp-content\/uploads\/2018\/10\/Barbeau-Soleil1.jpg\"><img loading=\"lazy\" decoding=\"async\" class=\"alignnone size-large wp-image-9572\" src=\"https:\/\/www.galeriebecot.com\/wp-content\/uploads\/2018\/10\/Barbeau-Soleil1-735x1024.jpg\" alt=\"\" width=\"700\" height=\"975\" srcset=\"https:\/\/galeriebecot.com\/wp-content\/uploads\/2018\/10\/Barbeau-Soleil1-735x1024.jpg 735w, https:\/\/galeriebecot.com\/wp-content\/uploads\/2018\/10\/Barbeau-Soleil1-215x300.jpg 215w, https:\/\/galeriebecot.com\/wp-content\/uploads\/2018\/10\/Barbeau-Soleil1.jpg 762w\" sizes=\"auto, (max-width: 700px) 100vw, 700px\" \/><\/a><\/p>\n<p><a href=\"https:\/\/www.galeriebecot.com\/wp-content\/uploads\/2018\/10\/Barbeau-Soleil2.jpg\"><img loading=\"lazy\" decoding=\"async\" class=\"alignnone size-full wp-image-9573\" src=\"https:\/\/www.galeriebecot.com\/wp-content\/uploads\/2018\/10\/Barbeau-Soleil2.jpg\" alt=\"\" width=\"767\" height=\"1016\" srcset=\"https:\/\/galeriebecot.com\/wp-content\/uploads\/2018\/10\/Barbeau-Soleil2.jpg 767w, https:\/\/galeriebecot.com\/wp-content\/uploads\/2018\/10\/Barbeau-Soleil2-226x300.jpg 226w\" sizes=\"auto, (max-width: 767px) 100vw, 767px\" \/><\/a><\/p>\n<p><strong>&lt;&lt; Le clair \u00e9clat du rire &gt;&gt; <\/strong><\/p>\n<p>&#8211;\u00a0<em>LE SOLEIL<\/em>,\u00a0<em>Pascal Ratth\u00e9<\/em><\/p>\n<p><a href=\"https:\/\/www.galeriebecot.com\/wp-content\/uploads\/2018\/10\/Barbeau-Lesoleil3.jpg\"><img loading=\"lazy\" decoding=\"async\" class=\"alignnone size-full wp-image-9575\" src=\"https:\/\/www.galeriebecot.com\/wp-content\/uploads\/2018\/10\/Barbeau-Lesoleil3.jpg\" alt=\"\" width=\"767\" height=\"1013\" srcset=\"https:\/\/galeriebecot.com\/wp-content\/uploads\/2018\/10\/Barbeau-Lesoleil3.jpg 767w, https:\/\/galeriebecot.com\/wp-content\/uploads\/2018\/10\/Barbeau-Lesoleil3-227x300.jpg 227w\" sizes=\"auto, (max-width: 767px) 100vw, 767px\" \/><\/a><\/p>\n<p><a href=\"https:\/\/www.lapresse.ca\/arts\/arts-visuels\/201810\/15\/01-5200322-brillante-reconnaissance-posthume-pour-marcel-barbeau.php?fbclid=IwAR2yB5DV_kzLhUQ5CHpmkGSwm1l9RvLFQV_qoqpyZ3V99Dk6gG0zJw9CxbQ\"><img loading=\"lazy\" decoding=\"async\" class=\"alignnone size-full wp-image-9605\" src=\"https:\/\/www.galeriebecot.com\/wp-content\/uploads\/2018\/10\/Barbeau1.jpg\" alt=\"\" width=\"579\" height=\"921\" srcset=\"https:\/\/galeriebecot.com\/wp-content\/uploads\/2018\/10\/Barbeau1.jpg 579w, https:\/\/galeriebecot.com\/wp-content\/uploads\/2018\/10\/Barbeau1-189x300.jpg 189w\" sizes=\"auto, (max-width: 579px) 100vw, 579px\" \/><\/a><\/p>\n<p><a href=\"https:\/\/www.galeriebecot.com\/wp-content\/uploads\/2018\/10\/Barbeau2.jpg\"><img loading=\"lazy\" decoding=\"async\" class=\"alignnone size-full wp-image-9606\" src=\"https:\/\/www.galeriebecot.com\/wp-content\/uploads\/2018\/10\/Barbeau2.jpg\" alt=\"\" width=\"587\" height=\"791\" srcset=\"https:\/\/galeriebecot.com\/wp-content\/uploads\/2018\/10\/Barbeau2.jpg 587w, https:\/\/galeriebecot.com\/wp-content\/uploads\/2018\/10\/Barbeau2-223x300.jpg 223w\" sizes=\"auto, (max-width: 587px) 100vw, 587px\" \/><\/a><\/p>\n<p><a href=\"https:\/\/www.galeriebecot.com\/wp-content\/uploads\/2018\/10\/Barbeau4.jpg\"><img loading=\"lazy\" decoding=\"async\" class=\"alignnone size-full wp-image-9607\" src=\"https:\/\/www.galeriebecot.com\/wp-content\/uploads\/2018\/10\/Barbeau4.jpg\" alt=\"\" width=\"847\" height=\"650\" srcset=\"https:\/\/galeriebecot.com\/wp-content\/uploads\/2018\/10\/Barbeau4.jpg 847w, https:\/\/galeriebecot.com\/wp-content\/uploads\/2018\/10\/Barbeau4-300x230.jpg 300w, https:\/\/galeriebecot.com\/wp-content\/uploads\/2018\/10\/Barbeau4-768x589.jpg 768w\" sizes=\"auto, (max-width: 847px) 100vw, 847px\" \/><\/a><\/p>\n<p><a href=\"https:\/\/www.galeriebecot.com\/wp-content\/uploads\/2018\/10\/Barbeaufinal.jpg\"><img loading=\"lazy\" decoding=\"async\" class=\"alignnone size-full wp-image-9608\" src=\"https:\/\/www.galeriebecot.com\/wp-content\/uploads\/2018\/10\/Barbeaufinal.jpg\" alt=\"\" width=\"586\" height=\"796\" srcset=\"https:\/\/galeriebecot.com\/wp-content\/uploads\/2018\/10\/Barbeaufinal.jpg 586w, https:\/\/galeriebecot.com\/wp-content\/uploads\/2018\/10\/Barbeaufinal-221x300.jpg 221w\" sizes=\"auto, (max-width: 586px) 100vw, 586px\" \/><\/a><\/p>\n<p><a href=\"https:\/\/www.galeriebecot.com\/wp-content\/uploads\/2018\/10\/Barbeau5.jpg\"><img loading=\"lazy\" decoding=\"async\" class=\"alignnone size-full wp-image-9609\" src=\"https:\/\/www.galeriebecot.com\/wp-content\/uploads\/2018\/10\/Barbeau5.jpg\" alt=\"\" width=\"840\" height=\"637\" srcset=\"https:\/\/galeriebecot.com\/wp-content\/uploads\/2018\/10\/Barbeau5.jpg 840w, https:\/\/galeriebecot.com\/wp-content\/uploads\/2018\/10\/Barbeau5-300x228.jpg 300w, https:\/\/galeriebecot.com\/wp-content\/uploads\/2018\/10\/Barbeau5-768x582.jpg 768w\" sizes=\"auto, (max-width: 840px) 100vw, 840px\" \/><\/a><\/p>\n","protected":false},"excerpt":{"rendered":"<p>Lundi le 26 novembre 2018, le club des \u00a0collectionneurs en arts visuels de Qu\u00e9bec, vous convie \u00e0 une visite guid\u00e9e en compagnie \u00a0de la commissaire de l&rsquo;exposition de Marcel Barbeau,&hellip; <\/p>\n","protected":false},"author":1,"featured_media":0,"comment_status":"open","ping_status":"open","sticky":false,"template":"","format":"standard","meta":{"_exactmetrics_skip_tracking":false,"_exactmetrics_sitenote_active":false,"_exactmetrics_sitenote_note":"","_exactmetrics_sitenote_category":0,"footnotes":""},"categories":[27,29,30],"tags":[34,6,2548,421,916,2133,245,58,62,157,1593,2549,37,40],"class_list":["post-9559","post","type-post","status-publish","format-standard","hentry","category-artistes","category-journaux","category-le-soleil","tag-andre-becot","tag-club-des-collectionneurs-en-arts-visuels-de-quebec","tag-dr-felix-anbdre-tetu","tag-eric-clement","tag-eve-lyne-beaudry","tag-la-presse","tag-lesoleil","tag-marc-bellemare-collectionneur","tag-marcel-barbeau","tag-mnbaq","tag-musee-des-beaux-arts-de-quebec","tag-pascal-ratthe","tag-studio-becot","tag-visuals-arts"],"_links":{"self":[{"href":"https:\/\/galeriebecot.com\/index.php?rest_route=\/wp\/v2\/posts\/9559","targetHints":{"allow":["GET"]}}],"collection":[{"href":"https:\/\/galeriebecot.com\/index.php?rest_route=\/wp\/v2\/posts"}],"about":[{"href":"https:\/\/galeriebecot.com\/index.php?rest_route=\/wp\/v2\/types\/post"}],"author":[{"embeddable":true,"href":"https:\/\/galeriebecot.com\/index.php?rest_route=\/wp\/v2\/users\/1"}],"replies":[{"embeddable":true,"href":"https:\/\/galeriebecot.com\/index.php?rest_route=%2Fwp%2Fv2%2Fcomments&post=9559"}],"version-history":[{"count":21,"href":"https:\/\/galeriebecot.com\/index.php?rest_route=\/wp\/v2\/posts\/9559\/revisions"}],"predecessor-version":[{"id":9854,"href":"https:\/\/galeriebecot.com\/index.php?rest_route=\/wp\/v2\/posts\/9559\/revisions\/9854"}],"wp:attachment":[{"href":"https:\/\/galeriebecot.com\/index.php?rest_route=%2Fwp%2Fv2%2Fmedia&parent=9559"}],"wp:term":[{"taxonomy":"category","embeddable":true,"href":"https:\/\/galeriebecot.com\/index.php?rest_route=%2Fwp%2Fv2%2Fcategories&post=9559"},{"taxonomy":"post_tag","embeddable":true,"href":"https:\/\/galeriebecot.com\/index.php?rest_route=%2Fwp%2Fv2%2Ftags&post=9559"}],"curies":[{"name":"wp","href":"https:\/\/api.w.org\/{rel}","templated":true}]}}