{"id":9481,"date":"2018-09-23T17:57:59","date_gmt":"2018-09-23T21:57:59","guid":{"rendered":"http:\/\/www.clubdescollectionneursenartsvisuelsdequebec.com\/?p=9481"},"modified":"2018-10-11T11:49:09","modified_gmt":"2018-10-11T15:49:09","slug":"marcel-laliberte-artiste-peintre-sculpteur-et-caricaturiste-un-quebecois-a-geneve","status":"publish","type":"post","link":"https:\/\/galeriebecot.com\/?p=9481","title":{"rendered":"Jean Devost et Marcel Lalibert\u00e9, artistes Qu\u00e9b\u00e9cois, en Suisse."},"content":{"rendered":"<p><a href=\"https:\/\/www.jeandevost.com\/\"><img loading=\"lazy\" decoding=\"async\" class=\"alignnone size-full wp-image-9567\" src=\"https:\/\/www.galeriebecot.com\/wp-content\/uploads\/2018\/09\/Jean-Devost-descriptif.jpg\" alt=\"\" width=\"992\" height=\"885\" srcset=\"https:\/\/galeriebecot.com\/wp-content\/uploads\/2018\/09\/Jean-Devost-descriptif.jpg 992w, https:\/\/galeriebecot.com\/wp-content\/uploads\/2018\/09\/Jean-Devost-descriptif-300x268.jpg 300w, https:\/\/galeriebecot.com\/wp-content\/uploads\/2018\/09\/Jean-Devost-descriptif-768x685.jpg 768w\" sizes=\"auto, (max-width: 992px) 100vw, 992px\" \/><\/a><\/p>\n<p><a href=\"https:\/\/www.jeandevost.com\/\">\u00a0\u00bb L&rsquo;\u00a0oeuvre de Jean Devost bouscule et bouleverse&#8230;&#8230;.<\/a><\/p>\n<p><strong>Que l&rsquo;enfant rejoigne le sage<\/strong>. Artiste peintre, sculpteur et\u00a0caricaturiste, Marcel Lalibert\u00e9 consacre sa vie \u00e0 la cr\u00e9ation&#8230;<\/p>\n<p>Extrait de : PROFIL , l&rsquo;\u00e9v\u00e9nement syndical , mercredi le 29 Ao\u00fbt 2018 \u00a0# 35<\/p>\n<p><a href=\"https:\/\/www.galeriebecot.com\/wp-content\/uploads\/2018\/10\/laliberte1.jpg\"><img loading=\"lazy\" decoding=\"async\" class=\"alignnone size-large wp-image-9482\" src=\"https:\/\/www.galeriebecot.com\/wp-content\/uploads\/2018\/10\/laliberte1-1024x779.jpg\" alt=\"\" width=\"700\" height=\"533\" srcset=\"https:\/\/galeriebecot.com\/wp-content\/uploads\/2018\/10\/laliberte1-1024x779.jpg 1024w, https:\/\/galeriebecot.com\/wp-content\/uploads\/2018\/10\/laliberte1-300x228.jpg 300w, https:\/\/galeriebecot.com\/wp-content\/uploads\/2018\/10\/laliberte1-768x585.jpg 768w, https:\/\/galeriebecot.com\/wp-content\/uploads\/2018\/10\/laliberte1.jpg 1076w\" sizes=\"auto, (max-width: 700px) 100vw, 700px\" \/><\/a><\/p>\n<p><a href=\"https:\/\/www.galeriebecot.com\/wp-content\/uploads\/2018\/10\/laliberte22.jpg\"><img loading=\"lazy\" decoding=\"async\" class=\"alignnone size-large wp-image-9484\" src=\"https:\/\/www.galeriebecot.com\/wp-content\/uploads\/2018\/10\/laliberte22-1024x298.jpg\" alt=\"\" width=\"700\" height=\"204\" srcset=\"https:\/\/galeriebecot.com\/wp-content\/uploads\/2018\/10\/laliberte22-1024x298.jpg 1024w, https:\/\/galeriebecot.com\/wp-content\/uploads\/2018\/10\/laliberte22-300x87.jpg 300w, https:\/\/galeriebecot.com\/wp-content\/uploads\/2018\/10\/laliberte22-768x223.jpg 768w, https:\/\/galeriebecot.com\/wp-content\/uploads\/2018\/10\/laliberte22.jpg 1069w\" sizes=\"auto, (max-width: 700px) 100vw, 700px\" \/><\/a><\/p>\n<p><a href=\"https:\/\/www.galeriebecot.com\/wp-content\/uploads\/2018\/10\/laliberte4.jpg\"><img loading=\"lazy\" decoding=\"async\" class=\"alignnone size-full wp-image-9486\" src=\"https:\/\/www.galeriebecot.com\/wp-content\/uploads\/2018\/10\/laliberte4.jpg\" alt=\"\" width=\"632\" height=\"866\" srcset=\"https:\/\/galeriebecot.com\/wp-content\/uploads\/2018\/10\/laliberte4.jpg 632w, https:\/\/galeriebecot.com\/wp-content\/uploads\/2018\/10\/laliberte4-219x300.jpg 219w\" sizes=\"auto, (max-width: 632px) 100vw, 632px\" \/><\/a><\/p>\n<p><a href=\"https:\/\/www.galeriebecot.com\/wp-content\/uploads\/2018\/10\/laliberte3.jpg\"><img loading=\"lazy\" decoding=\"async\" class=\"alignnone size-full wp-image-9485\" src=\"https:\/\/www.galeriebecot.com\/wp-content\/uploads\/2018\/10\/laliberte3.jpg\" alt=\"\" width=\"576\" height=\"433\" srcset=\"https:\/\/galeriebecot.com\/wp-content\/uploads\/2018\/10\/laliberte3.jpg 576w, https:\/\/galeriebecot.com\/wp-content\/uploads\/2018\/10\/laliberte3-300x226.jpg 300w\" sizes=\"auto, (max-width: 576px) 100vw, 576px\" \/><\/a><\/p>\n","protected":false},"excerpt":{"rendered":"<p>\u00a0\u00bb L&rsquo;\u00a0oeuvre de Jean Devost bouscule et bouleverse&#8230;&#8230;. Que l&rsquo;enfant rejoigne le sage. Artiste peintre, sculpteur et\u00a0caricaturiste, Marcel Lalibert\u00e9 consacre sa vie \u00e0 la cr\u00e9ation&#8230; Extrait de : PROFIL ,&hellip; <\/p>\n","protected":false},"author":1,"featured_media":0,"comment_status":"open","ping_status":"open","sticky":false,"template":"","format":"standard","meta":{"_exactmetrics_skip_tracking":false,"_exactmetrics_sitenote_active":false,"_exactmetrics_sitenote_note":"","_exactmetrics_sitenote_category":0,"footnotes":""},"categories":[20,27],"tags":[34,2541,66,2540,58,2515,2516,37,40],"class_list":["post-9481","post","type-post","status-publish","format-standard","hentry","category-article-descriptif","category-artistes","tag-andre-becot","tag-andre-rebetez","tag-club-des-collectionneurs-en-arts-visuels-de-quebec-studio-becot","tag-jean-devost","tag-marc-bellemare-collectionneur","tag-marcele-laliberte","tag-sonia-mermoud","tag-studio-becot","tag-visuals-arts"],"_links":{"self":[{"href":"https:\/\/galeriebecot.com\/index.php?rest_route=\/wp\/v2\/posts\/9481","targetHints":{"allow":["GET"]}}],"collection":[{"href":"https:\/\/galeriebecot.com\/index.php?rest_route=\/wp\/v2\/posts"}],"about":[{"href":"https:\/\/galeriebecot.com\/index.php?rest_route=\/wp\/v2\/types\/post"}],"author":[{"embeddable":true,"href":"https:\/\/galeriebecot.com\/index.php?rest_route=\/wp\/v2\/users\/1"}],"replies":[{"embeddable":true,"href":"https:\/\/galeriebecot.com\/index.php?rest_route=%2Fwp%2Fv2%2Fcomments&post=9481"}],"version-history":[{"count":7,"href":"https:\/\/galeriebecot.com\/index.php?rest_route=\/wp\/v2\/posts\/9481\/revisions"}],"predecessor-version":[{"id":9571,"href":"https:\/\/galeriebecot.com\/index.php?rest_route=\/wp\/v2\/posts\/9481\/revisions\/9571"}],"wp:attachment":[{"href":"https:\/\/galeriebecot.com\/index.php?rest_route=%2Fwp%2Fv2%2Fmedia&parent=9481"}],"wp:term":[{"taxonomy":"category","embeddable":true,"href":"https:\/\/galeriebecot.com\/index.php?rest_route=%2Fwp%2Fv2%2Fcategories&post=9481"},{"taxonomy":"post_tag","embeddable":true,"href":"https:\/\/galeriebecot.com\/index.php?rest_route=%2Fwp%2Fv2%2Ftags&post=9481"}],"curies":[{"name":"wp","href":"https:\/\/api.w.org\/{rel}","templated":true}]}}