{"id":9195,"date":"2019-02-18T16:54:57","date_gmt":"2019-02-18T21:54:57","guid":{"rendered":"http:\/\/www.clubdescollectionneursenartsvisuelsdequebec.com\/?p=9195"},"modified":"2021-09-01T10:59:45","modified_gmt":"2021-09-01T14:59:45","slug":"exposition-les-copains-dabord-dans-le-cadre-des-journees-de-la-culture","status":"publish","type":"post","link":"https:\/\/galeriebecot.com\/?p=9195","title":{"rendered":"Les Copains D&rsquo;Abord&#8230;"},"content":{"rendered":"<p>\u00a0<\/p>\n<p><a href=\"http:\/\/www.michelparent.com\/club\/\"><img loading=\"lazy\" decoding=\"async\" class=\"alignnone size-full wp-image-8818\" src=\"https:\/\/www.galeriebecot.com\/wp-content\/uploads\/2018\/06\/Logo-inscription-1-768x64ok.jpg\" alt=\"\" width=\"657\" height=\"63\" srcset=\"https:\/\/galeriebecot.com\/wp-content\/uploads\/2018\/06\/Logo-inscription-1-768x64ok.jpg 657w, https:\/\/galeriebecot.com\/wp-content\/uploads\/2018\/06\/Logo-inscription-1-768x64ok-300x29.jpg 300w\" sizes=\"auto, (max-width: 657px) 100vw, 657px\" \/><\/a><\/p>\n<p><a href=\"https:\/\/www.galeriebecot.com\/wp-content\/uploads\/2018\/09\/CopainsFB13.jpg\"><img loading=\"lazy\" decoding=\"async\" class=\"alignnone size-full wp-image-9359\" src=\"https:\/\/www.galeriebecot.com\/wp-content\/uploads\/2018\/09\/CopainsFB13.jpg\" alt=\"\" width=\"423\" height=\"504\" srcset=\"https:\/\/galeriebecot.com\/wp-content\/uploads\/2018\/09\/CopainsFB13.jpg 423w, https:\/\/galeriebecot.com\/wp-content\/uploads\/2018\/09\/CopainsFB13-252x300.jpg 252w\" sizes=\"auto, (max-width: 423px) 100vw, 423px\" \/><\/a><\/p>\n<p><strong>Les copains d&rsquo;abord : La Quintessence de l&rsquo;art.<\/strong><\/p>\n<p>En suppl\u00e9mentaire samedi et dimanche \u00a0le 6 et 7 octobre 2018 de 12 \u00e0 17h.<\/p>\n<p>Dans le cadre des journ\u00e9es de la culture.<\/p>\n<p>Vernissage le samedi et dimanche 29 et 30 septembre en continu de 14 h \u00e0 17 h.<\/p>\n<p><strong>Studio Galerie B\u00e9cot: 344 rue Sainte H\u00e9l\u00e8ne, Qu\u00e9bec<\/strong><\/p>\n<p>Bienvenue \u00e0 tous !<\/p>\n<p>Artistes pr\u00e9sents.<\/p>\n<p>Audet Jean-Philip,Audy Jocelyne,\u00a0B\u00e9cot Andr\u00e9,\u00a0B\u00e9land Pierre,\u00a0Bouchard Martin,\u00a0Boulianne Michel,<\/p>\n<p>Brisebois Renald,\u00a0Cameron George,\u00a0Casavant Th\u00e9r\u00e8se, Cloutier H\u00e9l\u00e8ne, Cornet Lucienne,<\/p>\n<p>Darby Don,No\u00ebl\u00a0De Tilly Hugues ,\u00a0Delisle Robert,\u00a0Emond Marie,<\/p>\n<p>Fournier Micheline,\u00a0Fournier Roger,\u00a0Gagnon Aristide,<\/p>\n<p>Grondin Sylvie,\u00a0Gruais Viviane,\u00a0Lagueux Jacinthe,\u00a0Lalonde Gabriel,<\/p>\n<p>Lapointe C\u00e9line G.Larouche H\u00e9l\u00e8ne, Lacroix Thibault Nicole, Lavigne Suzanne,\u00a0LeBlond Alain, Le Roux Marie Reine, Magnan Jacques,<\/p>\n<p>R\u00e9becca Mass\u00e9,\u00a0Marsan Lise, J\u00e9r\u00f4me Morissette,Colette Matte,<\/p>\n<p>Parent Michel, Patry Suzette, Pelletier Pauline,\u00a0Poulin Carol,Raymond Michel,<\/p>\n<p>Rioux Marie, Robin Cl\u00e9ophas, Royer Guy,\u00a0Sylvain Jacques,<\/p>\n<p>Taschereaux Pauline, Th\u00e9berge Odette,\u00a0Tremblay Serge Philippe,\u00a0Vernac Francine,Warren Ann,<\/p>\n<p>\u00a0<\/p>\n<p>Cr\u00e9dit Photo: <em>Serge Philippe Tremblay<\/em><\/p>\n<p><a href=\"https:\/\/www.galeriebecot.com\/wp-content\/uploads\/2018\/09\/copainensemble2.jpg\"><img loading=\"lazy\" decoding=\"async\" class=\"alignnone size-full wp-image-9384\" src=\"https:\/\/www.galeriebecot.com\/wp-content\/uploads\/2018\/09\/copainensemble2.jpg\" alt=\"\" width=\"720\" height=\"276\" srcset=\"https:\/\/galeriebecot.com\/wp-content\/uploads\/2018\/09\/copainensemble2.jpg 720w, https:\/\/galeriebecot.com\/wp-content\/uploads\/2018\/09\/copainensemble2-300x115.jpg 300w\" sizes=\"auto, (max-width: 720px) 100vw, 720px\" \/><\/a><\/p>\n<p>Oeuvres de Francine Vernac, Martin Bouchard et Alain LeBlond<\/p>\n<p><a href=\"https:\/\/www.galeriebecot.com\/wp-content\/uploads\/2018\/09\/section1.jpg\"><img loading=\"lazy\" decoding=\"async\" class=\"alignnone size-full wp-image-9401\" src=\"https:\/\/www.galeriebecot.com\/wp-content\/uploads\/2018\/09\/section1.jpg\" alt=\"\" width=\"719\" height=\"246\" srcset=\"https:\/\/galeriebecot.com\/wp-content\/uploads\/2018\/09\/section1.jpg 719w, https:\/\/galeriebecot.com\/wp-content\/uploads\/2018\/09\/section1-300x103.jpg 300w\" sizes=\"auto, (max-width: 719px) 100vw, 719px\" \/><\/a><\/p>\n<p><a href=\"https:\/\/www.galeriebecot.com\/wp-content\/uploads\/2018\/09\/copainensemble3.jpg\"><img loading=\"lazy\" decoding=\"async\" class=\"alignnone size-full wp-image-9385\" src=\"https:\/\/www.galeriebecot.com\/wp-content\/uploads\/2018\/09\/copainensemble3.jpg\" alt=\"\" width=\"720\" height=\"308\" srcset=\"https:\/\/galeriebecot.com\/wp-content\/uploads\/2018\/09\/copainensemble3.jpg 720w, https:\/\/galeriebecot.com\/wp-content\/uploads\/2018\/09\/copainensemble3-300x128.jpg 300w\" sizes=\"auto, (max-width: 720px) 100vw, 720px\" \/><\/a><\/p>\n<p><a href=\"https:\/\/www.galeriebecot.com\/wp-content\/uploads\/2018\/09\/copainensemble4.jpg\"><img loading=\"lazy\" decoding=\"async\" class=\"alignnone size-full wp-image-9386\" src=\"https:\/\/www.galeriebecot.com\/wp-content\/uploads\/2018\/09\/copainensemble4.jpg\" alt=\"\" width=\"720\" height=\"383\" srcset=\"https:\/\/galeriebecot.com\/wp-content\/uploads\/2018\/09\/copainensemble4.jpg 720w, https:\/\/galeriebecot.com\/wp-content\/uploads\/2018\/09\/copainensemble4-300x160.jpg 300w\" sizes=\"auto, (max-width: 720px) 100vw, 720px\" \/><\/a><\/p>\n<p>Tableau d&rsquo; Aristide Gagnon et dessin de Jocelyne Audy<\/p>\n<p><a href=\"https:\/\/www.galeriebecot.com\/wp-content\/uploads\/2018\/09\/Vern1.jpg\"><img loading=\"lazy\" decoding=\"async\" class=\"alignnone size-full wp-image-9393\" src=\"https:\/\/www.galeriebecot.com\/wp-content\/uploads\/2018\/09\/Vern1.jpg\" alt=\"\" width=\"468\" height=\"357\" srcset=\"https:\/\/galeriebecot.com\/wp-content\/uploads\/2018\/09\/Vern1.jpg 468w, https:\/\/galeriebecot.com\/wp-content\/uploads\/2018\/09\/Vern1-300x229.jpg 300w\" sizes=\"auto, (max-width: 468px) 100vw, 468px\" \/><\/a><\/p>\n<p>Vernissage le 30 septembre 2018.<\/p>\n<p><a href=\"https:\/\/www.galeriebecot.com\/wp-content\/uploads\/2018\/10\/section-vernissage-2.jpeg\"><img loading=\"lazy\" decoding=\"async\" class=\"alignnone size-full wp-image-9465\" src=\"https:\/\/www.galeriebecot.com\/wp-content\/uploads\/2018\/10\/section-vernissage-2.jpeg\" alt=\"\" width=\"576\" height=\"381\" srcset=\"https:\/\/galeriebecot.com\/wp-content\/uploads\/2018\/10\/section-vernissage-2.jpeg 576w, https:\/\/galeriebecot.com\/wp-content\/uploads\/2018\/10\/section-vernissage-2-300x198.jpeg 300w\" sizes=\"auto, (max-width: 576px) 100vw, 576px\" \/><\/a><\/p>\n<p>Vernissage le 30 septembre 2018.<\/p>\n<p><a href=\"https:\/\/www.galeriebecot.com\/wp-content\/uploads\/2018\/09\/section-1.jpg\"><img loading=\"lazy\" decoding=\"async\" class=\"alignnone size-full wp-image-9399\" src=\"https:\/\/www.galeriebecot.com\/wp-content\/uploads\/2018\/09\/section-1.jpg\" alt=\"\" width=\"403\" height=\"353\" srcset=\"https:\/\/galeriebecot.com\/wp-content\/uploads\/2018\/09\/section-1.jpg 403w, https:\/\/galeriebecot.com\/wp-content\/uploads\/2018\/09\/section-1-300x263.jpg 300w\" sizes=\"auto, (max-width: 403px) 100vw, 403px\" \/><\/a><\/p>\n<p>Sculpture par Jacinthe Lagueux<\/p>\n<p><a href=\"https:\/\/www.galeriebecot.com\/wp-content\/uploads\/2018\/10\/Viviane-Gruais2.jpg\"><img loading=\"lazy\" decoding=\"async\" class=\"alignnone wp-image-9490\" src=\"https:\/\/www.galeriebecot.com\/wp-content\/uploads\/2018\/10\/Viviane-Gruais2.jpg\" alt=\"\" width=\"410\" height=\"447\" \/><\/a><\/p>\n<p>Oeuvre de Viviane Gruais<\/p>\n<p><a href=\"https:\/\/www.galeriebecot.com\/wp-content\/uploads\/2018\/09\/Don-Darby.jpg\"><img loading=\"lazy\" decoding=\"async\" class=\"alignnone size-full wp-image-9403\" src=\"https:\/\/www.galeriebecot.com\/wp-content\/uploads\/2018\/09\/Don-Darby.jpg\" alt=\"\" width=\"288\" height=\"256\" \/><\/a><\/p>\n<p>Don Darby<\/p>\n<p><a href=\"https:\/\/www.galeriebecot.com\/wp-content\/uploads\/2018\/09\/Alain-LeBlond.jpg\"><img loading=\"lazy\" decoding=\"async\" class=\"alignnone size-full wp-image-9422\" src=\"https:\/\/www.galeriebecot.com\/wp-content\/uploads\/2018\/09\/Alain-LeBlond.jpg\" alt=\"\" width=\"288\" height=\"345\" srcset=\"https:\/\/galeriebecot.com\/wp-content\/uploads\/2018\/09\/Alain-LeBlond.jpg 288w, https:\/\/galeriebecot.com\/wp-content\/uploads\/2018\/09\/Alain-LeBlond-250x300.jpg 250w\" sizes=\"auto, (max-width: 288px) 100vw, 288px\" \/><\/a><\/p>\n<p>Alain LeBlond<\/p>\n<p><a href=\"https:\/\/www.galeriebecot.com\/wp-content\/uploads\/2018\/10\/Guy-RoyerOK.jpg\"><img loading=\"lazy\" decoding=\"async\" class=\"alignnone size-full wp-image-9453\" src=\"https:\/\/www.galeriebecot.com\/wp-content\/uploads\/2018\/10\/Guy-RoyerOK.jpg\" alt=\"\" width=\"498\" height=\"247\" srcset=\"https:\/\/galeriebecot.com\/wp-content\/uploads\/2018\/10\/Guy-RoyerOK.jpg 498w, https:\/\/galeriebecot.com\/wp-content\/uploads\/2018\/10\/Guy-RoyerOK-300x149.jpg 300w\" sizes=\"auto, (max-width: 498px) 100vw, 498px\" \/><\/a><\/p>\n<p>Guy Royer : <em>La femme oiseau 1<\/em><\/p>\n<p><a href=\"https:\/\/www.galeriebecot.com\/wp-content\/uploads\/2018\/09\/Jacques-Magnan.jpg\"><img loading=\"lazy\" decoding=\"async\" class=\"alignnone size-full wp-image-9406\" src=\"https:\/\/www.galeriebecot.com\/wp-content\/uploads\/2018\/09\/Jacques-Magnan.jpg\" alt=\"\" width=\"370\" height=\"288\" srcset=\"https:\/\/galeriebecot.com\/wp-content\/uploads\/2018\/09\/Jacques-Magnan.jpg 370w, https:\/\/galeriebecot.com\/wp-content\/uploads\/2018\/09\/Jacques-Magnan-300x234.jpg 300w\" sizes=\"auto, (max-width: 370px) 100vw, 370px\" \/><\/a><\/p>\n<p>Jacques Magnan<\/p>\n<p><a href=\"https:\/\/www.galeriebecot.com\/wp-content\/uploads\/2018\/09\/Marie-Rioux.jpg\"><img loading=\"lazy\" decoding=\"async\" class=\"alignnone size-full wp-image-9408\" src=\"https:\/\/www.galeriebecot.com\/wp-content\/uploads\/2018\/09\/Marie-Rioux.jpg\" alt=\"\" width=\"288\" height=\"311\" srcset=\"https:\/\/galeriebecot.com\/wp-content\/uploads\/2018\/09\/Marie-Rioux.jpg 288w, https:\/\/galeriebecot.com\/wp-content\/uploads\/2018\/09\/Marie-Rioux-278x300.jpg 278w\" sizes=\"auto, (max-width: 288px) 100vw, 288px\" \/><\/a><\/p>\n<p>Marie Rioux<\/p>\n<p><a href=\"https:\/\/www.galeriebecot.com\/wp-content\/uploads\/2018\/09\/Micheline-Fournier.jpg\"><img loading=\"lazy\" decoding=\"async\" class=\"alignnone size-full wp-image-9410\" src=\"https:\/\/www.galeriebecot.com\/wp-content\/uploads\/2018\/09\/Micheline-Fournier.jpg\" alt=\"\" width=\"311\" height=\"288\" srcset=\"https:\/\/galeriebecot.com\/wp-content\/uploads\/2018\/09\/Micheline-Fournier.jpg 311w, https:\/\/galeriebecot.com\/wp-content\/uploads\/2018\/09\/Micheline-Fournier-300x278.jpg 300w\" sizes=\"auto, (max-width: 311px) 100vw, 311px\" \/><\/a><\/p>\n<p>Micheline Fournier<\/p>\n<p><a href=\"https:\/\/www.galeriebecot.com\/wp-content\/uploads\/2018\/09\/Renald-Brisebois.jpg\"><img loading=\"lazy\" decoding=\"async\" class=\"alignnone size-full wp-image-9414\" src=\"https:\/\/www.galeriebecot.com\/wp-content\/uploads\/2018\/09\/Renald-Brisebois.jpg\" alt=\"\" width=\"400\" height=\"288\" srcset=\"https:\/\/galeriebecot.com\/wp-content\/uploads\/2018\/09\/Renald-Brisebois.jpg 400w, https:\/\/galeriebecot.com\/wp-content\/uploads\/2018\/09\/Renald-Brisebois-300x216.jpg 300w\" sizes=\"auto, (max-width: 400px) 100vw, 400px\" \/><\/a><\/p>\n<p>Renald Brisebois<\/p>\n<p><a href=\"https:\/\/www.galeriebecot.com\/wp-content\/uploads\/2018\/09\/Robert-Delisle.jpg\"><img loading=\"lazy\" decoding=\"async\" class=\"alignnone size-full wp-image-9416\" src=\"https:\/\/www.galeriebecot.com\/wp-content\/uploads\/2018\/09\/Robert-Delisle.jpg\" alt=\"\" width=\"395\" height=\"288\" srcset=\"https:\/\/galeriebecot.com\/wp-content\/uploads\/2018\/09\/Robert-Delisle.jpg 395w, https:\/\/galeriebecot.com\/wp-content\/uploads\/2018\/09\/Robert-Delisle-300x219.jpg 300w\" sizes=\"auto, (max-width: 395px) 100vw, 395px\" \/><\/a><\/p>\n<p>Robert Delisle<\/p>\n<p><a href=\"https:\/\/www.galeriebecot.com\/wp-content\/uploads\/2018\/09\/Roger-Fournier.jpg\"><img loading=\"lazy\" decoding=\"async\" class=\"alignnone size-full wp-image-9418\" src=\"https:\/\/www.galeriebecot.com\/wp-content\/uploads\/2018\/09\/Roger-Fournier.jpg\" alt=\"\" width=\"288\" height=\"200\" \/><\/a><\/p>\n<p>Roger\u00a0Fournier<\/p>\n<p><a href=\"https:\/\/www.galeriebecot.com\/wp-content\/uploads\/2018\/09\/Suzanne-Lavigne.jpg\"><img loading=\"lazy\" decoding=\"async\" class=\"alignnone size-full wp-image-9420\" src=\"https:\/\/www.galeriebecot.com\/wp-content\/uploads\/2018\/09\/Suzanne-Lavigne.jpg\" alt=\"\" width=\"387\" height=\"263\" srcset=\"https:\/\/galeriebecot.com\/wp-content\/uploads\/2018\/09\/Suzanne-Lavigne.jpg 387w, https:\/\/galeriebecot.com\/wp-content\/uploads\/2018\/09\/Suzanne-Lavigne-300x204.jpg 300w\" sizes=\"auto, (max-width: 387px) 100vw, 387px\" \/><\/a><\/p>\n<p>Don Darby, Suzanne Lavigne, Andr\u00e9 B\u00e9cot<\/p>\n<p><a href=\"https:\/\/www.galeriebecot.com\/wp-content\/uploads\/2018\/10\/Masse-Rebeccok.jpg\"><img loading=\"lazy\" decoding=\"async\" class=\"alignnone size-full wp-image-9439\" src=\"https:\/\/www.galeriebecot.com\/wp-content\/uploads\/2018\/10\/Masse-Rebeccok.jpg\" alt=\"\" width=\"647\" height=\"278\" srcset=\"https:\/\/galeriebecot.com\/wp-content\/uploads\/2018\/10\/Masse-Rebeccok.jpg 647w, https:\/\/galeriebecot.com\/wp-content\/uploads\/2018\/10\/Masse-Rebeccok-300x129.jpg 300w\" sizes=\"auto, (max-width: 647px) 100vw, 647px\" \/><\/a><\/p>\n<p>Don Darby, R\u00e9becca Mass\u00e9 et Andr\u00e9 B\u00e9cot : vernissage \u00a030 septembre 2018<\/p>\n<p>Cr\u00e9dit Photo : <em>Michel Boulianne<\/em><\/p>\n<p><a href=\"https:\/\/www.galeriebecot.com\/wp-content\/uploads\/2018\/09\/Jacques-Lacasse.jpg\"><img loading=\"lazy\" decoding=\"async\" class=\"alignnone size-full wp-image-9431\" src=\"https:\/\/www.galeriebecot.com\/wp-content\/uploads\/2018\/09\/Jacques-Lacasse.jpg\" alt=\"\" width=\"576\" height=\"380\" srcset=\"https:\/\/galeriebecot.com\/wp-content\/uploads\/2018\/09\/Jacques-Lacasse.jpg 576w, https:\/\/galeriebecot.com\/wp-content\/uploads\/2018\/09\/Jacques-Lacasse-300x198.jpg 300w\" sizes=\"auto, (max-width: 576px) 100vw, 576px\" \/><\/a><\/p>\n<p>Jacques Lacasse : vernissage 30 septembre 2018<\/p>\n<p><a href=\"https:\/\/www.galeriebecot.com\/wp-content\/uploads\/2018\/10\/Bouchard-Martin.jpg\"><img loading=\"lazy\" decoding=\"async\" class=\"alignnone size-full wp-image-9434\" src=\"https:\/\/www.galeriebecot.com\/wp-content\/uploads\/2018\/10\/Bouchard-Martin.jpg\" alt=\"\" width=\"432\" height=\"583\" srcset=\"https:\/\/galeriebecot.com\/wp-content\/uploads\/2018\/10\/Bouchard-Martin.jpg 432w, https:\/\/galeriebecot.com\/wp-content\/uploads\/2018\/10\/Bouchard-Martin-222x300.jpg 222w\" sizes=\"auto, (max-width: 432px) 100vw, 432px\" \/><\/a><\/p>\n<p>Martin Bouchard<\/p>\n<p><a href=\"https:\/\/www.galeriebecot.com\/wp-content\/uploads\/2018\/10\/Bouchard-Martin2.jpg\"><img loading=\"lazy\" decoding=\"async\" class=\"alignnone size-full wp-image-9435\" src=\"https:\/\/www.galeriebecot.com\/wp-content\/uploads\/2018\/10\/Bouchard-Martin2.jpg\" alt=\"\" width=\"328\" height=\"431\" srcset=\"https:\/\/galeriebecot.com\/wp-content\/uploads\/2018\/10\/Bouchard-Martin2.jpg 328w, https:\/\/galeriebecot.com\/wp-content\/uploads\/2018\/10\/Bouchard-Martin2-228x300.jpg 228w\" sizes=\"auto, (max-width: 328px) 100vw, 328px\" \/><\/a><\/p>\n<p>Vernissage le 29 septembre 2018<\/p>\n<p><a href=\"https:\/\/www.galeriebecot.com\/wp-content\/uploads\/2018\/10\/Tremblay.jpg\"><img loading=\"lazy\" decoding=\"async\" class=\"alignnone size-full wp-image-9449\" src=\"https:\/\/www.galeriebecot.com\/wp-content\/uploads\/2018\/10\/Tremblay.jpg\" alt=\"\" width=\"386\" height=\"359\" srcset=\"https:\/\/galeriebecot.com\/wp-content\/uploads\/2018\/10\/Tremblay.jpg 386w, https:\/\/galeriebecot.com\/wp-content\/uploads\/2018\/10\/Tremblay-300x279.jpg 300w\" sizes=\"auto, (max-width: 386px) 100vw, 386px\" \/><\/a><\/p>\n<p>Serge Philippe Tremblay photographe, Odette Th\u00e9berge peintre ,Roger Fournier aquarelliste.<\/p>\n<p>Section sud de la galerie B\u00e9cot.<\/p>\n<p><a href=\"https:\/\/www.galeriebecot.com\/wp-content\/uploads\/2018\/10\/Vernissage-de-Jerome-Morrissette1.jpg\"><img loading=\"lazy\" decoding=\"async\" class=\"alignnone size-full wp-image-9446\" src=\"https:\/\/www.galeriebecot.com\/wp-content\/uploads\/2018\/10\/Vernissage-de-Jerome-Morrissette1.jpg\" alt=\"\" width=\"482\" height=\"341\" srcset=\"https:\/\/galeriebecot.com\/wp-content\/uploads\/2018\/10\/Vernissage-de-Jerome-Morrissette1.jpg 482w, https:\/\/galeriebecot.com\/wp-content\/uploads\/2018\/10\/Vernissage-de-Jerome-Morrissette1-300x212.jpg 300w\" sizes=\"auto, (max-width: 482px) 100vw, 482px\" \/><\/a><\/p>\n<p>Vernissage de J\u00e9r\u00f4me Morissette.<\/p>\n<p>H\u00e9l\u00e8ne Larouche, Odette Malouin, J\u00e9r\u00f4me Morissette, Alain LeBlond, Andr\u00e9 B\u00e9cot, Michel Parent<\/p>\n<p><a href=\"https:\/\/www.galeriebecot.com\/wp-content\/uploads\/2018\/10\/Lise-Marsan.jpg\"><img loading=\"lazy\" decoding=\"async\" class=\"alignnone size-full wp-image-9451\" src=\"https:\/\/www.galeriebecot.com\/wp-content\/uploads\/2018\/10\/Lise-Marsan.jpg\" alt=\"\" width=\"576\" height=\"396\" srcset=\"https:\/\/galeriebecot.com\/wp-content\/uploads\/2018\/10\/Lise-Marsan.jpg 576w, https:\/\/galeriebecot.com\/wp-content\/uploads\/2018\/10\/Lise-Marsan-300x206.jpg 300w\" sizes=\"auto, (max-width: 576px) 100vw, 576px\" \/><\/a><\/p>\n<p>Lise Marsan ; M\u00e9dium Mixte<\/p>\n<p><a href=\"https:\/\/www.galeriebecot.com\/wp-content\/uploads\/2018\/10\/Section-Maltais.jpg\"><img loading=\"lazy\" decoding=\"async\" class=\"alignnone size-full wp-image-9457\" src=\"https:\/\/www.galeriebecot.com\/wp-content\/uploads\/2018\/10\/Section-Maltais.jpg\" alt=\"\" width=\"460\" height=\"335\" srcset=\"https:\/\/galeriebecot.com\/wp-content\/uploads\/2018\/10\/Section-Maltais.jpg 460w, https:\/\/galeriebecot.com\/wp-content\/uploads\/2018\/10\/Section-Maltais-300x218.jpg 300w\" sizes=\"auto, (max-width: 460px) 100vw, 460px\" \/><\/a><\/p>\n<p>Agnes Maltais Andr\u00e9 B\u00e9cot et Diane Lavall\u00e9e.<\/p>\n<p><a href=\"https:\/\/www.galeriebecot.com\/wp-content\/uploads\/2018\/10\/Section-Michel.jpg\"><img loading=\"lazy\" decoding=\"async\" class=\"alignnone size-full wp-image-9459\" src=\"https:\/\/www.galeriebecot.com\/wp-content\/uploads\/2018\/10\/Section-Michel.jpg\" alt=\"\" width=\"192\" height=\"192\" srcset=\"https:\/\/galeriebecot.com\/wp-content\/uploads\/2018\/10\/Section-Michel.jpg 192w, https:\/\/galeriebecot.com\/wp-content\/uploads\/2018\/10\/Section-Michel-150x150.jpg 150w\" sizes=\"auto, (max-width: 192px) 100vw, 192px\" \/><\/a><\/p>\n<p>Michel Raymond. <strong>Masque #3<\/strong> . <em>Os de baleine,corne de boeuf musqu\u00e9 et panache de caribou.<\/em><\/p>\n<p><a href=\"https:\/\/www.galeriebecot.com\/wp-content\/uploads\/2018\/10\/Section-tole.jpg\"><img loading=\"lazy\" decoding=\"async\" class=\"alignnone size-full wp-image-9461\" src=\"https:\/\/www.galeriebecot.com\/wp-content\/uploads\/2018\/10\/Section-tole.jpg\" alt=\"\" width=\"251\" height=\"538\" srcset=\"https:\/\/galeriebecot.com\/wp-content\/uploads\/2018\/10\/Section-tole.jpg 251w, https:\/\/galeriebecot.com\/wp-content\/uploads\/2018\/10\/Section-tole-140x300.jpg 140w\" sizes=\"auto, (max-width: 251px) 100vw, 251px\" \/><\/a><\/p>\n<p>Jean Philip Audet. <strong>Regard du capital<\/strong>. <em>M\u00e9tal\u00a0<\/em><\/p>\n<p><a href=\"https:\/\/www.galeriebecot.com\/wp-content\/uploads\/2018\/10\/section-explique.jpeg\"><img loading=\"lazy\" decoding=\"async\" class=\"alignnone size-full wp-image-9463\" src=\"https:\/\/www.galeriebecot.com\/wp-content\/uploads\/2018\/10\/section-explique.jpeg\" alt=\"\" width=\"429\" height=\"350\" srcset=\"https:\/\/galeriebecot.com\/wp-content\/uploads\/2018\/10\/section-explique.jpeg 429w, https:\/\/galeriebecot.com\/wp-content\/uploads\/2018\/10\/section-explique-300x245.jpeg 300w\" sizes=\"auto, (max-width: 429px) 100vw, 429px\" \/><\/a><\/p>\n<p>J\u00e9r\u00f4me Morissette (<em>commentaires sur son oeuvre<\/em>) . <strong>Hommage \u00e0 Louise Nevelson<\/strong> . <em>Assemblage bois, alkyde<\/em><\/p>\n<p><a href=\"https:\/\/www.galeriebecot.com\/wp-content\/uploads\/2018\/10\/Helene-Cloutier.jpeg\"><img loading=\"lazy\" decoding=\"async\" class=\"alignnone size-full wp-image-9479\" src=\"https:\/\/www.galeriebecot.com\/wp-content\/uploads\/2018\/10\/Helene-Cloutier.jpeg\" alt=\"\" width=\"338\" height=\"276\" srcset=\"https:\/\/galeriebecot.com\/wp-content\/uploads\/2018\/10\/Helene-Cloutier.jpeg 338w, https:\/\/galeriebecot.com\/wp-content\/uploads\/2018\/10\/Helene-Cloutier-300x245.jpeg 300w\" sizes=\"auto, (max-width: 338px) 100vw, 338px\" \/><\/a><\/p>\n<p>H\u00e9l\u00e8ne Cloutier pr\u00e9sente la toile (d\u00e9tail)\u00a0<strong> Kaleidoscope<\/strong>\u00a0\u00a0<em>Acrylique<\/em><\/p>\n<p><a href=\"https:\/\/www.galeriebecot.com\/wp-content\/uploads\/2018\/10\/Ann-Warren.jpg\"><img loading=\"lazy\" decoding=\"async\" class=\"alignnone size-full wp-image-9467\" src=\"https:\/\/www.galeriebecot.com\/wp-content\/uploads\/2018\/10\/Ann-Warren.jpg\" alt=\"\" width=\"432\" height=\"502\" srcset=\"https:\/\/galeriebecot.com\/wp-content\/uploads\/2018\/10\/Ann-Warren.jpg 432w, https:\/\/galeriebecot.com\/wp-content\/uploads\/2018\/10\/Ann-Warren-258x300.jpg 258w\" sizes=\"auto, (max-width: 432px) 100vw, 432px\" \/><\/a><\/p>\n<p>Ann Warren : pr\u00e9sente la toile \u00a0<strong>Cavalia<\/strong> . <em>Acrylique sur toile<\/em><\/p>\n<p><a href=\"https:\/\/www.ville.repentigny.qc.ca\/centredartdianedufresne.html\"><img loading=\"lazy\" decoding=\"async\" class=\"alignnone size-full wp-image-9471\" src=\"https:\/\/www.galeriebecot.com\/wp-content\/uploads\/2018\/10\/Lalonde.jpg\" alt=\"\" width=\"100\" height=\"266\" \/><\/a><\/p>\n<p><a href=\"https:\/\/www.ville.repentigny.qc.ca\/centredartdianedufresne.html\">Gabriel Lalonde<\/a>:<strong> Lettre aux vieux amis<\/strong>. <em>Mixtes sur papier mouchoir. 76 x 21,5 cm<\/em><\/p>\n<p><a href=\"https:\/\/www.ville.repentigny.qc.ca\/centredartdianedufresne.html\"><img loading=\"lazy\" decoding=\"async\" class=\"alignnone size-full wp-image-9475\" src=\"https:\/\/www.galeriebecot.com\/wp-content\/uploads\/2018\/10\/Lalonde-Expo.jpg\" alt=\"\" width=\"507\" height=\"865\" srcset=\"https:\/\/galeriebecot.com\/wp-content\/uploads\/2018\/10\/Lalonde-Expo.jpg 507w, https:\/\/galeriebecot.com\/wp-content\/uploads\/2018\/10\/Lalonde-Expo-176x300.jpg 176w\" sizes=\"auto, (max-width: 507px) 100vw, 507px\" \/><\/a><\/p>\n<p><a href=\"https:\/\/www.galeriebecot.com\/wp-content\/uploads\/2018\/10\/Odette-Theberge.jpg\"><img loading=\"lazy\" decoding=\"async\" class=\"alignnone size-full wp-image-9477\" src=\"https:\/\/www.galeriebecot.com\/wp-content\/uploads\/2018\/10\/Odette-Theberge.jpg\" alt=\"\" width=\"576\" height=\"360\" srcset=\"https:\/\/galeriebecot.com\/wp-content\/uploads\/2018\/10\/Odette-Theberge.jpg 576w, https:\/\/galeriebecot.com\/wp-content\/uploads\/2018\/10\/Odette-Theberge-300x188.jpg 300w\" sizes=\"auto, (max-width: 576px) 100vw, 576px\" \/><\/a><\/p>\n<p>Odette Th\u00e9berge : <strong>Chronique 60 Photographie<\/strong>, <em>impression num\u00e9rique rehauss\u00e9e par le dessin, acrylique , graphite, feuille d&rsquo;or sur papier Hahnem\u00fchle<\/em><\/p>\n<p><a href=\"https:\/\/www.galeriebecot.com\/wp-content\/uploads\/2018\/10\/Andre-et-odette.jpg\"><img loading=\"lazy\" decoding=\"async\" class=\"alignnone size-full wp-image-9511\" src=\"https:\/\/www.galeriebecot.com\/wp-content\/uploads\/2018\/10\/Andre-et-odette.jpg\" alt=\"\" width=\"292\" height=\"280\" \/><\/a><\/p>\n<p>Andr\u00e9 B\u00e9cot et Odette Th\u00e9berge le 29 septembre 2018<\/p>\n<p><a href=\"https:\/\/www.arquemuse.com\/\"><strong>\u00c9cole de musique ARQUEMUSE<\/strong><\/a><\/p>\n<p><a href=\"https:\/\/www.galeriebecot.com\/wp-content\/uploads\/2019\/02\/Arquemeuse1.jpg\"><img loading=\"lazy\" decoding=\"async\" class=\"alignnone size-large wp-image-11308\" src=\"https:\/\/www.galeriebecot.com\/wp-content\/uploads\/2019\/02\/Arquemeuse1-1024x292.jpg\" alt=\"\" width=\"700\" height=\"200\" srcset=\"https:\/\/galeriebecot.com\/wp-content\/uploads\/2019\/02\/Arquemeuse1-1024x292.jpg 1024w, https:\/\/galeriebecot.com\/wp-content\/uploads\/2019\/02\/Arquemeuse1-300x85.jpg 300w, https:\/\/galeriebecot.com\/wp-content\/uploads\/2019\/02\/Arquemeuse1-768x219.jpg 768w, https:\/\/galeriebecot.com\/wp-content\/uploads\/2019\/02\/Arquemeuse1.jpg 1944w\" sizes=\"auto, (max-width: 700px) 100vw, 700px\" \/><\/a><\/p>\n<p>Un click sur le texte pour agrandir.<\/p>\n<p><a href=\"https:\/\/www.galeriebecot.com\/wp-content\/uploads\/2019\/02\/Thibault-Oeuvre.jpg\"><img loading=\"lazy\" decoding=\"async\" class=\"alignnone size-full wp-image-11304\" src=\"https:\/\/www.galeriebecot.com\/wp-content\/uploads\/2019\/02\/Thibault-Oeuvre.jpg\" alt=\"\" width=\"464\" height=\"809\" srcset=\"https:\/\/galeriebecot.com\/wp-content\/uploads\/2019\/02\/Thibault-Oeuvre.jpg 464w, https:\/\/galeriebecot.com\/wp-content\/uploads\/2019\/02\/Thibault-Oeuvre-172x300.jpg 172w\" sizes=\"auto, (max-width: 464px) 100vw, 464px\" \/><\/a><\/p>\n\n\n<p class=\"wp-block-paragraph\">Fusion, par Nicole Lacroix Thibault.<\/p>\n\n\n\n<figure class=\"wp-block-image\"><a href=\"http:\/\/journallephare.org\/2018\/08\/02\/nicole-lacroix-thibeault-gens-de-parlure-accoudes-au-vent-dest\/\"><img loading=\"lazy\" decoding=\"async\" width=\"576\" height=\"406\" src=\"https:\/\/www.galeriebecot.com\/wp-content\/uploads\/2018\/10\/Bouchard-Martin-4.jpg\" alt=\"\" class=\"wp-image-9436\" srcset=\"https:\/\/galeriebecot.com\/wp-content\/uploads\/2018\/10\/Bouchard-Martin-4.jpg 576w, https:\/\/galeriebecot.com\/wp-content\/uploads\/2018\/10\/Bouchard-Martin-4-300x211.jpg 300w\" sizes=\"auto, (max-width: 576px) 100vw, 576px\" \/><\/a><\/figure>\n\n\n\n<p class=\"wp-block-paragraph\"><a href=\"http:\/\/journallephare.org\/2018\/08\/02\/nicole-lacroix-thibeault-gens-de-parlure-accoudes-au-vent-dest\/\">Nicole Lacroix Thibault. Auteur : &nbsp;<em>Gens de parlure accoud\u00e9s au vent d&rsquo;est.<\/em><\/a><\/p>\n\n\n\n<figure class=\"wp-block-image\"><a href=\"https:\/\/www.facebook.com\/centrevisuelducampanile\/photos\/a.1477713839117482\/2356740221214835\/?type=3&amp;theater\"><img loading=\"lazy\" decoding=\"async\" width=\"364\" height=\"352\" src=\"https:\/\/www.galeriebecot.com\/wp-content\/uploads\/2018\/09\/Robert-DelisleFB.jpg\" alt=\"\" class=\"wp-image-10760\" srcset=\"https:\/\/galeriebecot.com\/wp-content\/uploads\/2018\/09\/Robert-DelisleFB.jpg 364w, https:\/\/galeriebecot.com\/wp-content\/uploads\/2018\/09\/Robert-DelisleFB-300x290.jpg 300w\" sizes=\"auto, (max-width: 364px) 100vw, 364px\" \/><\/a><\/figure>\n\n\n\n<p class=\"wp-block-paragraph\">L&rsquo;artiste multidisciplinaire Robert Delisle, vous invite \u00e0 venir le rencontrer,le mercredi 20 mars 2019, &nbsp;\u00e0 son vernissage de 18h \u00e020h. Bienvenue \u00e0 tous !<\/p>\n","protected":false},"excerpt":{"rendered":"<p>\u00a0 Les copains d&rsquo;abord : La Quintessence de l&rsquo;art. En suppl\u00e9mentaire samedi et dimanche \u00a0le 6 et 7 octobre 2018 de 12 \u00e0 17h. Dans le cadre des journ\u00e9es de&hellip; <\/p>\n","protected":false},"author":1,"featured_media":0,"comment_status":"open","ping_status":"open","sticky":false,"template":"","format":"standard","meta":{"_exactmetrics_skip_tracking":false,"_exactmetrics_sitenote_active":false,"_exactmetrics_sitenote_note":"","_exactmetrics_sitenote_category":0,"footnotes":""},"categories":[27,18,19],"tags":[34,401,2508,2466,750,2467,2468,2469,2470,2471,1652,2510,6,345,2472,752,2473,1134,1643,1650,1332,1135,2474,2475,1456,2509,2476,2477,2503,1139,2316,1754,1644,1755,58,2478,2482,1140,1335,2483,2479,1142,1576,759,2484,2480,37,760,2507,1082,761,2481,40],"class_list":["post-9195","post","type-post","status-publish","format-standard","hentry","category-artistes","category-evenement","category-vernissage","tag-andre-becot","tag-ann-warren","tag-audet-jean-philip","tag-audy-jocelyne","tag-becot-andre","tag-beland-pierre","tag-bouchard-martin","tag-boulianne-michel","tag-brisebois-renald","tag-cameron-george","tag-casavant-therese","tag-cloutier-helene","tag-club-des-collectionneurs-en-arts-visuels-de-quebec","tag-colette-matte","tag-cornet-lucienne","tag-darby-don","tag-de-tilly-hugues-noel","tag-delisle-robert","tag-emond-marie","tag-fournier-micheline","tag-fournier-roger","tag-gagnon-aristide","tag-grondin-sylvie","tag-gruais-viviane","tag-jacques-lacasse","tag-lacroix-thibeault-nicole","tag-lagueux-jacinthe","tag-lalonde-gabriel","tag-laointe-celine-g","tag-larouche-helene","tag-lavigne-suzanne","tag-leblond-alain","tag-leroux-marie-reine","tag-magnan-jacques","tag-marc-bellemare-collectionneur","tag-marsan-lise","tag-masse-rebecca","tag-morissette-jerome","tag-parent-michel","tag-patry-suzette","tag-pelletier-pauline","tag-poulin-carol","tag-raymond-michel","tag-rioux-marie","tag-robin-cleophas","tag-royer-guy","tag-studio-becot","tag-sylvain-jacques","tag-taschereaux-pauline","tag-theberge-odette","tag-tremblay-serge-philippe","tag-vernac-francine","tag-visuals-arts"],"_links":{"self":[{"href":"https:\/\/galeriebecot.com\/index.php?rest_route=\/wp\/v2\/posts\/9195","targetHints":{"allow":["GET"]}}],"collection":[{"href":"https:\/\/galeriebecot.com\/index.php?rest_route=\/wp\/v2\/posts"}],"about":[{"href":"https:\/\/galeriebecot.com\/index.php?rest_route=\/wp\/v2\/types\/post"}],"author":[{"embeddable":true,"href":"https:\/\/galeriebecot.com\/index.php?rest_route=\/wp\/v2\/users\/1"}],"replies":[{"embeddable":true,"href":"https:\/\/galeriebecot.com\/index.php?rest_route=%2Fwp%2Fv2%2Fcomments&post=9195"}],"version-history":[{"count":94,"href":"https:\/\/galeriebecot.com\/index.php?rest_route=\/wp\/v2\/posts\/9195\/revisions"}],"predecessor-version":[{"id":14603,"href":"https:\/\/galeriebecot.com\/index.php?rest_route=\/wp\/v2\/posts\/9195\/revisions\/14603"}],"wp:attachment":[{"href":"https:\/\/galeriebecot.com\/index.php?rest_route=%2Fwp%2Fv2%2Fmedia&parent=9195"}],"wp:term":[{"taxonomy":"category","embeddable":true,"href":"https:\/\/galeriebecot.com\/index.php?rest_route=%2Fwp%2Fv2%2Fcategories&post=9195"},{"taxonomy":"post_tag","embeddable":true,"href":"https:\/\/galeriebecot.com\/index.php?rest_route=%2Fwp%2Fv2%2Ftags&post=9195"}],"curies":[{"name":"wp","href":"https:\/\/api.w.org\/{rel}","templated":true}]}}