{"id":9181,"date":"2018-08-21T11:28:08","date_gmt":"2018-08-21T15:28:08","guid":{"rendered":"http:\/\/www.clubdescollectionneursenartsvisuelsdequebec.com\/?p=9181"},"modified":"2018-09-02T14:22:47","modified_gmt":"2018-09-02T18:22:47","slug":"helene-larouche-expose-en-solo","status":"publish","type":"post","link":"https:\/\/galeriebecot.com\/?p=9181","title":{"rendered":"H\u00e9l\u00e8ne Larouche expose en solo !"},"content":{"rendered":"<p><a href=\"https:\/\/www.galeriebecot.com\/wp-content\/uploads\/2018\/08\/Helene-Larouche.jpg\"><img loading=\"lazy\" decoding=\"async\" class=\"alignnone size-full wp-image-9182\" src=\"https:\/\/www.galeriebecot.com\/wp-content\/uploads\/2018\/08\/Helene-Larouche.jpg\" alt=\"\" width=\"858\" height=\"704\" srcset=\"https:\/\/galeriebecot.com\/wp-content\/uploads\/2018\/08\/Helene-Larouche.jpg 858w, https:\/\/galeriebecot.com\/wp-content\/uploads\/2018\/08\/Helene-Larouche-300x246.jpg 300w, https:\/\/galeriebecot.com\/wp-content\/uploads\/2018\/08\/Helene-Larouche-768x630.jpg 768w\" sizes=\"auto, (max-width: 858px) 100vw, 858px\" \/><\/a><\/p>\n<p><strong>Rencontre insolites.<\/strong><\/p>\n<p>Artiste : <strong>H\u00e9l\u00e8ne Larouche.<\/strong><\/p>\n<p>Vernissage le 1er septembre 2018 \u00e0 14 h.<\/p>\n<p>L&rsquo;exposition est disponible de 1er septembre au 13 octobre 2018.<\/p>\n<p>Maison culturelle.<\/p>\n<p>Armand Vaillancourt.<\/p>\n<p>143 principale St-Andr\u00e9 GoL 2H0.<\/p>\n<p><a href=\"https:\/\/fondationav.org\/\">WWW.FONDATIONAV.ORG<\/a><\/p>\n<p>Carton officiel r\u00e9alis\u00e9 par Katy.<\/p>\n<p><a href=\"https:\/\/www.galeriebecot.com\/wp-content\/uploads\/2018\/08\/Larouche-1.jpg\"><img loading=\"lazy\" decoding=\"async\" class=\"alignnone size-full wp-image-9207\" src=\"https:\/\/www.galeriebecot.com\/wp-content\/uploads\/2018\/08\/Larouche-1.jpg\" alt=\"\" width=\"521\" height=\"434\" srcset=\"https:\/\/galeriebecot.com\/wp-content\/uploads\/2018\/08\/Larouche-1.jpg 521w, https:\/\/galeriebecot.com\/wp-content\/uploads\/2018\/08\/Larouche-1-300x250.jpg 300w\" sizes=\"auto, (max-width: 521px) 100vw, 521px\" \/><\/a><\/p>\n<p><a href=\"https:\/\/www.galeriebecot.com\/wp-content\/uploads\/2018\/08\/Larouche2.jpeg\"><img loading=\"lazy\" decoding=\"async\" class=\"alignnone wp-image-9208\" src=\"https:\/\/www.galeriebecot.com\/wp-content\/uploads\/2018\/08\/Larouche2.jpeg\" alt=\"\" width=\"523\" height=\"436\" srcset=\"https:\/\/galeriebecot.com\/wp-content\/uploads\/2018\/08\/Larouche2.jpeg 572w, https:\/\/galeriebecot.com\/wp-content\/uploads\/2018\/08\/Larouche2-300x250.jpeg 300w\" sizes=\"auto, (max-width: 523px) 100vw, 523px\" \/><\/a><\/p>\n<p><a href=\"https:\/\/www.galeriebecot.com\/wp-content\/uploads\/2018\/08\/Larouche-3.jpg\"><img loading=\"lazy\" decoding=\"async\" class=\"alignnone wp-image-9210\" src=\"https:\/\/www.galeriebecot.com\/wp-content\/uploads\/2018\/08\/Larouche-3.jpg\" alt=\"\" width=\"527\" height=\"439\" srcset=\"https:\/\/galeriebecot.com\/wp-content\/uploads\/2018\/08\/Larouche-3.jpg 580w, https:\/\/galeriebecot.com\/wp-content\/uploads\/2018\/08\/Larouche-3-300x250.jpg 300w\" sizes=\"auto, (max-width: 527px) 100vw, 527px\" \/><\/a><\/p>\n","protected":false},"excerpt":{"rendered":"<p>Rencontre insolites. Artiste : H\u00e9l\u00e8ne Larouche. Vernissage le 1er septembre 2018 \u00e0 14 h. L&rsquo;exposition est disponible de 1er septembre au 13 octobre 2018. Maison culturelle. Armand Vaillancourt. 143 principale&hellip; <\/p>\n","protected":false},"author":1,"featured_media":0,"comment_status":"open","ping_status":"open","sticky":false,"template":"","format":"standard","meta":{"_exactmetrics_skip_tracking":false,"_exactmetrics_sitenote_active":false,"_exactmetrics_sitenote_note":"","_exactmetrics_sitenote_category":0,"footnotes":""},"categories":[27,19],"tags":[34,67,457,2465,58,37,40],"class_list":["post-9181","post","type-post","status-publish","format-standard","hentry","category-artistes","category-vernissage","tag-andre-becot","tag-club-des-collectionneurs-en-arts-visuels-de-quebec-marc-bellemare","tag-helene-larouche","tag-maison-culturelle-armand-vaillancourt","tag-marc-bellemare-collectionneur","tag-studio-becot","tag-visuals-arts"],"_links":{"self":[{"href":"https:\/\/galeriebecot.com\/index.php?rest_route=\/wp\/v2\/posts\/9181","targetHints":{"allow":["GET"]}}],"collection":[{"href":"https:\/\/galeriebecot.com\/index.php?rest_route=\/wp\/v2\/posts"}],"about":[{"href":"https:\/\/galeriebecot.com\/index.php?rest_route=\/wp\/v2\/types\/post"}],"author":[{"embeddable":true,"href":"https:\/\/galeriebecot.com\/index.php?rest_route=\/wp\/v2\/users\/1"}],"replies":[{"embeddable":true,"href":"https:\/\/galeriebecot.com\/index.php?rest_route=%2Fwp%2Fv2%2Fcomments&post=9181"}],"version-history":[{"count":8,"href":"https:\/\/galeriebecot.com\/index.php?rest_route=\/wp\/v2\/posts\/9181\/revisions"}],"predecessor-version":[{"id":9211,"href":"https:\/\/galeriebecot.com\/index.php?rest_route=\/wp\/v2\/posts\/9181\/revisions\/9211"}],"wp:attachment":[{"href":"https:\/\/galeriebecot.com\/index.php?rest_route=%2Fwp%2Fv2%2Fmedia&parent=9181"}],"wp:term":[{"taxonomy":"category","embeddable":true,"href":"https:\/\/galeriebecot.com\/index.php?rest_route=%2Fwp%2Fv2%2Fcategories&post=9181"},{"taxonomy":"post_tag","embeddable":true,"href":"https:\/\/galeriebecot.com\/index.php?rest_route=%2Fwp%2Fv2%2Ftags&post=9181"}],"curies":[{"name":"wp","href":"https:\/\/api.w.org\/{rel}","templated":true}]}}