{"id":9160,"date":"2019-03-23T14:18:23","date_gmt":"2019-03-23T18:18:23","guid":{"rendered":"http:\/\/www.clubdescollectionneursenartsvisuelsdequebec.com\/?p=9160"},"modified":"2019-04-07T19:10:36","modified_gmt":"2019-04-07T23:10:36","slug":"la-journaliste-et-critique-dart-paquerette-villeneuve-est-decedee","status":"publish","type":"post","link":"https:\/\/galeriebecot.com\/?p=9160","title":{"rendered":"Soir\u00e9e hommage \u00e0 Paquerette Villeneuve, conf\u00e9rence report\u00e9e !"},"content":{"rendered":"<p><a href=\"https:\/\/www.galeriebecot.com\/wp-content\/uploads\/2019\/03\/Conference1-reportee.jpg\"><img loading=\"lazy\" decoding=\"async\" class=\"alignnone size-full wp-image-10990\" src=\"https:\/\/www.galeriebecot.com\/wp-content\/uploads\/2019\/03\/Conference1-reportee.jpg\" alt=\"\" width=\"599\" height=\"599\" srcset=\"https:\/\/galeriebecot.com\/wp-content\/uploads\/2019\/03\/Conference1-reportee.jpg 599w, https:\/\/galeriebecot.com\/wp-content\/uploads\/2019\/03\/Conference1-reportee-150x150.jpg 150w, https:\/\/galeriebecot.com\/wp-content\/uploads\/2019\/03\/Conference1-reportee-300x300.jpg 300w, https:\/\/galeriebecot.com\/wp-content\/uploads\/2019\/03\/Conference1-reportee-330x330.jpg 330w\" sizes=\"auto, (max-width: 599px) 100vw, 599px\" \/><\/a><\/p>\n<p><a href=\"https:\/\/www.galeriebecot.com\/wp-content\/uploads\/2018\/08\/Villeneuve1.jpg\"><img loading=\"lazy\" decoding=\"async\" class=\"alignnone size-full wp-image-10865\" src=\"https:\/\/www.galeriebecot.com\/wp-content\/uploads\/2018\/08\/Villeneuve1.jpg\" alt=\"\" width=\"1022\" height=\"918\" srcset=\"https:\/\/galeriebecot.com\/wp-content\/uploads\/2018\/08\/Villeneuve1.jpg 1022w, https:\/\/galeriebecot.com\/wp-content\/uploads\/2018\/08\/Villeneuve1-300x269.jpg 300w, https:\/\/galeriebecot.com\/wp-content\/uploads\/2018\/08\/Villeneuve1-768x690.jpg 768w\" sizes=\"auto, (max-width: 1022px) 100vw, 1022px\" \/><\/a><\/p>\n<p><a href=\"https:\/\/www.galeriebecot.com\/wp-content\/uploads\/2018\/08\/Villeneuve2-1.jpg\"><img loading=\"lazy\" decoding=\"async\" class=\"alignnone size-full wp-image-10866\" src=\"https:\/\/www.galeriebecot.com\/wp-content\/uploads\/2018\/08\/Villeneuve2-1.jpg\" alt=\"\" width=\"862\" height=\"879\" srcset=\"https:\/\/galeriebecot.com\/wp-content\/uploads\/2018\/08\/Villeneuve2-1.jpg 862w, https:\/\/galeriebecot.com\/wp-content\/uploads\/2018\/08\/Villeneuve2-1-294x300.jpg 294w, https:\/\/galeriebecot.com\/wp-content\/uploads\/2018\/08\/Villeneuve2-1-768x783.jpg 768w\" sizes=\"auto, (max-width: 862px) 100vw, 862px\" \/><\/a><\/p>\n<p><a href=\"https:\/\/www.galeriebecot.com\/wp-content\/uploads\/2018\/08\/Villeneuve3a.jpg\"><img loading=\"lazy\" decoding=\"async\" class=\"alignnone size-full wp-image-10867\" src=\"https:\/\/www.galeriebecot.com\/wp-content\/uploads\/2018\/08\/Villeneuve3a.jpg\" alt=\"\" width=\"848\" height=\"365\" srcset=\"https:\/\/galeriebecot.com\/wp-content\/uploads\/2018\/08\/Villeneuve3a.jpg 848w, https:\/\/galeriebecot.com\/wp-content\/uploads\/2018\/08\/Villeneuve3a-300x129.jpg 300w, https:\/\/galeriebecot.com\/wp-content\/uploads\/2018\/08\/Villeneuve3a-768x331.jpg 768w\" sizes=\"auto, (max-width: 848px) 100vw, 848px\" \/><\/a><\/p>\n<p>Hommage \u00e0 Paquerette Villeneuve, journaliste, \u00e9crivaine et critique d&rsquo;art&#8230;..Elle \u00e9volue dans le cercle des signataires du Refus global&#8230;<\/p>\n<p><a href=\"http:\/\/www.michelparent.com\/club\/\"><img loading=\"lazy\" decoding=\"async\" class=\"alignnone size-full wp-image-10868\" src=\"https:\/\/www.galeriebecot.com\/wp-content\/uploads\/2018\/08\/Villeneuve3b.jpg\" alt=\"\" width=\"848\" height=\"157\" srcset=\"https:\/\/galeriebecot.com\/wp-content\/uploads\/2018\/08\/Villeneuve3b.jpg 848w, https:\/\/galeriebecot.com\/wp-content\/uploads\/2018\/08\/Villeneuve3b-300x56.jpg 300w, https:\/\/galeriebecot.com\/wp-content\/uploads\/2018\/08\/Villeneuve3b-768x142.jpg 768w\" sizes=\"auto, (max-width: 848px) 100vw, 848px\" \/><\/a><\/p>\n<p><a href=\"https:\/\/www.galeriebecot.com\/wp-content\/uploads\/2018\/08\/Villeneuve111.jpg\"><img loading=\"lazy\" decoding=\"async\" class=\"alignnone size-large wp-image-9168\" src=\"https:\/\/www.galeriebecot.com\/wp-content\/uploads\/2018\/08\/Villeneuve111-643x1024.jpg\" alt=\"\" width=\"643\" height=\"1024\" srcset=\"https:\/\/galeriebecot.com\/wp-content\/uploads\/2018\/08\/Villeneuve111-643x1024.jpg 643w, https:\/\/galeriebecot.com\/wp-content\/uploads\/2018\/08\/Villeneuve111-188x300.jpg 188w, https:\/\/galeriebecot.com\/wp-content\/uploads\/2018\/08\/Villeneuve111.jpg 649w\" sizes=\"auto, (max-width: 643px) 100vw, 643px\" \/><\/a><\/p>\n<p><strong>La journaliste et critique d&rsquo;art Paquerette Villeneuve , qui a \u00e9volu\u00e9 t\u00f4t dans sa carri\u00e8re dans le cercle du Refus global publi\u00e9 en 1948, est d\u00e9c\u00e9d\u00e9e en fin de semaine , \u00e0 Montr\u00e9al.<\/strong><\/p>\n<p><a href=\"https:\/\/www.galeriebecot.com\/wp-content\/uploads\/2018\/08\/Villeneuve2.jpg\"><img loading=\"lazy\" decoding=\"async\" class=\"alignnone size-full wp-image-9163\" src=\"https:\/\/www.galeriebecot.com\/wp-content\/uploads\/2018\/08\/Villeneuve2.jpg\" alt=\"\" width=\"500\" height=\"477\" srcset=\"https:\/\/galeriebecot.com\/wp-content\/uploads\/2018\/08\/Villeneuve2.jpg 500w, https:\/\/galeriebecot.com\/wp-content\/uploads\/2018\/08\/Villeneuve2-300x286.jpg 300w\" sizes=\"auto, (max-width: 500px) 100vw, 500px\" \/><\/a><\/p>\n<p><a href=\"https:\/\/www.galeriebecot.com\/wp-content\/uploads\/2018\/08\/Villeneuve3.jpg\"><img loading=\"lazy\" decoding=\"async\" class=\"alignnone size-full wp-image-9164\" src=\"https:\/\/www.galeriebecot.com\/wp-content\/uploads\/2018\/08\/Villeneuve3.jpg\" alt=\"\" width=\"624\" height=\"894\" srcset=\"https:\/\/galeriebecot.com\/wp-content\/uploads\/2018\/08\/Villeneuve3.jpg 624w, https:\/\/galeriebecot.com\/wp-content\/uploads\/2018\/08\/Villeneuve3-209x300.jpg 209w\" sizes=\"auto, (max-width: 624px) 100vw, 624px\" \/><\/a><\/p>\n<p><a href=\"https:\/\/www.galeriebecot.com\/wp-content\/uploads\/2018\/08\/Villeneuve4.jpg\"><img loading=\"lazy\" decoding=\"async\" class=\"alignnone size-full wp-image-9165\" src=\"https:\/\/www.galeriebecot.com\/wp-content\/uploads\/2018\/08\/Villeneuve4.jpg\" alt=\"\" width=\"617\" height=\"599\" srcset=\"https:\/\/galeriebecot.com\/wp-content\/uploads\/2018\/08\/Villeneuve4.jpg 617w, https:\/\/galeriebecot.com\/wp-content\/uploads\/2018\/08\/Villeneuve4-300x291.jpg 300w\" sizes=\"auto, (max-width: 617px) 100vw, 617px\" \/><\/a><\/p>\n<p><a href=\"https:\/\/www.galeriebecot.com\/wp-content\/uploads\/2018\/08\/Villeneuve5.jpg\"><img loading=\"lazy\" decoding=\"async\" class=\"alignnone size-full wp-image-9166\" src=\"https:\/\/www.galeriebecot.com\/wp-content\/uploads\/2018\/08\/Villeneuve5.jpg\" alt=\"\" width=\"638\" height=\"989\" srcset=\"https:\/\/galeriebecot.com\/wp-content\/uploads\/2018\/08\/Villeneuve5.jpg 638w, https:\/\/galeriebecot.com\/wp-content\/uploads\/2018\/08\/Villeneuve5-194x300.jpg 194w\" sizes=\"auto, (max-width: 638px) 100vw, 638px\" \/><\/a><\/p>\n<p><a href=\"https:\/\/www.galeriebecot.com\/wp-content\/uploads\/2018\/08\/Villeneuve6.jpg\"><img loading=\"lazy\" decoding=\"async\" class=\"alignnone size-full wp-image-9167\" src=\"https:\/\/www.galeriebecot.com\/wp-content\/uploads\/2018\/08\/Villeneuve6.jpg\" alt=\"\" width=\"633\" height=\"505\" srcset=\"https:\/\/galeriebecot.com\/wp-content\/uploads\/2018\/08\/Villeneuve6.jpg 633w, https:\/\/galeriebecot.com\/wp-content\/uploads\/2018\/08\/Villeneuve6-300x239.jpg 300w\" sizes=\"auto, (max-width: 633px) 100vw, 633px\" \/><\/a><\/p>\n<p><a href=\"http:\/\/revue-parcours.com\/paquerette-villeneuve-est-decedee\/\"><img loading=\"lazy\" decoding=\"async\" class=\"alignnone size-full wp-image-9174\" src=\"https:\/\/www.galeriebecot.com\/wp-content\/uploads\/2018\/08\/Pi.jpg\" alt=\"\" width=\"426\" height=\"187\" srcset=\"https:\/\/galeriebecot.com\/wp-content\/uploads\/2018\/08\/Pi.jpg 426w, https:\/\/galeriebecot.com\/wp-content\/uploads\/2018\/08\/Pi-300x132.jpg 300w\" sizes=\"auto, (max-width: 426px) 100vw, 426px\" \/><\/a><\/p>\n<p><a href=\"http:\/\/revue-parcours.com\/paquerette-villeneuve-est-decedee\/\">Revue Parcours en ligne<\/a><\/p>\n","protected":false},"excerpt":{"rendered":"<p>Hommage \u00e0 Paquerette Villeneuve, journaliste, \u00e9crivaine et critique d&rsquo;art&#8230;..Elle \u00e9volue dans le cercle des signataires du Refus global&#8230; La journaliste et critique d&rsquo;art Paquerette Villeneuve , qui a \u00e9volu\u00e9 t\u00f4t&hellip; <\/p>\n","protected":false},"author":1,"featured_media":0,"comment_status":"open","ping_status":"open","sticky":false,"template":"","format":"standard","meta":{"_exactmetrics_skip_tracking":false,"_exactmetrics_sitenote_active":false,"_exactmetrics_sitenote_note":"","_exactmetrics_sitenote_category":0,"footnotes":""},"categories":[20,27,29],"tags":[2455,102,2459,34,2464,101,100,6,2460,2461,1372,2462,2457,687,33,58,2458,2463,1373,686,2456,162,2137,642,180,78,40],"class_list":["post-9160","post","type-post","status-publish","format-standard","hentry","category-article-descriptif","category-artistes","category-journaux","tag-agence-qmi","tag-alain-sanson","tag-albert-camus","tag-andre-becot","tag-antonine-maillet","tag-bernard-houde","tag-carole-charette","tag-club-des-collectionneurs-en-arts-visuels-de-quebec","tag-eugene-ionesco","tag-gerard-et-alec-pelletier","tag-huguette-vachon","tag-jacques-ferron","tag-jean-julien-bourgeault","tag-jean-paul-riopelle","tag-marc-bellemare","tag-marc-bellemare-collectionneur","tag-marcelle-ferron","tag-michel-tremblay","tag-paquerette-villeneuve","tag-paul-emile-borduas","tag-pi-parcours-linformateur","tag-refus-global","tag-rita-letendre","tag-robert-bernier","tag-serge-lemoyne","tag-studio-galerie-becot","tag-visuals-arts"],"_links":{"self":[{"href":"https:\/\/galeriebecot.com\/index.php?rest_route=\/wp\/v2\/posts\/9160","targetHints":{"allow":["GET"]}}],"collection":[{"href":"https:\/\/galeriebecot.com\/index.php?rest_route=\/wp\/v2\/posts"}],"about":[{"href":"https:\/\/galeriebecot.com\/index.php?rest_route=\/wp\/v2\/types\/post"}],"author":[{"embeddable":true,"href":"https:\/\/galeriebecot.com\/index.php?rest_route=\/wp\/v2\/users\/1"}],"replies":[{"embeddable":true,"href":"https:\/\/galeriebecot.com\/index.php?rest_route=%2Fwp%2Fv2%2Fcomments&post=9160"}],"version-history":[{"count":15,"href":"https:\/\/galeriebecot.com\/index.php?rest_route=\/wp\/v2\/posts\/9160\/revisions"}],"predecessor-version":[{"id":10992,"href":"https:\/\/galeriebecot.com\/index.php?rest_route=\/wp\/v2\/posts\/9160\/revisions\/10992"}],"wp:attachment":[{"href":"https:\/\/galeriebecot.com\/index.php?rest_route=%2Fwp%2Fv2%2Fmedia&parent=9160"}],"wp:term":[{"taxonomy":"category","embeddable":true,"href":"https:\/\/galeriebecot.com\/index.php?rest_route=%2Fwp%2Fv2%2Fcategories&post=9160"},{"taxonomy":"post_tag","embeddable":true,"href":"https:\/\/galeriebecot.com\/index.php?rest_route=%2Fwp%2Fv2%2Ftags&post=9160"}],"curies":[{"name":"wp","href":"https:\/\/api.w.org\/{rel}","templated":true}]}}