{"id":9061,"date":"2018-09-12T14:27:08","date_gmt":"2018-09-12T18:27:08","guid":{"rendered":"http:\/\/www.clubdescollectionneursenartsvisuelsdequebec.com\/?p=9061"},"modified":"2019-02-19T15:42:18","modified_gmt":"2019-02-19T20:42:18","slug":"exposition-a-la-galerie-loeil-ecoute-a-lyon","status":"publish","type":"post","link":"https:\/\/galeriebecot.com\/?p=9061","title":{"rendered":"Sept artistes de Qu\u00e9bec exposent \u00e0 Lyon."},"content":{"rendered":"<p><a href=\"https:\/\/www.galeriebecot.com\/?p=1398\"><img loading=\"lazy\" decoding=\"async\" class=\"alignnone size-full wp-image-8815\" src=\"https:\/\/www.galeriebecot.com\/wp-content\/uploads\/2018\/06\/Historique-du-clubokok.jpg\" alt=\"\" width=\"369\" height=\"35\" srcset=\"https:\/\/galeriebecot.com\/wp-content\/uploads\/2018\/06\/Historique-du-clubokok.jpg 369w, https:\/\/galeriebecot.com\/wp-content\/uploads\/2018\/06\/Historique-du-clubokok-300x28.jpg 300w\" sizes=\"auto, (max-width: 369px) 100vw, 369px\" \/><\/a><\/p>\n<p><a href=\"http:\/\/www.michelparent.com\/club\/\"><img loading=\"lazy\" decoding=\"async\" class=\"alignnone size-full wp-image-8818\" src=\"https:\/\/www.galeriebecot.com\/wp-content\/uploads\/2018\/06\/Logo-inscription-1-768x64ok.jpg\" alt=\"\" width=\"657\" height=\"63\" srcset=\"https:\/\/galeriebecot.com\/wp-content\/uploads\/2018\/06\/Logo-inscription-1-768x64ok.jpg 657w, https:\/\/galeriebecot.com\/wp-content\/uploads\/2018\/06\/Logo-inscription-1-768x64ok-300x29.jpg 300w\" sizes=\"auto, (max-width: 657px) 100vw, 657px\" \/><\/a><\/p>\n<p><a href=\"https:\/\/passages-et-traces-50.webself.net\/accueil\"><img loading=\"lazy\" decoding=\"async\" class=\"alignnone wp-image-9246\" src=\"https:\/\/www.galeriebecot.com\/wp-content\/uploads\/2018\/08\/Affiche-Lyonok.jpg\" alt=\"\" width=\"680\" height=\"967\" \/><\/a><\/p>\n<p><a href=\"https:\/\/www.galeriebecot.com\/wp-content\/uploads\/2018\/09\/Gruais-111.jpg\"><img loading=\"lazy\" decoding=\"async\" class=\"alignnone size-large wp-image-9287\" src=\"https:\/\/www.galeriebecot.com\/wp-content\/uploads\/2018\/09\/Gruais-111-917x1024.jpg\" alt=\"\" width=\"700\" height=\"782\" srcset=\"https:\/\/galeriebecot.com\/wp-content\/uploads\/2018\/09\/Gruais-111-917x1024.jpg 917w, https:\/\/galeriebecot.com\/wp-content\/uploads\/2018\/09\/Gruais-111-269x300.jpg 269w, https:\/\/galeriebecot.com\/wp-content\/uploads\/2018\/09\/Gruais-111-768x858.jpg 768w, https:\/\/galeriebecot.com\/wp-content\/uploads\/2018\/09\/Gruais-111.jpg 951w\" sizes=\"auto, (max-width: 700px) 100vw, 700px\" \/><\/a><\/p>\n<p><a href=\"https:\/\/www.galeriebecot.com\/wp-content\/uploads\/2018\/09\/Affiche-Lyon-OKOKOKOK.jpg\"><img loading=\"lazy\" decoding=\"async\" class=\"alignnone size-large wp-image-9314\" src=\"https:\/\/www.galeriebecot.com\/wp-content\/uploads\/2018\/09\/Affiche-Lyon-OKOKOKOK-732x1024.jpg\" alt=\"\" width=\"700\" height=\"979\" srcset=\"https:\/\/galeriebecot.com\/wp-content\/uploads\/2018\/09\/Affiche-Lyon-OKOKOKOK.jpg 732w, https:\/\/galeriebecot.com\/wp-content\/uploads\/2018\/09\/Affiche-Lyon-OKOKOKOK-214x300.jpg 214w\" sizes=\"auto, (max-width: 700px) 100vw, 700px\" \/><\/a><\/p>\n<p><a href=\"https:\/\/passages-et-traces-50.webself.net\/accueil\"><img loading=\"lazy\" decoding=\"async\" class=\"alignnone size-full wp-image-9084\" src=\"https:\/\/www.galeriebecot.com\/wp-content\/uploads\/2018\/08\/Galerie-Lyon.jpg\" alt=\"\" width=\"468\" height=\"351\" srcset=\"https:\/\/galeriebecot.com\/wp-content\/uploads\/2018\/08\/Galerie-Lyon.jpg 468w, https:\/\/galeriebecot.com\/wp-content\/uploads\/2018\/08\/Galerie-Lyon-300x225.jpg 300w\" sizes=\"auto, (max-width: 468px) 100vw, 468px\" \/><\/a><\/p>\n<p>L&rsquo;exposition &lt;&lt; PASSAGES ET TRACES D&rsquo;ART &gt;&gt; aura lieu \u00e0 la Galerie L&rsquo;OEIL \u00c9COUTE \u00e0 Lyon :<\/p>\n<p>Viviane <strong>Gruais, <\/strong>Andr\u00e9<strong> B\u00e9cot,<\/strong>\u00a0Jacinthe <strong>Lagueux<\/strong>, Gabriel <strong>Lalonde<\/strong>, Lucienne <strong>Cornet,\u00a0<\/strong>Francine <strong>Vernac<\/strong>, Odette <strong>Th\u00e9berge<\/strong><\/p>\n<p>Vernissage le 12 septembre 2018.<\/p>\n<p><a href=\"https:\/\/www.lyon.fr\/evenement\/exposition\/passages-et-traces-dart\"><img loading=\"lazy\" decoding=\"async\" class=\"alignnone size-full wp-image-9073\" src=\"https:\/\/www.galeriebecot.com\/wp-content\/uploads\/2018\/08\/Lyon-projetokok.jpg\" alt=\"\" width=\"482\" height=\"493\" srcset=\"https:\/\/galeriebecot.com\/wp-content\/uploads\/2018\/08\/Lyon-projetokok.jpg 482w, https:\/\/galeriebecot.com\/wp-content\/uploads\/2018\/08\/Lyon-projetokok-293x300.jpg 293w\" sizes=\"auto, (max-width: 482px) 100vw, 482px\" \/><\/a><\/p>\n<p><a href=\"https:\/\/www.galeriebecot.com\/wp-content\/uploads\/2018\/10\/Lyon.jpg\"><img loading=\"lazy\" decoding=\"async\" class=\"alignnone size-full wp-image-9653\" src=\"https:\/\/www.galeriebecot.com\/wp-content\/uploads\/2018\/10\/Lyon.jpg\" alt=\"\" width=\"542\" height=\"833\" srcset=\"https:\/\/galeriebecot.com\/wp-content\/uploads\/2018\/10\/Lyon.jpg 542w, https:\/\/galeriebecot.com\/wp-content\/uploads\/2018\/10\/Lyon-195x300.jpg 195w\" sizes=\"auto, (max-width: 542px) 100vw, 542px\" \/><\/a><\/p>\n<p><a href=\"https:\/\/www.galeriebecot.com\/wp-content\/uploads\/2018\/10\/Bertolotti.jpg\"><img loading=\"lazy\" decoding=\"async\" class=\"alignnone size-full wp-image-9663\" src=\"https:\/\/www.galeriebecot.com\/wp-content\/uploads\/2018\/10\/Bertolotti.jpg\" alt=\"\" width=\"751\" height=\"78\" srcset=\"https:\/\/galeriebecot.com\/wp-content\/uploads\/2018\/10\/Bertolotti.jpg 751w, https:\/\/galeriebecot.com\/wp-content\/uploads\/2018\/10\/Bertolotti-300x31.jpg 300w\" sizes=\"auto, (max-width: 751px) 100vw, 751px\" \/><\/a><\/p>\n<p><a href=\"http:\/\/www.labiennaledelyon.com\/la-biennale-d-art-contemporain.html\"><img loading=\"lazy\" decoding=\"async\" class=\"alignnone size-full wp-image-9656\" src=\"https:\/\/www.galeriebecot.com\/wp-content\/uploads\/2018\/10\/LyonFB.jpg\" alt=\"\" width=\"139\" height=\"130\" \/><\/a><\/p>\n<p><iframe loading=\"lazy\" width=\"700\" height=\"394\" src=\"https:\/\/www.youtube.com\/embed\/X1mpfNeh5xg?feature=oembed\" frameborder=\"0\" allow=\"accelerometer; autoplay; encrypted-media; gyroscope; picture-in-picture\" allowfullscreen><\/iframe><\/p>\n<p><a href=\"https:\/\/www.lyon.fr\/evenement\/exposition\/passages-et-traces-dart\"><img loading=\"lazy\" decoding=\"async\" class=\"alignnone size-full wp-image-9065\" src=\"https:\/\/www.galeriebecot.com\/wp-content\/uploads\/2018\/08\/Lyon-culture.jpg\" alt=\"\" width=\"498\" height=\"164\" srcset=\"https:\/\/galeriebecot.com\/wp-content\/uploads\/2018\/08\/Lyon-culture.jpg 498w, https:\/\/galeriebecot.com\/wp-content\/uploads\/2018\/08\/Lyon-culture-300x99.jpg 300w\" sizes=\"auto, (max-width: 498px) 100vw, 498px\" \/><\/a><\/p>\n<p><a href=\"https:\/\/www.galeriebecot.com\/wp-content\/uploads\/2018\/10\/Cornet1.jpg\"><img loading=\"lazy\" decoding=\"async\" class=\"alignnone wp-image-9545\" src=\"https:\/\/www.galeriebecot.com\/wp-content\/uploads\/2018\/10\/Cornet1.jpg\" alt=\"\" width=\"709\" height=\"741\" \/><\/a><\/p>\n<p><a href=\"https:\/\/www.galeriebecot.com\/wp-content\/uploads\/2018\/10\/Cornet2.jpg\"><img loading=\"lazy\" decoding=\"async\" class=\"alignnone wp-image-9546\" src=\"https:\/\/www.galeriebecot.com\/wp-content\/uploads\/2018\/10\/Cornet2.jpg\" alt=\"\" width=\"710\" height=\"526\" \/><\/a><\/p>\n","protected":false},"excerpt":{"rendered":"<p>L&rsquo;exposition &lt;&lt; PASSAGES ET TRACES D&rsquo;ART &gt;&gt; aura lieu \u00e0 la Galerie L&rsquo;OEIL \u00c9COUTE \u00e0 Lyon : Viviane Gruais, Andr\u00e9 B\u00e9cot,\u00a0Jacinthe Lagueux, Gabriel Lalonde, Lucienne Cornet,\u00a0Francine Vernac, Odette Th\u00e9berge Vernissage&hellip; <\/p>\n","protected":false},"author":1,"featured_media":0,"comment_status":"open","ping_status":"open","sticky":false,"template":"","format":"standard","meta":{"_exactmetrics_skip_tracking":false,"_exactmetrics_sitenote_active":false,"_exactmetrics_sitenote_note":"","_exactmetrics_sitenote_category":0,"footnotes":""},"categories":[27,18,19],"tags":[34,6,2216,35,2114,991,984,2445,2404,2552,262,2485,2265,2539,594,58,2266,2263,1036,365,2486,37,2487,443,40,2444],"class_list":["post-9061","post","type-post","status-publish","format-standard","hentry","category-artistes","category-evenement","category-vernissage","tag-andre-becot","tag-club-des-collectionneurs-en-arts-visuels-de-quebec","tag-danielle-april","tag-foire-en-arts-actuel","tag-france-mcneil","tag-francine-vernac","tag-gabriel-lalonde","tag-galerie-dart-loeil-ecoute","tag-helene-rochette","tag-isabelle-bertolotti","tag-jacinthe-lagueux","tag-la-voix-du-sud","tag-laureat-marois","tag-lucie-lefebvre","tag-lucienne-cornet","tag-marc-bellemare-collectionneur","tag-marcel-marois","tag-nicole-malenfant","tag-odette-theberge","tag-paul-beliveau","tag-serge-lamontagne","tag-studio-becot","tag-ville-de-lyon","tag-ville-de-quebec","tag-visuals-arts","tag-viviane-gruais-domengue"],"_links":{"self":[{"href":"https:\/\/galeriebecot.com\/index.php?rest_route=\/wp\/v2\/posts\/9061","targetHints":{"allow":["GET"]}}],"collection":[{"href":"https:\/\/galeriebecot.com\/index.php?rest_route=\/wp\/v2\/posts"}],"about":[{"href":"https:\/\/galeriebecot.com\/index.php?rest_route=\/wp\/v2\/types\/post"}],"author":[{"embeddable":true,"href":"https:\/\/galeriebecot.com\/index.php?rest_route=\/wp\/v2\/users\/1"}],"replies":[{"embeddable":true,"href":"https:\/\/galeriebecot.com\/index.php?rest_route=%2Fwp%2Fv2%2Fcomments&post=9061"}],"version-history":[{"count":45,"href":"https:\/\/galeriebecot.com\/index.php?rest_route=\/wp\/v2\/posts\/9061\/revisions"}],"predecessor-version":[{"id":10532,"href":"https:\/\/galeriebecot.com\/index.php?rest_route=\/wp\/v2\/posts\/9061\/revisions\/10532"}],"wp:attachment":[{"href":"https:\/\/galeriebecot.com\/index.php?rest_route=%2Fwp%2Fv2%2Fmedia&parent=9061"}],"wp:term":[{"taxonomy":"category","embeddable":true,"href":"https:\/\/galeriebecot.com\/index.php?rest_route=%2Fwp%2Fv2%2Fcategories&post=9061"},{"taxonomy":"post_tag","embeddable":true,"href":"https:\/\/galeriebecot.com\/index.php?rest_route=%2Fwp%2Fv2%2Ftags&post=9061"}],"curies":[{"name":"wp","href":"https:\/\/api.w.org\/{rel}","templated":true}]}}