{"id":9026,"date":"2019-01-04T09:17:37","date_gmt":"2019-01-04T14:17:37","guid":{"rendered":"http:\/\/www.clubdescollectionneursenartsvisuelsdequebec.com\/?p=9026"},"modified":"2019-01-28T11:49:51","modified_gmt":"2019-01-28T16:49:51","slug":"36e-symposium-international-dart-de-baie-saint-paul","status":"publish","type":"post","link":"https:\/\/galeriebecot.com\/?p=9026","title":{"rendered":"Retour sur le 1er et le 36e Symposium International D&rsquo;Art de Baie-Saint-Paul et Borduas au Mus\u00e9e"},"content":{"rendered":"<p><a href=\"https:\/\/www.galeriebecot.com\/?p=1398\"><img loading=\"lazy\" decoding=\"async\" class=\"alignnone size-full wp-image-8815\" src=\"https:\/\/www.galeriebecot.com\/wp-content\/uploads\/2018\/06\/Historique-du-clubokok.jpg\" alt=\"\" width=\"369\" height=\"35\" srcset=\"https:\/\/galeriebecot.com\/wp-content\/uploads\/2018\/06\/Historique-du-clubokok.jpg 369w, https:\/\/galeriebecot.com\/wp-content\/uploads\/2018\/06\/Historique-du-clubokok-300x28.jpg 300w\" sizes=\"auto, (max-width: 369px) 100vw, 369px\" \/><\/a><\/p>\n<p><a href=\"http:\/\/www.michelparent.com\/club\/\"><img loading=\"lazy\" decoding=\"async\" class=\"alignnone size-full wp-image-8818\" src=\"https:\/\/www.galeriebecot.com\/wp-content\/uploads\/2018\/06\/Logo-inscription-1-768x64ok.jpg\" alt=\"\" width=\"657\" height=\"63\" srcset=\"https:\/\/galeriebecot.com\/wp-content\/uploads\/2018\/06\/Logo-inscription-1-768x64ok.jpg 657w, https:\/\/galeriebecot.com\/wp-content\/uploads\/2018\/06\/Logo-inscription-1-768x64ok-300x29.jpg 300w\" sizes=\"auto, (max-width: 657px) 100vw, 657px\" \/><\/a><\/p>\n<h3 class=\"entry-title\">Symposium international d&rsquo;art contemporain de Baie-Saint-Paul.<\/h3>\n<p class=\"lead\">C\u2019est bien connu, Baie-Saint-Paul est une ville unique en son genre avec un centre-ville anim\u00e9 en toute saison et un quartier culturel dynamique qui n\u2019a rien \u00e0 envier \u00e0 des municipalit\u00e9s de plus grande taille. Depuis 1982, des artistes de partout dans le monde s\u2019y donnent rendez-vous pour le Symposium d\u2019art contemporain. Regard sur un \u00e9v\u00e9nement \u00e0 port\u00e9e internationale.<\/p>\n<p class=\"lead\"><a href=\"https:\/\/www.galeriebecot.com\/wp-content\/uploads\/2019\/01\/Baie-Saint-Paul-OK1-FB.jpg\"><img loading=\"lazy\" decoding=\"async\" class=\"alignnone size-full wp-image-10241\" src=\"https:\/\/www.galeriebecot.com\/wp-content\/uploads\/2019\/01\/Baie-Saint-Paul-OK1-FB.jpg\" alt=\"\" width=\"750\" height=\"257\" srcset=\"https:\/\/galeriebecot.com\/wp-content\/uploads\/2019\/01\/Baie-Saint-Paul-OK1-FB.jpg 750w, https:\/\/galeriebecot.com\/wp-content\/uploads\/2019\/01\/Baie-Saint-Paul-OK1-FB-300x103.jpg 300w\" sizes=\"auto, (max-width: 750px) 100vw, 750px\" \/><\/a><\/p>\n<p><a href=\"https:\/\/www.galeriebecot.com\/wp-content\/uploads\/2018\/08\/Remi-Clark.jpg\"><img loading=\"lazy\" decoding=\"async\" class=\"alignnone size-full wp-image-10224\" src=\"https:\/\/www.galeriebecot.com\/wp-content\/uploads\/2018\/08\/Remi-Clark.jpg\" alt=\"\" width=\"639\" height=\"864\" srcset=\"https:\/\/galeriebecot.com\/wp-content\/uploads\/2018\/08\/Remi-Clark.jpg 639w, https:\/\/galeriebecot.com\/wp-content\/uploads\/2018\/08\/Remi-Clark-222x300.jpg 222w\" sizes=\"auto, (max-width: 639px) 100vw, 639px\" \/><\/a><\/p>\n<h4>Clark R\u00e9mi<\/h4>\n<p><a href=\"https:\/\/www.galeriebecot.com\/wp-content\/uploads\/2018\/08\/Bruno-Cote.jpg\"><img loading=\"lazy\" decoding=\"async\" class=\"alignnone size-full wp-image-10225\" src=\"https:\/\/www.galeriebecot.com\/wp-content\/uploads\/2018\/08\/Bruno-Cote.jpg\" alt=\"\" width=\"864\" height=\"576\" srcset=\"https:\/\/galeriebecot.com\/wp-content\/uploads\/2018\/08\/Bruno-Cote.jpg 864w, https:\/\/galeriebecot.com\/wp-content\/uploads\/2018\/08\/Bruno-Cote-300x200.jpg 300w, https:\/\/galeriebecot.com\/wp-content\/uploads\/2018\/08\/Bruno-Cote-768x512.jpg 768w\" sizes=\"auto, (max-width: 864px) 100vw, 864px\" \/><\/a><\/p>\n<h4>C\u00f4t\u00e9 Bruno<\/h4>\n<p><a href=\"https:\/\/www.galeriebecot.com\/wp-content\/uploads\/2018\/08\/Giovani-Gerometta.jpg\"><img loading=\"lazy\" decoding=\"async\" class=\"alignnone size-full wp-image-10226\" src=\"https:\/\/www.galeriebecot.com\/wp-content\/uploads\/2018\/08\/Giovani-Gerometta.jpg\" alt=\"\" width=\"864\" height=\"697\" srcset=\"https:\/\/galeriebecot.com\/wp-content\/uploads\/2018\/08\/Giovani-Gerometta.jpg 864w, https:\/\/galeriebecot.com\/wp-content\/uploads\/2018\/08\/Giovani-Gerometta-300x242.jpg 300w, https:\/\/galeriebecot.com\/wp-content\/uploads\/2018\/08\/Giovani-Gerometta-768x620.jpg 768w\" sizes=\"auto, (max-width: 864px) 100vw, 864px\" \/><\/a><\/p>\n<h4>Gerometta Giovani<\/h4>\n<p><a href=\"https:\/\/www.galeriebecot.com\/wp-content\/uploads\/2018\/08\/Vladimir-Horik.jpg\"><img loading=\"lazy\" decoding=\"async\" class=\"alignnone size-full wp-image-10227\" src=\"https:\/\/www.galeriebecot.com\/wp-content\/uploads\/2018\/08\/Vladimir-Horik.jpg\" alt=\"\" width=\"864\" height=\"739\" srcset=\"https:\/\/galeriebecot.com\/wp-content\/uploads\/2018\/08\/Vladimir-Horik.jpg 864w, https:\/\/galeriebecot.com\/wp-content\/uploads\/2018\/08\/Vladimir-Horik-300x257.jpg 300w, https:\/\/galeriebecot.com\/wp-content\/uploads\/2018\/08\/Vladimir-Horik-768x657.jpg 768w\" sizes=\"auto, (max-width: 864px) 100vw, 864px\" \/><\/a><\/p>\n<h4>Horik Vladimir<\/h4>\n<p><a href=\"https:\/\/www.galeriebecot.com\/wp-content\/uploads\/2018\/08\/Jacques-Hudon.jpg\"><img loading=\"lazy\" decoding=\"async\" class=\"alignnone size-full wp-image-10228\" src=\"https:\/\/www.galeriebecot.com\/wp-content\/uploads\/2018\/08\/Jacques-Hudon.jpg\" alt=\"\" width=\"864\" height=\"403\" srcset=\"https:\/\/galeriebecot.com\/wp-content\/uploads\/2018\/08\/Jacques-Hudon.jpg 864w, https:\/\/galeriebecot.com\/wp-content\/uploads\/2018\/08\/Jacques-Hudon-300x140.jpg 300w, https:\/\/galeriebecot.com\/wp-content\/uploads\/2018\/08\/Jacques-Hudon-768x358.jpg 768w\" sizes=\"auto, (max-width: 864px) 100vw, 864px\" \/><\/a><\/p>\n<h4>Hudon Jacques<\/h4>\n<p><a href=\"https:\/\/www.galeriebecot.com\/wp-content\/uploads\/2018\/08\/Guy-Paquet.jpg\"><img loading=\"lazy\" decoding=\"async\" class=\"alignnone size-full wp-image-10229\" src=\"https:\/\/www.galeriebecot.com\/wp-content\/uploads\/2018\/08\/Guy-Paquet.jpg\" alt=\"\" width=\"864\" height=\"684\" srcset=\"https:\/\/galeriebecot.com\/wp-content\/uploads\/2018\/08\/Guy-Paquet.jpg 864w, https:\/\/galeriebecot.com\/wp-content\/uploads\/2018\/08\/Guy-Paquet-300x238.jpg 300w, https:\/\/galeriebecot.com\/wp-content\/uploads\/2018\/08\/Guy-Paquet-768x608.jpg 768w\" sizes=\"auto, (max-width: 864px) 100vw, 864px\" \/><\/a><\/p>\n<h3>Paquet Guy<\/h3>\n<p><a href=\"https:\/\/www.galeriebecot.com\/wp-content\/uploads\/2018\/08\/Bertrand-Tremblay.jpg\"><img loading=\"lazy\" decoding=\"async\" class=\"alignnone size-full wp-image-10230\" src=\"https:\/\/www.galeriebecot.com\/wp-content\/uploads\/2018\/08\/Bertrand-Tremblay.jpg\" alt=\"\" width=\"684\" height=\"964\" srcset=\"https:\/\/galeriebecot.com\/wp-content\/uploads\/2018\/08\/Bertrand-Tremblay.jpg 684w, https:\/\/galeriebecot.com\/wp-content\/uploads\/2018\/08\/Bertrand-Tremblay-213x300.jpg 213w\" sizes=\"auto, (max-width: 684px) 100vw, 684px\" \/><\/a><\/p>\n<h4>Tremblay Bertrand<\/h4>\n<p><a href=\"https:\/\/www.galeriebecot.com\/wp-content\/uploads\/2018\/08\/Louis-Tremblay.jpg\"><img loading=\"lazy\" decoding=\"async\" class=\"alignnone size-full wp-image-10231\" src=\"https:\/\/www.galeriebecot.com\/wp-content\/uploads\/2018\/08\/Louis-Tremblay.jpg\" alt=\"\" width=\"864\" height=\"684\" srcset=\"https:\/\/galeriebecot.com\/wp-content\/uploads\/2018\/08\/Louis-Tremblay.jpg 864w, https:\/\/galeriebecot.com\/wp-content\/uploads\/2018\/08\/Louis-Tremblay-300x238.jpg 300w, https:\/\/galeriebecot.com\/wp-content\/uploads\/2018\/08\/Louis-Tremblay-768x608.jpg 768w\" sizes=\"auto, (max-width: 864px) 100vw, 864px\" \/><\/a><\/p>\n<h4>Tremblay Louis<\/h4>\n<p><a href=\"https:\/\/www.galeriebecot.com\/wp-content\/uploads\/2018\/08\/BSB1111-1.jpg\"><img loading=\"lazy\" decoding=\"async\" class=\"alignnone size-full wp-image-9046\" src=\"https:\/\/www.galeriebecot.com\/wp-content\/uploads\/2018\/08\/BSB1111-1.jpg\" alt=\"\" width=\"618\" height=\"136\" srcset=\"https:\/\/galeriebecot.com\/wp-content\/uploads\/2018\/08\/BSB1111-1.jpg 618w, https:\/\/galeriebecot.com\/wp-content\/uploads\/2018\/08\/BSB1111-1-300x66.jpg 300w\" sizes=\"auto, (max-width: 618px) 100vw, 618px\" \/><\/a><\/p>\n<h4><strong>Baie-Saint-Paul, le 12\u00a0ao\u00fbt 2018<\/strong>\u00a0\u00a0D\u00e9j\u00e0 la deuxi\u00e8me semaine qui se termine, nous pouvons affirmer que c\u2019est un succ\u00e8s jusqu\u2019\u00e0 maintenant. Les artistes sont engag\u00e9s dans un processus de cr\u00e9ation interactif avec le public, qui est au rendez-vous.\u00a0\u00a0Une belle assistance est venue animer, tous les jours, les lieux depuis le d\u00e9but. Le nombre de visiteurs a d\u00e9pass\u00e9 nos attentes. Ils ont accouru\u00a0curieux de d\u00e9couvrir le nouveau lieu cible du Symposium, le pavillon du MACBSP (l&rsquo;\u00e9cole Thomas-Tremblay) avec les artistes dans leur atelier \u2013 classe! \u00a0Ce\u00a0site tout en intimit\u00e9 est appr\u00e9ci\u00e9 des artistes et des visiteurs.\u00a0\u00a0L\u2019\u00e9nergie\u00a0\u00e0 la fois cr\u00e9ative et remplie d&rsquo;humanit\u00e9 est palpable!<\/h4>\n<p>&nbsp;<\/p>\n<p><a href=\"https:\/\/www.galeriebecot.com\/wp-content\/uploads\/2018\/08\/BSB1112.jpg\"><img loading=\"lazy\" decoding=\"async\" class=\"alignnone size-full wp-image-9045\" src=\"https:\/\/www.galeriebecot.com\/wp-content\/uploads\/2018\/08\/BSB1112.jpg\" alt=\"\" width=\"737\" height=\"211\" srcset=\"https:\/\/galeriebecot.com\/wp-content\/uploads\/2018\/08\/BSB1112.jpg 737w, https:\/\/galeriebecot.com\/wp-content\/uploads\/2018\/08\/BSB1112-300x86.jpg 300w\" sizes=\"auto, (max-width: 737px) 100vw, 737px\" \/><\/a><\/p>\n<p><a href=\"https:\/\/www.galeriebecot.com\/wp-content\/uploads\/2018\/08\/BSB2.jpg\"><img loading=\"lazy\" decoding=\"async\" class=\"alignnone size-full wp-image-9028\" src=\"https:\/\/www.galeriebecot.com\/wp-content\/uploads\/2018\/08\/BSB2.jpg\" alt=\"\" width=\"743\" height=\"736\" srcset=\"https:\/\/galeriebecot.com\/wp-content\/uploads\/2018\/08\/BSB2.jpg 743w, https:\/\/galeriebecot.com\/wp-content\/uploads\/2018\/08\/BSB2-150x150.jpg 150w, https:\/\/galeriebecot.com\/wp-content\/uploads\/2018\/08\/BSB2-300x297.jpg 300w\" sizes=\"auto, (max-width: 743px) 100vw, 743px\" \/><\/a><\/p>\n<p><a href=\"https:\/\/symposiumbsp.com\/laurent-gagnon\/\"><img loading=\"lazy\" decoding=\"async\" class=\"alignnone size-full wp-image-9050\" src=\"https:\/\/www.galeriebecot.com\/wp-content\/uploads\/2018\/08\/Laurent-Gagnon.jpeg\" alt=\"\" width=\"200\" height=\"148\" \/><\/a><\/p>\n<p><strong>Laurent Gagnon<\/strong>, Artiste invit\u00e9.<\/p>\n<p><a href=\"https:\/\/www.galeriebecot.com\/wp-content\/uploads\/2018\/08\/BSB3.jpg\"><img loading=\"lazy\" decoding=\"async\" class=\"alignnone size-full wp-image-9029\" src=\"https:\/\/www.galeriebecot.com\/wp-content\/uploads\/2018\/08\/BSB3.jpg\" alt=\"\" width=\"731\" height=\"820\" srcset=\"https:\/\/galeriebecot.com\/wp-content\/uploads\/2018\/08\/BSB3.jpg 731w, https:\/\/galeriebecot.com\/wp-content\/uploads\/2018\/08\/BSB3-267x300.jpg 267w\" sizes=\"auto, (max-width: 731px) 100vw, 731px\" \/><\/a><\/p>\n<p><a href=\"https:\/\/symposiumbsp.com\/\"><img loading=\"lazy\" decoding=\"async\" class=\"alignnone size-full wp-image-9031\" src=\"https:\/\/www.galeriebecot.com\/wp-content\/uploads\/2018\/08\/BSB41.jpg\" alt=\"\" width=\"724\" height=\"392\" srcset=\"https:\/\/galeriebecot.com\/wp-content\/uploads\/2018\/08\/BSB41.jpg 724w, https:\/\/galeriebecot.com\/wp-content\/uploads\/2018\/08\/BSB41-300x162.jpg 300w\" sizes=\"auto, (max-width: 724px) 100vw, 724px\" \/><\/a><\/p>\n<p><a href=\"http:\/\/macbsp.com\/\"><img loading=\"lazy\" decoding=\"async\" class=\"alignnone size-large wp-image-9095\" src=\"https:\/\/www.galeriebecot.com\/wp-content\/uploads\/2018\/08\/Musee-Baie-St-Paul-1024x438.jpg\" alt=\"\" width=\"700\" height=\"299\" srcset=\"https:\/\/galeriebecot.com\/wp-content\/uploads\/2018\/08\/Musee-Baie-St-Paul-1024x438.jpg 1024w, https:\/\/galeriebecot.com\/wp-content\/uploads\/2018\/08\/Musee-Baie-St-Paul-300x128.jpg 300w, https:\/\/galeriebecot.com\/wp-content\/uploads\/2018\/08\/Musee-Baie-St-Paul-768x328.jpg 768w, https:\/\/galeriebecot.com\/wp-content\/uploads\/2018\/08\/Musee-Baie-St-Paul.jpg 1200w\" sizes=\"auto, (max-width: 700px) 100vw, 700px\" \/><\/a><\/p>\n","protected":false},"excerpt":{"rendered":"<p>Symposium international d&rsquo;art contemporain de Baie-Saint-Paul. C\u2019est bien connu, Baie-Saint-Paul est une ville unique en son genre avec un centre-ville anim\u00e9 en toute saison et un quartier culturel dynamique qui&hellip; <\/p>\n","protected":false},"author":1,"featured_media":0,"comment_status":"open","ping_status":"open","sticky":false,"template":"","format":"standard","meta":{"_exactmetrics_skip_tracking":false,"_exactmetrics_sitenote_active":false,"_exactmetrics_sitenote_note":"","_exactmetrics_sitenote_category":0,"footnotes":""},"categories":[27,18],"tags":[2428,34,2434,735,2691,2446,2528,6,66,2431,2441,35,2442,2437,2692,2689,2430,2694,816,292,2439,2440,2690,58,2435,2438,2436,2432,2447,2429,1778,2433,37,2443,40,2693],"class_list":["post-9026","post","type-post","status-publish","format-standard","hentry","category-artistes","category-evenement","tag-36e-symposium-international-dart-contemporain-de-baie-saint-paul","tag-andre-becot","tag-ari-bayuaji","tag-artistes","tag-bertrand-tremblay","tag-borduas","tag-bruno-cote","tag-club-des-collectionneurs-en-arts-visuels-de-quebec","tag-club-des-collectionneurs-en-arts-visuels-de-quebec-studio-becot","tag-dominique-blain","tag-eddy-firmin","tag-foire-en-arts-actuel","tag-fred-laforge","tag-gali-blay","tag-giovani-gerometta","tag-guy-paquet","tag-helene-thivierge","tag-jacques-hudon","tag-jean-brillant","tag-laurent-gagnon","tag-leila-zelli","tag-lianne-ho","tag-louis-tremblay","tag-marc-bellemare-collectionneur","tag-marie-christiane-mathieu","tag-marie-helene-parant","tag-maryse-goudreau","tag-michael-love","tag-musee-dart-contemporain-de-baie-saint-paul","tag-paulette-dufour","tag-remi-clark","tag-shelley-miller","tag-studio-becot","tag-sylvie-lacerte","tag-visuals-arts","tag-vladimir-horik"],"_links":{"self":[{"href":"https:\/\/galeriebecot.com\/index.php?rest_route=\/wp\/v2\/posts\/9026","targetHints":{"allow":["GET"]}}],"collection":[{"href":"https:\/\/galeriebecot.com\/index.php?rest_route=\/wp\/v2\/posts"}],"about":[{"href":"https:\/\/galeriebecot.com\/index.php?rest_route=\/wp\/v2\/types\/post"}],"author":[{"embeddable":true,"href":"https:\/\/galeriebecot.com\/index.php?rest_route=\/wp\/v2\/users\/1"}],"replies":[{"embeddable":true,"href":"https:\/\/galeriebecot.com\/index.php?rest_route=%2Fwp%2Fv2%2Fcomments&post=9026"}],"version-history":[{"count":26,"href":"https:\/\/galeriebecot.com\/index.php?rest_route=\/wp\/v2\/posts\/9026\/revisions"}],"predecessor-version":[{"id":10246,"href":"https:\/\/galeriebecot.com\/index.php?rest_route=\/wp\/v2\/posts\/9026\/revisions\/10246"}],"wp:attachment":[{"href":"https:\/\/galeriebecot.com\/index.php?rest_route=%2Fwp%2Fv2%2Fmedia&parent=9026"}],"wp:term":[{"taxonomy":"category","embeddable":true,"href":"https:\/\/galeriebecot.com\/index.php?rest_route=%2Fwp%2Fv2%2Fcategories&post=9026"},{"taxonomy":"post_tag","embeddable":true,"href":"https:\/\/galeriebecot.com\/index.php?rest_route=%2Fwp%2Fv2%2Ftags&post=9026"}],"curies":[{"name":"wp","href":"https:\/\/api.w.org\/{rel}","templated":true}]}}