{"id":8934,"date":"2018-06-20T08:44:00","date_gmt":"2018-06-20T12:44:00","guid":{"rendered":"http:\/\/www.clubdescollectionneursenartsvisuelsdequebec.com\/?p=8934"},"modified":"2018-06-24T17:55:48","modified_gmt":"2018-06-24T21:55:48","slug":"8934","status":"publish","type":"post","link":"https:\/\/galeriebecot.com\/?p=8934","title":{"rendered":"Louise Viger << Voix sans bruit >>"},"content":{"rendered":"<p><a href=\"https:\/\/www.galeriebecot.com\/?p=1398\"><img loading=\"lazy\" decoding=\"async\" class=\"alignnone size-full wp-image-8955\" src=\"https:\/\/www.galeriebecot.com\/wp-content\/uploads\/2018\/06\/Historique-du-clubokokok.jpg\" alt=\"\" width=\"342\" height=\"35\" srcset=\"https:\/\/galeriebecot.com\/wp-content\/uploads\/2018\/06\/Historique-du-clubokokok.jpg 342w, https:\/\/galeriebecot.com\/wp-content\/uploads\/2018\/06\/Historique-du-clubokokok-300x31.jpg 300w, https:\/\/galeriebecot.com\/wp-content\/uploads\/2018\/06\/Historique-du-clubokokok-330x35.jpg 330w\" sizes=\"auto, (max-width: 342px) 100vw, 342px\" \/><\/a><\/p>\n<p><a href=\"https:\/\/www.ledevoir.com\/culture\/arts-visuels\/530814\/arts-visuels-l-exploratrice-des-matieres-louise-viger-n-est-plus\"><img loading=\"lazy\" decoding=\"async\" class=\"alignnone size-full wp-image-8935\" src=\"https:\/\/www.galeriebecot.com\/wp-content\/uploads\/2018\/06\/Viger1.jpg\" alt=\"\" width=\"740\" height=\"854\" srcset=\"https:\/\/galeriebecot.com\/wp-content\/uploads\/2018\/06\/Viger1.jpg 740w, https:\/\/galeriebecot.com\/wp-content\/uploads\/2018\/06\/Viger1-260x300.jpg 260w\" sizes=\"auto, (max-width: 740px) 100vw, 740px\" \/><\/a><\/p>\n<p><a href=\"http:\/\/www.banq.qc.ca\/accueil\/#\"><img loading=\"lazy\" decoding=\"async\" class=\"alignnone size-full wp-image-8944\" src=\"https:\/\/www.galeriebecot.com\/wp-content\/uploads\/2018\/06\/BAnQ.jpg\" alt=\"\" width=\"380\" height=\"88\" srcset=\"https:\/\/galeriebecot.com\/wp-content\/uploads\/2018\/06\/BAnQ.jpg 380w, https:\/\/galeriebecot.com\/wp-content\/uploads\/2018\/06\/BAnQ-300x69.jpg 300w\" sizes=\"auto, (max-width: 380px) 100vw, 380px\" \/><\/a><\/p>\n<p><a href=\"https:\/\/artpublicmontreal.ca\/oeuvre\/voix-sans-bruit\/\"><img loading=\"lazy\" decoding=\"async\" class=\"alignnone size-full wp-image-8946\" src=\"https:\/\/www.galeriebecot.com\/wp-content\/uploads\/2018\/06\/Art-Public-Montreal.jpg\" alt=\"\" width=\"298\" height=\"257\" \/><\/a><\/p>\n<p><a href=\"https:\/\/www.galeriebecot.com\/wp-content\/uploads\/2018\/06\/Viger_a.jpg\"><img loading=\"lazy\" decoding=\"async\" class=\"alignnone size-full wp-image-8949\" src=\"https:\/\/www.galeriebecot.com\/wp-content\/uploads\/2018\/06\/Viger_a.jpg\" alt=\"\" width=\"759\" height=\"113\" srcset=\"https:\/\/galeriebecot.com\/wp-content\/uploads\/2018\/06\/Viger_a.jpg 759w, https:\/\/galeriebecot.com\/wp-content\/uploads\/2018\/06\/Viger_a-300x45.jpg 300w\" sizes=\"auto, (max-width: 759px) 100vw, 759px\" \/><\/a><\/p>\n<p><a href=\"https:\/\/artpublicmontreal.ca\/oeuvre\/voix-sans-bruit\/\"><img loading=\"lazy\" decoding=\"async\" class=\"alignnone size-full wp-image-8942\" src=\"https:\/\/www.galeriebecot.com\/wp-content\/uploads\/2018\/06\/Sculpture.jpg\" alt=\"\" width=\"500\" height=\"115\" srcset=\"https:\/\/galeriebecot.com\/wp-content\/uploads\/2018\/06\/Sculpture.jpg 500w, https:\/\/galeriebecot.com\/wp-content\/uploads\/2018\/06\/Sculpture-300x69.jpg 300w\" sizes=\"auto, (max-width: 500px) 100vw, 500px\" \/><\/a><\/p>\n<p><a href=\"https:\/\/www.galeriebecot.com\/wp-content\/uploads\/2018\/06\/Viger_b.jpg\"><img loading=\"lazy\" decoding=\"async\" class=\"alignnone size-full wp-image-8950\" src=\"https:\/\/www.galeriebecot.com\/wp-content\/uploads\/2018\/06\/Viger_b.jpg\" alt=\"\" width=\"761\" height=\"378\" srcset=\"https:\/\/galeriebecot.com\/wp-content\/uploads\/2018\/06\/Viger_b.jpg 761w, https:\/\/galeriebecot.com\/wp-content\/uploads\/2018\/06\/Viger_b-300x149.jpg 300w\" sizes=\"auto, (max-width: 761px) 100vw, 761px\" \/><\/a><\/p>\n<p>&lt;&lt; Elle aura marqu\u00e9 par son \u00e9clectisme et son dynamisme la sc\u00e8ne des arts visuels au Qu\u00e9bec &gt;&gt;<\/p>\n<div id=\"attachment_8937\" style=\"width: 555px\" class=\"wp-caption alignnone\"><a href=\"https:\/\/www.galeriebecot.com\/wp-content\/uploads\/2018\/06\/Louise-Viger1.jpg\"><img loading=\"lazy\" decoding=\"async\" aria-describedby=\"caption-attachment-8937\" class=\"size-full wp-image-8937\" src=\"https:\/\/www.galeriebecot.com\/wp-content\/uploads\/2018\/06\/Louise-Viger1.jpg\" alt=\"\" width=\"545\" height=\"615\" srcset=\"https:\/\/galeriebecot.com\/wp-content\/uploads\/2018\/06\/Louise-Viger1.jpg 545w, https:\/\/galeriebecot.com\/wp-content\/uploads\/2018\/06\/Louise-Viger1-266x300.jpg 266w\" sizes=\"auto, (max-width: 545px) 100vw, 545px\" \/><\/a><p id=\"caption-attachment-8937\" class=\"wp-caption-text\">L&rsquo;artiste Louise Viger la Plaza Saint-Hubert. &#8211; Arrondissement de\u00a0Rosemont<\/p><\/div>\n<p><a href=\"http:\/\/www.michelparent.com\/club\/\"><img loading=\"lazy\" decoding=\"async\" class=\"alignnone size-large wp-image-8341\" src=\"https:\/\/www.galeriebecot.com\/wp-content\/uploads\/2018\/03\/Logo-inscription-1-1024x85.jpg\" alt=\"\" width=\"700\" height=\"58\" srcset=\"https:\/\/galeriebecot.com\/wp-content\/uploads\/2018\/03\/Logo-inscription-1-1024x85.jpg 1024w, https:\/\/galeriebecot.com\/wp-content\/uploads\/2018\/03\/Logo-inscription-1-300x25.jpg 300w, https:\/\/galeriebecot.com\/wp-content\/uploads\/2018\/03\/Logo-inscription-1-768x64.jpg 768w, https:\/\/galeriebecot.com\/wp-content\/uploads\/2018\/03\/Logo-inscription-1.jpg 1403w\" sizes=\"auto, (max-width: 700px) 100vw, 700px\" \/><\/a><\/p>\n","protected":false},"excerpt":{"rendered":"<p>&lt;&lt; Elle aura marqu\u00e9 par son \u00e9clectisme et son dynamisme la sc\u00e8ne des arts visuels au Qu\u00e9bec &gt;&gt;<\/p>\n","protected":false},"author":1,"featured_media":0,"comment_status":"open","ping_status":"open","sticky":false,"template":"","format":"standard","meta":{"_exactmetrics_skip_tracking":false,"_exactmetrics_sitenote_active":false,"_exactmetrics_sitenote_note":"","_exactmetrics_sitenote_category":0,"footnotes":""},"categories":[20,27,29],"tags":[34,2417,66,2416,736,2415,2412,58,2413,37,40],"class_list":["post-8934","post","type-post","status-publish","format-standard","hentry","category-article-descriptif","category-artistes","category-journaux","tag-andre-becot","tag-banq","tag-club-des-collectionneurs-en-arts-visuels-de-quebec-studio-becot","tag-grande-biblioteque","tag-le-devoir","tag-le-journal-de-montreal","tag-louise-viger","tag-marc-bellemare-collectionneur","tag-musee-dart-contemporain-de-montreal","tag-studio-becot","tag-visuals-arts"],"_links":{"self":[{"href":"https:\/\/galeriebecot.com\/index.php?rest_route=\/wp\/v2\/posts\/8934","targetHints":{"allow":["GET"]}}],"collection":[{"href":"https:\/\/galeriebecot.com\/index.php?rest_route=\/wp\/v2\/posts"}],"about":[{"href":"https:\/\/galeriebecot.com\/index.php?rest_route=\/wp\/v2\/types\/post"}],"author":[{"embeddable":true,"href":"https:\/\/galeriebecot.com\/index.php?rest_route=\/wp\/v2\/users\/1"}],"replies":[{"embeddable":true,"href":"https:\/\/galeriebecot.com\/index.php?rest_route=%2Fwp%2Fv2%2Fcomments&post=8934"}],"version-history":[{"count":11,"href":"https:\/\/galeriebecot.com\/index.php?rest_route=\/wp\/v2\/posts\/8934\/revisions"}],"predecessor-version":[{"id":8973,"href":"https:\/\/galeriebecot.com\/index.php?rest_route=\/wp\/v2\/posts\/8934\/revisions\/8973"}],"wp:attachment":[{"href":"https:\/\/galeriebecot.com\/index.php?rest_route=%2Fwp%2Fv2%2Fmedia&parent=8934"}],"wp:term":[{"taxonomy":"category","embeddable":true,"href":"https:\/\/galeriebecot.com\/index.php?rest_route=%2Fwp%2Fv2%2Fcategories&post=8934"},{"taxonomy":"post_tag","embeddable":true,"href":"https:\/\/galeriebecot.com\/index.php?rest_route=%2Fwp%2Fv2%2Ftags&post=8934"}],"curies":[{"name":"wp","href":"https:\/\/api.w.org\/{rel}","templated":true}]}}