{"id":8863,"date":"2025-04-14T17:57:00","date_gmt":"2025-04-14T21:57:00","guid":{"rendered":"http:\/\/www.clubdescollectionneursenartsvisuelsdequebec.com\/?p=8863"},"modified":"2025-04-16T18:02:31","modified_gmt":"2025-04-16T22:02:31","slug":"ecoles-des-beaux-arts-de-quebec","status":"publish","type":"post","link":"https:\/\/galeriebecot.com\/?p=8863","title":{"rendered":"Robert Roussil , expo en 2018 \/ et retour sur l&rsquo;\u00e9cole des Beaux Arts de Qu\u00e9bec"},"content":{"rendered":"<p><a href=\"http:\/\/robertroussil.com\/Robert_Roussil\/Sculptures_monumentales\/Sculptures_monumentales.html\"><img loading=\"lazy\" decoding=\"async\" class=\"alignnone size-large wp-image-11490\" src=\"https:\/\/www.galeriebecot.com\/wp-content\/uploads\/2019\/06\/Roussil-Cartel-1024x671.jpg\" alt=\"\" width=\"700\" height=\"459\" srcset=\"https:\/\/galeriebecot.com\/wp-content\/uploads\/2019\/06\/Roussil-Cartel-1024x671.jpg 1024w, https:\/\/galeriebecot.com\/wp-content\/uploads\/2019\/06\/Roussil-Cartel-300x197.jpg 300w, https:\/\/galeriebecot.com\/wp-content\/uploads\/2019\/06\/Roussil-Cartel-768x503.jpg 768w, https:\/\/galeriebecot.com\/wp-content\/uploads\/2019\/06\/Roussil-Cartel.jpg 1232w\" sizes=\"auto, (max-width: 700px) 100vw, 700px\" \/><\/a><\/p>\n<p>Cette exposition rassemble des oeuvres de l&rsquo;artiste Robert Roussil dont l&rsquo;ex\u00e9cution s&rsquo;\u00e9chelonne de 1954 et 2011 . Dessins,sculptures et estampes se d\u00e9ploient et mettent en \u00e9vidence un Roussil revendicateur&#8230;<\/p>\n<p><a href=\"https:\/\/www.galeriebecot.com\/wp-content\/uploads\/2019\/03\/Roussil1.jpg\"><img loading=\"lazy\" decoding=\"async\" class=\"alignnone size-large wp-image-11478\" src=\"https:\/\/www.galeriebecot.com\/wp-content\/uploads\/2019\/03\/Roussil1-996x1024.jpg\" alt=\"\" width=\"700\" height=\"720\" srcset=\"https:\/\/galeriebecot.com\/wp-content\/uploads\/2019\/03\/Roussil1-996x1024.jpg 996w, https:\/\/galeriebecot.com\/wp-content\/uploads\/2019\/03\/Roussil1-292x300.jpg 292w, https:\/\/galeriebecot.com\/wp-content\/uploads\/2019\/03\/Roussil1-768x790.jpg 768w, https:\/\/galeriebecot.com\/wp-content\/uploads\/2019\/03\/Roussil1.jpg 1166w\" sizes=\"auto, (max-width: 700px) 100vw, 700px\" \/><\/a><\/p>\n<p><a href=\"https:\/\/www.galeriebecot.com\/wp-content\/uploads\/2019\/06\/Roussil22-1.jpg\"><img loading=\"lazy\" decoding=\"async\" class=\"alignnone size-large wp-image-11497\" src=\"https:\/\/www.galeriebecot.com\/wp-content\/uploads\/2019\/06\/Roussil22-1-1024x954.jpg\" alt=\"\" width=\"700\" height=\"652\" srcset=\"https:\/\/galeriebecot.com\/wp-content\/uploads\/2019\/06\/Roussil22-1-1024x954.jpg 1024w, https:\/\/galeriebecot.com\/wp-content\/uploads\/2019\/06\/Roussil22-1-300x279.jpg 300w, https:\/\/galeriebecot.com\/wp-content\/uploads\/2019\/06\/Roussil22-1-768x715.jpg 768w, https:\/\/galeriebecot.com\/wp-content\/uploads\/2019\/06\/Roussil22-1.jpg 1148w\" sizes=\"auto, (max-width: 700px) 100vw, 700px\" \/><\/a><\/p>\n<p><a href=\"https:\/\/www.galeriebecot.com\/wp-content\/uploads\/2019\/06\/Roussil333.jpg\"><img loading=\"lazy\" decoding=\"async\" class=\"alignnone size-large wp-image-11499\" src=\"https:\/\/www.galeriebecot.com\/wp-content\/uploads\/2019\/06\/Roussil333-979x1024.jpg\" alt=\"\" width=\"700\" height=\"732\" srcset=\"https:\/\/galeriebecot.com\/wp-content\/uploads\/2019\/06\/Roussil333-979x1024.jpg 979w, https:\/\/galeriebecot.com\/wp-content\/uploads\/2019\/06\/Roussil333-287x300.jpg 287w, https:\/\/galeriebecot.com\/wp-content\/uploads\/2019\/06\/Roussil333-768x803.jpg 768w, https:\/\/galeriebecot.com\/wp-content\/uploads\/2019\/06\/Roussil333.jpg 1147w\" sizes=\"auto, (max-width: 700px) 100vw, 700px\" \/><\/a><\/p>\n<p><a href=\"https:\/\/www.galeriebecot.com\/wp-content\/uploads\/2019\/06\/Roussil0K.jpg\"><img loading=\"lazy\" decoding=\"async\" class=\"alignnone size-large wp-image-11502\" src=\"https:\/\/www.galeriebecot.com\/wp-content\/uploads\/2019\/06\/Roussil0K-1024x57.jpg\" alt=\"\" width=\"700\" height=\"39\" srcset=\"https:\/\/galeriebecot.com\/wp-content\/uploads\/2019\/06\/Roussil0K-1024x57.jpg 1024w, https:\/\/galeriebecot.com\/wp-content\/uploads\/2019\/06\/Roussil0K-300x17.jpg 300w, https:\/\/galeriebecot.com\/wp-content\/uploads\/2019\/06\/Roussil0K-768x43.jpg 768w, https:\/\/galeriebecot.com\/wp-content\/uploads\/2019\/06\/Roussil0K.jpg 1160w\" sizes=\"auto, (max-width: 700px) 100vw, 700px\" \/><\/a><\/p>\n<p><a href=\"https:\/\/www.galeriebecot.com\/wp-content\/uploads\/2019\/03\/Roussil4.jpg\"><img loading=\"lazy\" decoding=\"async\" class=\"alignnone size-large wp-image-11482\" src=\"https:\/\/www.galeriebecot.com\/wp-content\/uploads\/2019\/03\/Roussil4-995x1024.jpg\" alt=\"\" width=\"700\" height=\"720\" srcset=\"https:\/\/galeriebecot.com\/wp-content\/uploads\/2019\/03\/Roussil4-995x1024.jpg 995w, https:\/\/galeriebecot.com\/wp-content\/uploads\/2019\/03\/Roussil4-292x300.jpg 292w, https:\/\/galeriebecot.com\/wp-content\/uploads\/2019\/03\/Roussil4-768x790.jpg 768w, https:\/\/galeriebecot.com\/wp-content\/uploads\/2019\/03\/Roussil4.jpg 1166w\" sizes=\"auto, (max-width: 700px) 100vw, 700px\" \/><\/a><\/p>\n<p><a href=\"https:\/\/www.galeriebecot.com\/wp-content\/uploads\/2019\/06\/Roussil73.jpg\"><img loading=\"lazy\" decoding=\"async\" class=\"alignnone size-large wp-image-11503\" src=\"https:\/\/www.galeriebecot.com\/wp-content\/uploads\/2019\/06\/Roussil73-980x1024.jpg\" alt=\"\" width=\"700\" height=\"731\" srcset=\"https:\/\/galeriebecot.com\/wp-content\/uploads\/2019\/06\/Roussil73-980x1024.jpg 980w, https:\/\/galeriebecot.com\/wp-content\/uploads\/2019\/06\/Roussil73-287x300.jpg 287w, https:\/\/galeriebecot.com\/wp-content\/uploads\/2019\/06\/Roussil73-768x803.jpg 768w, https:\/\/galeriebecot.com\/wp-content\/uploads\/2019\/06\/Roussil73.jpg 1147w\" sizes=\"auto, (max-width: 700px) 100vw, 700px\" \/><\/a><\/p>\n<p><a href=\"https:\/\/www.galeriebecot.com\/wp-content\/uploads\/2019\/03\/Roussil6.jpg\"><img loading=\"lazy\" decoding=\"async\" class=\"alignnone size-large wp-image-11485\" src=\"https:\/\/www.galeriebecot.com\/wp-content\/uploads\/2019\/03\/Roussil6-990x1024.jpg\" alt=\"\" width=\"700\" height=\"724\" srcset=\"https:\/\/galeriebecot.com\/wp-content\/uploads\/2019\/03\/Roussil6-990x1024.jpg 990w, https:\/\/galeriebecot.com\/wp-content\/uploads\/2019\/03\/Roussil6-290x300.jpg 290w, https:\/\/galeriebecot.com\/wp-content\/uploads\/2019\/03\/Roussil6-768x794.jpg 768w, https:\/\/galeriebecot.com\/wp-content\/uploads\/2019\/03\/Roussil6.jpg 1160w\" sizes=\"auto, (max-width: 700px) 100vw, 700px\" \/><\/a><\/p>\n<p><a href=\"https:\/\/www.galeriebecot.com\/wp-content\/uploads\/2019\/06\/Roussil95.jpg\"><img loading=\"lazy\" decoding=\"async\" class=\"alignnone size-large wp-image-11505\" src=\"https:\/\/www.galeriebecot.com\/wp-content\/uploads\/2019\/06\/Roussil95-980x1024.jpg\" alt=\"\" width=\"700\" height=\"731\" srcset=\"https:\/\/galeriebecot.com\/wp-content\/uploads\/2019\/06\/Roussil95-980x1024.jpg 980w, https:\/\/galeriebecot.com\/wp-content\/uploads\/2019\/06\/Roussil95-287x300.jpg 287w, https:\/\/galeriebecot.com\/wp-content\/uploads\/2019\/06\/Roussil95-768x802.jpg 768w, https:\/\/galeriebecot.com\/wp-content\/uploads\/2019\/06\/Roussil95.jpg 1148w\" sizes=\"auto, (max-width: 700px) 100vw, 700px\" \/><\/a><\/p>\n<p><a href=\"http:\/\/robertroussil.com\/Robert_Roussil\/IMAGES\/IMAGES.html\"><img loading=\"lazy\" decoding=\"async\" class=\"alignnone size-large wp-image-11508\" src=\"https:\/\/www.galeriebecot.com\/wp-content\/uploads\/2019\/06\/Roussil-20111-1024x305.jpg\" alt=\"\" width=\"700\" height=\"208\" srcset=\"https:\/\/galeriebecot.com\/wp-content\/uploads\/2019\/06\/Roussil-20111-1024x305.jpg 1024w, https:\/\/galeriebecot.com\/wp-content\/uploads\/2019\/06\/Roussil-20111-300x89.jpg 300w, https:\/\/galeriebecot.com\/wp-content\/uploads\/2019\/06\/Roussil-20111-768x229.jpg 768w, https:\/\/galeriebecot.com\/wp-content\/uploads\/2019\/06\/Roussil-20111.jpg 1152w\" sizes=\"auto, (max-width: 700px) 100vw, 700px\" \/><\/a><\/p>\n<p><a href=\"https:\/\/www.ivanbinetartiste.com\/\"><img loading=\"lazy\" decoding=\"async\" class=\"alignnone size-large wp-image-10893\" src=\"https:\/\/www.galeriebecot.com\/wp-content\/uploads\/2018\/06\/Binet-1024x619.jpg\" alt=\"\" width=\"700\" height=\"423\" srcset=\"https:\/\/galeriebecot.com\/wp-content\/uploads\/2018\/06\/Binet-1024x619.jpg 1024w, https:\/\/galeriebecot.com\/wp-content\/uploads\/2018\/06\/Binet-300x181.jpg 300w, https:\/\/galeriebecot.com\/wp-content\/uploads\/2018\/06\/Binet-768x464.jpg 768w, https:\/\/galeriebecot.com\/wp-content\/uploads\/2018\/06\/Binet.jpg 1245w\" sizes=\"auto, (max-width: 700px) 100vw, 700px\" \/><\/a><\/p>\n<div>Bonjour \u00e0 vous coll\u00e8gues et amis,<\/div>\n<div><\/div>\n<div>Voici une invitation pour le vernissage de l&rsquo;exposition Ivan Binet &#8211; Voyager du regard, revisiter le paysage le 4 avril \u00e0 17h30. L&rsquo;exposition sera \u00e0 l&rsquo;affiche jusqu&rsquo;au 2 juin 2019.<\/div>\n<div><\/div>\n<div>L&rsquo;exposition constitue un premier bilan de la production d&rsquo;Ivan Binet, et couvre 27 ann\u00e9es de cr\u00e9ation.<\/div>\n<div><\/div>\n<div><\/div>\n<div>Au plaisir de vous y rencontrer !<\/div>\n<div><\/div>\n<div><\/div>\n<div>Carl Johnson<\/div>\n<div><\/div>\n<div><\/div>\n<div><a href=\"https:\/\/www.galeriebecot.com\/wp-content\/uploads\/2019\/03\/Vernissage-Ivan-Binet-.jpg\"><img loading=\"lazy\" decoding=\"async\" class=\"alignnone size-large wp-image-10983\" src=\"https:\/\/www.galeriebecot.com\/wp-content\/uploads\/2019\/03\/Vernissage-Ivan-Binet--852x1024.jpg\" alt=\"\" width=\"700\" height=\"841\" srcset=\"https:\/\/galeriebecot.com\/wp-content\/uploads\/2019\/03\/Vernissage-Ivan-Binet--852x1024.jpg 852w, https:\/\/galeriebecot.com\/wp-content\/uploads\/2019\/03\/Vernissage-Ivan-Binet--250x300.jpg 250w, https:\/\/galeriebecot.com\/wp-content\/uploads\/2019\/03\/Vernissage-Ivan-Binet--768x923.jpg 768w, https:\/\/galeriebecot.com\/wp-content\/uploads\/2019\/03\/Vernissage-Ivan-Binet-.jpg 1252w\" sizes=\"auto, (max-width: 700px) 100vw, 700px\" \/><\/a><\/div>\n<div>&nbsp;Carl Johnson , commissaire. Yvan Binet, artiste \/ vernissage du 4 avril 2019<\/div>\n<div><\/div>\n<div><a href=\"https:\/\/www.galeriebecot.com\/wp-content\/uploads\/2019\/03\/Vernissage-Binet_a.jpg\"><img loading=\"lazy\" decoding=\"async\" class=\"alignnone size-full wp-image-10984\" src=\"https:\/\/www.galeriebecot.com\/wp-content\/uploads\/2019\/03\/Vernissage-Binet_a.jpg\" alt=\"\" width=\"576\" height=\"325\" srcset=\"https:\/\/galeriebecot.com\/wp-content\/uploads\/2019\/03\/Vernissage-Binet_a.jpg 576w, https:\/\/galeriebecot.com\/wp-content\/uploads\/2019\/03\/Vernissage-Binet_a-300x169.jpg 300w\" sizes=\"auto, (max-width: 576px) 100vw, 576px\" \/><\/a><\/div>\n<div>Vernissage du jeudi 4 avril 2019<\/div>\n<div><\/div>\n<div><a href=\"https:\/\/www.galeriebecot.com\/wp-content\/uploads\/2019\/03\/Vernissage-Binet-b.jpg\"><img loading=\"lazy\" decoding=\"async\" class=\"alignnone size-full wp-image-10985\" src=\"https:\/\/www.galeriebecot.com\/wp-content\/uploads\/2019\/03\/Vernissage-Binet-b.jpg\" alt=\"\" width=\"576\" height=\"325\" srcset=\"https:\/\/galeriebecot.com\/wp-content\/uploads\/2019\/03\/Vernissage-Binet-b.jpg 576w, https:\/\/galeriebecot.com\/wp-content\/uploads\/2019\/03\/Vernissage-Binet-b-300x169.jpg 300w\" sizes=\"auto, (max-width: 576px) 100vw, 576px\" \/><\/a><\/div>\n<div>Florent Cousineau &nbsp; &nbsp; &nbsp;Claude B\u00e9langer &nbsp; &nbsp;Andr\u00e9 B\u00e9cot &nbsp; &nbsp; &nbsp;Denis Thibeault<\/div>\n<div>&nbsp;Vernissage du jeudi 4 avril 2019<\/div>\n<div><em>&nbsp;Cr\u00e9dits photos : Serge Philippe Tremblay<\/em><\/div>\n<p><a href=\"https:\/\/www.galeriebecot.com\/wp-content\/uploads\/2018\/06\/Aristide-Gagnon-1.jpg\"><img loading=\"lazy\" decoding=\"async\" class=\"alignnone size-full wp-image-9001\" src=\"https:\/\/www.galeriebecot.com\/wp-content\/uploads\/2018\/06\/Aristide-Gagnon-1.jpg\" alt=\"\" width=\"576\" height=\"445\" srcset=\"https:\/\/galeriebecot.com\/wp-content\/uploads\/2018\/06\/Aristide-Gagnon-1.jpg 576w, https:\/\/galeriebecot.com\/wp-content\/uploads\/2018\/06\/Aristide-Gagnon-1-300x232.jpg 300w\" sizes=\"auto, (max-width: 576px) 100vw, 576px\" \/><\/a><\/p>\n<p>Oeuvres r\u00e9centes de Aristide Gagnon (2018).<\/p>\n<p><em>Cr\u00e9dit Photo : Serge Philippe Tremblay.<\/em><\/p>\n<p><a href=\"https:\/\/www.galeriebecot.com\/wp-content\/uploads\/2018\/06\/Aristide-Gagnon2.jpg\"><img loading=\"lazy\" decoding=\"async\" class=\"alignnone size-full wp-image-9002\" src=\"https:\/\/www.galeriebecot.com\/wp-content\/uploads\/2018\/06\/Aristide-Gagnon2.jpg\" alt=\"\" width=\"576\" height=\"445\" srcset=\"https:\/\/galeriebecot.com\/wp-content\/uploads\/2018\/06\/Aristide-Gagnon2.jpg 576w, https:\/\/galeriebecot.com\/wp-content\/uploads\/2018\/06\/Aristide-Gagnon2-300x232.jpg 300w\" sizes=\"auto, (max-width: 576px) 100vw, 576px\" \/><\/a><\/p>\n<p><a href=\"https:\/\/www.galeriebecot.com\/wp-content\/uploads\/2018\/06\/Aristide-Gagnon3.jpg\"><img loading=\"lazy\" decoding=\"async\" class=\"alignnone size-full wp-image-9003\" src=\"https:\/\/www.galeriebecot.com\/wp-content\/uploads\/2018\/06\/Aristide-Gagnon3.jpg\" alt=\"\" width=\"576\" height=\"605\" srcset=\"https:\/\/galeriebecot.com\/wp-content\/uploads\/2018\/06\/Aristide-Gagnon3.jpg 576w, https:\/\/galeriebecot.com\/wp-content\/uploads\/2018\/06\/Aristide-Gagnon3-286x300.jpg 286w\" sizes=\"auto, (max-width: 576px) 100vw, 576px\" \/><\/a><\/p>\n<p><a href=\"https:\/\/www.galeriebecot.com\/wp-content\/uploads\/2018\/06\/Aristide-Gagnon4.jpg\"><img loading=\"lazy\" decoding=\"async\" class=\"alignnone size-full wp-image-9004\" src=\"https:\/\/www.galeriebecot.com\/wp-content\/uploads\/2018\/06\/Aristide-Gagnon4.jpg\" alt=\"\" width=\"576\" height=\"548\" srcset=\"https:\/\/galeriebecot.com\/wp-content\/uploads\/2018\/06\/Aristide-Gagnon4.jpg 576w, https:\/\/galeriebecot.com\/wp-content\/uploads\/2018\/06\/Aristide-Gagnon4-300x285.jpg 300w\" sizes=\"auto, (max-width: 576px) 100vw, 576px\" \/><\/a><\/p>\n<p><a href=\"https:\/\/www.galeriebecot.com\/?p=1398\"><img loading=\"lazy\" decoding=\"async\" class=\"alignnone size-full wp-image-8815\" src=\"https:\/\/www.galeriebecot.com\/wp-content\/uploads\/2018\/06\/Historique-du-clubokok.jpg\" alt=\"\" width=\"369\" height=\"35\" srcset=\"https:\/\/galeriebecot.com\/wp-content\/uploads\/2018\/06\/Historique-du-clubokok.jpg 369w, https:\/\/galeriebecot.com\/wp-content\/uploads\/2018\/06\/Historique-du-clubokok-300x28.jpg 300w\" sizes=\"auto, (max-width: 369px) 100vw, 369px\" \/><\/a><\/p>\n<p><strong><a href=\"https:\/\/www.galeriebecot.com\/wp-content\/uploads\/2018\/06\/beaux-arts-1.jpg\"><img loading=\"lazy\" decoding=\"async\" class=\"alignnone size-full wp-image-8865\" src=\"https:\/\/www.galeriebecot.com\/wp-content\/uploads\/2018\/06\/beaux-arts-1.jpg\" alt=\"\" width=\"864\" height=\"475\" srcset=\"https:\/\/galeriebecot.com\/wp-content\/uploads\/2018\/06\/beaux-arts-1.jpg 864w, https:\/\/galeriebecot.com\/wp-content\/uploads\/2018\/06\/beaux-arts-1-300x165.jpg 300w, https:\/\/galeriebecot.com\/wp-content\/uploads\/2018\/06\/beaux-arts-1-768x422.jpg 768w\" sizes=\"auto, (max-width: 864px) 100vw, 864px\" \/><\/a><\/strong><\/p>\n<p>L&rsquo;\u00e9cole des Beaux-Arts de Qu\u00e9bec.<\/p>\n<p>Vernissage le mardi 19 juin 2018 \u00e0 17h30.<\/p>\n<p>Maison Hamel-Bruneau, au 2608, chemin Saint-Louis, Qu\u00e9bec.<\/p>\n<p>Commissaire de l&rsquo;exposition: Claude Corriveau.<\/p>\n<p><strong>L\u2019\u00c9cole des beaux-arts de Qu\u00e9bec a form\u00e9 de 1922 \u00e0 1967 de nombreux artistes qui ont fait leur marque dans la vie culturelle de la ville et de la province<\/strong>. En plus de reconna\u00eetre l\u2019importance de l\u2019institution dans le d\u00e9veloppement du milieu artistique \u00e0 Qu\u00e9bec, l\u2019exposition rassemble les \u0153uvres d\u2019artistes reconnus qui ont gradu\u00e9 de l\u2019\u00c9cole dans ses divers programmes et qui ont contribu\u00e9 \u00e0 notre identit\u00e9 culturelle et \u00e0 son rayonnement. Cette exposition mettra \u00e9galement en valeur l\u2019histoire de l\u2019institution ainsi que les savoir-faire transmis \u00e0 travers les riches archives et le mat\u00e9riel d\u2019enseignement conserv\u00e9 jusqu\u2019ici.&nbsp;L&rsquo;exposition sera pr\u00e9sent\u00e9e en deux volets simultan\u00e9ment \u00e0 la maison Hamel-Bruneau et \u00e0 la villa Bagatelle.<\/p>\n<p><a href=\"https:\/\/www.galeriebecot.com\/wp-content\/uploads\/2018\/06\/Beaux-Arts-1.jpeg\"><img loading=\"lazy\" decoding=\"async\" class=\"alignnone size-full wp-image-8979\" src=\"https:\/\/www.galeriebecot.com\/wp-content\/uploads\/2018\/06\/Beaux-Arts-1.jpeg\" alt=\"\" width=\"640\" height=\"304\" srcset=\"https:\/\/galeriebecot.com\/wp-content\/uploads\/2018\/06\/Beaux-Arts-1.jpeg 640w, https:\/\/galeriebecot.com\/wp-content\/uploads\/2018\/06\/Beaux-Arts-1-300x143.jpeg 300w\" sizes=\"auto, (max-width: 640px) 100vw, 640px\" \/><\/a><\/p>\n<p><a href=\"https:\/\/www.galeriebecot.com\/wp-content\/uploads\/2018\/06\/Beaux-Arts-2.jpeg\"><img loading=\"lazy\" decoding=\"async\" class=\"alignnone size-full wp-image-8980\" src=\"https:\/\/www.galeriebecot.com\/wp-content\/uploads\/2018\/06\/Beaux-Arts-2.jpeg\" alt=\"\" width=\"640\" height=\"364\" srcset=\"https:\/\/galeriebecot.com\/wp-content\/uploads\/2018\/06\/Beaux-Arts-2.jpeg 640w, https:\/\/galeriebecot.com\/wp-content\/uploads\/2018\/06\/Beaux-Arts-2-300x171.jpeg 300w\" sizes=\"auto, (max-width: 640px) 100vw, 640px\" \/><\/a><\/p>\n<p>Photo de groupe des artistes pr\u00e9sents, en cette magnifique soir\u00e9e de juin 2018.<\/p>\n<p><strong>Aristide Gagnon : Premier prix au Concours&nbsp;de la Province en 1958 &nbsp;( aujourd&rsquo;hui prix Borduas),&nbsp;<\/strong><strong>le peintre Carol Poulin et Jean-Yves Richard,&nbsp;<\/strong>seront aussi de cette exposition.<\/p>\n<p><iframe loading=\"lazy\" title=\"Aristide, EBA version  courte  of. Instantane\u0301 14 juin 2018 13:28:23\" width=\"700\" height=\"394\" src=\"https:\/\/www.youtube.com\/embed\/tfjb6cNk80w?feature=oembed\" frameborder=\"0\" allow=\"accelerometer; autoplay; clipboard-write; encrypted-media; gyroscope; picture-in-picture; web-share\" referrerpolicy=\"strict-origin-when-cross-origin\" allowfullscreen><\/iframe><\/p>\n<p>Aristide Gagnon, artiste peintre et sculpteur, nous parle de l&rsquo;\u00c9cole des beaux-arts de Qu\u00e9bec au d\u00e9but des ann\u00e9es 50.<\/p>\n<p><a href=\"https:\/\/www.galeriebecot.com\/wp-content\/uploads\/2018\/06\/Beaux-Arts1web.jpg\"><img loading=\"lazy\" decoding=\"async\" class=\"alignnone size-full wp-image-8892\" src=\"https:\/\/www.galeriebecot.com\/wp-content\/uploads\/2018\/06\/Beaux-Arts1web.jpg\" alt=\"\" width=\"180\" height=\"252\"><\/a><\/p>\n<p>\u00c9cusson originel de l&rsquo;\u00e9cole des beaux arts de Qu\u00e9bec.<\/p>\n<p><em>Cet \u00e9cusson est une courtoisie de Frederic Caron (artiste)<\/em><\/p>\n<p><a href=\"https:\/\/www.be-video.info\/aristide-gagnon\"><img loading=\"lazy\" decoding=\"async\" class=\"alignnone size-full wp-image-8915\" src=\"https:\/\/www.galeriebecot.com\/wp-content\/uploads\/2018\/06\/Programme.jpg\" alt=\"\" width=\"801\" height=\"150\" srcset=\"https:\/\/galeriebecot.com\/wp-content\/uploads\/2018\/06\/Programme.jpg 801w, https:\/\/galeriebecot.com\/wp-content\/uploads\/2018\/06\/Programme-300x56.jpg 300w, https:\/\/galeriebecot.com\/wp-content\/uploads\/2018\/06\/Programme-768x144.jpg 768w\" sizes=\"auto, (max-width: 801px) 100vw, 801px\" \/><\/a><\/p>\n<p><em>Ce programme de l&rsquo;\u00e9cole des Beaux-Arts,est une courtoisie de Rejeanne Lamothe, directrice , Sociologue et vid\u00e9aste ind\u00e9pendante.<\/em><\/p>\n<p><strong>Lise compl\u00e8te des artistes ci dessous:<\/strong><\/p>\n<ol>\n<li>Edmund Alleyn<\/li>\n<li>Denis Angers<\/li>\n<li>Danielle April<\/li>\n<li>Denis Asselin<\/li>\n<li>Marie Auger<\/li>\n<li>Suzanne Auger<\/li>\n<li>Jacques Barbeau<\/li>\n<li>Henri Beaulac<\/li>\n<li>Madeleine Beaulieu<\/li>\n<li>Mimi Belleau<\/li>\n<li>Suzanne Bergeron<\/li>\n<li>Suzanne Blouin<\/li>\n<li>Louise Bourbeau<\/li>\n<li>Jocelyne Bureau<\/li>\n<li>Louise Carrier<\/li>\n<li>Suzanne Collins<\/li>\n<li>Jeanne d\u2019Arc Corriveau<\/li>\n<li>Mich\u00e8le Cournoyer<\/li>\n<li>Jean Dallaire<\/li>\n<li>Sylvia Daoust<\/li>\n<li>Soeur Sainte-Alice de Blois<\/li>\n<li>Gilles Dionne<\/li>\n<li>Fran\u00e7oise Desrochers-Drolet<\/li>\n<li>Adrien Drolet<\/li>\n<li>Monique Drolet<\/li>\n<li>Mich\u00e8le Drouin<\/li>\n<li>Andr\u00e9 Du Bois<\/li>\n<li>Marius Dubois<\/li>\n<li>\u00c9lise Dumais<\/li>\n<li>Antoine Dumas<\/li>\n<li>Benoit East<\/li>\n<li>Lucien \u00c9mond<\/li>\n<li>Olivier Ferland<\/li>\n<li>Normand Filion<\/li>\n<li>Odette Fortier-Auclair<\/li>\n<li>Aristide Gagnon<\/li>\n<li>Giovanni Gerometta<\/li>\n<li>H\u00e9l\u00e8ne Goulet<\/li>\n<li>Marie Gravel<\/li>\n<li>Suzanne Gravel<\/li>\n<li>Claude Grenier<\/li>\n<li>Jean-Pierre Guay<\/li>\n<li>Michel H\u00e9bert<\/li>\n<li>Simone Hudon<\/li>\n<li>Raoul Hunter<\/li>\n<li>Marcel Jean<\/li>\n<li>Jacques Jourdain<\/li>\n<li>Paul Lacroix<\/li>\n<li>Th\u00e9r\u00e8se Lafrance<\/li>\n<li>Madeleine Lalibert\u00e9<\/li>\n<li>Monique Langlois<\/li>\n<li>Gis\u00e8le Leclerc<\/li>\n<li>Ghislain Lefebvre<\/li>\n<li>Jean Paul Lemieux<\/li>\n<li>Guy Lemieux<\/li>\n<li>Claude Le Sauteur<\/li>\n<li>Jean Letarte<\/li>\n<li>Charles Maillard<\/li>\n<li>Nicole Malenfant<\/li>\n<li>G\u00e9rard Marchand<\/li>\n<li>Laur\u00e9at Marois<\/li>\n<li>Marcel Marois<\/li>\n<li>Winston McQuade<\/li>\n<li>Monique Mercier<\/li>\n<li>Gatien Moisan<\/li>\n<li>Denise Morisset<\/li>\n<li>Terry Mosher<\/li>\n<li>Janouk Murdock<\/li>\n<li>Henry Ivan Neilson<\/li>\n<li>Louisa Nicol<\/li>\n<li>Cl\u00e9ment Par\u00e9<\/li>\n<li>H\u00e9l\u00e8ne Par\u00e9<\/li>\n<li>Michel Parent<\/li>\n<li>Omer Parent<\/li>\n<li>Roger Pelerin<\/li>\n<li>Alfred Pellan<\/li>\n<li>Andr\u00e9 Pelletier<\/li>\n<li>Denise Philippon<\/li>\n<li>Marius Plamondon<\/li>\n<li>Edmonde Poirier McConnell<\/li>\n<li>Carol Poulin<\/li>\n<li>Jean-Yves Richard<\/li>\n<li>Guy Robitaille<\/li>\n<li>Albert Rousseau<\/li>\n<li>Mariette Rousseau-Vermette<\/li>\n<li>Reno Salvail<\/li>\n<li>Eug\u00e8ne Schneeberger<\/li>\n<li>Jean-Jacques Sp\u00e9nard<\/li>\n<li>Fran\u00e7ois Soucy<\/li>\n<li>Jean Soucy<\/li>\n<li>Jean-Baptiste Soucy<\/li>\n<li>Ren\u00e9 Taillefer<\/li>\n<li>Ren\u00e9 Thibault<\/li>\n<li>Richard Ste-Marie<\/li>\n<li>Odette Th\u00e9berge<\/li>\n<li>Jeanne Vanasse<\/li>\n<li>Horatio Walker<\/li>\n<\/ol>\n<p><a href=\"http:\/\/www.maisonsdupatrimoine.com\/fr\/expositions\/villa-bagatelle\/lecole-des-beaux-arts-de-quebec.html\"><img loading=\"lazy\" decoding=\"async\" class=\"alignnone size-full wp-image-8867\" src=\"https:\/\/www.galeriebecot.com\/wp-content\/uploads\/2018\/06\/Beaux-Arts-2.jpg\" alt=\"\" width=\"864\" height=\"435\" srcset=\"https:\/\/galeriebecot.com\/wp-content\/uploads\/2018\/06\/Beaux-Arts-2.jpg 864w, https:\/\/galeriebecot.com\/wp-content\/uploads\/2018\/06\/Beaux-Arts-2-300x151.jpg 300w, https:\/\/galeriebecot.com\/wp-content\/uploads\/2018\/06\/Beaux-Arts-2-768x387.jpg 768w\" sizes=\"auto, (max-width: 864px) 100vw, 864px\" \/><\/a><\/p>\n<p><a href=\"http:\/\/www.maisonsdupatrimoine.com\/fr\/expositions\/maison-hamel-bruneau\/lecole-des-beaux-arts-de-quebec.html\"><img loading=\"lazy\" decoding=\"async\" class=\"alignnone size-large wp-image-8886\" src=\"https:\/\/www.galeriebecot.com\/wp-content\/uploads\/2018\/06\/Beaux-Arts-Liste-OK-383x1024.jpg\" alt=\"\" width=\"383\" height=\"1024\" srcset=\"https:\/\/galeriebecot.com\/wp-content\/uploads\/2018\/06\/Beaux-Arts-Liste-OK-383x1024.jpg 383w, https:\/\/galeriebecot.com\/wp-content\/uploads\/2018\/06\/Beaux-Arts-Liste-OK-112x300.jpg 112w, https:\/\/galeriebecot.com\/wp-content\/uploads\/2018\/06\/Beaux-Arts-Liste-OK.jpg 466w\" sizes=\"auto, (max-width: 383px) 100vw, 383px\" \/><\/a><\/p>\n<p><a href=\"http:\/\/www.michelparent.com\/club\/\"><img loading=\"lazy\" decoding=\"async\" class=\"alignnone size-full wp-image-8818\" src=\"https:\/\/www.galeriebecot.com\/wp-content\/uploads\/2018\/06\/Logo-inscription-1-768x64ok.jpg\" alt=\"\" width=\"657\" height=\"63\" srcset=\"https:\/\/galeriebecot.com\/wp-content\/uploads\/2018\/06\/Logo-inscription-1-768x64ok.jpg 657w, https:\/\/galeriebecot.com\/wp-content\/uploads\/2018\/06\/Logo-inscription-1-768x64ok-300x29.jpg 300w\" sizes=\"auto, (max-width: 657px) 100vw, 657px\" \/><\/a><\/p>\n","protected":false},"excerpt":{"rendered":"<p>Cette exposition rassemble des oeuvres de l&rsquo;artiste Robert Roussil dont l&rsquo;ex\u00e9cution s&rsquo;\u00e9chelonne de 1954 et 2011 . Dessins,sculptures et estampes se d\u00e9ploient et mettent en \u00e9vidence un Roussil revendicateur&#8230; Bonjour&hellip; <\/p>\n","protected":false},"author":1,"featured_media":0,"comment_status":"open","ping_status":"open","sticky":false,"template":"","format":"standard","meta":{"_exactmetrics_skip_tracking":false,"_exactmetrics_sitenote_active":false,"_exactmetrics_sitenote_note":"","_exactmetrics_sitenote_category":0,"footnotes":""},"categories":[27,18,19],"tags":[2236,1312,488,34,1746,2276,2239,53,43,2240,2757,564,2262,2249,2260,2272,6,2216,2215,2217,2268,2277,2214,2279,1857,2283,2285,2235,814,2264,2259,2234,2245,2258,1149,2281,2246,2273,2221,2271,2290,1257,2220,2254,2270,2231,2261,689,1204,2286,2284,1297,2280,2229,2289,2227,2265,723,2226,1288,2241,2222,2256,58,2253,2266,2218,2247,840,788,2278,2250,882,2230,2238,2223,2237,2257,2267,2263,2243,2244,1036,2242,2274,217,2252,926,2150,2287,2282,2288,548,2275,2251,2233,37,2219,2224,2225,2228,2248,2232,2269,2255,1439,741,443,40,546],"class_list":["post-8863","post","type-post","status-publish","format-standard","hentry","category-artistes","category-evenement","category-vernissage","tag-adrien-drolet","tag-albert-rousseau","tag-alfred-pellan","tag-andre-becot","tag-andre-du-bois","tag-andre-pelletier","tag-antoine-dumas","tag-aristide-gagnon","tag-arts-visuels","tag-benoit-east","tag-carl-johnson","tag-carol-poulin","tag-charles-maillard","tag-claude-grenier","tag-claude-le-sauteur","tag-clement-pare","tag-club-des-collectionneurs-en-arts-visuels-de-quebec","tag-danielle-april","tag-denis-angers","tag-denis-asselin","tag-denise-morisset","tag-denise-philippon","tag-edmond-alleyn","tag-edmonde-poirier-mcconnell","tag-elise-dumais","tag-eugene-schneeberger","tag-francois-soucy","tag-francoise-desrochers-drolet","tag-gatien-moisan","tag-gerard-marchand","tag-ghislain-lefebvre","tag-gilles-dionne","tag-giovanni-gerometta","tag-gisele-leclerc","tag-guy-lemieux","tag-guy-robitaille","tag-helene-goulet","tag-helene-pare","tag-henri-beaulac","tag-henry-ivan-neilson","tag-horatio-walker","tag-ivan-binet","tag-jacques-barbeau","tag-jacques-jourdain","tag-janouk-murdock","tag-jean-dallaire","tag-jean-letarte","tag-jean-paul-lemieux","tag-jean-soucy","tag-jean-baptiste-soucy","tag-jean-jacques-spenard","tag-jean-pierre-guay","tag-jean-yves-richard","tag-jeanne-darc-corriveau","tag-jeanne-vanasse","tag-jocelyne-bureau","tag-laureat-marois","tag-louisa-nicol","tag-louise-bourbeau","tag-louise-carrier","tag-lucien-emond","tag-madeleine-beaulieu","tag-madeleine-laliberte","tag-marc-bellemare-collectionneur","tag-marcel-jean","tag-marcel-marois","tag-marie-auger","tag-marie-gravel","tag-mariette-rousseau-vermette","tag-marius-dubois","tag-marius-plamondon","tag-michel-hebert","tag-michel-parent","tag-michele-cournoyer","tag-michele-drouin","tag-mimi-belleau","tag-monique-drolet","tag-monique-langlois","tag-monique-mercier","tag-nicole-malenfant","tag-normand-filion","tag-odette-fortier-auclair","tag-odette-theberge","tag-olivier-ferland","tag-omer-parent","tag-paul-lacroix","tag-raoul-hunter","tag-remy-normand","tag-rene-taillefer","tag-rene-thibault","tag-reno-salvail","tag-richard-ste-marie","tag-robert-roussil","tag-roger-pelerin","tag-simone-hudon","tag-soeur-sainte-alice-de-blois","tag-studio-becot","tag-suzanne-auger","tag-suzanne-bergeron","tag-suzanne-blouin","tag-suzanne-collins","tag-suzanne-gravel","tag-sylvia-daoust","tag-terry-mosher","tag-therese-lafrance","tag-universite-laval","tag-villa-bagatelle","tag-ville-de-quebec","tag-visuals-arts","tag-winston-mcquade"],"_links":{"self":[{"href":"https:\/\/galeriebecot.com\/index.php?rest_route=\/wp\/v2\/posts\/8863","targetHints":{"allow":["GET"]}}],"collection":[{"href":"https:\/\/galeriebecot.com\/index.php?rest_route=\/wp\/v2\/posts"}],"about":[{"href":"https:\/\/galeriebecot.com\/index.php?rest_route=\/wp\/v2\/types\/post"}],"author":[{"embeddable":true,"href":"https:\/\/galeriebecot.com\/index.php?rest_route=\/wp\/v2\/users\/1"}],"replies":[{"embeddable":true,"href":"https:\/\/galeriebecot.com\/index.php?rest_route=%2Fwp%2Fv2%2Fcomments&post=8863"}],"version-history":[{"count":60,"href":"https:\/\/galeriebecot.com\/index.php?rest_route=\/wp\/v2\/posts\/8863\/revisions"}],"predecessor-version":[{"id":20476,"href":"https:\/\/galeriebecot.com\/index.php?rest_route=\/wp\/v2\/posts\/8863\/revisions\/20476"}],"wp:attachment":[{"href":"https:\/\/galeriebecot.com\/index.php?rest_route=%2Fwp%2Fv2%2Fmedia&parent=8863"}],"wp:term":[{"taxonomy":"category","embeddable":true,"href":"https:\/\/galeriebecot.com\/index.php?rest_route=%2Fwp%2Fv2%2Fcategories&post=8863"},{"taxonomy":"post_tag","embeddable":true,"href":"https:\/\/galeriebecot.com\/index.php?rest_route=%2Fwp%2Fv2%2Ftags&post=8863"}],"curies":[{"name":"wp","href":"https:\/\/api.w.org\/{rel}","templated":true}]}}