{"id":8754,"date":"2019-08-01T14:43:13","date_gmt":"2019-08-01T18:43:13","guid":{"rendered":"http:\/\/www.clubdescollectionneursenartsvisuelsdequebec.com\/?p=8754"},"modified":"2019-09-12T09:30:18","modified_gmt":"2019-09-12T13:30:18","slug":"ecosysteme-et-biodiversite-au-musee-du-bronze","status":"publish","type":"post","link":"https:\/\/galeriebecot.com\/?p=8754","title":{"rendered":"Pers\u00e9v\u00e9rance, l&rsquo;art de ne jamais abandonner, au Mus\u00e9e du Bronze"},"content":{"rendered":"<p><a href=\"https:\/\/michelparent.com\/club\/index.php\"><img loading=\"lazy\" decoding=\"async\" class=\"alignnone size-large wp-image-11648\" src=\"https:\/\/www.galeriebecot.com\/wp-content\/uploads\/2019\/08\/Logo-inscription-1-1024x85.jpg\" alt=\"\" width=\"700\" height=\"58\" srcset=\"https:\/\/galeriebecot.com\/wp-content\/uploads\/2019\/08\/Logo-inscription-1-1024x85.jpg 1024w, https:\/\/galeriebecot.com\/wp-content\/uploads\/2019\/08\/Logo-inscription-1-300x25.jpg 300w, https:\/\/galeriebecot.com\/wp-content\/uploads\/2019\/08\/Logo-inscription-1-768x64.jpg 768w, https:\/\/galeriebecot.com\/wp-content\/uploads\/2019\/08\/Logo-inscription-1.jpg 1403w\" sizes=\"auto, (max-width: 700px) 100vw, 700px\" \/><\/a><\/p>\n<p><a href=\"https:\/\/www.galeriebecot.com\/wp-content\/uploads\/2018\/08\/Musee-du-bronze-2.jpg\"><img loading=\"lazy\" decoding=\"async\" class=\"alignnone size-full wp-image-11448\" src=\"https:\/\/www.galeriebecot.com\/wp-content\/uploads\/2018\/08\/Musee-du-bronze-2.jpg\" alt=\"\" width=\"460\" height=\"139\" srcset=\"https:\/\/galeriebecot.com\/wp-content\/uploads\/2018\/08\/Musee-du-bronze-2.jpg 460w, https:\/\/galeriebecot.com\/wp-content\/uploads\/2018\/08\/Musee-du-bronze-2-300x91.jpg 300w\" sizes=\"auto, (max-width: 460px) 100vw, 460px\" \/><\/a><\/p>\n<p><a href=\"http:\/\/museedubronze.com\/info-musee\/\"><img loading=\"lazy\" decoding=\"async\" class=\"alignnone size-full wp-image-11447\" src=\"https:\/\/www.galeriebecot.com\/wp-content\/uploads\/2018\/08\/Musee-du-Bronze.jpg\" alt=\"\" width=\"629\" height=\"124\" srcset=\"https:\/\/galeriebecot.com\/wp-content\/uploads\/2018\/08\/Musee-du-Bronze.jpg 629w, https:\/\/galeriebecot.com\/wp-content\/uploads\/2018\/08\/Musee-du-Bronze-300x59.jpg 300w\" sizes=\"auto, (max-width: 629px) 100vw, 629px\" \/><\/a><\/p>\n<h2>du 30 mai au 13 octobre 2019.<\/h2>\n<h2>Pers\u00e9v\u00e9rance, l&rsquo;art de ne jamais abandonner !<\/h2>\n<p><a href=\"https:\/\/www.galeriebecot.com\/wp-content\/uploads\/2019\/06\/Inverness-expoa.jpg\"><img loading=\"lazy\" decoding=\"async\" class=\"alignnone size-full wp-image-11462\" src=\"https:\/\/www.galeriebecot.com\/wp-content\/uploads\/2019\/06\/Inverness-expoa.jpg\" alt=\"\" width=\"632\" height=\"655\" srcset=\"https:\/\/galeriebecot.com\/wp-content\/uploads\/2019\/06\/Inverness-expoa.jpg 632w, https:\/\/galeriebecot.com\/wp-content\/uploads\/2019\/06\/Inverness-expoa-289x300.jpg 289w\" sizes=\"auto, (max-width: 632px) 100vw, 632px\" \/><\/a><\/p>\n<p><a href=\"https:\/\/www.galeriebecot.com\/wp-content\/uploads\/2019\/06\/Inverness-expob.jpg\"><img loading=\"lazy\" decoding=\"async\" class=\"alignnone size-full wp-image-11463\" src=\"https:\/\/www.galeriebecot.com\/wp-content\/uploads\/2019\/06\/Inverness-expob.jpg\" alt=\"\" width=\"632\" height=\"474\" srcset=\"https:\/\/galeriebecot.com\/wp-content\/uploads\/2019\/06\/Inverness-expob.jpg 632w, https:\/\/galeriebecot.com\/wp-content\/uploads\/2019\/06\/Inverness-expob-300x225.jpg 300w\" sizes=\"auto, (max-width: 632px) 100vw, 632px\" \/><\/a><\/p>\n<p>Andr\u00e9 B\u00e9cot, Anne Renard, Carole Desgagn\u00e9, Catherine BNurry, Catherine St-Pierre, Christine Gagn\u00e9, Denis Douville, Denis Jacques, Guy Pierre, H\u00e9l\u00e8ne Bruneau, Isabelle De Blopis, Yolande Bernier,Jacques Brochu, Jonathan Roy, Louise Vachon, Nassina Bouaifer, No\u00ebl-Ange Coderre, Parvin Farzaneh, Pierre Racine, Renald Brisebois, S\u00e9bastien Douville, Paul Salois, Patrick Leduc,<\/p>\n<p><iframe loading=\"lazy\" width=\"700\" height=\"525\" src=\"https:\/\/www.youtube.com\/embed\/LXfkD7pxaGk?feature=oembed\" frameborder=\"0\" allow=\"accelerometer; autoplay; encrypted-media; gyroscope; picture-in-picture\" allowfullscreen><\/iframe><\/p>\n<p><iframe loading=\"lazy\" width=\"700\" height=\"394\" src=\"https:\/\/www.youtube.com\/embed\/FbyXuZ6lK0Q?feature=oembed\" frameborder=\"0\" allow=\"accelerometer; autoplay; encrypted-media; gyroscope; picture-in-picture\" allowfullscreen><\/iframe><\/p>\n<p><iframe loading=\"lazy\" width=\"700\" height=\"394\" src=\"https:\/\/www.youtube.com\/embed\/V2d-It1cBBU?feature=oembed\" frameborder=\"0\" allow=\"accelerometer; autoplay; encrypted-media; gyroscope; picture-in-picture\" allowfullscreen><\/iframe><\/p>\n<p><iframe loading=\"lazy\" width=\"700\" height=\"525\" src=\"https:\/\/www.youtube.com\/embed\/IZ3asSRzDDI?feature=oembed\" frameborder=\"0\" allow=\"accelerometer; autoplay; encrypted-media; gyroscope; picture-in-picture\" allowfullscreen><\/iframe><\/p>\n<p><a href=\"https:\/\/museedubronze.com\/2018\/05\/ecosysteme-et-biodiversite-une-affaire-de-culture\/\"><img loading=\"lazy\" decoding=\"async\" class=\"alignnone size-large wp-image-8755\" src=\"https:\/\/www.galeriebecot.com\/wp-content\/uploads\/2018\/05\/Inverness2-610x1024.jpg\" alt=\"\" width=\"610\" height=\"1024\" srcset=\"https:\/\/galeriebecot.com\/wp-content\/uploads\/2018\/05\/Inverness2-610x1024.jpg 610w, https:\/\/galeriebecot.com\/wp-content\/uploads\/2018\/05\/Inverness2-179x300.jpg 179w, https:\/\/galeriebecot.com\/wp-content\/uploads\/2018\/05\/Inverness2.jpg 698w\" sizes=\"auto, (max-width: 610px) 100vw, 610px\" \/><\/a><\/p>\n<p>\u00c9cosyst\u00e8me et biodiversit\u00e9&#8230;une affaire de culture.<\/p>\n<p>Mus\u00e9e du bronze d&rsquo;Inverness, 1760, rue Dublin Inverness,Qu\u00e9bec G0S 1K0.<\/p>\n<p>20 artistes :<\/p>\n<p>Atelier du bronze,\u00a0B\u00e9cot Andr\u00e9,\u00a0Burry Catherine,\u00a0Coderre No\u00eal-Ange<\/p>\n<p>Drolet Gilles,\u00a0Gagn\u00e9 Gilles,\u00a0Gagnon Richard,\u00a0Gautier Michel,\u00a0Grondin Karolle<\/p>\n<p>Kesselring Ryth\u00c4,\u00a0Laplante H\u00e9l\u00e8ne,\u00a0Lavall\u00e9e Claudie,\u00a0Leduc Patrick<\/p>\n<p>Martel Marc,\u00a0Morin Ren\u00e9e,\u00a0Renard Anne,\u00a0Rondeau Sylvain<\/p>\n<p>St-Amand Robin,\u00a0St-Pierre Catherine,\u00a0Sylvain Jacques<\/p>\n<p><a href=\"https:\/\/www.galeriebecot.com\/wp-content\/uploads\/2018\/08\/BecotInverness.jpg\"><img loading=\"lazy\" decoding=\"async\" class=\"alignnone size-full wp-image-9111\" src=\"https:\/\/www.galeriebecot.com\/wp-content\/uploads\/2018\/08\/BecotInverness.jpg\" alt=\"\" width=\"324\" height=\"393\" srcset=\"https:\/\/galeriebecot.com\/wp-content\/uploads\/2018\/08\/BecotInverness.jpg 324w, https:\/\/galeriebecot.com\/wp-content\/uploads\/2018\/08\/BecotInverness-247x300.jpg 247w\" sizes=\"auto, (max-width: 324px) 100vw, 324px\" \/><\/a><\/p>\n<p><em>Cr\u00e9dit photo : Burgui M\u00fcller<\/em><\/p>\n<p>Andr\u00e9 B\u00e9cot en visite au mus\u00e9e le 20 Ao\u00fbt 2018.<\/p>\n<p>Titre de la sculpture : Naturel\/surnaturel, par B\u00e9cot<\/p>\n<p>M\u00e9dium : Bois et bronze.<\/p>\n<p><em><strong>Collection priv\u00e9e.<\/strong><\/em><\/p>\n","protected":false},"excerpt":{"rendered":"<p>du 30 mai au 13 octobre 2019. Pers\u00e9v\u00e9rance, l&rsquo;art de ne jamais abandonner ! Andr\u00e9 B\u00e9cot, Anne Renard, Carole Desgagn\u00e9, Catherine BNurry, Catherine St-Pierre, Christine Gagn\u00e9, Denis Douville, Denis Jacques,&hellip; <\/p>\n","protected":false},"author":1,"featured_media":0,"comment_status":"open","ping_status":"open","sticky":false,"template":"","format":"standard","meta":{"_exactmetrics_skip_tracking":false,"_exactmetrics_sitenote_active":false,"_exactmetrics_sitenote_note":"","_exactmetrics_sitenote_category":0,"footnotes":""},"categories":[27,18],"tags":[34,233,2795,2809,270,2551,2521,2399,2797,2798,2799,2800,1313,2801,2802,2803,2804,2808,2807,2805,158,2806,1777],"class_list":["post-8754","post","type-post","status-publish","format-standard","hentry","category-artistes","category-evenement","tag-andre-becot","tag-anne-renard","tag-carole-desgagne","tag-catherine-burry","tag-catherine-st-pierre","tag-christine-gagne","tag-denis-douville","tag-denis-jacques","tag-guy-pierre","tag-helene-bruneau","tag-isabelle-de-blopis","tag-jacques-brochu","tag-jonathan-roy","tag-louise-vachon","tag-nassina-bouaifer","tag-noel-ange-coderre","tag-parvin-farzaneh","tag-patrick-leduc","tag-paul-salois","tag-pierre-racine","tag-renald-brisebois","tag-sebastien-douville","tag-yolande-bernier"],"_links":{"self":[{"href":"https:\/\/galeriebecot.com\/index.php?rest_route=\/wp\/v2\/posts\/8754","targetHints":{"allow":["GET"]}}],"collection":[{"href":"https:\/\/galeriebecot.com\/index.php?rest_route=\/wp\/v2\/posts"}],"about":[{"href":"https:\/\/galeriebecot.com\/index.php?rest_route=\/wp\/v2\/types\/post"}],"author":[{"embeddable":true,"href":"https:\/\/galeriebecot.com\/index.php?rest_route=\/wp\/v2\/users\/1"}],"replies":[{"embeddable":true,"href":"https:\/\/galeriebecot.com\/index.php?rest_route=%2Fwp%2Fv2%2Fcomments&post=8754"}],"version-history":[{"count":28,"href":"https:\/\/galeriebecot.com\/index.php?rest_route=\/wp\/v2\/posts\/8754\/revisions"}],"predecessor-version":[{"id":11655,"href":"https:\/\/galeriebecot.com\/index.php?rest_route=\/wp\/v2\/posts\/8754\/revisions\/11655"}],"wp:attachment":[{"href":"https:\/\/galeriebecot.com\/index.php?rest_route=%2Fwp%2Fv2%2Fmedia&parent=8754"}],"wp:term":[{"taxonomy":"category","embeddable":true,"href":"https:\/\/galeriebecot.com\/index.php?rest_route=%2Fwp%2Fv2%2Fcategories&post=8754"},{"taxonomy":"post_tag","embeddable":true,"href":"https:\/\/galeriebecot.com\/index.php?rest_route=%2Fwp%2Fv2%2Ftags&post=8754"}],"curies":[{"name":"wp","href":"https:\/\/api.w.org\/{rel}","templated":true}]}}