{"id":8739,"date":"2018-05-30T10:54:05","date_gmt":"2018-05-30T14:54:05","guid":{"rendered":"http:\/\/www.clubdescollectionneursenartsvisuelsdequebec.com\/?p=8739"},"modified":"2018-05-30T11:15:37","modified_gmt":"2018-05-30T15:15:37","slug":"fondation-armand-vaillancourt","status":"publish","type":"post","link":"https:\/\/galeriebecot.com\/?p=8739","title":{"rendered":"Fondation Armand Vaillancourt"},"content":{"rendered":"<p><a href=\"https:\/\/www.galeriebecot.com\/?p=1398\"><img loading=\"lazy\" decoding=\"async\" class=\"alignnone size-full wp-image-8360\" src=\"https:\/\/www.galeriebecot.com\/wp-content\/uploads\/2018\/03\/Historique-du-clubok.jpg\" alt=\"\" width=\"540\" height=\"35\" srcset=\"https:\/\/galeriebecot.com\/wp-content\/uploads\/2018\/03\/Historique-du-clubok.jpg 540w, https:\/\/galeriebecot.com\/wp-content\/uploads\/2018\/03\/Historique-du-clubok-300x19.jpg 300w\" sizes=\"auto, (max-width: 540px) 100vw, 540px\" \/><\/a><\/p>\n<p><a href=\"http:\/\/www.michelparent.com\/club\/\"><img loading=\"lazy\" decoding=\"async\" class=\"alignnone size-large wp-image-8341\" src=\"https:\/\/www.galeriebecot.com\/wp-content\/uploads\/2018\/03\/Logo-inscription-1-1024x85.jpg\" alt=\"\" width=\"700\" height=\"58\" srcset=\"https:\/\/galeriebecot.com\/wp-content\/uploads\/2018\/03\/Logo-inscription-1-1024x85.jpg 1024w, https:\/\/galeriebecot.com\/wp-content\/uploads\/2018\/03\/Logo-inscription-1-300x25.jpg 300w, https:\/\/galeriebecot.com\/wp-content\/uploads\/2018\/03\/Logo-inscription-1-768x64.jpg 768w, https:\/\/galeriebecot.com\/wp-content\/uploads\/2018\/03\/Logo-inscription-1.jpg 1403w\" sizes=\"auto, (max-width: 700px) 100vw, 700px\" \/><\/a><\/p>\n<p><img loading=\"lazy\" decoding=\"async\" class=\"alignnone size-large wp-image-8740\" src=\"https:\/\/www.galeriebecot.com\/wp-content\/uploads\/2018\/05\/vaillancourt2-744x1024.jpg\" alt=\"\" width=\"700\" height=\"963\" srcset=\"https:\/\/galeriebecot.com\/wp-content\/uploads\/2018\/05\/vaillancourt2-744x1024.jpg 744w, https:\/\/galeriebecot.com\/wp-content\/uploads\/2018\/05\/vaillancourt2-218x300.jpg 218w, https:\/\/galeriebecot.com\/wp-content\/uploads\/2018\/05\/vaillancourt2-768x1057.jpg 768w, https:\/\/galeriebecot.com\/wp-content\/uploads\/2018\/05\/vaillancourt2.jpg 1200w\" sizes=\"auto, (max-width: 700px) 100vw, 700px\" \/><\/p>\n<p>La Fondation AV a le plaisir de vous inviter \u00e0 une exposition d&rsquo;oeuvres d&rsquo;Armand Vaillancourt. Un \u00e9v\u00e8nement unique \u00e0 Qu\u00e9bec, pour deux jours seulement en pr\u00e9sence de l&rsquo;artiste, au centre d&rsquo;interpr\u00e9tation historique de Sainte-Foy, 2825, Chemin Ste-Foy, le samedi 2 juin de 13h00 \u00e0 17h00 ainsi que le dimanche le 3 juin de 13h00 \u00e0 16h00. Bienvenue \u00e0 tous. !<\/p>\n<p><a href=\"http:\/\/fondationav.org\/\"><img loading=\"lazy\" decoding=\"async\" class=\"alignnone size-full wp-image-8752\" src=\"https:\/\/www.galeriebecot.com\/wp-content\/uploads\/2018\/05\/Fondation.jpg\" alt=\"\" width=\"418\" height=\"323\" srcset=\"https:\/\/galeriebecot.com\/wp-content\/uploads\/2018\/05\/Fondation.jpg 418w, https:\/\/galeriebecot.com\/wp-content\/uploads\/2018\/05\/Fondation-300x232.jpg 300w\" sizes=\"auto, (max-width: 418px) 100vw, 418px\" \/><\/a><\/p>\n<p><a href=\"https:\/\/ici.radio-canada.ca\/special\/gagnants-conseil-arts-quebec\/index.html\"><img loading=\"lazy\" decoding=\"async\" class=\"alignnone size-full wp-image-8746\" src=\"https:\/\/www.galeriebecot.com\/wp-content\/uploads\/2018\/05\/Armand1.jpg\" alt=\"\" width=\"629\" height=\"971\" srcset=\"https:\/\/galeriebecot.com\/wp-content\/uploads\/2018\/05\/Armand1.jpg 629w, https:\/\/galeriebecot.com\/wp-content\/uploads\/2018\/05\/Armand1-194x300.jpg 194w\" sizes=\"auto, (max-width: 629px) 100vw, 629px\" \/><\/a><\/p>\n<p><a href=\"https:\/\/www.galeriebecot.com\/wp-content\/uploads\/2018\/05\/Armand2.jpg\"><img loading=\"lazy\" decoding=\"async\" class=\"alignnone size-full wp-image-8747\" src=\"https:\/\/www.galeriebecot.com\/wp-content\/uploads\/2018\/05\/Armand2.jpg\" alt=\"\" width=\"629\" height=\"735\" srcset=\"https:\/\/galeriebecot.com\/wp-content\/uploads\/2018\/05\/Armand2.jpg 629w, https:\/\/galeriebecot.com\/wp-content\/uploads\/2018\/05\/Armand2-257x300.jpg 257w\" sizes=\"auto, (max-width: 629px) 100vw, 629px\" \/><\/a><\/p>\n","protected":false},"excerpt":{"rendered":"<p>La Fondation AV a le plaisir de vous inviter \u00e0 une exposition d&rsquo;oeuvres d&rsquo;Armand Vaillancourt. Un \u00e9v\u00e8nement unique \u00e0 Qu\u00e9bec, pour deux jours seulement en pr\u00e9sence de l&rsquo;artiste, au centre&hellip; <\/p>\n","protected":false},"author":1,"featured_media":0,"comment_status":"open","ping_status":"open","sticky":false,"template":"","format":"standard","meta":{"_exactmetrics_skip_tracking":false,"_exactmetrics_sitenote_active":false,"_exactmetrics_sitenote_note":"","_exactmetrics_sitenote_category":0,"footnotes":""},"categories":[27,18,19],"tags":[34,2181,67,2179,2180,2182,58,37,40],"class_list":["post-8739","post","type-post","status-publish","format-standard","hentry","category-artistes","category-evenement","category-vernissage","tag-andre-becot","tag-centre-dinterpretation-historique-de-sainte-foy","tag-club-des-collectionneurs-en-arts-visuels-de-quebec-marc-bellemare","tag-fondation-armand-vaillancourt","tag-fondation-av","tag-joanne-beaulieu","tag-marc-bellemare-collectionneur","tag-studio-becot","tag-visuals-arts"],"_links":{"self":[{"href":"https:\/\/galeriebecot.com\/index.php?rest_route=\/wp\/v2\/posts\/8739","targetHints":{"allow":["GET"]}}],"collection":[{"href":"https:\/\/galeriebecot.com\/index.php?rest_route=\/wp\/v2\/posts"}],"about":[{"href":"https:\/\/galeriebecot.com\/index.php?rest_route=\/wp\/v2\/types\/post"}],"author":[{"embeddable":true,"href":"https:\/\/galeriebecot.com\/index.php?rest_route=\/wp\/v2\/users\/1"}],"replies":[{"embeddable":true,"href":"https:\/\/galeriebecot.com\/index.php?rest_route=%2Fwp%2Fv2%2Fcomments&post=8739"}],"version-history":[{"count":8,"href":"https:\/\/galeriebecot.com\/index.php?rest_route=\/wp\/v2\/posts\/8739\/revisions"}],"predecessor-version":[{"id":8753,"href":"https:\/\/galeriebecot.com\/index.php?rest_route=\/wp\/v2\/posts\/8739\/revisions\/8753"}],"wp:attachment":[{"href":"https:\/\/galeriebecot.com\/index.php?rest_route=%2Fwp%2Fv2%2Fmedia&parent=8739"}],"wp:term":[{"taxonomy":"category","embeddable":true,"href":"https:\/\/galeriebecot.com\/index.php?rest_route=%2Fwp%2Fv2%2Fcategories&post=8739"},{"taxonomy":"post_tag","embeddable":true,"href":"https:\/\/galeriebecot.com\/index.php?rest_route=%2Fwp%2Fv2%2Ftags&post=8739"}],"curies":[{"name":"wp","href":"https:\/\/api.w.org\/{rel}","templated":true}]}}