{"id":8671,"date":"2018-08-30T15:06:06","date_gmt":"2018-08-30T19:06:06","guid":{"rendered":"http:\/\/www.clubdescollectionneursenartsvisuelsdequebec.com\/?p=8671"},"modified":"2018-09-06T13:46:22","modified_gmt":"2018-09-06T17:46:22","slug":"hommage-a-pierre-heyvaert","status":"publish","type":"post","link":"https:\/\/galeriebecot.com\/?p=8671","title":{"rendered":"Hommage \u00e0 Jacques Hurtubise"},"content":{"rendered":"<p><a href=\"https:\/\/www.galeriebecot.com\/wp-content\/uploads\/2018\/04\/Gnass.jpg\"><img loading=\"lazy\" decoding=\"async\" class=\"alignnone size-large wp-image-9316\" src=\"https:\/\/www.galeriebecot.com\/wp-content\/uploads\/2018\/04\/Gnass-683x1024.jpg\" alt=\"\" width=\"683\" height=\"1024\" srcset=\"https:\/\/galeriebecot.com\/wp-content\/uploads\/2018\/04\/Gnass-683x1024.jpg 683w, https:\/\/galeriebecot.com\/wp-content\/uploads\/2018\/04\/Gnass-200x300.jpg 200w, https:\/\/galeriebecot.com\/wp-content\/uploads\/2018\/04\/Gnass.jpg 750w\" sizes=\"auto, (max-width: 683px) 100vw, 683px\" \/><\/a><\/p>\n<p>Hommage \u00e0 Jacques Hurtubise.<\/p>\n<p>Vernissage le jeudi 13 Septembre de 17 \u00e0 19h.<\/p>\n<p>Peter Gnass, Danielle Lamontagne, Daudoin Wart.<\/p>\n<p>Galerie Popop Circa, \u00e9difice Belgo.<\/p>\n<p>372 rue Sainte-Catherine Ouest, espace 422, Montr\u00e9al.<\/p>\n<p>Mardi au dimanche : 12h \u00e0 18h.<\/p>\n<p><a href=\"https:\/\/www.galeriebecot.com\/wp-content\/uploads\/2018\/05\/GNASS.jpg\"><img loading=\"lazy\" decoding=\"async\" class=\"alignnone size-large wp-image-8672\" src=\"https:\/\/www.galeriebecot.com\/wp-content\/uploads\/2018\/05\/GNASS-687x1024.jpg\" alt=\"\" width=\"687\" height=\"1024\" srcset=\"https:\/\/galeriebecot.com\/wp-content\/uploads\/2018\/05\/GNASS-687x1024.jpg 687w, https:\/\/galeriebecot.com\/wp-content\/uploads\/2018\/05\/GNASS-201x300.jpg 201w, https:\/\/galeriebecot.com\/wp-content\/uploads\/2018\/05\/GNASS.jpg 750w\" sizes=\"auto, (max-width: 687px) 100vw, 687px\" \/><\/a><\/p>\n<p>Trace.<\/p>\n<p>La charte de la terre.<\/p>\n<p>Exposition du 15 au 20 mai 2018.<\/p>\n<p>Vernissage le Jeudi 17 mai de 17h \u00e0 20h.<\/p>\n<p>Peter Gnass, Monique Danis Bastien, Danielle Lamontagne, Baudoin Wart,<\/p>\n<p><a href=\"https:\/\/galeriepopopgallery.com\/\">Galerie POPOP CIRCA, \u00e9difice Belgo.<\/a><\/p>\n<p>372 rue Sainte-Catherine Ouest, espace 442, Montr\u00e9al<\/p>\n<p>Mardi au dimanche : 12h \u00e0 18h.<\/p>\n","protected":false},"excerpt":{"rendered":"<p>Hommage \u00e0 Jacques Hurtubise. Vernissage le jeudi 13 Septembre de 17 \u00e0 19h. Peter Gnass, Danielle Lamontagne, Daudoin Wart. Galerie Popop Circa, \u00e9difice Belgo. 372 rue Sainte-Catherine Ouest, espace 422,&hellip; <\/p>\n","protected":false},"author":1,"featured_media":0,"comment_status":"open","ping_status":"open","sticky":false,"template":"","format":"standard","meta":{"_exactmetrics_skip_tracking":false,"_exactmetrics_sitenote_active":false,"_exactmetrics_sitenote_note":"","_exactmetrics_sitenote_category":0,"footnotes":""},"categories":[27,18,19],"tags":[34,43,2159,66,2158,2505,2504,475,58,2157,777,37,40],"class_list":["post-8671","post","type-post","status-publish","format-standard","hentry","category-artistes","category-evenement","category-vernissage","tag-andre-becot","tag-arts-visuels","tag-baudoin-wart","tag-club-des-collectionneurs-en-arts-visuels-de-quebec-studio-becot","tag-danielle-lamontagne","tag-edifive-belgo","tag-galerie-popop-circa","tag-jacques-hurtubise","tag-marc-bellemare-collectionneur","tag-monique-danis-bastien","tag-peter-gnass","tag-studio-becot","tag-visuals-arts"],"_links":{"self":[{"href":"https:\/\/galeriebecot.com\/index.php?rest_route=\/wp\/v2\/posts\/8671","targetHints":{"allow":["GET"]}}],"collection":[{"href":"https:\/\/galeriebecot.com\/index.php?rest_route=\/wp\/v2\/posts"}],"about":[{"href":"https:\/\/galeriebecot.com\/index.php?rest_route=\/wp\/v2\/types\/post"}],"author":[{"embeddable":true,"href":"https:\/\/galeriebecot.com\/index.php?rest_route=\/wp\/v2\/users\/1"}],"replies":[{"embeddable":true,"href":"https:\/\/galeriebecot.com\/index.php?rest_route=%2Fwp%2Fv2%2Fcomments&post=8671"}],"version-history":[{"count":4,"href":"https:\/\/galeriebecot.com\/index.php?rest_route=\/wp\/v2\/posts\/8671\/revisions"}],"predecessor-version":[{"id":9319,"href":"https:\/\/galeriebecot.com\/index.php?rest_route=\/wp\/v2\/posts\/8671\/revisions\/9319"}],"wp:attachment":[{"href":"https:\/\/galeriebecot.com\/index.php?rest_route=%2Fwp%2Fv2%2Fmedia&parent=8671"}],"wp:term":[{"taxonomy":"category","embeddable":true,"href":"https:\/\/galeriebecot.com\/index.php?rest_route=%2Fwp%2Fv2%2Fcategories&post=8671"},{"taxonomy":"post_tag","embeddable":true,"href":"https:\/\/galeriebecot.com\/index.php?rest_route=%2Fwp%2Fv2%2Ftags&post=8671"}],"curies":[{"name":"wp","href":"https:\/\/api.w.org\/{rel}","templated":true}]}}