{"id":8641,"date":"2018-06-03T18:00:33","date_gmt":"2018-06-03T22:00:33","guid":{"rendered":"http:\/\/www.clubdescollectionneursenartsvisuelsdequebec.com\/?p=8641"},"modified":"2018-06-24T17:01:05","modified_gmt":"2018-06-24T21:01:05","slug":"rene-taillefer-expose-une-retrospective","status":"publish","type":"post","link":"https:\/\/galeriebecot.com\/?p=8641","title":{"rendered":"Ren\u00e9 Taillefer expose une r\u00e9trospective de ses oeuvres."},"content":{"rendered":"<p><a href=\"https:\/\/www.galeriebecot.com\/?p=1398\"><img loading=\"lazy\" decoding=\"async\" class=\"alignnone size-full wp-image-8955\" src=\"https:\/\/www.galeriebecot.com\/wp-content\/uploads\/2018\/06\/Historique-du-clubokokok.jpg\" alt=\"\" width=\"342\" height=\"35\" srcset=\"https:\/\/galeriebecot.com\/wp-content\/uploads\/2018\/06\/Historique-du-clubokokok.jpg 342w, https:\/\/galeriebecot.com\/wp-content\/uploads\/2018\/06\/Historique-du-clubokokok-300x31.jpg 300w, https:\/\/galeriebecot.com\/wp-content\/uploads\/2018\/06\/Historique-du-clubokokok-330x35.jpg 330w\" sizes=\"auto, (max-width: 342px) 100vw, 342px\" \/><\/a><\/p>\n<p><a href=\"https:\/\/www.galeriebecot.com\/wp-content\/uploads\/2018\/06\/Taillefer.jpg\"><img loading=\"lazy\" decoding=\"async\" class=\"alignnone size-full wp-image-8860\" src=\"https:\/\/www.galeriebecot.com\/wp-content\/uploads\/2018\/06\/Taillefer.jpg\" alt=\"\" width=\"576\" height=\"428\" srcset=\"https:\/\/galeriebecot.com\/wp-content\/uploads\/2018\/06\/Taillefer.jpg 576w, https:\/\/galeriebecot.com\/wp-content\/uploads\/2018\/06\/Taillefer-300x223.jpg 300w\" sizes=\"auto, (max-width: 576px) 100vw, 576px\" \/><\/a><\/p>\n<p><a href=\"https:\/\/www.galeriebecot.com\/wp-content\/uploads\/2018\/04\/Taillefer.jpg\"><img loading=\"lazy\" decoding=\"async\" class=\"alignnone size-full wp-image-8857\" src=\"https:\/\/www.galeriebecot.com\/wp-content\/uploads\/2018\/04\/Taillefer.jpg\" alt=\"\" width=\"720\" height=\"480\" srcset=\"https:\/\/galeriebecot.com\/wp-content\/uploads\/2018\/04\/Taillefer.jpg 720w, https:\/\/galeriebecot.com\/wp-content\/uploads\/2018\/04\/Taillefer-300x200.jpg 300w\" sizes=\"auto, (max-width: 720px) 100vw, 720px\" \/><\/a><\/p>\n<p><a href=\"https:\/\/www.galeriebecot.com\/wp-content\/uploads\/2018\/06\/Rene-Taillefer-Sculpteur.jpg\"><img loading=\"lazy\" decoding=\"async\" class=\"alignnone size-full wp-image-8952\" src=\"https:\/\/www.galeriebecot.com\/wp-content\/uploads\/2018\/06\/Rene-Taillefer-Sculpteur.jpg\" alt=\"\" width=\"889\" height=\"603\" srcset=\"https:\/\/galeriebecot.com\/wp-content\/uploads\/2018\/06\/Rene-Taillefer-Sculpteur.jpg 889w, https:\/\/galeriebecot.com\/wp-content\/uploads\/2018\/06\/Rene-Taillefer-Sculpteur-300x203.jpg 300w, https:\/\/galeriebecot.com\/wp-content\/uploads\/2018\/06\/Rene-Taillefer-Sculpteur-768x521.jpg 768w\" sizes=\"auto, (max-width: 889px) 100vw, 889px\" \/><\/a><\/p>\n<p><a href=\"http:\/\/sahb.ca\/calendrier\/retrospective-de-loeuvre-de-rene-taillefer\/\"><img loading=\"lazy\" decoding=\"async\" class=\"alignnone size-large wp-image-8642\" src=\"https:\/\/www.galeriebecot.com\/wp-content\/uploads\/2018\/05\/Taillefer-1024x943.jpg\" alt=\"\" width=\"700\" height=\"645\" srcset=\"https:\/\/galeriebecot.com\/wp-content\/uploads\/2018\/05\/Taillefer-1024x943.jpg 1024w, https:\/\/galeriebecot.com\/wp-content\/uploads\/2018\/05\/Taillefer-300x276.jpg 300w, https:\/\/galeriebecot.com\/wp-content\/uploads\/2018\/05\/Taillefer-768x708.jpg 768w, https:\/\/galeriebecot.com\/wp-content\/uploads\/2018\/05\/Taillefer.jpg 1181w\" sizes=\"auto, (max-width: 700px) 100vw, 700px\" \/><\/a><\/p>\n<p>R\u00e9trospective de l&rsquo;oeuvre de Ren\u00e9 Taillefer.<\/p>\n<p>Entre l&rsquo;ordre et le chaos.<\/p>\n<p>9 juin au 28 Ao\u00fbt 2018.<\/p>\n<p>Maison Tessier-Dit-Laplante.<\/p>\n<p>Vernissage le 10 juin \u00e0 14h00.<\/p>\n<p>L&rsquo;artiste inscrit son exp\u00e9rience du temps et de l&rsquo;espace dans une d\u00e9marche qui g\u00e9n\u00e8re des formes et des installations transformables \u00e0 l&rsquo;infini, saisies entre les deux \u00e9tats de l&rsquo;ordre et du chaos.<\/p>\n<p><em>Cr\u00e9dit Photo: Serge Philippe Tremblay<\/em><\/p>\n<p><a href=\"http:\/\/www.michelparent.com\/club\/\"><img loading=\"lazy\" decoding=\"async\" class=\"alignnone size-full wp-image-8818\" src=\"https:\/\/www.galeriebecot.com\/wp-content\/uploads\/2018\/06\/Logo-inscription-1-768x64ok.jpg\" alt=\"\" width=\"657\" height=\"63\" srcset=\"https:\/\/galeriebecot.com\/wp-content\/uploads\/2018\/06\/Logo-inscription-1-768x64ok.jpg 657w, https:\/\/galeriebecot.com\/wp-content\/uploads\/2018\/06\/Logo-inscription-1-768x64ok-300x29.jpg 300w\" sizes=\"auto, (max-width: 657px) 100vw, 657px\" \/><\/a><\/p>\n","protected":false},"excerpt":{"rendered":"<p>R\u00e9trospective de l&rsquo;oeuvre de Ren\u00e9 Taillefer. Entre l&rsquo;ordre et le chaos. 9 juin au 28 Ao\u00fbt 2018. Maison Tessier-Dit-Laplante. Vernissage le 10 juin \u00e0 14h00. L&rsquo;artiste inscrit son exp\u00e9rience du&hellip; <\/p>\n","protected":false},"author":1,"featured_media":0,"comment_status":"open","ping_status":"open","sticky":false,"template":"","format":"standard","meta":{"_exactmetrics_skip_tracking":false,"_exactmetrics_sitenote_active":false,"_exactmetrics_sitenote_note":"","_exactmetrics_sitenote_category":0,"footnotes":""},"categories":[27,18,19],"tags":[34,735,6,35,2151,58,2150,1422,443,40],"class_list":["post-8641","post","type-post","status-publish","format-standard","hentry","category-artistes","category-evenement","category-vernissage","tag-andre-becot","tag-artistes","tag-club-des-collectionneurs-en-arts-visuels-de-quebec","tag-foire-en-arts-actuel","tag-maison-tessier-dit-laplante","tag-marc-bellemare-collectionneur","tag-rene-taillefer","tag-societe-dart-et-dhistoire-de-beauport","tag-ville-de-quebec","tag-visuals-arts"],"_links":{"self":[{"href":"https:\/\/galeriebecot.com\/index.php?rest_route=\/wp\/v2\/posts\/8641","targetHints":{"allow":["GET"]}}],"collection":[{"href":"https:\/\/galeriebecot.com\/index.php?rest_route=\/wp\/v2\/posts"}],"about":[{"href":"https:\/\/galeriebecot.com\/index.php?rest_route=\/wp\/v2\/types\/post"}],"author":[{"embeddable":true,"href":"https:\/\/galeriebecot.com\/index.php?rest_route=\/wp\/v2\/users\/1"}],"replies":[{"embeddable":true,"href":"https:\/\/galeriebecot.com\/index.php?rest_route=%2Fwp%2Fv2%2Fcomments&post=8641"}],"version-history":[{"count":11,"href":"https:\/\/galeriebecot.com\/index.php?rest_route=\/wp\/v2\/posts\/8641\/revisions"}],"predecessor-version":[{"id":8957,"href":"https:\/\/galeriebecot.com\/index.php?rest_route=\/wp\/v2\/posts\/8641\/revisions\/8957"}],"wp:attachment":[{"href":"https:\/\/galeriebecot.com\/index.php?rest_route=%2Fwp%2Fv2%2Fmedia&parent=8641"}],"wp:term":[{"taxonomy":"category","embeddable":true,"href":"https:\/\/galeriebecot.com\/index.php?rest_route=%2Fwp%2Fv2%2Fcategories&post=8641"},{"taxonomy":"post_tag","embeddable":true,"href":"https:\/\/galeriebecot.com\/index.php?rest_route=%2Fwp%2Fv2%2Ftags&post=8641"}],"curies":[{"name":"wp","href":"https:\/\/api.w.org\/{rel}","templated":true}]}}