{"id":8589,"date":"2018-04-24T10:32:04","date_gmt":"2018-04-24T14:32:04","guid":{"rendered":"http:\/\/www.clubdescollectionneursenartsvisuelsdequebec.com\/?p=8589"},"modified":"2018-04-24T10:36:17","modified_gmt":"2018-04-24T14:36:17","slug":"quand-les-musees-vendent-leurs-oeuvres","status":"publish","type":"post","link":"https:\/\/galeriebecot.com\/?p=8589","title":{"rendered":"Quand les mus\u00e9es vendent leurs oeuvres !"},"content":{"rendered":"<p><a href=\"https:\/\/www.galeriebecot.com\/?p=1398\"><img loading=\"lazy\" decoding=\"async\" class=\"alignnone size-full wp-image-8360\" src=\"https:\/\/www.galeriebecot.com\/wp-content\/uploads\/2018\/03\/Historique-du-clubok.jpg\" alt=\"\" width=\"540\" height=\"35\" srcset=\"https:\/\/galeriebecot.com\/wp-content\/uploads\/2018\/03\/Historique-du-clubok.jpg 540w, https:\/\/galeriebecot.com\/wp-content\/uploads\/2018\/03\/Historique-du-clubok-300x19.jpg 300w\" sizes=\"auto, (max-width: 540px) 100vw, 540px\" \/><\/a><\/p>\n<p><a href=\"http:\/\/www.michelparent.com\/club\/\"><img loading=\"lazy\" decoding=\"async\" class=\"alignnone size-large wp-image-8341\" src=\"https:\/\/www.galeriebecot.com\/wp-content\/uploads\/2018\/03\/Logo-inscription-1-1024x85.jpg\" alt=\"\" width=\"700\" height=\"58\" srcset=\"https:\/\/galeriebecot.com\/wp-content\/uploads\/2018\/03\/Logo-inscription-1-1024x85.jpg 1024w, https:\/\/galeriebecot.com\/wp-content\/uploads\/2018\/03\/Logo-inscription-1-300x25.jpg 300w, https:\/\/galeriebecot.com\/wp-content\/uploads\/2018\/03\/Logo-inscription-1-768x64.jpg 768w, https:\/\/galeriebecot.com\/wp-content\/uploads\/2018\/03\/Logo-inscription-1.jpg 1403w\" sizes=\"auto, (max-width: 700px) 100vw, 700px\" \/><\/a><\/p>\n<p><a href=\"https:\/\/www.galeriebecot.com\/wp-content\/uploads\/2018\/04\/Musee1.jpg\"><img loading=\"lazy\" decoding=\"async\" class=\"alignnone size-full wp-image-8590\" src=\"https:\/\/www.galeriebecot.com\/wp-content\/uploads\/2018\/04\/Musee1.jpg\" alt=\"\" width=\"617\" height=\"981\" srcset=\"https:\/\/galeriebecot.com\/wp-content\/uploads\/2018\/04\/Musee1.jpg 617w, https:\/\/galeriebecot.com\/wp-content\/uploads\/2018\/04\/Musee1-189x300.jpg 189w\" sizes=\"auto, (max-width: 617px) 100vw, 617px\" \/><\/a><\/p>\n<p><a href=\"https:\/\/www.galeriebecot.com\/wp-content\/uploads\/2018\/04\/Musee2a.jpg\"><img loading=\"lazy\" decoding=\"async\" class=\"alignnone size-full wp-image-8593\" src=\"https:\/\/www.galeriebecot.com\/wp-content\/uploads\/2018\/04\/Musee2a.jpg\" alt=\"\" width=\"599\" height=\"505\" srcset=\"https:\/\/galeriebecot.com\/wp-content\/uploads\/2018\/04\/Musee2a.jpg 599w, https:\/\/galeriebecot.com\/wp-content\/uploads\/2018\/04\/Musee2a-300x253.jpg 300w\" sizes=\"auto, (max-width: 599px) 100vw, 599px\" \/><\/a><\/p>\n<p><a href=\"https:\/\/www.galeriebecot.com\/wp-content\/uploads\/2018\/04\/Musee3.jpg\"><img loading=\"lazy\" decoding=\"async\" class=\"alignnone size-full wp-image-8594\" src=\"https:\/\/www.galeriebecot.com\/wp-content\/uploads\/2018\/04\/Musee3.jpg\" alt=\"\" width=\"636\" height=\"789\" srcset=\"https:\/\/galeriebecot.com\/wp-content\/uploads\/2018\/04\/Musee3.jpg 636w, https:\/\/galeriebecot.com\/wp-content\/uploads\/2018\/04\/Musee3-242x300.jpg 242w\" sizes=\"auto, (max-width: 636px) 100vw, 636px\" \/><\/a><\/p>\n<p><a href=\"https:\/\/www.galeriebecot.com\/wp-content\/uploads\/2018\/04\/musee4.jpg\"><img loading=\"lazy\" decoding=\"async\" class=\"alignnone size-full wp-image-8595\" src=\"https:\/\/www.galeriebecot.com\/wp-content\/uploads\/2018\/04\/musee4.jpg\" alt=\"\" width=\"591\" height=\"561\" srcset=\"https:\/\/galeriebecot.com\/wp-content\/uploads\/2018\/04\/musee4.jpg 591w, https:\/\/galeriebecot.com\/wp-content\/uploads\/2018\/04\/musee4-300x285.jpg 300w\" sizes=\"auto, (max-width: 591px) 100vw, 591px\" \/><\/a><\/p>\n<p>Au Canada, il n&rsquo;y a pas de r\u00e8gle concernant l&rsquo;ali\u00e9nation d&rsquo;oeuvres d&rsquo;art par les mus\u00e9es publics.<\/p>\n","protected":false},"excerpt":{"rendered":"<p>Au Canada, il n&rsquo;y a pas de r\u00e8gle concernant l&rsquo;ali\u00e9nation d&rsquo;oeuvres d&rsquo;art par les mus\u00e9es publics.<\/p>\n","protected":false},"author":1,"featured_media":0,"comment_status":"open","ping_status":"open","sticky":false,"template":"","format":"standard","meta":{"_exactmetrics_skip_tracking":false,"_exactmetrics_sitenote_active":false,"_exactmetrics_sitenote_note":"","_exactmetrics_sitenote_category":0,"footnotes":""},"categories":[20,27,29],"tags":[34,6,421,2133,58,2134,2135,1788,2136,37,40],"class_list":["post-8589","post","type-post","status-publish","format-standard","hentry","category-article-descriptif","category-artistes","category-journaux","tag-andre-becot","tag-club-des-collectionneurs-en-arts-visuels-de-quebec","tag-eric-clement","tag-la-presse","tag-marc-bellemare-collectionneur","tag-marc-chagal","tag-marc-mayer","tag-nathalie-bondil","tag-stephan-la-roche","tag-studio-becot","tag-visuals-arts"],"_links":{"self":[{"href":"https:\/\/galeriebecot.com\/index.php?rest_route=\/wp\/v2\/posts\/8589","targetHints":{"allow":["GET"]}}],"collection":[{"href":"https:\/\/galeriebecot.com\/index.php?rest_route=\/wp\/v2\/posts"}],"about":[{"href":"https:\/\/galeriebecot.com\/index.php?rest_route=\/wp\/v2\/types\/post"}],"author":[{"embeddable":true,"href":"https:\/\/galeriebecot.com\/index.php?rest_route=\/wp\/v2\/users\/1"}],"replies":[{"embeddable":true,"href":"https:\/\/galeriebecot.com\/index.php?rest_route=%2Fwp%2Fv2%2Fcomments&post=8589"}],"version-history":[{"count":4,"href":"https:\/\/galeriebecot.com\/index.php?rest_route=\/wp\/v2\/posts\/8589\/revisions"}],"predecessor-version":[{"id":8599,"href":"https:\/\/galeriebecot.com\/index.php?rest_route=\/wp\/v2\/posts\/8589\/revisions\/8599"}],"wp:attachment":[{"href":"https:\/\/galeriebecot.com\/index.php?rest_route=%2Fwp%2Fv2%2Fmedia&parent=8589"}],"wp:term":[{"taxonomy":"category","embeddable":true,"href":"https:\/\/galeriebecot.com\/index.php?rest_route=%2Fwp%2Fv2%2Fcategories&post=8589"},{"taxonomy":"post_tag","embeddable":true,"href":"https:\/\/galeriebecot.com\/index.php?rest_route=%2Fwp%2Fv2%2Ftags&post=8589"}],"curies":[{"name":"wp","href":"https:\/\/api.w.org\/{rel}","templated":true}]}}