{"id":8453,"date":"2018-04-17T12:43:54","date_gmt":"2018-04-17T16:43:54","guid":{"rendered":"http:\/\/www.clubdescollectionneursenartsvisuelsdequebec.com\/?p=8453"},"modified":"2018-04-26T16:37:41","modified_gmt":"2018-04-26T20:37:41","slug":"8453","status":"publish","type":"post","link":"https:\/\/galeriebecot.com\/?p=8453","title":{"rendered":"Exposition: Le cabinet de curiosit\u00e9s par l&rsquo;AQESAP 2018"},"content":{"rendered":"<p><a href=\"https:\/\/www.galeriebecot.com\/wp-content\/uploads\/2018\/04\/Aqesap-ensemble1.jpg\"><img loading=\"lazy\" decoding=\"async\" class=\"alignnone size-full wp-image-8499\" src=\"https:\/\/www.galeriebecot.com\/wp-content\/uploads\/2018\/04\/Aqesap-ensemble1.jpg\" alt=\"\" width=\"432\" height=\"324\" srcset=\"https:\/\/galeriebecot.com\/wp-content\/uploads\/2018\/04\/Aqesap-ensemble1.jpg 432w, https:\/\/galeriebecot.com\/wp-content\/uploads\/2018\/04\/Aqesap-ensemble1-300x225.jpg 300w\" sizes=\"auto, (max-width: 432px) 100vw, 432px\" \/><\/a><\/p>\n<p><a href=\"https:\/\/www.galeriebecot.com\/wp-content\/uploads\/2018\/04\/Aqesap-ensemble2.jpg\"><img loading=\"lazy\" decoding=\"async\" class=\"alignnone size-full wp-image-8500\" src=\"https:\/\/www.galeriebecot.com\/wp-content\/uploads\/2018\/04\/Aqesap-ensemble2.jpg\" alt=\"\" width=\"432\" height=\"324\" srcset=\"https:\/\/galeriebecot.com\/wp-content\/uploads\/2018\/04\/Aqesap-ensemble2.jpg 432w, https:\/\/galeriebecot.com\/wp-content\/uploads\/2018\/04\/Aqesap-ensemble2-300x225.jpg 300w\" sizes=\"auto, (max-width: 432px) 100vw, 432px\" \/><\/a><\/p>\n<p>Vernissage: le 14 avril 2018 dans une formule 2 \u00e0 4h.<\/p>\n<p><a href=\"https:\/\/www.galeriebecot.com\/wp-content\/uploads\/2018\/04\/Dream-crusher.jpg\"><img loading=\"lazy\" decoding=\"async\" class=\"alignnone wp-image-8502\" src=\"https:\/\/www.galeriebecot.com\/wp-content\/uploads\/2018\/04\/Dream-crusher.jpg\" alt=\"\" width=\"432\" height=\"387\" \/><\/a><\/p>\n<p>Ic\u00f4nes politiques par B\u00e9cot.<\/p>\n<p>Dream Crusher; \u00c9dition de 5<\/p>\n<p>Technique\/m\u00e9dium: Impression num\u00e9rique \u00e0 jet d&rsquo;encre pigment\u00e9, sur papier textur\u00e9 Aquarelle Arche, de qualit\u00e9 archive<\/p>\n<p>Dimensions : 46 x 61 cm<\/p>\n<p><a href=\"https:\/\/www.galeriebecot.com\/wp-content\/uploads\/2018\/04\/Fight.jpg\"><img loading=\"lazy\" decoding=\"async\" class=\"alignnone size-full wp-image-8503\" src=\"https:\/\/www.galeriebecot.com\/wp-content\/uploads\/2018\/04\/Fight.jpg\" alt=\"\" width=\"390\" height=\"486\" srcset=\"https:\/\/galeriebecot.com\/wp-content\/uploads\/2018\/04\/Fight.jpg 390w, https:\/\/galeriebecot.com\/wp-content\/uploads\/2018\/04\/Fight-241x300.jpg 241w\" sizes=\"auto, (max-width: 390px) 100vw, 390px\" \/><\/a><\/p>\n<p>Ic\u00f4nes politiques par B\u00e9cot.<\/p>\n<p>Fight:\u00a0\u00c9dition de 5<\/p>\n<p>Technique\/m\u00e9dium: Impression num\u00e9rique \u00e0 jet d&rsquo;encre pigment\u00e9, sur papier textur\u00e9 Aquarelle Arche, de qualit\u00e9 archive<\/p>\n<p>Dimensions : 61\u00a0x46 cm<\/p>\n<p><a href=\"https:\/\/www.galeriebecot.com\/wp-content\/uploads\/2018\/04\/Aqesap1-1.jpg\"><img loading=\"lazy\" decoding=\"async\" class=\"alignnone size-full wp-image-8501\" src=\"https:\/\/www.galeriebecot.com\/wp-content\/uploads\/2018\/04\/Aqesap1-1.jpg\" alt=\"\" width=\"288\" height=\"384\" srcset=\"https:\/\/galeriebecot.com\/wp-content\/uploads\/2018\/04\/Aqesap1-1.jpg 288w, https:\/\/galeriebecot.com\/wp-content\/uploads\/2018\/04\/Aqesap1-1-225x300.jpg 225w\" sizes=\"auto, (max-width: 288px) 100vw, 288px\" \/><\/a><\/p>\n<p><a href=\"https:\/\/www.galeriebecot.com\/wp-content\/uploads\/2018\/04\/Aqesap1.jpg\"><img loading=\"lazy\" decoding=\"async\" class=\"alignnone size-full wp-image-8454\" src=\"https:\/\/www.galeriebecot.com\/wp-content\/uploads\/2018\/04\/Aqesap1.jpg\" alt=\"\" width=\"840\" height=\"733\" srcset=\"https:\/\/galeriebecot.com\/wp-content\/uploads\/2018\/04\/Aqesap1.jpg 840w, https:\/\/galeriebecot.com\/wp-content\/uploads\/2018\/04\/Aqesap1-300x262.jpg 300w, https:\/\/galeriebecot.com\/wp-content\/uploads\/2018\/04\/Aqesap1-768x670.jpg 768w\" sizes=\"auto, (max-width: 840px) 100vw, 840px\" \/><\/a><\/p>\n<p><a href=\"http:\/\/www.accesculture.com\/activite\/Biennale_de_l_AQESAP___Cabinet_des_curiosites\"><img loading=\"lazy\" decoding=\"async\" class=\"alignnone size-full wp-image-8455\" src=\"https:\/\/www.galeriebecot.com\/wp-content\/uploads\/2018\/04\/Aqesap2.jpg\" alt=\"\" width=\"854\" height=\"321\" srcset=\"https:\/\/galeriebecot.com\/wp-content\/uploads\/2018\/04\/Aqesap2.jpg 854w, https:\/\/galeriebecot.com\/wp-content\/uploads\/2018\/04\/Aqesap2-300x113.jpg 300w, https:\/\/galeriebecot.com\/wp-content\/uploads\/2018\/04\/Aqesap2-768x289.jpg 768w\" sizes=\"auto, (max-width: 854px) 100vw, 854px\" \/><\/a><\/p>\n<p>Exposition des membres de l&rsquo;AQESAP.<\/p>\n<p>Du 14 avril au 20 mai 2018.<\/p>\n<p>Vernissage le 14 avril de 14h \u00e0 16h.<\/p>\n<p>Maison de la culture Mercier.<\/p>\n<p>8105, rue Hochelaga Montr\u00e9al.<\/p>\n<p>Bienvenue \u00e0 tous !<\/p>\n<p><a href=\"http:\/\/www.accesculture.com\/activite\/Biennale_de_l_AQESAP___Cabinet_des_curiosites\"><img loading=\"lazy\" decoding=\"async\" class=\"alignnone size-large wp-image-8464\" src=\"https:\/\/www.galeriebecot.com\/wp-content\/uploads\/2018\/04\/Aquesap6-1024x380.jpg\" alt=\"\" width=\"700\" height=\"260\" srcset=\"https:\/\/galeriebecot.com\/wp-content\/uploads\/2018\/04\/Aquesap6-1024x380.jpg 1024w, https:\/\/galeriebecot.com\/wp-content\/uploads\/2018\/04\/Aquesap6-300x111.jpg 300w, https:\/\/galeriebecot.com\/wp-content\/uploads\/2018\/04\/Aquesap6-768x285.jpg 768w, https:\/\/galeriebecot.com\/wp-content\/uploads\/2018\/04\/Aquesap6.jpg 1318w\" sizes=\"auto, (max-width: 700px) 100vw, 700px\" \/><\/a><\/p>\n<p>&nbsp;<\/p>\n<p><a href=\"http:\/\/www.accesculture.com\/activite\/Biennale_de_l_AQESAP___Cabinet_des_curiosites\"><img loading=\"lazy\" decoding=\"async\" class=\"alignnone size-full wp-image-8459\" src=\"https:\/\/www.galeriebecot.com\/wp-content\/uploads\/2018\/04\/Aqesap5.jpg\" alt=\"\" width=\"584\" height=\"524\" srcset=\"https:\/\/galeriebecot.com\/wp-content\/uploads\/2018\/04\/Aqesap5.jpg 584w, https:\/\/galeriebecot.com\/wp-content\/uploads\/2018\/04\/Aqesap5-300x269.jpg 300w\" sizes=\"auto, (max-width: 584px) 100vw, 584px\" \/><\/a><\/p>\n<p><a href=\"https:\/\/www.galeriebecot.com\/wp-content\/uploads\/2018\/04\/Aqesap3.jpg\"><img loading=\"lazy\" decoding=\"async\" class=\"alignnone size-full wp-image-8456\" src=\"https:\/\/www.galeriebecot.com\/wp-content\/uploads\/2018\/04\/Aqesap3.jpg\" alt=\"\" width=\"347\" height=\"441\" srcset=\"https:\/\/galeriebecot.com\/wp-content\/uploads\/2018\/04\/Aqesap3.jpg 347w, https:\/\/galeriebecot.com\/wp-content\/uploads\/2018\/04\/Aqesap3-236x300.jpg 236w\" sizes=\"auto, (max-width: 347px) 100vw, 347px\" \/><\/a><\/p>\n<p><a href=\"https:\/\/www.galeriebecot.com\/wp-content\/uploads\/2018\/04\/Aqesap44-1.jpg\"><img loading=\"lazy\" decoding=\"async\" class=\"alignnone size-full wp-image-8470\" src=\"https:\/\/www.galeriebecot.com\/wp-content\/uploads\/2018\/04\/Aqesap44-1.jpg\" alt=\"\" width=\"279\" height=\"204\" \/><\/a><\/p>\n","protected":false},"excerpt":{"rendered":"<p>Vernissage: le 14 avril 2018 dans une formule 2 \u00e0 4h. Ic\u00f4nes politiques par B\u00e9cot. Dream Crusher; \u00c9dition de 5 Technique\/m\u00e9dium: Impression num\u00e9rique \u00e0 jet d&rsquo;encre pigment\u00e9, sur papier textur\u00e9&hellip; <\/p>\n","protected":false},"author":1,"featured_media":0,"comment_status":"open","ping_status":"open","sticky":false,"template":"","format":"standard","meta":{"_exactmetrics_skip_tracking":false,"_exactmetrics_sitenote_active":false,"_exactmetrics_sitenote_note":"","_exactmetrics_sitenote_category":0,"footnotes":""},"categories":[27,18,19],"tags":[2090,34,2105,2108,735,2089,6,2099,2098,2096,2095,2093,2106,2088,58,2097,2091,2102,2092,2094,2103,2100,2104,2107,37,2101,2109,40],"class_list":["post-8453","post","type-post","status-publish","format-standard","hentry","category-artistes","category-evenement","category-vernissage","tag-amelie-bernard","tag-andre-becot","tag-annie-poyet","tag-aqesap","tag-artistes","tag-christiane-arbour","tag-club-des-collectionneurs-en-arts-visuels-de-quebec","tag-dominique-lauzon","tag-fabrice-landry","tag-genevieve-gingras","tag-gilbert-gosselin","tag-guylaine-cloutier","tag-johanne-proulx","tag-maison-de-la-culture-mercier","tag-marc-bellemare-collectionneur","tag-marc-laforest","tag-mariana-byington-v-lins","tag-martine-narreault","tag-michelle-castegnier","tag-mireille-galipeau","tag-nadia-nadege","tag-nadine-legendre","tag-pierre-pepin","tag-roger-thiffault","tag-studio-becot","tag-veronique-lesperence","tag-vie-des-arts-60-ans","tag-visuals-arts"],"_links":{"self":[{"href":"https:\/\/galeriebecot.com\/index.php?rest_route=\/wp\/v2\/posts\/8453","targetHints":{"allow":["GET"]}}],"collection":[{"href":"https:\/\/galeriebecot.com\/index.php?rest_route=\/wp\/v2\/posts"}],"about":[{"href":"https:\/\/galeriebecot.com\/index.php?rest_route=\/wp\/v2\/types\/post"}],"author":[{"embeddable":true,"href":"https:\/\/galeriebecot.com\/index.php?rest_route=\/wp\/v2\/users\/1"}],"replies":[{"embeddable":true,"href":"https:\/\/galeriebecot.com\/index.php?rest_route=%2Fwp%2Fv2%2Fcomments&post=8453"}],"version-history":[{"count":16,"href":"https:\/\/galeriebecot.com\/index.php?rest_route=\/wp\/v2\/posts\/8453\/revisions"}],"predecessor-version":[{"id":8506,"href":"https:\/\/galeriebecot.com\/index.php?rest_route=\/wp\/v2\/posts\/8453\/revisions\/8506"}],"wp:attachment":[{"href":"https:\/\/galeriebecot.com\/index.php?rest_route=%2Fwp%2Fv2%2Fmedia&parent=8453"}],"wp:term":[{"taxonomy":"category","embeddable":true,"href":"https:\/\/galeriebecot.com\/index.php?rest_route=%2Fwp%2Fv2%2Fcategories&post=8453"},{"taxonomy":"post_tag","embeddable":true,"href":"https:\/\/galeriebecot.com\/index.php?rest_route=%2Fwp%2Fv2%2Ftags&post=8453"}],"curies":[{"name":"wp","href":"https:\/\/api.w.org\/{rel}","templated":true}]}}