{"id":8432,"date":"2022-04-29T12:40:00","date_gmt":"2022-04-29T16:40:00","guid":{"rendered":"http:\/\/www.clubdescollectionneursenartsvisuelsdequebec.com\/?p=8432"},"modified":"2023-05-18T18:05:23","modified_gmt":"2023-05-18T22:05:23","slug":"jonathan-watkins-prend-la-barre-de-manif-dart-9","status":"publish","type":"post","link":"https:\/\/galeriebecot.com\/?p=8432","title":{"rendered":"Galerie B\u00e9cot , satellite de Manif d&rsquo;art 10\/ Biennale de Qu\u00e9bec.( F\u00e9vrier \u00e0 Avril  2022)"},"content":{"rendered":"\n<p class=\"wp-block-paragraph\">Les illusions sont r\u00e9elles.Manif d&rsquo;art 10. La biennale de Qu\u00e9bec. Une programmation \u00e9poustouflante, comprenant entre autre La Galerie B\u00e9cot (satellite ) Bienvenue \u00e0 tous !<\/p>\n\n\n\n<figure class=\"wp-block-image size-large\"><a href=\"https:\/\/www.galeriebecot.com\/wp-content\/uploads\/2022\/03\/Collectif-222-noms-2048x809-1.jpg\"><img loading=\"lazy\" decoding=\"async\" width=\"1024\" height=\"405\" src=\"https:\/\/www.galeriebecot.com\/wp-content\/uploads\/2022\/03\/Collectif-222-noms-2048x809-1-1024x405.jpg\" alt=\"\" class=\"wp-image-15970\" srcset=\"https:\/\/galeriebecot.com\/wp-content\/uploads\/2022\/03\/Collectif-222-noms-2048x809-1-1024x405.jpg 1024w, https:\/\/galeriebecot.com\/wp-content\/uploads\/2022\/03\/Collectif-222-noms-2048x809-1-300x119.jpg 300w, https:\/\/galeriebecot.com\/wp-content\/uploads\/2022\/03\/Collectif-222-noms-2048x809-1-768x303.jpg 768w, https:\/\/galeriebecot.com\/wp-content\/uploads\/2022\/03\/Collectif-222-noms-2048x809-1-1536x607.jpg 1536w, https:\/\/galeriebecot.com\/wp-content\/uploads\/2022\/03\/Collectif-222-noms-2048x809-1.jpg 2048w\" sizes=\"auto, (max-width: 1024px) 100vw, 1024px\" \/><\/a><\/figure>\n\n\n\n<figure class=\"wp-block-image size-large\"><a href=\"https:\/\/my.matterport.com\/show\/?m=8WUykMSXtqG&amp;fbclid=IwAR0DT3TWTo1vTLBB3KCQxspV2EsEu4Suhl3qYQusm6ROBhr32hZR2STp3sY\"><img loading=\"lazy\" decoding=\"async\" width=\"1024\" height=\"599\" src=\"https:\/\/www.galeriebecot.com\/wp-content\/uploads\/2022\/03\/Collectif-2-virtuel-1024x599.jpg\" alt=\"\" class=\"wp-image-15944\" srcset=\"https:\/\/galeriebecot.com\/wp-content\/uploads\/2022\/03\/Collectif-2-virtuel-1024x599.jpg 1024w, https:\/\/galeriebecot.com\/wp-content\/uploads\/2022\/03\/Collectif-2-virtuel-300x175.jpg 300w, https:\/\/galeriebecot.com\/wp-content\/uploads\/2022\/03\/Collectif-2-virtuel-768x449.jpg 768w, https:\/\/galeriebecot.com\/wp-content\/uploads\/2022\/03\/Collectif-2-virtuel.jpg 1397w\" sizes=\"auto, (max-width: 1024px) 100vw, 1024px\" \/><\/a><figcaption>Les oeuvres de gauche \u00e0 droite : France <strong>McNeil<\/strong>, JP <strong>Audet<\/strong>, Peter <strong>Gnass<\/strong>, H\u00e9l\u00e8ne <strong>Larouche<\/strong>, Marie D. <strong>Rouleau<\/strong><br><em>Cr\u00e9dit Photo: Serge philippe <strong>Tremblay<\/strong><\/em>                                                                           <em> Visite virtuelle : Andr\u00e9 <strong>Tremblay<\/strong><\/em><\/figcaption><\/figure>\n\n\n\n<p class=\"wp-block-paragraph\">Marie-Dominique<a href=\"https:\/\/mariedominiquerouleau.wordpress.com\"> <strong>Rouleau<\/strong><\/a>, Jean-Yves <strong><a href=\"https:\/\/www.metiersdart.ca\/repertoire_artisan.php?cid=745\">Richard<\/a><\/strong>, Serge philippe<a href=\"https:\/\/www.galeriebecot.com\/?p=10162\"> <strong>Tremblay<\/strong><\/a>, J.P. <strong><a href=\"https:\/\/www.facebook.com\/Jean-Philip-Audet-artiste-visuel-102746124974121\/\">Audet<\/a><\/strong>, Gilbert <strong><a href=\"https:\/\/www.enbeauce.com\/actualites\/culturel\/40157\/des-expositions-rafraichissantes-au-moulin-la-lorraine\">S\u00e9vigny<\/a><\/strong>, <\/p>\n\n\n\n<p class=\"wp-block-paragraph\">Jean<strong> <a href=\"https:\/\/www.instagram.com\/jeangauthier331\/?hl=fr\">Gauthier<\/a>,<\/strong> France<strong> <\/strong><a href=\"https:\/\/www.francemcneil.com\"><strong>McNeil<\/strong>,<\/a> Peter <strong><a href=\"https:\/\/www.petergnass.com\/bio\">Gnass<\/a><\/strong>, Marie <strong><a href=\"https:\/\/www.marieplante.com\">Plante<\/a><\/strong>, Kl\u00f6dy <strong><a href=\"https:\/\/www.facebook.com\/klodyt\/\">Tremblay<\/a>,<\/strong> H\u00e9l\u00e8ne <strong><a href=\"https:\/\/www.galeriebecot.com\/?p=2352\">Larouche<\/a><\/strong>, Viviane <a href=\"http:\/\/www.vivianegruais.com\"><strong>Gruais<\/strong>, <\/a><\/p>\n\n\n\n<p class=\"wp-block-paragraph\">C\u00e9line G <strong><a href=\"https:\/\/www.facebook.com\/cglapointe\">Lapointe<\/a><\/strong>, Michel<strong> <a href=\"https:\/\/www.michelgroleau.com\">Groleau<\/a><\/strong>, Carol <strong><a href=\"https:\/\/www.carolpoulinartiste.com\">Poulin<\/a><\/strong>, Pierre <strong><a href=\"http:\/\/lalumiere.drpierrepepin.com\">P\u00e9pin<\/a><\/strong>, Andr\u00e9 <strong><a href=\"https:\/\/www.galeriebecot.com\/?author=1\">B\u00e9cot<\/a><\/strong>, Guy <strong><a href=\"https:\/\/www.galeriebecot.com\/?p=13252\">Royer<\/a><\/strong>, Michel<a href=\"https:\/\/www.facebook.com\/profile.php?id=100075717181012&amp;sk=photos\"> <strong>Raymond<\/strong><\/a><strong>,<\/strong> <\/p>\n\n\n\n<p class=\"wp-block-paragraph\">Marie <strong><a href=\"https:\/\/www.galeriebecot.com\/?p=11196\">\u00c9mond<\/a>,<\/strong> Philippe<strong> <a href=\"https:\/\/www.pallafray.com\">Pallafray<\/a><\/strong>, Don <strong><a href=\"https:\/\/galerielacerte.com\/fr\/project\/darby-don\/\">Darby<\/a>,<\/strong> Alain<strong> <\/strong><a href=\"https:\/\/www.leblond.biz\/copie-de-l-art-d-alain-leblond\"><strong>LeBlond<\/strong>,<\/a> Th\u00e9r\u00e8se <strong><a href=\"https:\/\/www.galeriebecot.com\/?p=3561\">Casavent<\/a><\/strong>, Colette<strong> <a href=\"https:\/\/colettematte.com\/Bienvenue\/\">Matte<\/a><\/strong>, Gilles<a href=\"xhttp:\/\/monsaintroch.com\/2017\/femmes-jusquau-9-mai-a-lespace-galerie-sherpa\/\"> <strong>B\u00e9rub\u00e9<\/strong>,<\/a><\/p>\n\n\n\n<p class=\"wp-block-paragraph\">Jocelyn <a href=\"http:\/\/jocelyngasse.com\"><strong>Gasse<\/strong>,<\/a> <strong><a href=\"https:\/\/www.galeriebecot.com\/?p=15498\">Barto<\/a><\/strong>, Jean <strong><a href=\"http:\/\/www.jstgartistepeintre.ca\">Saint-Germain<\/a><\/strong>, Jean <a href=\"https:\/\/www.communication-jeunesse.qc.ca\/createurs\/berneche-jean\/\">Bern\u00e8che.<\/a><\/p>\n\n\n\n<figure class=\"wp-block-image size-large\"><a href=\"https:\/\/www.galeriebecot.com\/wp-content\/uploads\/2022\/04\/Galerie-Becot-3-avril-2022.jpg\"><img loading=\"lazy\" decoding=\"async\" width=\"1024\" height=\"674\" src=\"https:\/\/www.galeriebecot.com\/wp-content\/uploads\/2022\/04\/Galerie-Becot-3-avril-2022-1024x674.jpg\" alt=\"\" class=\"wp-image-16005\" srcset=\"https:\/\/galeriebecot.com\/wp-content\/uploads\/2022\/04\/Galerie-Becot-3-avril-2022-1024x674.jpg 1024w, https:\/\/galeriebecot.com\/wp-content\/uploads\/2022\/04\/Galerie-Becot-3-avril-2022-300x198.jpg 300w, https:\/\/galeriebecot.com\/wp-content\/uploads\/2022\/04\/Galerie-Becot-3-avril-2022-768x506.jpg 768w, https:\/\/galeriebecot.com\/wp-content\/uploads\/2022\/04\/Galerie-Becot-3-avril-2022.jpg 1440w\" sizes=\"auto, (max-width: 1024px) 100vw, 1024px\" \/><\/a><\/figure>\n\n\n\n<figure class=\"wp-block-image size-large\"><a href=\"https:\/\/www.facebook.com\/100000351933898\/videos\/647950859654117\/\"><img loading=\"lazy\" decoding=\"async\" width=\"1024\" height=\"562\" src=\"https:\/\/www.galeriebecot.com\/wp-content\/uploads\/2022\/04\/Barto-1024x562.jpg\" alt=\"\" class=\"wp-image-16016\" srcset=\"https:\/\/galeriebecot.com\/wp-content\/uploads\/2022\/04\/Barto-1024x562.jpg 1024w, https:\/\/galeriebecot.com\/wp-content\/uploads\/2022\/04\/Barto-300x165.jpg 300w, https:\/\/galeriebecot.com\/wp-content\/uploads\/2022\/04\/Barto-768x421.jpg 768w, https:\/\/galeriebecot.com\/wp-content\/uploads\/2022\/04\/Barto.jpg 1256w\" sizes=\"auto, (max-width: 1024px) 100vw, 1024px\" \/><\/a><\/figure>\n\n\n\n<div class=\"wp-block-media-text alignwide is-stacked-on-mobile is-vertically-aligned-bottom\"><figure class=\"wp-block-media-text__media\"><img loading=\"lazy\" decoding=\"async\" width=\"720\" height=\"719\" src=\"https:\/\/www.galeriebecot.com\/wp-content\/uploads\/2022\/03\/Becot-Manif10-Illusion-1.gif\" alt=\"\" class=\"wp-image-15952 size-full\"\/><\/figure><div class=\"wp-block-media-text__content\">\n<p class=\"has-large-font-size wp-block-paragraph\"><\/p>\n<\/div><\/div>\n\n\n\n<p class=\"has-text-align-left has-normal-font-size wp-block-paragraph\">Oeuvre de Andr\u00e9<strong> B\u00e9cot<\/strong> , <em>2<\/em>022<\/p>\n\n\n\n<p class=\"has-text-align-left has-medium-font-size wp-block-paragraph\"><strong>Agrezzion<\/strong><\/p>\n\n\n\n<p class=\"has-text-align-left has-normal-font-size wp-block-paragraph\">Bois, plastique, \u00e9lectronique et acrylique sur panneau de bois.<\/p>\n\n\n\n<p class=\"has-text-align-left has-normal-font-size wp-block-paragraph\">48 x 48 pouces<\/p>\n\n\n\n<p class=\"wp-block-paragraph\"><em>Une <strong>guerre d&rsquo;agression parfois appel\u00e9e guerre de conqu\u00eate<\/strong>, est un conflit militaire qui n&rsquo;est pas justifi\u00e9 par l&rsquo;autod\u00e9fense et qui a pour objectif l&rsquo;expansion territoriale et la domination des populations.<\/em><\/p>\n\n\n\n<figure class=\"wp-block-image size-full\"><a href=\"https:\/\/www.galeriebecot.com\/wp-content\/uploads\/2023\/05\/Becot-OK1.jpg\"><img loading=\"lazy\" decoding=\"async\" width=\"791\" height=\"757\" src=\"https:\/\/www.galeriebecot.com\/wp-content\/uploads\/2023\/05\/Becot-OK1.jpg\" alt=\"\" class=\"wp-image-17453\" srcset=\"https:\/\/galeriebecot.com\/wp-content\/uploads\/2023\/05\/Becot-OK1.jpg 791w, https:\/\/galeriebecot.com\/wp-content\/uploads\/2023\/05\/Becot-OK1-300x287.jpg 300w, https:\/\/galeriebecot.com\/wp-content\/uploads\/2023\/05\/Becot-OK1-768x735.jpg 768w\" sizes=\"auto, (max-width: 791px) 100vw, 791px\" \/><\/a><\/figure>\n\n\n\n<figure class=\"wp-block-image size-large\"><a href=\"https:\/\/my.matterport.com\/show\/?m=pD4893KBzcd\"><img loading=\"lazy\" decoding=\"async\" width=\"1024\" height=\"984\" src=\"https:\/\/www.galeriebecot.com\/wp-content\/uploads\/2022\/03\/Galeriebecot-carte-1024x984.jpg\" alt=\"\" class=\"wp-image-15928\" srcset=\"https:\/\/galeriebecot.com\/wp-content\/uploads\/2022\/03\/Galeriebecot-carte-1024x984.jpg 1024w, https:\/\/galeriebecot.com\/wp-content\/uploads\/2022\/03\/Galeriebecot-carte-300x288.jpg 300w, https:\/\/galeriebecot.com\/wp-content\/uploads\/2022\/03\/Galeriebecot-carte-768x738.jpg 768w, https:\/\/galeriebecot.com\/wp-content\/uploads\/2022\/03\/Galeriebecot-carte-1536x1476.jpg 1536w, https:\/\/galeriebecot.com\/wp-content\/uploads\/2022\/03\/Galeriebecot-carte.jpg 1623w\" sizes=\"auto, (max-width: 1024px) 100vw, 1024px\" \/><\/a><\/figure>\n\n\n\n<div class=\"wp-block-file\"><a href=\"https:\/\/www.galeriebecot.com\/wp-content\/uploads\/2022\/03\/Becot-Manif10-Illusion.gif\">Becot-Manif10-Illusion<\/a><a href=\"https:\/\/www.galeriebecot.com\/wp-content\/uploads\/2022\/03\/Becot-Manif10-Illusion.gif\" class=\"wp-block-file__button\" download>T\u00e9l\u00e9charger<\/a><\/div>\n\n\n\n<figure class=\"wp-block-image size-large\"><a href=\"https:\/\/manifdart.org\/activites-satellites\/\"><img loading=\"lazy\" decoding=\"async\" width=\"1024\" height=\"817\" src=\"https:\/\/www.galeriebecot.com\/wp-content\/uploads\/2022\/03\/Lune-OK-1024x817.jpg\" alt=\"\" class=\"wp-image-15930\" srcset=\"https:\/\/galeriebecot.com\/wp-content\/uploads\/2022\/03\/Lune-OK-1024x817.jpg 1024w, https:\/\/galeriebecot.com\/wp-content\/uploads\/2022\/03\/Lune-OK-300x239.jpg 300w, https:\/\/galeriebecot.com\/wp-content\/uploads\/2022\/03\/Lune-OK-768x613.jpg 768w, https:\/\/galeriebecot.com\/wp-content\/uploads\/2022\/03\/Lune-OK-1536x1226.jpg 1536w, https:\/\/galeriebecot.com\/wp-content\/uploads\/2022\/03\/Lune-OK-2048x1635.jpg 2048w\" sizes=\"auto, (max-width: 1024px) 100vw, 1024px\" \/><\/a><\/figure>\n\n\n\n<figure class=\"wp-block-image size-large\"><a href=\"https:\/\/my.matterport.com\/show\/?m=pD4893KBzcd\"><img loading=\"lazy\" decoding=\"async\" width=\"1024\" height=\"649\" src=\"https:\/\/www.galeriebecot.com\/wp-content\/uploads\/2022\/02\/Visiute-virtuelle-Manif-dart-10_1-1024x649.jpg\" alt=\"\" class=\"wp-image-15847\" srcset=\"https:\/\/galeriebecot.com\/wp-content\/uploads\/2022\/02\/Visiute-virtuelle-Manif-dart-10_1-1024x649.jpg 1024w, https:\/\/galeriebecot.com\/wp-content\/uploads\/2022\/02\/Visiute-virtuelle-Manif-dart-10_1-300x190.jpg 300w, https:\/\/galeriebecot.com\/wp-content\/uploads\/2022\/02\/Visiute-virtuelle-Manif-dart-10_1-768x487.jpg 768w, https:\/\/galeriebecot.com\/wp-content\/uploads\/2022\/02\/Visiute-virtuelle-Manif-dart-10_1.jpg 1440w\" sizes=\"auto, (max-width: 1024px) 100vw, 1024px\" \/><\/a><\/figure>\n\n\n\n<figure class=\"wp-block-image size-large\"><a href=\"https:\/\/www.galeriebecot.com\/wp-content\/uploads\/2022\/04\/Klody.jpg\"><img loading=\"lazy\" decoding=\"async\" width=\"1024\" height=\"767\" src=\"https:\/\/www.galeriebecot.com\/wp-content\/uploads\/2022\/04\/Klody-1024x767.jpg\" alt=\"\" class=\"wp-image-16007\" srcset=\"https:\/\/galeriebecot.com\/wp-content\/uploads\/2022\/04\/Klody-1024x767.jpg 1024w, https:\/\/galeriebecot.com\/wp-content\/uploads\/2022\/04\/Klody-300x225.jpg 300w, https:\/\/galeriebecot.com\/wp-content\/uploads\/2022\/04\/Klody-768x575.jpg 768w, https:\/\/galeriebecot.com\/wp-content\/uploads\/2022\/04\/Klody.jpg 1440w\" sizes=\"auto, (max-width: 1024px) 100vw, 1024px\" \/><\/a><\/figure>\n\n\n\n<figure class=\"wp-block-image size-large\"><a href=\"https:\/\/manifdart.org\/activites-satellites\/\"><img loading=\"lazy\" decoding=\"async\" width=\"1024\" height=\"673\" src=\"https:\/\/www.galeriebecot.com\/wp-content\/uploads\/2022\/02\/Satellite-clik-1024x673.jpg\" alt=\"\" class=\"wp-image-15898\" srcset=\"https:\/\/galeriebecot.com\/wp-content\/uploads\/2022\/02\/Satellite-clik-1024x673.jpg 1024w, https:\/\/galeriebecot.com\/wp-content\/uploads\/2022\/02\/Satellite-clik-300x197.jpg 300w, https:\/\/galeriebecot.com\/wp-content\/uploads\/2022\/02\/Satellite-clik-768x504.jpg 768w, https:\/\/galeriebecot.com\/wp-content\/uploads\/2022\/02\/Satellite-clik.jpg 1055w\" sizes=\"auto, (max-width: 1024px) 100vw, 1024px\" \/><\/a><\/figure>\n\n\n\n<figure class=\"wp-block-image size-full\"><a href=\"https:\/\/www.galeriebecot.com\/wp-content\/uploads\/2022\/02\/Liens-1-1.jpg\"><img loading=\"lazy\" decoding=\"async\" width=\"36\" height=\"38\" src=\"https:\/\/www.galeriebecot.com\/wp-content\/uploads\/2022\/02\/Liens-1-1.jpg\" alt=\"\" class=\"wp-image-15911\"\/><\/a><figcaption>Un click sur le nom de l&rsquo;artiste ci-dessous,  pour le rejoindre dans son univers.<\/figcaption><\/figure>\n\n\n\n<p class=\"wp-block-paragraph\"><a href=\"http:\/\/www.gabrielledumont.com\/fr\/index.html\">Gabrielle Dumont,<\/a> <a href=\"https:\/\/www.sylviegrondin.com\">Sylvie Grondin<\/a>, <a href=\"https:\/\/cglapointe.wixsite.com\/cglapointe\">C\u00e9line G.Lapointe<\/a>, <a href=\"https:\/\/www.marierioux.net\">Marie Rioux<\/a>, <a href=\"https:\/\/www.artmajeur.com\/renaldbrisebois\">Renald Brisebois<\/a> ,<a href=\"https:\/\/galerielacerte.com\/fr\/project\/darby-don\/\">Don Darby<\/a>, <a href=\"https:\/\/mbouchard777.wixsite.com\/martinbouchard\">Martin Bouchard<\/a>, <a href=\"https:\/\/www.youtube.com\/watch?v=IpraqwbErlY\">Chantal Jane Garan<\/a>t, <a href=\"https:\/\/www.facebook.com\/carole.turgeon.180\">Carole Turgeon<\/a>,<a href=\"http:\/\/www.isabelledeblois.com\"> Isabelle DeBlois<\/a>, <a href=\"https:\/\/www.francemcneil.com\">France McNeil<\/a>, <a href=\"https:\/\/www.artblr.com\/klodytremblay\/fr\">Kl\u00f6dy Tremblay<\/a>, <a href=\"http:\/\/monsaintroch.com\/2017\/femmes-jusquau-9-mai-a-lespace-galerie-sherpa\/\">Gilles B\u00e9rub\u00e9<\/a>, <a href=\"https:\/\/www.galeriebecot.com\/?p=7698\">J\u00e9r\u00f4me Morissette<\/a>, <a href=\"https:\/\/www.quebechebdo.com\/culture\/182545\/revelations-sur-le-vitrail-cet-art-de-lumiere\/\">Jean-Yves Richard<\/a>, <a href=\"https:\/\/chez-alfred-pellan.com\/artistes-membres\/suzanne-cayer\/\">Suzanne Cayer<\/a>, <a href=\"https:\/\/kirkovcreative.com\/fr\/a-propos\/\">Kirkov<\/a>, <a href=\"https:\/\/www.lecharlevoisien.com\/2018\/08\/25\/conrad-paradis-dit-pibo-expose-a-la-bibliotheque-de-la-malbaie\/\">Pibo<\/a>, <a href=\"http:\/\/www.marsanl.com\">Lise Marsan<\/a>, <a href=\"http:\/\/lalumiere.drpierrepepin.com\">Pierre P\u00e9pin<\/a> , <a href=\"https:\/\/www.pallafray.com\">Philippe Pallafray<\/a>, <a href=\"https:\/\/michelparent.com\/celluleka\/manif\/artistes-manif.php?tile=35\">Suzette Patry<\/a><\/p>\n\n\n\n<figure class=\"wp-block-image size-large\"><a href=\"https:\/\/www.galeriebecot.com\/wp-content\/uploads\/2022\/02\/Groupe1.jpg\"><img loading=\"lazy\" decoding=\"async\" width=\"1024\" height=\"646\" src=\"https:\/\/www.galeriebecot.com\/wp-content\/uploads\/2022\/02\/Groupe1-1024x646.jpg\" alt=\"\" class=\"wp-image-15851\" srcset=\"https:\/\/galeriebecot.com\/wp-content\/uploads\/2022\/02\/Groupe1-1024x646.jpg 1024w, https:\/\/galeriebecot.com\/wp-content\/uploads\/2022\/02\/Groupe1-300x189.jpg 300w, https:\/\/galeriebecot.com\/wp-content\/uploads\/2022\/02\/Groupe1-768x484.jpg 768w, https:\/\/galeriebecot.com\/wp-content\/uploads\/2022\/02\/Groupe1.jpg 1440w\" sizes=\"auto, (max-width: 1024px) 100vw, 1024px\" \/><\/a><figcaption>Vernissage du 17 f\u00e9vrier 2022 , Galerie B\u00e9cot, Satellite de la manif d&rsquo;Art 10, Collectif 1<\/figcaption><\/figure>\n\n\n\n<p class=\"wp-block-paragraph\">Vernissage du 17 f\u00e9vrier 2022<\/p>\n\n\n\n<p class=\"wp-block-paragraph\">1 _ <a href=\"https:\/\/www.artistesduquebec.ca\">Yvon Gagner, directeur ( <em>Artistes de l&rsquo;objet d&rsquo;art du Qu\u00e9bec<\/em> )<\/a><\/p>\n\n\n\n<p class=\"wp-block-paragraph\">2 _<a href=\"https:\/\/artistepeintrechristinegenest.com\/renald-brisebois-2\/\"> Renald Brisebois ( <em>Artiste<\/em>)<\/a><\/p>\n\n\n\n<p class=\"wp-block-paragraph\">3 _ <a href=\"https:\/\/www.motsentoile.ca\">Jean Bergeron ( directeur, <em>\u00c9ditions Mots en toile <\/em>)<\/a> <strong><em>Comprendre l&rsquo;art contemporain<\/em><\/strong><\/p>\n\n\n\n<p class=\"wp-block-paragraph\">4 _  Andr\u00e9 B\u00e9cot ( Galerie B\u00e9cot )<\/p>\n\n\n\n<p class=\"wp-block-paragraph\">5 _  <a href=\"https:\/\/www.facebook.com\/celluleka\/\">Michel Parent ( <em>Directeur Cellule K\u00e4<\/em>)<\/a><\/p>\n\n\n\n<p class=\"wp-block-paragraph\"><\/p>\n\n\n\n<p class=\"wp-block-paragraph\"><a href=\"https:\/\/www.lafabriqueculturelle.tv\/capsules\/11639\/l-homme-qui-fait-parler-les-toiles-carol-poulin\"><strong>Carol Poulin, L\u2019homme-qui-fait-parler-les-toiles-<\/strong><\/a><\/p>\n\n\n\n<figure class=\"wp-block-image size-large\"><a href=\"https:\/\/www.lafabriqueculturelle.tv\/capsules\/11639\/l-homme-qui-fait-parler-les-toiles-carol-poulin\"><img loading=\"lazy\" decoding=\"async\" width=\"1024\" height=\"575\" src=\"https:\/\/www.galeriebecot.com\/wp-content\/uploads\/2022\/02\/Becot-Poulin-1024x575.jpg\" alt=\"\" class=\"wp-image-15921\" srcset=\"https:\/\/galeriebecot.com\/wp-content\/uploads\/2022\/02\/Becot-Poulin-1024x575.jpg 1024w, https:\/\/galeriebecot.com\/wp-content\/uploads\/2022\/02\/Becot-Poulin-300x168.jpg 300w, https:\/\/galeriebecot.com\/wp-content\/uploads\/2022\/02\/Becot-Poulin-768x431.jpg 768w, https:\/\/galeriebecot.com\/wp-content\/uploads\/2022\/02\/Becot-Poulin.jpg 1440w\" sizes=\"auto, (max-width: 1024px) 100vw, 1024px\" \/><\/a><\/figure>\n\n\n\n<figure class=\"wp-block-image size-large\"><a href=\"http:\/\/www.droitdeparole.org\/2022\/02\/la-galerie-becot-cinq-decennies-dart\/?fbclid=IwAR3ghsi9zPClHlxLaaf1t1HZ9BKd1AYWNZM3t_wFAszaaqlADYdqXkCOggQ\"><img loading=\"lazy\" decoding=\"async\" width=\"1024\" height=\"221\" src=\"https:\/\/www.galeriebecot.com\/wp-content\/uploads\/2022\/02\/Droit-de-parole-hte-1024x221.jpg\" alt=\"\" class=\"wp-image-15888\" srcset=\"https:\/\/galeriebecot.com\/wp-content\/uploads\/2022\/02\/Droit-de-parole-hte-1024x221.jpg 1024w, https:\/\/galeriebecot.com\/wp-content\/uploads\/2022\/02\/Droit-de-parole-hte-300x65.jpg 300w, https:\/\/galeriebecot.com\/wp-content\/uploads\/2022\/02\/Droit-de-parole-hte-768x166.jpg 768w, https:\/\/galeriebecot.com\/wp-content\/uploads\/2022\/02\/Droit-de-parole-hte.jpg 1535w\" sizes=\"auto, (max-width: 1024px) 100vw, 1024px\" \/><\/a><\/figure>\n\n\n\n<figure class=\"wp-block-image size-large\"><a href=\"http:\/\/www.droitdeparole.org\/2022\/02\/la-galerie-becot-cinq-decennies-dart\/?fbclid=IwAR3ghsi9zPClHlxLaaf1t1HZ9BKd1AYWNZM3t_wFAszaaqlADYdqXkCOggQ\"><img loading=\"lazy\" decoding=\"async\" width=\"910\" height=\"1024\" src=\"https:\/\/www.galeriebecot.com\/wp-content\/uploads\/2022\/02\/Droit-de-parole1-910x1024.jpg\" alt=\"\" class=\"wp-image-15890\" srcset=\"https:\/\/galeriebecot.com\/wp-content\/uploads\/2022\/02\/Droit-de-parole1-910x1024.jpg 910w, https:\/\/galeriebecot.com\/wp-content\/uploads\/2022\/02\/Droit-de-parole1-267x300.jpg 267w, https:\/\/galeriebecot.com\/wp-content\/uploads\/2022\/02\/Droit-de-parole1-768x864.jpg 768w, https:\/\/galeriebecot.com\/wp-content\/uploads\/2022\/02\/Droit-de-parole1-1366x1536.jpg 1366w, https:\/\/galeriebecot.com\/wp-content\/uploads\/2022\/02\/Droit-de-parole1.jpg 1594w\" sizes=\"auto, (max-width: 910px) 100vw, 910px\" \/><\/a><\/figure>\n\n\n\n<figure class=\"wp-block-image size-large\"><a href=\"https:\/\/manifdart.org\"><img loading=\"lazy\" decoding=\"async\" width=\"1024\" height=\"417\" src=\"https:\/\/www.galeriebecot.com\/wp-content\/uploads\/2022\/02\/Droit-de-parole2-1024x417.jpg\" alt=\"\" class=\"wp-image-15891\" srcset=\"https:\/\/galeriebecot.com\/wp-content\/uploads\/2022\/02\/Droit-de-parole2-1024x417.jpg 1024w, https:\/\/galeriebecot.com\/wp-content\/uploads\/2022\/02\/Droit-de-parole2-300x122.jpg 300w, https:\/\/galeriebecot.com\/wp-content\/uploads\/2022\/02\/Droit-de-parole2-768x313.jpg 768w, https:\/\/galeriebecot.com\/wp-content\/uploads\/2022\/02\/Droit-de-parole2.jpg 1440w\" sizes=\"auto, (max-width: 1024px) 100vw, 1024px\" \/><\/a><\/figure>\n\n\n\n<figure class=\"wp-block-image size-large\"><a href=\"https:\/\/monsaintroch.com\/2022\/galerie-becot-satellite-manif-art-10\/?c=arts-et-culture\"><img loading=\"lazy\" decoding=\"async\" width=\"1024\" height=\"116\" src=\"https:\/\/www.galeriebecot.com\/wp-content\/uploads\/2022\/02\/St-Rock-Hte-1024x116.jpg\" alt=\"\" class=\"wp-image-15876\" srcset=\"https:\/\/galeriebecot.com\/wp-content\/uploads\/2022\/02\/St-Rock-Hte-1024x116.jpg 1024w, https:\/\/galeriebecot.com\/wp-content\/uploads\/2022\/02\/St-Rock-Hte-300x34.jpg 300w, https:\/\/galeriebecot.com\/wp-content\/uploads\/2022\/02\/St-Rock-Hte-768x87.jpg 768w, https:\/\/galeriebecot.com\/wp-content\/uploads\/2022\/02\/St-Rock-Hte.jpg 1440w\" sizes=\"auto, (max-width: 1024px) 100vw, 1024px\" \/><\/a><\/figure>\n\n\n\n<figure class=\"wp-block-image size-large\"><a href=\"https:\/\/monsaintroch.com\/2022\/galerie-becot-satellite-manif-art-10\/?c=arts-et-culture\"><img loading=\"lazy\" decoding=\"async\" width=\"719\" height=\"1024\" src=\"https:\/\/www.galeriebecot.com\/wp-content\/uploads\/2022\/02\/St-Rock-1-719x1024.jpg\" alt=\"\" class=\"wp-image-15878\" srcset=\"https:\/\/galeriebecot.com\/wp-content\/uploads\/2022\/02\/St-Rock-1-719x1024.jpg 719w, https:\/\/galeriebecot.com\/wp-content\/uploads\/2022\/02\/St-Rock-1-211x300.jpg 211w, https:\/\/galeriebecot.com\/wp-content\/uploads\/2022\/02\/St-Rock-1-768x1093.jpg 768w, https:\/\/galeriebecot.com\/wp-content\/uploads\/2022\/02\/St-Rock-1-1079x1536.jpg 1079w, https:\/\/galeriebecot.com\/wp-content\/uploads\/2022\/02\/St-Rock-1-1439x2048.jpg 1439w, https:\/\/galeriebecot.com\/wp-content\/uploads\/2022\/02\/St-Rock-1.jpg 1440w\" sizes=\"auto, (max-width: 719px) 100vw, 719px\" \/><\/a><\/figure>\n\n\n\n<figure class=\"wp-block-image size-large\"><a href=\"https:\/\/monsaintroch.com\/2022\/galerie-becot-satellite-manif-art-10\/?c=arts-et-culture\"><img loading=\"lazy\" decoding=\"async\" width=\"643\" height=\"1024\" src=\"https:\/\/www.galeriebecot.com\/wp-content\/uploads\/2022\/02\/Saint-Rock2-643x1024.jpg\" alt=\"\" class=\"wp-image-15879\" srcset=\"https:\/\/galeriebecot.com\/wp-content\/uploads\/2022\/02\/Saint-Rock2-643x1024.jpg 643w, https:\/\/galeriebecot.com\/wp-content\/uploads\/2022\/02\/Saint-Rock2-188x300.jpg 188w, https:\/\/galeriebecot.com\/wp-content\/uploads\/2022\/02\/Saint-Rock2-768x1223.jpg 768w, https:\/\/galeriebecot.com\/wp-content\/uploads\/2022\/02\/Saint-Rock2-965x1536.jpg 965w, https:\/\/galeriebecot.com\/wp-content\/uploads\/2022\/02\/Saint-Rock2-1286x2048.jpg 1286w, https:\/\/galeriebecot.com\/wp-content\/uploads\/2022\/02\/Saint-Rock2.jpg 1440w\" sizes=\"auto, (max-width: 643px) 100vw, 643px\" \/><\/a><\/figure>\n\n\n\n<figure class=\"wp-block-image size-large\"><a href=\"https:\/\/monsaintroch.com\/2022\/galerie-becot-satellite-manif-art-10\/?c=arts-et-culture\"><img loading=\"lazy\" decoding=\"async\" width=\"1024\" height=\"595\" src=\"https:\/\/www.galeriebecot.com\/wp-content\/uploads\/2022\/02\/St-Rock3-1024x595.jpg\" alt=\"\" class=\"wp-image-15880\" srcset=\"https:\/\/galeriebecot.com\/wp-content\/uploads\/2022\/02\/St-Rock3-1024x595.jpg 1024w, https:\/\/galeriebecot.com\/wp-content\/uploads\/2022\/02\/St-Rock3-300x174.jpg 300w, https:\/\/galeriebecot.com\/wp-content\/uploads\/2022\/02\/St-Rock3-768x446.jpg 768w, https:\/\/galeriebecot.com\/wp-content\/uploads\/2022\/02\/St-Rock3.jpg 1440w\" sizes=\"auto, (max-width: 1024px) 100vw, 1024px\" \/><\/a><\/figure>\n\n\n\n<p class=\"wp-block-paragraph\">Vernissage 17 f\u00e9vrier 2022 | Collectif 1 &lt; Les illusions sont r\u00e9elles &gt; | Manif 10 ( Satellite \/ Galerie B\u00e9cot ) Malgr\u00e9 la pluie et la chauss\u00e9e glissante \u00e0 l\u2019extr\u00eame, chaleur humaine, et partage de discussions encourageantes pour les arts, \u00e0 la Galerie Becot hier soir, au 5@7 pour le vernissage. Et aussi cette ivresse, de se retrouver enfin, tous.tes ensemble, artistes, amis.es et invit\u00e9s.es !<\/p>\n\n\n\n<figure class=\"wp-block-image size-large\"><a href=\"https:\/\/www.galeriebecot.com\/wp-content\/uploads\/2022\/02\/Vernissage-reportage2.jpg\"><img loading=\"lazy\" decoding=\"async\" width=\"969\" height=\"1024\" src=\"https:\/\/www.galeriebecot.com\/wp-content\/uploads\/2022\/02\/Vernissage-reportage2-969x1024.jpg\" alt=\"\" class=\"wp-image-15873\" srcset=\"https:\/\/galeriebecot.com\/wp-content\/uploads\/2022\/02\/Vernissage-reportage2-969x1024.jpg 969w, https:\/\/galeriebecot.com\/wp-content\/uploads\/2022\/02\/Vernissage-reportage2-284x300.jpg 284w, https:\/\/galeriebecot.com\/wp-content\/uploads\/2022\/02\/Vernissage-reportage2-768x812.jpg 768w, https:\/\/galeriebecot.com\/wp-content\/uploads\/2022\/02\/Vernissage-reportage2.jpg 1312w\" sizes=\"auto, (max-width: 969px) 100vw, 969px\" \/><\/a><\/figure>\n\n\n\n<p class=\"wp-block-paragraph\">1 _ Gilles <strong>B\u00e9rub\u00e9<em> <\/em><\/strong><em>Photographe<\/em>  _<strong> Pibo<\/strong> <em>Artiste<\/em><\/p>\n\n\n\n<p class=\"wp-block-paragraph\">2 _ Don <strong>Darby<\/strong> <em>Artiste<\/em> _ Lise<strong> Marsan<\/strong> <em>Artiste<\/em><\/p>\n\n\n\n<p class=\"wp-block-paragraph\">3 _ Ginette et Chantal Jane <strong>Garant<\/strong> <em>Artiste<\/em><\/p>\n\n\n\n<p class=\"wp-block-paragraph\">4_ Gilbert <strong>S\u00e9vigny <\/strong><em>Artiste<\/em><\/p>\n\n\n\n<p class=\"wp-block-paragraph\">6_ JP <strong>Audet<\/strong><em> Artiste<\/em> et Chantal<\/p>\n\n\n\n<p class=\"wp-block-paragraph\">7 _ <strong>Kl\u00f4dy<\/strong> <em>Artiste<\/em><\/p>\n\n\n\n<p class=\"wp-block-paragraph\">8 _ Marie H\u00e9l\u00e8ne<\/p>\n\n\n\n<p class=\"wp-block-paragraph\">9 _ Jean B\u00e9cotte<\/p>\n\n\n\n<p class=\"wp-block-paragraph\">10_ <strong>Kirkov<\/strong> <em>Artiste<\/em><\/p>\n\n\n\n<p class=\"wp-block-paragraph\">10_ Suzette<strong> Patry<\/strong><em> Artiste<\/em><\/p>\n\n\n\n<p class=\"wp-block-paragraph\">11 _ Alain <strong>LeBlond<em> <\/em><\/strong><em>Artiste<\/em><\/p>\n\n\n\n<p class=\"wp-block-paragraph\">12 _ Andr\u00e9 <strong>Tremblay <\/strong><em>Photographe 3D<\/em><\/p>\n\n\n\n<p class=\"wp-block-paragraph\">12 _ Sylvie <strong>Grondin<\/strong><em> Artiste<\/em><\/p>\n\n\n\n<p class=\"wp-block-paragraph\">14 _ Carole <strong>Turgeon<\/strong><em> Artiste<\/em><\/p>\n\n\n\n<p class=\"wp-block-paragraph\">15 _ Suzanne <strong>Cayer<\/strong> <em>Artiste<\/em><\/p>\n\n\n\n<p class=\"wp-block-paragraph\">16_ J\u00e9r\u00f4me <strong>Morissette <\/strong><em>Artiste<\/em><\/p>\n\n\n\n<p class=\"wp-block-paragraph\">17 _ Christine Larouche, LR Jack<\/p>\n\n\n\n<figure class=\"wp-block-embed is-type-video is-provider-youtube wp-block-embed-youtube wp-embed-aspect-16-9 wp-has-aspect-ratio\"><div class=\"wp-block-embed__wrapper\">\n<iframe loading=\"lazy\" title=\"Work by Philippe Pallafray\" width=\"700\" height=\"394\" src=\"https:\/\/www.youtube.com\/embed\/btPGXZ6BjS0?feature=oembed\" frameborder=\"0\" allow=\"accelerometer; autoplay; clipboard-write; encrypted-media; gyroscope; picture-in-picture; web-share\" allowfullscreen><\/iframe>\n<\/div><\/figure>\n\n\n\n<figure class=\"wp-block-image size-large\"><a href=\"https:\/\/manifdart.org\/manif-10\/presentation\/\"><img loading=\"lazy\" decoding=\"async\" width=\"787\" height=\"1024\" src=\"https:\/\/www.galeriebecot.com\/wp-content\/uploads\/2021\/12\/Illusion-page-1-787x1024.jpg\" alt=\"\" class=\"wp-image-15298\" srcset=\"https:\/\/galeriebecot.com\/wp-content\/uploads\/2021\/12\/Illusion-page-1-787x1024.jpg 787w, https:\/\/galeriebecot.com\/wp-content\/uploads\/2021\/12\/Illusion-page-1-231x300.jpg 231w, https:\/\/galeriebecot.com\/wp-content\/uploads\/2021\/12\/Illusion-page-1-768x999.jpg 768w, https:\/\/galeriebecot.com\/wp-content\/uploads\/2021\/12\/Illusion-page-1-1180x1536.jpg 1180w, https:\/\/galeriebecot.com\/wp-content\/uploads\/2021\/12\/Illusion-page-1-1574x2048.jpg 1574w, https:\/\/galeriebecot.com\/wp-content\/uploads\/2021\/12\/Illusion-page-1-scaled.jpg 1967w\" sizes=\"auto, (max-width: 787px) 100vw, 787px\" \/><\/a><\/figure>\n\n\n\n<figure class=\"wp-block-image size-large\"><a href=\"https:\/\/www.galeriebecot.com\/wp-content\/uploads\/2022\/01\/Illusion-Report-1574x2048-1.jpg\"><img loading=\"lazy\" decoding=\"async\" width=\"800\" height=\"1024\" src=\"https:\/\/www.galeriebecot.com\/wp-content\/uploads\/2022\/01\/Illusion-Report-1574x2048-1-800x1024.jpg\" alt=\"\" class=\"wp-image-15751\" srcset=\"https:\/\/galeriebecot.com\/wp-content\/uploads\/2022\/01\/Illusion-Report-1574x2048-1-800x1024.jpg 800w, https:\/\/galeriebecot.com\/wp-content\/uploads\/2022\/01\/Illusion-Report-1574x2048-1-234x300.jpg 234w, https:\/\/galeriebecot.com\/wp-content\/uploads\/2022\/01\/Illusion-Report-1574x2048-1-768x983.jpg 768w, https:\/\/galeriebecot.com\/wp-content\/uploads\/2022\/01\/Illusion-Report-1574x2048-1-1200x1536.jpg 1200w, https:\/\/galeriebecot.com\/wp-content\/uploads\/2022\/01\/Illusion-Report-1574x2048-1.jpg 1574w\" sizes=\"auto, (max-width: 800px) 100vw, 800px\" \/><\/a><\/figure>\n\n\n\n<figure class=\"wp-block-image size-large\"><a href=\"https:\/\/www.galeriebecot.com\/wp-content\/uploads\/2021\/12\/Illusion-page-3-scaled.jpg\"><img loading=\"lazy\" decoding=\"async\" width=\"787\" height=\"1024\" src=\"https:\/\/www.galeriebecot.com\/wp-content\/uploads\/2021\/12\/Illusion-page-3-787x1024.jpg\" alt=\"\" class=\"wp-image-15301\" srcset=\"https:\/\/galeriebecot.com\/wp-content\/uploads\/2021\/12\/Illusion-page-3-787x1024.jpg 787w, https:\/\/galeriebecot.com\/wp-content\/uploads\/2021\/12\/Illusion-page-3-231x300.jpg 231w, https:\/\/galeriebecot.com\/wp-content\/uploads\/2021\/12\/Illusion-page-3-768x999.jpg 768w, https:\/\/galeriebecot.com\/wp-content\/uploads\/2021\/12\/Illusion-page-3-1180x1536.jpg 1180w, https:\/\/galeriebecot.com\/wp-content\/uploads\/2021\/12\/Illusion-page-3-1574x2048.jpg 1574w, https:\/\/galeriebecot.com\/wp-content\/uploads\/2021\/12\/Illusion-page-3-scaled.jpg 1967w\" sizes=\"auto, (max-width: 787px) 100vw, 787px\" \/><\/a><\/figure>\n\n\n\n<figure class=\"wp-block-image size-large\"><img loading=\"lazy\" decoding=\"async\" width=\"1024\" height=\"408\" src=\"https:\/\/www.galeriebecot.com\/wp-content\/uploads\/2021\/02\/Carte-seulement-1024x408.jpg\" alt=\"\" class=\"wp-image-14223\" srcset=\"https:\/\/galeriebecot.com\/wp-content\/uploads\/2021\/02\/Carte-seulement-1024x408.jpg 1024w, https:\/\/galeriebecot.com\/wp-content\/uploads\/2021\/02\/Carte-seulement-300x120.jpg 300w, https:\/\/galeriebecot.com\/wp-content\/uploads\/2021\/02\/Carte-seulement-768x306.jpg 768w, https:\/\/galeriebecot.com\/wp-content\/uploads\/2021\/02\/Carte-seulement-1536x613.jpg 1536w, https:\/\/galeriebecot.com\/wp-content\/uploads\/2021\/02\/Carte-seulement.jpg 1695w\" sizes=\"auto, (max-width: 1024px) 100vw, 1024px\" \/><\/figure>\n\n\n\n<figure class=\"wp-block-image size-large\"><img loading=\"lazy\" decoding=\"async\" width=\"1024\" height=\"427\" src=\"https:\/\/www.galeriebecot.com\/wp-content\/uploads\/2021\/02\/Carte-texte-1024x427.jpg\" alt=\"\" class=\"wp-image-14224\" srcset=\"https:\/\/galeriebecot.com\/wp-content\/uploads\/2021\/02\/Carte-texte-1024x427.jpg 1024w, https:\/\/galeriebecot.com\/wp-content\/uploads\/2021\/02\/Carte-texte-300x125.jpg 300w, https:\/\/galeriebecot.com\/wp-content\/uploads\/2021\/02\/Carte-texte-768x321.jpg 768w, https:\/\/galeriebecot.com\/wp-content\/uploads\/2021\/02\/Carte-texte-1536x641.jpg 1536w, https:\/\/galeriebecot.com\/wp-content\/uploads\/2021\/02\/Carte-texte-2048x855.jpg 2048w\" sizes=\"auto, (max-width: 1024px) 100vw, 1024px\" \/><\/figure>\n\n\n\n<p class=\"wp-block-paragraph\">V<strong>oici une bien triste nouvelle paru<\/strong>e dans un communiqu\u00e9 de la Manif d&rsquo;Art 2021, ce mercredi matin du 28 octobre 2020. La prochaine Manif d&rsquo;art se voulait une \u00e9dition sp\u00e9ciale&#8230;<em>voir plus loin sur cette page, les artistes de la <\/em><strong>manif\/d&rsquo;art9<\/strong><em> <\/em><em> <span class=\"has-inline-color has-vivid-red-color\"><strong>chez Galerie B\u00e9cot<\/strong><\/span> <\/em>.<\/p>\n\n\n\n<figure class=\"wp-block-image size-large\"><img loading=\"lazy\" decoding=\"async\" width=\"1024\" height=\"961\" src=\"https:\/\/www.galeriebecot.com\/wp-content\/uploads\/2020\/10\/Becot-Manif-Soleil-1-1024x961.gif\" alt=\"\" class=\"wp-image-13548\" srcset=\"https:\/\/galeriebecot.com\/wp-content\/uploads\/2020\/10\/Becot-Manif-Soleil-1-1024x961.gif 1024w, https:\/\/galeriebecot.com\/wp-content\/uploads\/2020\/10\/Becot-Manif-Soleil-1-300x282.gif 300w, https:\/\/galeriebecot.com\/wp-content\/uploads\/2020\/10\/Becot-Manif-Soleil-1-768x721.gif 768w\" sizes=\"auto, (max-width: 1024px) 100vw, 1024px\" \/><\/figure>\n\n\n\n<figure class=\"wp-block-image size-large\"><img loading=\"lazy\" decoding=\"async\" width=\"1024\" height=\"631\" src=\"https:\/\/www.galeriebecot.com\/wp-content\/uploads\/2020\/10\/Becot_manif_Soleil_2-1024x631.gif\" alt=\"\" class=\"wp-image-13549\" srcset=\"https:\/\/galeriebecot.com\/wp-content\/uploads\/2020\/10\/Becot_manif_Soleil_2-1024x631.gif 1024w, https:\/\/galeriebecot.com\/wp-content\/uploads\/2020\/10\/Becot_manif_Soleil_2-300x185.gif 300w, https:\/\/galeriebecot.com\/wp-content\/uploads\/2020\/10\/Becot_manif_Soleil_2-768x473.gif 768w\" sizes=\"auto, (max-width: 1024px) 100vw, 1024px\" \/><\/figure>\n\n\n\n<figure class=\"wp-block-image size-large\"><img loading=\"lazy\" decoding=\"async\" width=\"692\" height=\"1024\" src=\"https:\/\/www.galeriebecot.com\/wp-content\/uploads\/2020\/10\/Manif-2021-111-692x1024.gif\" alt=\"\" class=\"wp-image-13531\" srcset=\"https:\/\/galeriebecot.com\/wp-content\/uploads\/2020\/10\/Manif-2021-111-692x1024.gif 692w, https:\/\/galeriebecot.com\/wp-content\/uploads\/2020\/10\/Manif-2021-111-203x300.gif 203w, https:\/\/galeriebecot.com\/wp-content\/uploads\/2020\/10\/Manif-2021-111-768x1136.gif 768w, https:\/\/galeriebecot.com\/wp-content\/uploads\/2020\/10\/Manif-2021-111-1038x1536.gif 1038w\" sizes=\"auto, (max-width: 692px) 100vw, 692px\" \/><\/figure>\n\n\n\n<figure class=\"wp-block-image size-large\"><img loading=\"lazy\" decoding=\"async\" width=\"923\" height=\"1024\" src=\"https:\/\/www.galeriebecot.com\/wp-content\/uploads\/2020\/10\/Manif-2021-2-1-923x1024.gif\" alt=\"\" class=\"wp-image-13532\" srcset=\"https:\/\/galeriebecot.com\/wp-content\/uploads\/2020\/10\/Manif-2021-2-1-923x1024.gif 923w, https:\/\/galeriebecot.com\/wp-content\/uploads\/2020\/10\/Manif-2021-2-1-270x300.gif 270w, https:\/\/galeriebecot.com\/wp-content\/uploads\/2020\/10\/Manif-2021-2-1-768x852.gif 768w\" sizes=\"auto, (max-width: 923px) 100vw, 923px\" \/><\/figure>\n\n\n\n<figure class=\"wp-block-image size-large\"><a href=\"https:\/\/www.galeriebecot.com\/?p=13252\"><img loading=\"lazy\" decoding=\"async\" width=\"1024\" height=\"668\" src=\"https:\/\/www.galeriebecot.com\/wp-content\/uploads\/2020\/10\/Manif-2002-3-1024x668.gif\" alt=\"\" class=\"wp-image-13529\" srcset=\"https:\/\/galeriebecot.com\/wp-content\/uploads\/2020\/10\/Manif-2002-3-1024x668.gif 1024w, https:\/\/galeriebecot.com\/wp-content\/uploads\/2020\/10\/Manif-2002-3-300x196.gif 300w, https:\/\/galeriebecot.com\/wp-content\/uploads\/2020\/10\/Manif-2002-3-768x501.gif 768w\" sizes=\"auto, (max-width: 1024px) 100vw, 1024px\" \/><\/a><\/figure>\n\n\n\n<p class=\"wp-block-paragraph\">Galerie B\u00e9cot du 12 au 28 avril 2019, dans le cadre de la <strong>Manif d\/art9<\/strong>.<\/p>\n\n\n<p><a href=\"http:\/\/www.michelparent.com\/club\/\"><img loading=\"lazy\" decoding=\"async\" class=\"alignnone size-full wp-image-8818\" src=\"https:\/\/www.galeriebecot.com\/wp-content\/uploads\/2018\/06\/Logo-inscription-1-768x64ok.jpg\" alt=\"\" width=\"657\" height=\"63\" srcset=\"https:\/\/galeriebecot.com\/wp-content\/uploads\/2018\/06\/Logo-inscription-1-768x64ok.jpg 657w, https:\/\/galeriebecot.com\/wp-content\/uploads\/2018\/06\/Logo-inscription-1-768x64ok-300x29.jpg 300w\" sizes=\"auto, (max-width: 657px) 100vw, 657px\" \/><\/a><\/p>\n<p><a href=\"https:\/\/www.facebook.com\/jp.audet1\"><img loading=\"lazy\" decoding=\"async\" class=\"alignnone size-full wp-image-10908\" src=\"https:\/\/www.galeriebecot.com\/wp-content\/uploads\/2019\/03\/Liste-Audet.jpg\" alt=\"\" width=\"216\" height=\"36\"><\/a>&nbsp; &nbsp; &nbsp;<a href=\"https:\/\/www.galeriebecot.com\/?p=10876\"><img loading=\"lazy\" decoding=\"async\" class=\"alignnone size-full wp-image-10909\" src=\"https:\/\/www.galeriebecot.com\/wp-content\/uploads\/2019\/03\/Liste-Belanger.jpg\" alt=\"\" width=\"216\" height=\"36\"><\/a><\/p>\n<p><a href=\"https:\/\/niviti.com\/blogue\/en-vedette\/martin-bouchard-caricaturiste\/\"><img loading=\"lazy\" decoding=\"async\" class=\"alignnone size-full wp-image-10910\" src=\"https:\/\/www.galeriebecot.com\/wp-content\/uploads\/2019\/03\/Liste-Bouchard.jpg\" alt=\"\" width=\"216\" height=\"36\"><\/a>&nbsp; &nbsp; &nbsp;<a href=\"https:\/\/cussonguy.wixsite.com\/guycusson\"><img loading=\"lazy\" decoding=\"async\" class=\"alignnone size-full wp-image-10911\" src=\"https:\/\/www.galeriebecot.com\/wp-content\/uploads\/2019\/03\/Liste-Cusson.jpg\" alt=\"\" width=\"216\" height=\"36\"><\/a><\/p>\n<p><a href=\"https:\/\/www.galeriebecot.com\/?p=9195\"><img loading=\"lazy\" decoding=\"async\" class=\"alignnone size-full wp-image-10912\" src=\"https:\/\/www.galeriebecot.com\/wp-content\/uploads\/2019\/03\/Liste-Delisle.jpg\" alt=\"\" width=\"216\" height=\"36\"><\/a>&nbsp; &nbsp; &nbsp;<a href=\"https:\/\/www.michelinefournier.com\/\"><img loading=\"lazy\" decoding=\"async\" class=\"alignnone size-full wp-image-10913\" src=\"https:\/\/www.galeriebecot.com\/wp-content\/uploads\/2019\/03\/Liste-Fournier.jpg\" alt=\"\" width=\"216\" height=\"36\"><\/a><\/p>\n<p><a href=\"http:\/\/aristidegagnon.com\/accueil.htm\"><img loading=\"lazy\" decoding=\"async\" class=\"alignnone size-full wp-image-10914\" src=\"https:\/\/www.galeriebecot.com\/wp-content\/uploads\/2019\/03\/ListeGagnon.jpg\" alt=\"\" width=\"216\" height=\"36\"><\/a>&nbsp; &nbsp; &nbsp;<a href=\"https:\/\/alainleblond.wixsite.com\/leblonddd?fbclid=IwAR2zw-x3vIzFolya1JYI6gZPnJa45zAwmtqqixZcjU5_qCznDbx35pdMKxY\"><img loading=\"lazy\" decoding=\"async\" class=\"alignnone size-full wp-image-10915\" src=\"https:\/\/www.galeriebecot.com\/wp-content\/uploads\/2019\/03\/Liste-LeBlond.jpg\" alt=\"\" width=\"216\" height=\"36\"><\/a><\/p>\n<p><a href=\"https:\/\/colettematte.com\/Bienvenue\/\"><img loading=\"lazy\" decoding=\"async\" class=\"alignnone size-full wp-image-10916\" src=\"https:\/\/www.galeriebecot.com\/wp-content\/uploads\/2019\/03\/Liste-Matte.jpg\" alt=\"\" width=\"216\" height=\"36\"><\/a>&nbsp; &nbsp; &nbsp;<a href=\"http:\/\/www.francinenoel.com\/site_officiel\/accueil.html\"><img loading=\"lazy\" decoding=\"async\" class=\"alignnone size-full wp-image-10917\" src=\"https:\/\/www.galeriebecot.com\/wp-content\/uploads\/2019\/03\/Liste-Noel.jpg\" alt=\"\" width=\"216\" height=\"36\"><\/a><\/p>\n<p><a href=\"http:\/\/www.marierioux.net\/\"><img loading=\"lazy\" decoding=\"async\" class=\"alignnone size-full wp-image-10918\" src=\"https:\/\/www.galeriebecot.com\/wp-content\/uploads\/2019\/03\/Liste-Rioux.jpg\" alt=\"\" width=\"216\" height=\"36\"><\/a>&nbsp; &nbsp; &nbsp;<a href=\"https:\/\/www.facebook.com\/guy.royer\"><img loading=\"lazy\" decoding=\"async\" class=\"alignnone size-full wp-image-10919\" src=\"https:\/\/www.galeriebecot.com\/wp-content\/uploads\/2019\/03\/Liste-Royer.jpg\" alt=\"\" width=\"216\" height=\"36\"><\/a><\/p>\n<p><a href=\"https:\/\/www.galeriebecot.com\/?p=10162\"><img loading=\"lazy\" decoding=\"async\" class=\"alignnone size-full wp-image-10920\" src=\"https:\/\/www.galeriebecot.com\/wp-content\/uploads\/2019\/03\/Liste-Trtemblay.jpg\" alt=\"\" width=\"216\" height=\"36\"> <\/a>&nbsp; &nbsp;&nbsp;<a href=\"https:\/\/www.legrandrappel.org\/les-oeliguvres-de-don-darby.html\"><img loading=\"lazy\" decoding=\"async\" class=\"alignnone size-full wp-image-10940\" src=\"https:\/\/www.galeriebecot.com\/wp-content\/uploads\/2019\/03\/Liste-Darby.jpg\" alt=\"\" width=\"216\" height=\"36\"><\/a><\/p>\n<p><a href=\"http:\/\/www.pibocreations.com\/?fbclid=IwAR2M1fXvmgR3_9O-5lrRCSwnL-N1xhvkVbSz0pmRp42g3TP-LWid9u8q71U\"><img loading=\"lazy\" decoding=\"async\" class=\"alignnone size-full wp-image-11012\" src=\"https:\/\/www.galeriebecot.com\/wp-content\/uploads\/2019\/04\/Pibo.jpg\" alt=\"\" width=\"216\" height=\"36\"><\/a><\/p>\n<p><strong>Collectif 3<\/strong> \/ du 12 avril au 28 avril 2019:<\/p>\n<p>Vernissage le vendredi 12 avril dans une formule 5@7. Bienvenue \u00e0 tous !<\/p>\n<p>Artistes invit\u00e9s : Jean Philip Audet, G\u00e9rard B\u00e9langer, Martin Bouchard, Guy Cusson, Robert Delisle, Micheline Fournier,Alain LeBlond,Colette Matte, Francine No\u00ebl, Marie Rioux, Guy Royer, Serge Philippe Tremblay, Conrad Paradis<\/p>\n<p><span style=\"color: #ff0000;\"><strong>Ouverture de la galerie<\/strong><\/span>: Du mercredi au dimanche de 14 \u00e0 16h et sur rendez-vous : 418-559-6816<\/p>\n<p class=\"null\"><span style=\"color: #ff0000;\"><strong>*** Notez que la Galerie B\u00e9cot&nbsp;&nbsp;sera ouverte&nbsp;&nbsp;\u00e0 l&rsquo;occasion de P\u00e2ques le dimanche 21 avril *** de 14 h \u00e0 16 h<\/strong><\/span><\/p>\n<p><span style=\"color: #ff0000;\"><strong>*** Note that Galerie&nbsp;B\u00e9cot&nbsp;will be opened&nbsp;on Easter Sunday, April 21st *** from 14h to 16h<\/strong><\/span><\/p>\n<p><a href=\"https:\/\/www.galeriebecot.com\/wp-content\/uploads\/2019\/04\/Audet-Jean-Philip-OK.jpg\"><img loading=\"lazy\" decoding=\"async\" class=\"alignnone size-full wp-image-11014\" src=\"https:\/\/www.galeriebecot.com\/wp-content\/uploads\/2019\/04\/Audet-Jean-Philip-OK.jpg\" alt=\"\" width=\"432\" height=\"305\" srcset=\"https:\/\/galeriebecot.com\/wp-content\/uploads\/2019\/04\/Audet-Jean-Philip-OK.jpg 432w, https:\/\/galeriebecot.com\/wp-content\/uploads\/2019\/04\/Audet-Jean-Philip-OK-300x212.jpg 300w\" sizes=\"auto, (max-width: 432px) 100vw, 432px\" \/><\/a><\/p>\n<p><strong>&nbsp;A<em>rtiste : JeanPhilip Audet<\/em><\/strong><\/p>\n<p><em>Cr\u00e9dit photo : Serge Philippe Tremblay&nbsp;<\/em><\/p>\n<p><a href=\"https:\/\/www.galeriebecot.com\/wp-content\/uploads\/2019\/04\/Guy-Royer.jpg\"><img loading=\"lazy\" decoding=\"async\" class=\"alignnone size-full wp-image-11017\" src=\"https:\/\/www.galeriebecot.com\/wp-content\/uploads\/2019\/04\/Guy-Royer.jpg\" alt=\"\" width=\"432\" height=\"394\" srcset=\"https:\/\/galeriebecot.com\/wp-content\/uploads\/2019\/04\/Guy-Royer.jpg 432w, https:\/\/galeriebecot.com\/wp-content\/uploads\/2019\/04\/Guy-Royer-300x274.jpg 300w\" sizes=\"auto, (max-width: 432px) 100vw, 432px\" \/><\/a><\/p>\n<p><strong>&nbsp;A<em>rtiste :&nbsp;Guy Royer<\/em><\/strong><\/p>\n<p><em>Cr\u00e9dit photo : Serge Philippe Tremblay&nbsp;<\/em><\/p>\n<p><a href=\"https:\/\/www.galeriebecot.com\/wp-content\/uploads\/2019\/04\/Martin-Bouchard.jpg\"><img loading=\"lazy\" decoding=\"async\" class=\"alignnone size-full wp-image-11018\" src=\"https:\/\/www.galeriebecot.com\/wp-content\/uploads\/2019\/04\/Martin-Bouchard.jpg\" alt=\"\" width=\"432\" height=\"345\" srcset=\"https:\/\/galeriebecot.com\/wp-content\/uploads\/2019\/04\/Martin-Bouchard.jpg 432w, https:\/\/galeriebecot.com\/wp-content\/uploads\/2019\/04\/Martin-Bouchard-300x240.jpg 300w\" sizes=\"auto, (max-width: 432px) 100vw, 432px\" \/><\/a><\/p>\n<p><strong>&nbsp;A<em>rtiste :&nbsp;Martin Bouchard<\/em><\/strong><\/p>\n<p><em>Cr\u00e9dit photo : Serge Philippe Tremblay&nbsp;<\/em><\/p>\n<p><a href=\"https:\/\/www.galeriebecot.com\/wp-content\/uploads\/2019\/04\/Fournier-MichelineOK.jpg\"><img loading=\"lazy\" decoding=\"async\" class=\"alignnone size-full wp-image-11020\" src=\"https:\/\/www.galeriebecot.com\/wp-content\/uploads\/2019\/04\/Fournier-MichelineOK.jpg\" alt=\"\" width=\"432\" height=\"257\" srcset=\"https:\/\/galeriebecot.com\/wp-content\/uploads\/2019\/04\/Fournier-MichelineOK.jpg 432w, https:\/\/galeriebecot.com\/wp-content\/uploads\/2019\/04\/Fournier-MichelineOK-300x178.jpg 300w\" sizes=\"auto, (max-width: 432px) 100vw, 432px\" \/><\/a><\/p>\n<p><strong>&nbsp;A<em>rtiste :&nbsp;Micheline Fournier<\/em><\/strong><\/p>\n<p><em>Cr\u00e9dit photo : Serge Philippe Tremblay&nbsp;<\/em><\/p>\n<p><a href=\"https:\/\/www.galeriebecot.com\/wp-content\/uploads\/2019\/04\/Alain-LeBlond.jpg\"><img loading=\"lazy\" decoding=\"async\" class=\"alignnone size-full wp-image-11022\" src=\"https:\/\/www.galeriebecot.com\/wp-content\/uploads\/2019\/04\/Alain-LeBlond.jpg\" alt=\"\" width=\"386\" height=\"432\" srcset=\"https:\/\/galeriebecot.com\/wp-content\/uploads\/2019\/04\/Alain-LeBlond.jpg 386w, https:\/\/galeriebecot.com\/wp-content\/uploads\/2019\/04\/Alain-LeBlond-268x300.jpg 268w\" sizes=\"auto, (max-width: 386px) 100vw, 386px\" \/><\/a><\/p>\n<p><strong>&nbsp;A<em>rtiste :&nbsp;Alain LeBlond<\/em><\/strong><\/p>\n<p><em>Cr\u00e9dit photo : Serge Philippe Tremblay&nbsp;<\/em><\/p>\n<p><a href=\"https:\/\/www.galeriebecot.com\/wp-content\/uploads\/2019\/04\/Cusson-GuyOK.jpg\"><img loading=\"lazy\" decoding=\"async\" class=\"alignnone size-full wp-image-11024\" src=\"https:\/\/www.galeriebecot.com\/wp-content\/uploads\/2019\/04\/Cusson-GuyOK.jpg\" alt=\"\" width=\"295\" height=\"432\" srcset=\"https:\/\/galeriebecot.com\/wp-content\/uploads\/2019\/04\/Cusson-GuyOK.jpg 295w, https:\/\/galeriebecot.com\/wp-content\/uploads\/2019\/04\/Cusson-GuyOK-205x300.jpg 205w\" sizes=\"auto, (max-width: 295px) 100vw, 295px\" \/><\/a><\/p>\n<p><strong>&nbsp;A<em>rtiste :&nbsp;Alain Cusson<\/em><\/strong><\/p>\n<p><em>Cr\u00e9dit photo : Serge Philippe Tremblay&nbsp;<\/em><\/p>\n<p><a href=\"https:\/\/www.galeriebecot.com\/wp-content\/uploads\/2019\/04\/PiboOK.jpg\"><img loading=\"lazy\" decoding=\"async\" class=\"alignnone size-full wp-image-11027\" src=\"https:\/\/www.galeriebecot.com\/wp-content\/uploads\/2019\/04\/PiboOK.jpg\" alt=\"\" width=\"281\" height=\"432\" srcset=\"https:\/\/galeriebecot.com\/wp-content\/uploads\/2019\/04\/PiboOK.jpg 281w, https:\/\/galeriebecot.com\/wp-content\/uploads\/2019\/04\/PiboOK-195x300.jpg 195w\" sizes=\"auto, (max-width: 281px) 100vw, 281px\" \/><\/a><\/p>\n<p><strong>&nbsp;A<em>rtiste :&nbsp;Pibo<\/em><\/strong><\/p>\n<p><em>Cr\u00e9dit photo : Serge Philippe Tremblay&nbsp;<\/em><\/p>\n<p><a href=\"https:\/\/www.galeriebecot.com\/wp-content\/uploads\/2019\/04\/Matte-Colette.jpg\"><img loading=\"lazy\" decoding=\"async\" class=\"alignnone size-full wp-image-11029\" src=\"https:\/\/www.galeriebecot.com\/wp-content\/uploads\/2019\/04\/Matte-Colette.jpg\" alt=\"\" width=\"432\" height=\"425\" srcset=\"https:\/\/galeriebecot.com\/wp-content\/uploads\/2019\/04\/Matte-Colette.jpg 432w, https:\/\/galeriebecot.com\/wp-content\/uploads\/2019\/04\/Matte-Colette-300x295.jpg 300w\" sizes=\"auto, (max-width: 432px) 100vw, 432px\" \/><\/a><\/p>\n<p><strong>&nbsp;A<em>rtiste :&nbsp;Colette Matte<\/em><\/strong><\/p>\n<p><em>Cr\u00e9dit photo : Serge Philippe Tremblay&nbsp;<\/em><\/p>\n<p>&nbsp;<\/p>\n<p><strong>&nbsp;A<em>rtiste :&nbsp;Francine No\u00ebl<\/em><\/strong><\/p>\n<p><em>Cr\u00e9dit photo :&nbsp;Kl\u00f6dy Tremblay<\/em><\/p>\n<p><a href=\"https:\/\/www.galeriebecot.com\/wp-content\/uploads\/2019\/04\/Belanger-Gerard-Union-1-768x967.jpg\"><img loading=\"lazy\" decoding=\"async\" class=\"alignnone size-full wp-image-11072\" src=\"https:\/\/www.galeriebecot.com\/wp-content\/uploads\/2019\/04\/Belanger-Gerard-Union-1-768x967.jpg\" alt=\"\" width=\"306\" height=\"360\" srcset=\"https:\/\/galeriebecot.com\/wp-content\/uploads\/2019\/04\/Belanger-Gerard-Union-1-768x967.jpg 306w, https:\/\/galeriebecot.com\/wp-content\/uploads\/2019\/04\/Belanger-Gerard-Union-1-768x967-255x300.jpg 255w\" sizes=\"auto, (max-width: 306px) 100vw, 306px\" \/><\/a><\/p>\n<p><strong>&nbsp;A<em>rtiste :&nbsp;G\u00e9rard B\u00e9langer<\/em><\/strong><\/p>\n<p><em>Cr\u00e9dit photo :&nbsp;Serge PhilippeTremblay<\/em><\/p>\n<p><a href=\"https:\/\/www.galeriebecot.com\/wp-content\/uploads\/2019\/04\/Marie.jpg\"><img loading=\"lazy\" decoding=\"async\" class=\"alignnone size-full wp-image-11061\" src=\"https:\/\/www.galeriebecot.com\/wp-content\/uploads\/2019\/04\/Marie.jpg\" alt=\"\" width=\"432\" height=\"289\" srcset=\"https:\/\/galeriebecot.com\/wp-content\/uploads\/2019\/04\/Marie.jpg 432w, https:\/\/galeriebecot.com\/wp-content\/uploads\/2019\/04\/Marie-300x201.jpg 300w\" sizes=\"auto, (max-width: 432px) 100vw, 432px\" \/><\/a><\/p>\n<p><strong>A<em>rtiste :&nbsp;Marie Rioux et Pierre-Jean<\/em><\/strong><\/p>\n<p><em>Cr\u00e9dit photo :&nbsp;Serge Philippe Tremblay<\/em><\/p>\n<p><a href=\"https:\/\/www.galeriebecot.com\/wp-content\/uploads\/2019\/04\/Vernissage-1OK.jpg\"><img loading=\"lazy\" decoding=\"async\" class=\"alignnone size-full wp-image-11031\" src=\"https:\/\/www.galeriebecot.com\/wp-content\/uploads\/2019\/04\/Vernissage-1OK.jpg\" alt=\"\" width=\"576\" height=\"277\" srcset=\"https:\/\/galeriebecot.com\/wp-content\/uploads\/2019\/04\/Vernissage-1OK.jpg 576w, https:\/\/galeriebecot.com\/wp-content\/uploads\/2019\/04\/Vernissage-1OK-300x144.jpg 300w\" sizes=\"auto, (max-width: 576px) 100vw, 576px\" \/><\/a><\/p>\n<p>Vernissage du 12 avril 2019<\/p>\n<p><em>Cr\u00e9dit photo : Serge Philippe Tremblay&nbsp;<\/em><\/p>\n<p><a href=\"https:\/\/www.galeriebecot.com\/wp-content\/uploads\/2019\/04\/Vernissage-2OK.jpg\"><img loading=\"lazy\" decoding=\"async\" class=\"alignnone size-full wp-image-11033\" src=\"https:\/\/www.galeriebecot.com\/wp-content\/uploads\/2019\/04\/Vernissage-2OK.jpg\" alt=\"\" width=\"432\" height=\"235\" srcset=\"https:\/\/galeriebecot.com\/wp-content\/uploads\/2019\/04\/Vernissage-2OK.jpg 432w, https:\/\/galeriebecot.com\/wp-content\/uploads\/2019\/04\/Vernissage-2OK-300x163.jpg 300w\" sizes=\"auto, (max-width: 432px) 100vw, 432px\" \/><\/a><\/p>\n<p>Vernissage du 12 avril 2019<\/p>\n<p><em>Cr\u00e9dit photo : Serge Philippe Tremblay&nbsp;<\/em><\/p>\n<p><a href=\"https:\/\/www.galeriebecot.com\/wp-content\/uploads\/2019\/04\/Florez.jpg\"><img loading=\"lazy\" decoding=\"async\" class=\"alignnone size-full wp-image-11049\" src=\"https:\/\/www.galeriebecot.com\/wp-content\/uploads\/2019\/04\/Florez.jpg\" alt=\"\" width=\"432\" height=\"594\" srcset=\"https:\/\/galeriebecot.com\/wp-content\/uploads\/2019\/04\/Florez.jpg 432w, https:\/\/galeriebecot.com\/wp-content\/uploads\/2019\/04\/Florez-218x300.jpg 218w\" sizes=\"auto, (max-width: 432px) 100vw, 432px\" \/><\/a><\/p>\n<p><strong>&nbsp;A<em>rtiste :&nbsp;Melvin Florez, Pibo, Odette Th\u00e9berge<\/em><\/strong><\/p>\n<p><em>Cr\u00e9dit photo :&nbsp;Kl\u00f4dy Tremblay<\/em><\/p>\n<h3 class=\"null\"><a href=\"https:\/\/www.galeriebecot.com\/wp-content\/uploads\/2019\/04\/vernissage-3.jpg\"><img loading=\"lazy\" decoding=\"async\" class=\"alignnone size-full wp-image-11035\" src=\"https:\/\/www.galeriebecot.com\/wp-content\/uploads\/2019\/04\/vernissage-3.jpg\" alt=\"\" width=\"432\" height=\"357\" srcset=\"https:\/\/galeriebecot.com\/wp-content\/uploads\/2019\/04\/vernissage-3.jpg 432w, https:\/\/galeriebecot.com\/wp-content\/uploads\/2019\/04\/vernissage-3-300x248.jpg 300w\" sizes=\"auto, (max-width: 432px) 100vw, 432px\" \/><\/a><\/h3>\n<p>Vernissage du 12 avril<\/p>\n<p><em>Cr\u00e9dit photo : Serge Philippe Tremblay&nbsp;<\/em><\/p>\n<p><a href=\"https:\/\/www.galeriebecot.com\/wp-content\/uploads\/2019\/04\/Michel.jpg\"><img loading=\"lazy\" decoding=\"async\" class=\"alignnone size-full wp-image-11064\" src=\"https:\/\/www.galeriebecot.com\/wp-content\/uploads\/2019\/04\/Michel.jpg\" alt=\"\" width=\"432\" height=\"366\" srcset=\"https:\/\/galeriebecot.com\/wp-content\/uploads\/2019\/04\/Michel.jpg 432w, https:\/\/galeriebecot.com\/wp-content\/uploads\/2019\/04\/Michel-300x254.jpg 300w\" sizes=\"auto, (max-width: 432px) 100vw, 432px\" \/><\/a><\/p>\n<p>Michel Parent et le photographe Michel Boulianne<\/p>\n<p><a href=\"https:\/\/www.galeriebecot.com\/wp-content\/uploads\/2019\/04\/Aris-et-Klody.jpg\"><img loading=\"lazy\" decoding=\"async\" class=\"alignnone size-full wp-image-11059\" src=\"https:\/\/www.galeriebecot.com\/wp-content\/uploads\/2019\/04\/Aris-et-Klody.jpg\" alt=\"\" width=\"432\" height=\"309\" srcset=\"https:\/\/galeriebecot.com\/wp-content\/uploads\/2019\/04\/Aris-et-Klody.jpg 432w, https:\/\/galeriebecot.com\/wp-content\/uploads\/2019\/04\/Aris-et-Klody-300x215.jpg 300w\" sizes=\"auto, (max-width: 432px) 100vw, 432px\" \/><\/a><\/p>\n<p><strong>A<em>rtiste :&nbsp;Aristide Gagnon et Kl\u00f6dy Tremblay<\/em><\/strong><\/p>\n<div id=\"attachment_11068\" style=\"width: 334px\" class=\"wp-caption alignnone\"><a href=\"https:\/\/www.galeriebecot.com\/wp-content\/uploads\/2019\/04\/Helenne.jpg\"><img loading=\"lazy\" decoding=\"async\" aria-describedby=\"caption-attachment-11068\" class=\"size-full wp-image-11068\" src=\"https:\/\/www.galeriebecot.com\/wp-content\/uploads\/2019\/04\/Helenne.jpg\" alt=\"\" width=\"324\" height=\"432\" srcset=\"https:\/\/galeriebecot.com\/wp-content\/uploads\/2019\/04\/Helenne.jpg 324w, https:\/\/galeriebecot.com\/wp-content\/uploads\/2019\/04\/Helenne-225x300.jpg 225w\" sizes=\"auto, (max-width: 324px) 100vw, 324px\" \/><\/a><p id=\"caption-attachment-11068\" class=\"wp-caption-text\">H\u00e9lenne de la fondation Grant Mathieu<\/p><\/div>\n<p><em>Cr\u00e9dit photo: Michel Boulianne<\/em><\/p>\n<p><a href=\"https:\/\/www.galeriebecot.com\/wp-content\/uploads\/2019\/04\/Serge-Philippe.jpg\"><img loading=\"lazy\" decoding=\"async\" class=\"alignnone size-full wp-image-11074\" src=\"https:\/\/www.galeriebecot.com\/wp-content\/uploads\/2019\/04\/Serge-Philippe.jpg\" alt=\"\" width=\"299\" height=\"432\" srcset=\"https:\/\/galeriebecot.com\/wp-content\/uploads\/2019\/04\/Serge-Philippe.jpg 299w, https:\/\/galeriebecot.com\/wp-content\/uploads\/2019\/04\/Serge-Philippe-208x300.jpg 208w\" sizes=\"auto, (max-width: 299px) 100vw, 299px\" \/><\/a><\/p>\n<p><strong>A<em>rtiste :&nbsp;Serge-Philippe Tremblay<\/em><\/strong><\/p>\n<p><em>Cr\u00e9dit photo:&nbsp;Kl\u00f6dy Tremblay<\/em><\/p>\n<p><a href=\"https:\/\/www.galeriebecot.com\/wp-content\/uploads\/2019\/04\/Robert-Delisle.jpg\"><img loading=\"lazy\" decoding=\"async\" class=\"alignnone wp-image-11076\" src=\"https:\/\/www.galeriebecot.com\/wp-content\/uploads\/2019\/04\/Robert-Delisle.jpg\" alt=\"\" width=\"323\" height=\"358\"><\/a><\/p>\n<p><strong>A<em>rtiste :&nbsp;Kl\u00f6dy Tremblay et Robert Delisle<\/em><\/strong><\/p>\n<p><em>Cr\u00e9dit photo:&nbsp;Serge Philippe Tremblay<\/em><\/p>\n<div id=\"attachment_11070\" style=\"width: 334px\" class=\"wp-caption alignnone\"><a href=\"https:\/\/www.galeriebecot.com\/wp-content\/uploads\/2019\/04\/Becot.jpg\"><img loading=\"lazy\" decoding=\"async\" aria-describedby=\"caption-attachment-11070\" class=\"size-full wp-image-11070\" src=\"https:\/\/www.galeriebecot.com\/wp-content\/uploads\/2019\/04\/Becot.jpg\" alt=\"\" width=\"324\" height=\"432\" srcset=\"https:\/\/galeriebecot.com\/wp-content\/uploads\/2019\/04\/Becot.jpg 324w, https:\/\/galeriebecot.com\/wp-content\/uploads\/2019\/04\/Becot-225x300.jpg 225w\" sizes=\"auto, (max-width: 324px) 100vw, 324px\" \/><\/a><p id=\"caption-attachment-11070\" class=\"wp-caption-text\"><strong>A<em>rtiste :&nbsp;Andr\u00e9 B\u00e9cot<\/em><\/strong><\/p><\/div>\n<p><em>Cr\u00e9dit photo: Michel Boulianne<\/em><\/p>\n<h3 class=\"null\"><strong>PLUS QU&rsquo;UNE SEMAINE POUR VOIR MANIF D&rsquo;ART 9<\/strong><\/h3>\n<div>\n<p>Vous n&rsquo;avez pas encore vu <a href=\"http:\/\/manifdart.org\/manif9\/\">Manif d&rsquo;art 9<\/a>? Faites vite, car c&rsquo;est le <strong>21 avril<\/strong> que se termine cet important \u00e9v\u00e9nement en art actuel \u00e0 Qu\u00e9bec!<\/p>\n<p>Orchestr\u00e9e par le commissaire invit\u00e9, Jonathan Watkins, directeur de la Ikon Gallery \u00e0 Birmingham (Angleterre), la neuvi\u00e8me \u00e9dition de Manif d\u2019art \u2013 La biennale de Qu\u00e9bec soul\u00e8ve des questionnements essentiels quant aux relations de l\u2019humain avec la nature, son environnement, ses semblables, voire son avenir sur terre. Sous la th\u00e9matique <em>Si petits entre les \u00e9toiles, si grands contre le ciel<\/em>, Manif d\u2019art 9 fait rayonner le talent de plus de 100 artistes locaux, nationaux et internationaux dans une exposition centrale au MNBAQ, dans pr\u00e8s de 15 expositions solos dans divers lieux de diffusion culturelle \u00e0 travers la ville de Qu\u00e9bec et dans un parcours d\u2019art public pr\u00e9sentant une dizaine d\u2019\u0153uvres.<\/p>\n<p>Parmi les incontournables, pour les adeptes comme pour les n\u00e9ophytes&nbsp;: le parcours d\u2019art public du Vieux\u2011Qu\u00e9bec. Les visiteurs pourront profiter des beaut\u00e9s de la vieille ville, agr\u00e9ment\u00e9e par la pr\u00e9sence de pr\u00e8s de 10&nbsp;\u0153uvres d\u2019art. Des murales, des installations et m\u00eame une \u0153uvre sonore surprendront les passants jusqu\u2019au 21 avril 2019!<\/p>\n<h3 class=\"null\"><strong>LAST CHANCE TO SEE MANIF D&rsquo;ART 9!<\/strong><\/h3>\n<div>\n<p>Did you see Manif d&rsquo;art 9? Hurry up because this major contemporary art event in Quebec City ends on<strong>April 21st<\/strong>!The ninth edition of Manif d\u2019art \u2013 The Quebec City biennial, orchestrated by guest curator Jonathan Watkins, director of the Ikon Gallery in Birmingham, England, raises essential questions about the relationships between humans and nature, their environment, each other, and even about their very future on Earth. Under the theme So small between the stars, so large against the sky, Manif d\u2019art 9 showcases the talent of more than 100 local, national and international artists in a main exhibition at the MNBAQ, in close to 15 solo exhibitions in different venues throughout Quebec City and in up to 10 public art exhibits.<\/p>\n<p>For art buffs and neophytes alike, the public art exhibits in Old Quebec are a must-see. Visitors can bask in the beautiful old city while taking in nearly 10 works. Murals, installations and even a sound piece will surprise passers-by until April 21, 2019.<\/p>\n<p>For all the details about the biennial, visit Manif d&rsquo;art <a href=\"https:\/\/lagalerie3.us10.list-manage.com\/track\/click?u=08ef97c0dba4dccedb49e95f3&amp;id=ac314e61c2&amp;e=ccac597920\" target=\"_blank\" rel=\"noopener noreferrer\">website<\/a>!<\/p>\n<\/div>\n<p><a href=\"https:\/\/www.galeriebecot.com\/wp-content\/uploads\/2019\/03\/Colette.jpg\"><img loading=\"lazy\" decoding=\"async\" class=\"alignnone size-full wp-image-10994\" src=\"https:\/\/www.galeriebecot.com\/wp-content\/uploads\/2019\/03\/Colette.jpg\" alt=\"\" width=\"300\" height=\"934\" srcset=\"https:\/\/galeriebecot.com\/wp-content\/uploads\/2019\/03\/Colette.jpg 300w, https:\/\/galeriebecot.com\/wp-content\/uploads\/2019\/03\/Colette-96x300.jpg 96w\" sizes=\"auto, (max-width: 300px) 100vw, 300px\" \/><\/a><\/p>\n<\/div>\n<p><a href=\"https:\/\/www.galeriebecot.com\/wp-content\/uploads\/2019\/03\/Vernissage-du-30-mars.jpg\"><img loading=\"lazy\" decoding=\"async\" class=\"alignnone wp-image-10861\" src=\"https:\/\/www.galeriebecot.com\/wp-content\/uploads\/2019\/03\/Vernissage-du-30-mars-887x1024.jpg\" alt=\"\" width=\"577\" height=\"666\" srcset=\"https:\/\/galeriebecot.com\/wp-content\/uploads\/2019\/03\/Vernissage-du-30-mars-887x1024.jpg 887w, https:\/\/galeriebecot.com\/wp-content\/uploads\/2019\/03\/Vernissage-du-30-mars-260x300.jpg 260w, https:\/\/galeriebecot.com\/wp-content\/uploads\/2019\/03\/Vernissage-du-30-mars-768x886.jpg 768w, https:\/\/galeriebecot.com\/wp-content\/uploads\/2019\/03\/Vernissage-du-30-mars.jpg 936w\" sizes=\"auto, (max-width: 577px) 100vw, 577px\" \/><\/a><\/p>\n<p><a href=\"https:\/\/www.galeriebecot.com\/?p=10793\"><img loading=\"lazy\" decoding=\"async\" class=\"alignnone size-full wp-image-10769\" src=\"https:\/\/www.galeriebecot.com\/wp-content\/uploads\/2019\/03\/Becotte-1.jpg\" alt=\"\" width=\"218\" height=\"22\"><\/a>&nbsp; <a href=\"http:\/\/www.luciennecornet-art.com\/\"><img loading=\"lazy\" decoding=\"async\" class=\"alignnone size-full wp-image-10770\" src=\"https:\/\/www.galeriebecot.com\/wp-content\/uploads\/2019\/03\/Cornet-1.jpg\" alt=\"\" width=\"217\" height=\"22\"><\/a><\/p>\n<p><a href=\"https:\/\/www.legrandrappel.org\/les-oeliguvres-de-don-darby.html\"><img loading=\"lazy\" decoding=\"async\" class=\"alignnone size-full wp-image-10771\" src=\"https:\/\/www.galeriebecot.com\/wp-content\/uploads\/2019\/03\/Darby.jpg\" alt=\"\" width=\"217\" height=\"22\"><\/a>&nbsp;&nbsp;<a href=\"http:\/\/aristidegagnon.com\/accueil.htm\"><img loading=\"lazy\" decoding=\"async\" class=\"alignnone size-full wp-image-10772\" src=\"https:\/\/www.galeriebecot.com\/wp-content\/uploads\/2019\/03\/Gagnon.jpg\" alt=\"\" width=\"217\" height=\"22\"><\/a><\/p>\n<p><a href=\"http:\/\/www.joannegauthier.ca\/bio\"><img loading=\"lazy\" decoding=\"async\" class=\"alignnone size-full wp-image-10774\" src=\"https:\/\/www.galeriebecot.com\/wp-content\/uploads\/2019\/03\/Gauthier.jpg\" alt=\"\" width=\"217\" height=\"22\"><\/a>&nbsp;&nbsp;<a href=\"https:\/\/www.sylviegrondin.com\/\"><img loading=\"lazy\" decoding=\"async\" class=\"alignnone size-full wp-image-10775\" src=\"https:\/\/www.galeriebecot.com\/wp-content\/uploads\/2019\/03\/Grondin.jpg\" alt=\"\" width=\"217\" height=\"22\"><\/a><\/p>\n<p><a href=\"https:\/\/www.kirkovcreative.com\/\"><img loading=\"lazy\" decoding=\"async\" class=\"alignnone size-full wp-image-10776\" src=\"https:\/\/www.galeriebecot.com\/wp-content\/uploads\/2019\/03\/Kirkov.jpg\" alt=\"\" width=\"217\" height=\"22\"><\/a>&nbsp;&nbsp;<a href=\"https:\/\/www.raav.org\/users\/veronique-lagrange\"><img loading=\"lazy\" decoding=\"async\" class=\"alignnone size-full wp-image-10777\" src=\"https:\/\/www.galeriebecot.com\/wp-content\/uploads\/2019\/03\/Lagrange.jpg\" alt=\"\" width=\"217\" height=\"22\"><\/a><\/p>\n<p><a href=\"https:\/\/alainleblond.wixsite.com\/leblonddd?fbclid=IwAR2zw-x3vIzFolya1JYI6gZPnJa45zAwmtqqixZcjU5_qCznDbx35pdMKxY\"><img loading=\"lazy\" decoding=\"async\" class=\"alignnone size-full wp-image-10778\" src=\"https:\/\/www.galeriebecot.com\/wp-content\/uploads\/2019\/03\/LeBlond.jpg\" alt=\"\" width=\"217\" height=\"22\"><\/a>&nbsp;&nbsp;<a href=\"https:\/\/www.facebook.com\/pg\/rebecca.artiste.peintre\/posts\/\"><img loading=\"lazy\" decoding=\"async\" class=\"alignnone size-full wp-image-10779\" src=\"https:\/\/www.galeriebecot.com\/wp-content\/uploads\/2019\/03\/Masse.jpg\" alt=\"\" width=\"217\" height=\"22\"><\/a><\/p>\n<p><a href=\"https:\/\/www.pallafray.com\/\"><img loading=\"lazy\" decoding=\"async\" class=\"alignnone size-full wp-image-10781\" src=\"https:\/\/www.galeriebecot.com\/wp-content\/uploads\/2019\/03\/Pallafray.jpg\" alt=\"\" width=\"217\" height=\"22\"><\/a>&nbsp;&nbsp;<a href=\"https:\/\/www.instagram.com\/patrysuzette\/?hl=fr\"><img loading=\"lazy\" decoding=\"async\" class=\"alignnone size-full wp-image-10782\" src=\"https:\/\/www.galeriebecot.com\/wp-content\/uploads\/2019\/03\/Patry.jpg\" alt=\"\" width=\"217\" height=\"22\"><\/a><\/p>\n<p><a href=\"https:\/\/www.saatchiart.com\/Gilbert\"><img loading=\"lazy\" decoding=\"async\" class=\"alignnone size-full wp-image-10783\" src=\"https:\/\/www.galeriebecot.com\/wp-content\/uploads\/2019\/03\/Sevigny.jpg\" alt=\"\" width=\"217\" height=\"22\"><\/a>&nbsp;&nbsp;<a href=\"https:\/\/www.facebook.com\/carole.turgeon.161\"><img loading=\"lazy\" decoding=\"async\" class=\"alignnone size-full wp-image-10784\" src=\"https:\/\/www.galeriebecot.com\/wp-content\/uploads\/2019\/03\/Turgeon.jpg\" alt=\"\" width=\"217\" height=\"22\"><\/a><\/p>\n<p><a href=\"https:\/\/www.galeriebecot.com\/?p=2698\"><img loading=\"lazy\" decoding=\"async\" class=\"alignnone size-full wp-image-10785\" src=\"https:\/\/www.galeriebecot.com\/wp-content\/uploads\/2019\/03\/Warren.jpg\" alt=\"\" width=\"217\" height=\"22\"><\/a>&nbsp;&nbsp;<a href=\"https:\/\/www.galeriebecot.com\/?p=10793\"><img loading=\"lazy\" decoding=\"async\" class=\"alignnone size-full wp-image-10769\" src=\"https:\/\/www.galeriebecot.com\/wp-content\/uploads\/2019\/03\/Becotte-1.jpg\" alt=\"\" width=\"218\" height=\"22\"><\/a><\/p>\n<p><a href=\"https:\/\/www.galeriebecot.com\/wp-content\/uploads\/2019\/03\/Manif-collectif-100-Becot.jpg\"><img loading=\"lazy\" decoding=\"async\" class=\"alignnone size-full wp-image-10845\" src=\"https:\/\/www.galeriebecot.com\/wp-content\/uploads\/2019\/03\/Manif-collectif-100-Becot.jpg\" alt=\"\" width=\"576\" height=\"248\" srcset=\"https:\/\/galeriebecot.com\/wp-content\/uploads\/2019\/03\/Manif-collectif-100-Becot.jpg 576w, https:\/\/galeriebecot.com\/wp-content\/uploads\/2019\/03\/Manif-collectif-100-Becot-300x129.jpg 300w\" sizes=\"auto, (max-width: 576px) 100vw, 576px\" \/><\/a><\/p>\n<p><a href=\"https:\/\/www.galeriebecot.com\/wp-content\/uploads\/2019\/03\/Manif-collectif-101-Becot.jpg\"><img loading=\"lazy\" decoding=\"async\" class=\"alignnone size-full wp-image-10846\" src=\"https:\/\/www.galeriebecot.com\/wp-content\/uploads\/2019\/03\/Manif-collectif-101-Becot.jpg\" alt=\"\" width=\"576\" height=\"541\" srcset=\"https:\/\/galeriebecot.com\/wp-content\/uploads\/2019\/03\/Manif-collectif-101-Becot.jpg 576w, https:\/\/galeriebecot.com\/wp-content\/uploads\/2019\/03\/Manif-collectif-101-Becot-300x282.jpg 300w\" sizes=\"auto, (max-width: 576px) 100vw, 576px\" \/><\/a><\/p>\n<p>Artistes invit\u00e9s. Antoine B\u00e9cotte, Lucienne Cornet, Don Darby, Aristide Gagnon, Joanne Gauthier, Sylvie Grondin, V\u00e9ronique Lagrange, Alain LeBlond, R\u00e9becca Mass\u00e9, Philippe Pallafray, Suzette Patry, Gilbert S\u00e9vigny, Kirkov, Carole Turgeon, Ann Warren,<\/p>\n<p><a href=\"https:\/\/www.galeriebecot.com\/wp-content\/uploads\/2019\/03\/Manif-collectif102-Becot.jpg\"><img loading=\"lazy\" decoding=\"async\" class=\"alignnone size-full wp-image-10847\" src=\"https:\/\/www.galeriebecot.com\/wp-content\/uploads\/2019\/03\/Manif-collectif102-Becot.jpg\" alt=\"\" width=\"576\" height=\"193\" srcset=\"https:\/\/galeriebecot.com\/wp-content\/uploads\/2019\/03\/Manif-collectif102-Becot.jpg 576w, https:\/\/galeriebecot.com\/wp-content\/uploads\/2019\/03\/Manif-collectif102-Becot-300x101.jpg 300w\" sizes=\"auto, (max-width: 576px) 100vw, 576px\" \/><\/a><\/p>\n<p>Collectif 2, dans le cadre de la Manif D\/ART 9 jusqu&rsquo;au 31 mars 2019. Bienvenue \u00e0 tous !<\/p>\n<p>Cr\u00e9dits photos: <em>Serge Philippe Tremblay et Kirkov<\/em><\/p>\n<p><iframe loading=\"lazy\" title=\"Art contemporain : pourquoi le prix des oeuvres explose\" width=\"700\" height=\"394\" src=\"https:\/\/www.youtube.com\/embed\/PHX3QgCNsus?feature=oembed\" frameborder=\"0\" allow=\"accelerometer; autoplay; clipboard-write; encrypted-media; gyroscope; picture-in-picture; web-share\" allowfullscreen><\/iframe><\/p>\n<p><a href=\"https:\/\/www.lafabriqueculturelle.tv\/capsules\/11639\/l-homme-qui-fait-parler-les-toiles-carol-poulin\"><img loading=\"lazy\" decoding=\"async\" class=\"alignnone size-large wp-image-10628\" src=\"https:\/\/www.galeriebecot.com\/wp-content\/uploads\/2019\/02\/manif-2811-a-650x1024.jpg\" alt=\"\" width=\"650\" height=\"1024\" srcset=\"https:\/\/galeriebecot.com\/wp-content\/uploads\/2019\/02\/manif-2811-a-650x1024.jpg 650w, https:\/\/galeriebecot.com\/wp-content\/uploads\/2019\/02\/manif-2811-a-190x300.jpg 190w, https:\/\/galeriebecot.com\/wp-content\/uploads\/2019\/02\/manif-2811-a.jpg 745w\" sizes=\"auto, (max-width: 650px) 100vw, 650px\" \/><\/a><\/p>\n<p><strong>Exposition en cours : collectif A \/ du 15 f\u00e9vrier au 3 mars 2019.<\/strong><\/p>\n<p><a href=\"https:\/\/www.lafabriqueculturelle.tv\/capsules\/11639\/l-homme-qui-fait-parler-les-toiles-carol-poulin\">Documentaire avec Carol Poulin \/ L&rsquo;homme qui fait parler les toiles.<\/a><\/p>\n<p><a href=\"https:\/\/www.galeriebecot.com\/wp-content\/uploads\/2019\/02\/Manif-Complet-okokok.jpg\"><img loading=\"lazy\" decoding=\"async\" class=\"alignnone wp-image-10602\" src=\"https:\/\/www.galeriebecot.com\/wp-content\/uploads\/2019\/02\/Manif-Complet-okokok.jpg\" alt=\"\" width=\"713\" height=\"50\" srcset=\"https:\/\/galeriebecot.com\/wp-content\/uploads\/2019\/02\/Manif-Complet-okokok.jpg 927w, https:\/\/galeriebecot.com\/wp-content\/uploads\/2019\/02\/Manif-Complet-okokok-300x21.jpg 300w, https:\/\/galeriebecot.com\/wp-content\/uploads\/2019\/02\/Manif-Complet-okokok-768x54.jpg 768w\" sizes=\"auto, (max-width: 713px) 100vw, 713px\" \/><\/a><\/p>\n<p>Vernissage du 2 mars 2019<\/p>\n<p><a href=\"https:\/\/www.galeriebecot.com\/wp-content\/uploads\/2019\/02\/Vernissage-OK.jpg\"><img loading=\"lazy\" decoding=\"async\" class=\"alignnone size-full wp-image-10677\" src=\"https:\/\/www.galeriebecot.com\/wp-content\/uploads\/2019\/02\/Vernissage-OK.jpg\" alt=\"\" width=\"720\" height=\"246\" srcset=\"https:\/\/galeriebecot.com\/wp-content\/uploads\/2019\/02\/Vernissage-OK.jpg 720w, https:\/\/galeriebecot.com\/wp-content\/uploads\/2019\/02\/Vernissage-OK-300x103.jpg 300w\" sizes=\"auto, (max-width: 720px) 100vw, 720px\" \/><\/a><\/p>\n<p>1 Alain LeBlond, 2 William, 3 Carol Poulin, 4 C\u00e9line G. Lapointe, 5 Ren\u00e9 Genest, 6 Gilles B\u00e9rub\u00e9, 7 Andr\u00e9 B\u00e9cot, 8 Marie Rioux, &nbsp;9 Don Darby<\/p>\n<p>cr\u00e9dit photo: <em>Serge Philippe Tremblay<\/em><\/p>\n<p><a href=\"https:\/\/www.galeriebecot.com\/?p=1892\"><img loading=\"lazy\" decoding=\"async\" class=\"alignnone size-full wp-image-10121\" src=\"https:\/\/www.galeriebecot.com\/wp-content\/uploads\/2019\/01\/Becot-Onglet1.jpg\" alt=\"\" width=\"217\" height=\"18\"><\/a><a href=\"https:\/\/www.galeriebecot.com\/?p=10401\"><img loading=\"lazy\" decoding=\"async\" class=\"alignnone size-full wp-image-10149\" src=\"https:\/\/www.galeriebecot.com\/wp-content\/uploads\/2019\/01\/Berube-Onglet1.jpg\" alt=\"\" width=\"217\" height=\"18\"><\/a><\/p>\n<p><a href=\"https:\/\/vimeo.com\/181228094\"><img loading=\"lazy\" decoding=\"async\" class=\"alignnone size-full wp-image-10266\" src=\"https:\/\/www.galeriebecot.com\/wp-content\/uploads\/2019\/01\/Darby-Onglet1111.jpg\" alt=\"\" width=\"217\" height=\"18\"><\/a><a href=\"http:\/\/bouliannephotographe.simplesite.com\/\"><img loading=\"lazy\" decoding=\"async\" class=\"alignnone size-full wp-image-10125\" src=\"https:\/\/www.galeriebecot.com\/wp-content\/uploads\/2019\/01\/Boulianne-Onglet1.jpg\" alt=\"\" width=\"217\" height=\"18\"><\/a><\/p>\n<p><a href=\"http:\/\/aristidegagnon.com\/accueil.htm\"><img loading=\"lazy\" decoding=\"async\" class=\"alignnone size-full wp-image-10151\" src=\"https:\/\/www.galeriebecot.com\/wp-content\/uploads\/2019\/01\/Gagnon-Onglet1.jpg\" alt=\"\" width=\"217\" height=\"18\"><\/a><a href=\"http:\/\/www.vivianegruais.com\/\"><img loading=\"lazy\" decoding=\"async\" class=\"alignnone size-full wp-image-10127\" src=\"https:\/\/www.galeriebecot.com\/wp-content\/uploads\/2019\/01\/GruaisOnglet1.jpg\" alt=\"\" width=\"217\" height=\"18\"><\/a><\/p>\n<p><a href=\"https:\/\/jacinthelagueux.wixsite.com\/monsite\"><img loading=\"lazy\" decoding=\"async\" class=\"alignnone size-full wp-image-10153\" src=\"https:\/\/www.galeriebecot.com\/wp-content\/uploads\/2019\/01\/Lagueux-Onglet1.jpg\" alt=\"\" width=\"217\" height=\"18\"><\/a><a href=\"https:\/\/cglapointe.wixsite.com\/cglapointe\"><img loading=\"lazy\" decoding=\"async\" class=\"alignnone size-full wp-image-10130\" src=\"https:\/\/www.galeriebecot.com\/wp-content\/uploads\/2019\/01\/Lapointe1-Onglet.jpg\" alt=\"\" width=\"217\" height=\"18\"><\/a><\/p>\n<p><a href=\"https:\/\/www.galeriebecot.com\/?p=8293\"><img loading=\"lazy\" decoding=\"async\" class=\"alignnone size-full wp-image-10158\" src=\"https:\/\/www.galeriebecot.com\/wp-content\/uploads\/2019\/01\/LaroucheOnglet1.jpg\" alt=\"\" width=\"217\" height=\"18\"><\/a><a href=\"http:\/\/alainleblond.wixsite.com\/leblonddd?fbclid=IwAR2zw-x3vIzFolya1JYI6gZPnJa45zAwmtqqixZcjU5_qCznDbx35pdMKxY\"><img loading=\"lazy\" decoding=\"async\" class=\"alignnone size-full wp-image-10140\" src=\"https:\/\/www.galeriebecot.com\/wp-content\/uploads\/2019\/01\/LeBlond-Onglet1.jpg\" alt=\"\" width=\"217\" height=\"18\"><\/a><\/p>\n<p><a href=\"https:\/\/www.galeriebecot.com\/?p=7698\"><img loading=\"lazy\" decoding=\"async\" class=\"alignnone size-full wp-image-10160\" src=\"https:\/\/www.galeriebecot.com\/wp-content\/uploads\/2019\/01\/Morissette-Onglet1.jpg\" alt=\"\" width=\"217\" height=\"18\"><\/a><a href=\"https:\/\/carolpoulin.wixsite.com\/carol-site?fbclid=IwAR1Q7S4xNmH8Sk_geNH0-sZARTsgvPtl0TnYJ4LJn2C01fOvVusUXZyoSuk\"><img loading=\"lazy\" decoding=\"async\" class=\"alignnone size-full wp-image-10146\" src=\"https:\/\/www.galeriebecot.com\/wp-content\/uploads\/2019\/01\/Poulin-Onglet1.jpg\" alt=\"\" width=\"217\" height=\"18\"><\/a><\/p>\n<p><a href=\"https:\/\/www.galeriebecot.com\/?p=10162\"><img loading=\"lazy\" decoding=\"async\" class=\"alignnone size-full wp-image-10180\" src=\"https:\/\/www.galeriebecot.com\/wp-content\/uploads\/2019\/01\/Tremblay-Onglet11.jpg\" alt=\"\" width=\"208\" height=\"18\"><\/a><\/p>\n<p><a href=\"https:\/\/www.galeriebecot.com\/wp-content\/uploads\/2019\/02\/Manif-Completa.jpg\"><img loading=\"lazy\" decoding=\"async\" class=\"alignnone size-full wp-image-10603\" src=\"https:\/\/www.galeriebecot.com\/wp-content\/uploads\/2019\/02\/Manif-Completa.jpg\" alt=\"\" width=\"697\" height=\"250\" srcset=\"https:\/\/galeriebecot.com\/wp-content\/uploads\/2019\/02\/Manif-Completa.jpg 697w, https:\/\/galeriebecot.com\/wp-content\/uploads\/2019\/02\/Manif-Completa-300x108.jpg 300w\" sizes=\"auto, (max-width: 697px) 100vw, 697px\" \/><\/a><\/p>\n<p><a href=\"https:\/\/www.galeriebecot.com\/wp-content\/uploads\/2019\/02\/Manif-collectif-a-et-b.jpg\"><img loading=\"lazy\" decoding=\"async\" class=\"alignnone size-full wp-image-10609\" src=\"https:\/\/www.galeriebecot.com\/wp-content\/uploads\/2019\/02\/Manif-collectif-a-et-b.jpg\" alt=\"\" width=\"804\" height=\"202\" srcset=\"https:\/\/galeriebecot.com\/wp-content\/uploads\/2019\/02\/Manif-collectif-a-et-b.jpg 804w, https:\/\/galeriebecot.com\/wp-content\/uploads\/2019\/02\/Manif-collectif-a-et-b-300x75.jpg 300w, https:\/\/galeriebecot.com\/wp-content\/uploads\/2019\/02\/Manif-collectif-a-et-b-768x193.jpg 768w\" sizes=\"auto, (max-width: 804px) 100vw, 804px\" \/><\/a><\/p>\n<p><a href=\"https:\/\/www.galeriebecot.com\/wp-content\/uploads\/2019\/02\/Collectif-c-et-d.jpg\"><img loading=\"lazy\" decoding=\"async\" class=\"alignnone size-full wp-image-10611\" src=\"https:\/\/www.galeriebecot.com\/wp-content\/uploads\/2019\/02\/Collectif-c-et-d.jpg\" alt=\"\" width=\"724\" height=\"183\" srcset=\"https:\/\/galeriebecot.com\/wp-content\/uploads\/2019\/02\/Collectif-c-et-d.jpg 724w, https:\/\/galeriebecot.com\/wp-content\/uploads\/2019\/02\/Collectif-c-et-d-300x76.jpg 300w\" sizes=\"auto, (max-width: 724px) 100vw, 724px\" \/><\/a><\/p>\n<p><a href=\"https:\/\/www.galeriebecot.com\/wp-content\/uploads\/2019\/02\/OuvertureV1.jpg\"><img loading=\"lazy\" decoding=\"async\" class=\"alignnone size-full wp-image-10578\" src=\"https:\/\/www.galeriebecot.com\/wp-content\/uploads\/2019\/02\/OuvertureV1.jpg\" alt=\"\" width=\"459\" height=\"393\" srcset=\"https:\/\/galeriebecot.com\/wp-content\/uploads\/2019\/02\/OuvertureV1.jpg 459w, https:\/\/galeriebecot.com\/wp-content\/uploads\/2019\/02\/OuvertureV1-300x257.jpg 300w\" sizes=\"auto, (max-width: 459px) 100vw, 459px\" \/><\/a><\/p>\n<p><a href=\"https:\/\/www.galeriebecot.com\/wp-content\/uploads\/2019\/02\/Vernissage-11.jpg\"><img loading=\"lazy\" decoding=\"async\" class=\"alignnone size-full wp-image-10543\" src=\"https:\/\/www.galeriebecot.com\/wp-content\/uploads\/2019\/02\/Vernissage-11.jpg\" alt=\"\" width=\"432\" height=\"544\" srcset=\"https:\/\/galeriebecot.com\/wp-content\/uploads\/2019\/02\/Vernissage-11.jpg 432w, https:\/\/galeriebecot.com\/wp-content\/uploads\/2019\/02\/Vernissage-11-238x300.jpg 238w\" sizes=\"auto, (max-width: 432px) 100vw, 432px\" \/><\/a><\/p>\n<p><a href=\"https:\/\/www.galeriebecot.com\/wp-content\/uploads\/2019\/02\/A.Becot-D.Darbyweb.jpg\"><img loading=\"lazy\" decoding=\"async\" class=\"alignnone size-full wp-image-10618\" src=\"https:\/\/www.galeriebecot.com\/wp-content\/uploads\/2019\/02\/A.Becot-D.Darbyweb.jpg\" alt=\"\" width=\"432\" height=\"289\" srcset=\"https:\/\/galeriebecot.com\/wp-content\/uploads\/2019\/02\/A.Becot-D.Darbyweb.jpg 432w, https:\/\/galeriebecot.com\/wp-content\/uploads\/2019\/02\/A.Becot-D.Darbyweb-300x201.jpg 300w\" sizes=\"auto, (max-width: 432px) 100vw, 432px\" \/><\/a><\/p>\n<p>Andr\u00e9 B\u00e9cot et Don Darby ,Vernissage du 23 f\u00e9vrier 2019.<\/p>\n<p>Oeuvre de Alain LeBlond<\/p>\n<p><em>Cr\u00e9dit photo : Michel Boulianne.<\/em><\/p>\n<p><a href=\"https:\/\/www.galeriebecot.com\/wp-content\/uploads\/2019\/02\/Affiche-Pour-Web2.jpg\"><img loading=\"lazy\" decoding=\"async\" class=\"alignnone size-full wp-image-10582\" src=\"https:\/\/www.galeriebecot.com\/wp-content\/uploads\/2019\/02\/Affiche-Pour-Web2.jpg\" alt=\"\" width=\"432\" height=\"245\" srcset=\"https:\/\/galeriebecot.com\/wp-content\/uploads\/2019\/02\/Affiche-Pour-Web2.jpg 432w, https:\/\/galeriebecot.com\/wp-content\/uploads\/2019\/02\/Affiche-Pour-Web2-300x170.jpg 300w\" sizes=\"auto, (max-width: 432px) 100vw, 432px\" \/><\/a><\/p>\n<p><a href=\"https:\/\/www.galeriebecot.com\/?p=1398\"><img loading=\"lazy\" decoding=\"async\" class=\"alignnone size-full wp-image-8815\" src=\"https:\/\/www.galeriebecot.com\/wp-content\/uploads\/2018\/06\/Historique-du-clubokok.jpg\" alt=\"\" width=\"369\" height=\"35\" srcset=\"https:\/\/galeriebecot.com\/wp-content\/uploads\/2018\/06\/Historique-du-clubokok.jpg 369w, https:\/\/galeriebecot.com\/wp-content\/uploads\/2018\/06\/Historique-du-clubokok-300x28.jpg 300w\" sizes=\"auto, (max-width: 369px) 100vw, 369px\" \/><\/a><\/p>\n<p><a href=\"http:\/\/www.michelparent.com\/club\/\"><img loading=\"lazy\" decoding=\"async\" class=\"alignnone size-full wp-image-8818\" src=\"https:\/\/www.galeriebecot.com\/wp-content\/uploads\/2018\/06\/Logo-inscription-1-768x64ok.jpg\" alt=\"\" width=\"657\" height=\"63\" srcset=\"https:\/\/galeriebecot.com\/wp-content\/uploads\/2018\/06\/Logo-inscription-1-768x64ok.jpg 657w, https:\/\/galeriebecot.com\/wp-content\/uploads\/2018\/06\/Logo-inscription-1-768x64ok-300x29.jpg 300w\" sizes=\"auto, (max-width: 657px) 100vw, 657px\" \/><\/a><\/p>\n<p><a href=\"http:\/\/www.carolpoulin.ca\/\"><img loading=\"lazy\" decoding=\"async\" class=\"alignnone size-full wp-image-10499\" src=\"https:\/\/www.galeriebecot.com\/wp-content\/uploads\/2019\/02\/Ouverture2.jpg\" alt=\"\" width=\"597\" height=\"696\" srcset=\"https:\/\/galeriebecot.com\/wp-content\/uploads\/2019\/02\/Ouverture2.jpg 597w, https:\/\/galeriebecot.com\/wp-content\/uploads\/2019\/02\/Ouverture2-257x300.jpg 257w\" sizes=\"auto, (max-width: 597px) 100vw, 597px\" \/><\/a><\/p>\n<p><em>Huile sur toile 20&Prime; x20&Prime; , 1 de 4, par Carol Poulin.<\/em><\/p>\n<p><iframe loading=\"lazy\" title=\"Invitation de Atelier BE-Video pour exposition Be\u0301cot, hiver 2019\" width=\"700\" height=\"394\" src=\"https:\/\/www.youtube.com\/embed\/rb-hx1IxOI4?feature=oembed\" frameborder=\"0\" allow=\"accelerometer; autoplay; clipboard-write; encrypted-media; gyroscope; picture-in-picture; web-share\" allowfullscreen><\/iframe><\/p>\n<p>&nbsp;<\/p>\n<p><a href=\"https:\/\/www.galeriebecot.com\/wp-content\/uploads\/2019\/02\/Vernissage-Manif-999.jpg\"><img loading=\"lazy\" decoding=\"async\" class=\"alignnone size-full wp-image-10387\" src=\"https:\/\/www.galeriebecot.com\/wp-content\/uploads\/2019\/02\/Vernissage-Manif-999.jpg\" alt=\"\" width=\"779\" height=\"948\" srcset=\"https:\/\/galeriebecot.com\/wp-content\/uploads\/2019\/02\/Vernissage-Manif-999.jpg 779w, https:\/\/galeriebecot.com\/wp-content\/uploads\/2019\/02\/Vernissage-Manif-999-247x300.jpg 247w, https:\/\/galeriebecot.com\/wp-content\/uploads\/2019\/02\/Vernissage-Manif-999-768x935.jpg 768w\" sizes=\"auto, (max-width: 779px) 100vw, 779px\" \/><\/a><\/p>\n<p><a href=\"https:\/\/www.galeriebecot.com\/?p=5132\"><img loading=\"lazy\" decoding=\"async\" class=\"alignnone size-full wp-image-10383\" src=\"https:\/\/www.galeriebecot.com\/wp-content\/uploads\/2019\/02\/empreintesbiblio.jpg\" alt=\"\" width=\"300\" height=\"85\"><\/a><\/p>\n<p><a href=\"https:\/\/manifdart.org\/\"><img loading=\"lazy\" decoding=\"async\" class=\"alignnone size-full wp-image-9946\" src=\"https:\/\/www.galeriebecot.com\/wp-content\/uploads\/2018\/12\/Lancement-Manif-9.jpg\" alt=\"\" width=\"936\" height=\"692\" srcset=\"https:\/\/galeriebecot.com\/wp-content\/uploads\/2018\/12\/Lancement-Manif-9.jpg 936w, https:\/\/galeriebecot.com\/wp-content\/uploads\/2018\/12\/Lancement-Manif-9-300x222.jpg 300w, https:\/\/galeriebecot.com\/wp-content\/uploads\/2018\/12\/Lancement-Manif-9-768x568.jpg 768w\" sizes=\"auto, (max-width: 936px) 100vw, 936px\" \/><\/a><\/p>\n<p>Lancement de la programmation de Manif d&rsquo;Art&nbsp;9, le mardi 4 d\u00e9cembre 2018, au Mus\u00e9e national des Beaux-Arts (MNBAQ). Andr\u00e9 B\u00e9cot, Michel Parent, Catherine Baril, R\u00e9jeanne Lamothe, Aristide Gagnon, Don Darby, Alain LeBlond.<\/p>\n<p>Lise Breton:photographe<\/p>\n<p><iframe loading=\"lazy\" title=\"Publicit\u00e9 TV - Manif d&#039;art 9\" width=\"700\" height=\"394\" src=\"https:\/\/www.youtube.com\/embed\/gwtRspy_JKk?feature=oembed\" frameborder=\"0\" allow=\"accelerometer; autoplay; clipboard-write; encrypted-media; gyroscope; picture-in-picture; web-share\" allowfullscreen><\/iframe><\/p>\n<p><a href=\"https:\/\/www.galeriebecot.com\/wp-content\/uploads\/2019\/01\/Becot-manif9_22.jpg\"><img loading=\"lazy\" decoding=\"async\" class=\"alignnone size-full wp-image-10249\" src=\"https:\/\/www.galeriebecot.com\/wp-content\/uploads\/2019\/01\/Becot-manif9_22.jpg\" alt=\"\" width=\"762\" height=\"929\" srcset=\"https:\/\/galeriebecot.com\/wp-content\/uploads\/2019\/01\/Becot-manif9_22.jpg 762w, https:\/\/galeriebecot.com\/wp-content\/uploads\/2019\/01\/Becot-manif9_22-246x300.jpg 246w\" sizes=\"auto, (max-width: 762px) 100vw, 762px\" \/><\/a><\/p>\n<p><a href=\"https:\/\/www.galeriebecot.com\/wp-content\/uploads\/2018\/12\/Martin-Aris11.jpg\"><img loading=\"lazy\" decoding=\"async\" class=\"alignnone size-large wp-image-10063\" src=\"https:\/\/www.galeriebecot.com\/wp-content\/uploads\/2018\/12\/Martin-Aris11-465x1024.jpg\" alt=\"\" width=\"465\" height=\"1024\" srcset=\"https:\/\/galeriebecot.com\/wp-content\/uploads\/2018\/12\/Martin-Aris11-465x1024.jpg 465w, https:\/\/galeriebecot.com\/wp-content\/uploads\/2018\/12\/Martin-Aris11-136x300.jpg 136w, https:\/\/galeriebecot.com\/wp-content\/uploads\/2018\/12\/Martin-Aris11.jpg 720w\" sizes=\"auto, (max-width: 465px) 100vw, 465px\" \/><\/a><\/p>\n<p><a href=\"https:\/\/www.galeriebecot.com\/wp-content\/uploads\/2018\/12\/Manif1.jpg\"><img loading=\"lazy\" decoding=\"async\" class=\"alignnone size-large wp-image-9949\" src=\"https:\/\/www.galeriebecot.com\/wp-content\/uploads\/2018\/12\/Manif1-828x1024.jpg\" alt=\"\" width=\"700\" height=\"866\" srcset=\"https:\/\/galeriebecot.com\/wp-content\/uploads\/2018\/12\/Manif1-828x1024.jpg 828w, https:\/\/galeriebecot.com\/wp-content\/uploads\/2018\/12\/Manif1-242x300.jpg 242w, https:\/\/galeriebecot.com\/wp-content\/uploads\/2018\/12\/Manif1-768x950.jpg 768w, https:\/\/galeriebecot.com\/wp-content\/uploads\/2018\/12\/Manif1.jpg 877w\" sizes=\"auto, (max-width: 700px) 100vw, 700px\" \/><\/a><\/p>\n<p><a href=\"https:\/\/www.galeriebecot.com\/wp-content\/uploads\/2018\/12\/Manif2222.jpg\"><img loading=\"lazy\" decoding=\"async\" class=\"alignnone size-full wp-image-9962\" src=\"https:\/\/www.galeriebecot.com\/wp-content\/uploads\/2018\/12\/Manif2222.jpg\" alt=\"\" width=\"794\" height=\"300\" srcset=\"https:\/\/galeriebecot.com\/wp-content\/uploads\/2018\/12\/Manif2222.jpg 794w, https:\/\/galeriebecot.com\/wp-content\/uploads\/2018\/12\/Manif2222-300x113.jpg 300w, https:\/\/galeriebecot.com\/wp-content\/uploads\/2018\/12\/Manif2222-768x290.jpg 768w\" sizes=\"auto, (max-width: 794px) 100vw, 794px\" \/><\/a><\/p>\n<p><iframe loading=\"lazy\" title=\"Une biennale en constellations\" width=\"700\" height=\"394\" src=\"https:\/\/www.youtube.com\/embed\/WQIOTCKoin8?feature=oembed\" frameborder=\"0\" allow=\"accelerometer; autoplay; clipboard-write; encrypted-media; gyroscope; picture-in-picture; web-share\" allowfullscreen><\/iframe><\/p>\n<p><a href=\"https:\/\/www.galeriebecot.com\/wp-content\/uploads\/2018\/12\/Manif33.jpg\"><img loading=\"lazy\" decoding=\"async\" class=\"alignnone size-full wp-image-9953\" src=\"https:\/\/www.galeriebecot.com\/wp-content\/uploads\/2018\/12\/Manif33.jpg\" alt=\"\" width=\"787\" height=\"967\" srcset=\"https:\/\/galeriebecot.com\/wp-content\/uploads\/2018\/12\/Manif33.jpg 787w, https:\/\/galeriebecot.com\/wp-content\/uploads\/2018\/12\/Manif33-244x300.jpg 244w, https:\/\/galeriebecot.com\/wp-content\/uploads\/2018\/12\/Manif33-768x944.jpg 768w\" sizes=\"auto, (max-width: 787px) 100vw, 787px\" \/><\/a><\/p>\n<p><a href=\"https:\/\/www.galeriebecot.com\/wp-content\/uploads\/2018\/12\/Manif44.jpg\"><img loading=\"lazy\" decoding=\"async\" class=\"alignnone size-full wp-image-9955\" src=\"https:\/\/www.galeriebecot.com\/wp-content\/uploads\/2018\/12\/Manif44.jpg\" alt=\"\" width=\"796\" height=\"421\" srcset=\"https:\/\/galeriebecot.com\/wp-content\/uploads\/2018\/12\/Manif44.jpg 796w, https:\/\/galeriebecot.com\/wp-content\/uploads\/2018\/12\/Manif44-300x159.jpg 300w, https:\/\/galeriebecot.com\/wp-content\/uploads\/2018\/12\/Manif44-768x406.jpg 768w\" sizes=\"auto, (max-width: 796px) 100vw, 796px\" \/><\/a><\/p>\n<p><a href=\"https:\/\/www.galeriebecot.com\/wp-content\/uploads\/2018\/12\/Journal1.jpg\"><img loading=\"lazy\" decoding=\"async\" class=\"alignnone size-large wp-image-9967\" src=\"https:\/\/www.galeriebecot.com\/wp-content\/uploads\/2018\/12\/Journal1-881x1024.jpg\" alt=\"\" width=\"700\" height=\"814\" srcset=\"https:\/\/galeriebecot.com\/wp-content\/uploads\/2018\/12\/Journal1-881x1024.jpg 881w, https:\/\/galeriebecot.com\/wp-content\/uploads\/2018\/12\/Journal1-258x300.jpg 258w, https:\/\/galeriebecot.com\/wp-content\/uploads\/2018\/12\/Journal1-768x893.jpg 768w, https:\/\/galeriebecot.com\/wp-content\/uploads\/2018\/12\/Journal1.jpg 941w\" sizes=\"auto, (max-width: 700px) 100vw, 700px\" \/><\/a><\/p>\n<p><a href=\"https:\/\/www.galeriebecot.com\/wp-content\/uploads\/2018\/12\/Journal222.jpg\"><img loading=\"lazy\" decoding=\"async\" class=\"alignnone size-full wp-image-9980\" src=\"https:\/\/www.galeriebecot.com\/wp-content\/uploads\/2018\/12\/Journal222.jpg\" alt=\"\" width=\"947\" height=\"864\" srcset=\"https:\/\/galeriebecot.com\/wp-content\/uploads\/2018\/12\/Journal222.jpg 947w, https:\/\/galeriebecot.com\/wp-content\/uploads\/2018\/12\/Journal222-300x274.jpg 300w, https:\/\/galeriebecot.com\/wp-content\/uploads\/2018\/12\/Journal222-768x701.jpg 768w\" sizes=\"auto, (max-width: 947px) 100vw, 947px\" \/><\/a><\/p>\n<p>Ouverture : Mercredi au Dimanche de 14 h \u00e0 16h et sur rendez-vous.<\/p>\n<p><a href=\"https:\/\/www.galeriebecot.com\/wp-content\/uploads\/2018\/12\/Journal-Becot1111.jpg\"><img loading=\"lazy\" decoding=\"async\" class=\"alignnone size-full wp-image-9973\" src=\"https:\/\/www.galeriebecot.com\/wp-content\/uploads\/2018\/12\/Journal-Becot1111.jpg\" alt=\"\" width=\"564\" height=\"424\" srcset=\"https:\/\/galeriebecot.com\/wp-content\/uploads\/2018\/12\/Journal-Becot1111.jpg 564w, https:\/\/galeriebecot.com\/wp-content\/uploads\/2018\/12\/Journal-Becot1111-300x226.jpg 300w\" sizes=\"auto, (max-width: 564px) 100vw, 564px\" \/><\/a><\/p>\n<p>&nbsp;<\/p>\n<p><a href=\"https:\/\/www.galeriebecot.com\/wp-content\/uploads\/2018\/12\/Journal3.jpg\"><img loading=\"lazy\" decoding=\"async\" class=\"alignnone size-full wp-image-9974\" src=\"https:\/\/www.galeriebecot.com\/wp-content\/uploads\/2018\/12\/Journal3.jpg\" alt=\"\" width=\"929\" height=\"867\" srcset=\"https:\/\/galeriebecot.com\/wp-content\/uploads\/2018\/12\/Journal3.jpg 929w, https:\/\/galeriebecot.com\/wp-content\/uploads\/2018\/12\/Journal3-300x280.jpg 300w, https:\/\/galeriebecot.com\/wp-content\/uploads\/2018\/12\/Journal3-768x717.jpg 768w\" sizes=\"auto, (max-width: 929px) 100vw, 929px\" \/><\/a><\/p>\n<p><a href=\"https:\/\/www.galeriebecot.com\/wp-content\/uploads\/2018\/12\/Journal4.jpg\"><img loading=\"lazy\" decoding=\"async\" class=\"alignnone size-full wp-image-9975\" src=\"https:\/\/www.galeriebecot.com\/wp-content\/uploads\/2018\/12\/Journal4.jpg\" alt=\"\" width=\"935\" height=\"555\" srcset=\"https:\/\/galeriebecot.com\/wp-content\/uploads\/2018\/12\/Journal4.jpg 935w, https:\/\/galeriebecot.com\/wp-content\/uploads\/2018\/12\/Journal4-300x178.jpg 300w, https:\/\/galeriebecot.com\/wp-content\/uploads\/2018\/12\/Journal4-768x456.jpg 768w\" sizes=\"auto, (max-width: 935px) 100vw, 935px\" \/><\/a><\/p>\n<p><a href=\"https:\/\/www.galeriebecot.com\/wp-content\/uploads\/2018\/12\/journal5.jpg\"><img loading=\"lazy\" decoding=\"async\" class=\"alignnone size-full wp-image-9976\" src=\"https:\/\/www.galeriebecot.com\/wp-content\/uploads\/2018\/12\/journal5.jpg\" alt=\"\" width=\"941\" height=\"984\" srcset=\"https:\/\/galeriebecot.com\/wp-content\/uploads\/2018\/12\/journal5.jpg 941w, https:\/\/galeriebecot.com\/wp-content\/uploads\/2018\/12\/journal5-287x300.jpg 287w, https:\/\/galeriebecot.com\/wp-content\/uploads\/2018\/12\/journal5-768x803.jpg 768w\" sizes=\"auto, (max-width: 941px) 100vw, 941px\" \/><\/a><\/p>\n<p><a href=\"https:\/\/www.galeriebecot.com\/wp-content\/uploads\/2018\/12\/Journal6.jpg\"><img loading=\"lazy\" decoding=\"async\" class=\"alignnone size-full wp-image-9977\" src=\"https:\/\/www.galeriebecot.com\/wp-content\/uploads\/2018\/12\/Journal6.jpg\" alt=\"\" width=\"939\" height=\"481\" srcset=\"https:\/\/galeriebecot.com\/wp-content\/uploads\/2018\/12\/Journal6.jpg 939w, https:\/\/galeriebecot.com\/wp-content\/uploads\/2018\/12\/Journal6-300x154.jpg 300w, https:\/\/galeriebecot.com\/wp-content\/uploads\/2018\/12\/Journal6-768x393.jpg 768w\" sizes=\"auto, (max-width: 939px) 100vw, 939px\" \/><\/a><\/p>\n<p><a href=\"https:\/\/www.galeriebecot.com\/wp-content\/uploads\/2018\/12\/Vernissage.jpg\"><img loading=\"lazy\" decoding=\"async\" class=\"alignnone size-full wp-image-9982\" src=\"https:\/\/www.galeriebecot.com\/wp-content\/uploads\/2018\/12\/Vernissage.jpg\" alt=\"\" width=\"648\" height=\"432\" srcset=\"https:\/\/galeriebecot.com\/wp-content\/uploads\/2018\/12\/Vernissage.jpg 648w, https:\/\/galeriebecot.com\/wp-content\/uploads\/2018\/12\/Vernissage-300x200.jpg 300w\" sizes=\"auto, (max-width: 648px) 100vw, 648px\" \/><\/a><\/p>\n<p>Vernissage chez Studio Galerie B\u00e9cot.<\/p>\n<p><a href=\"https:\/\/www.galeriebecot.com\/wp-content\/uploads\/2018\/11\/Suzette_Don_Andre.jpg\"><img loading=\"lazy\" decoding=\"async\" class=\"alignnone wp-image-9940\" src=\"https:\/\/www.galeriebecot.com\/wp-content\/uploads\/2018\/11\/Suzette_Don_Andre.jpg\" alt=\"\" width=\"700\" height=\"496\"><\/a><\/p>\n<p>Les artistes : Suzette Patry, Andr\u00e9 B\u00e9cot et Don Darby ( MNBAQ le 4 d\u00e9cembre 2018)<\/p>\n<p><a href=\"https:\/\/www.galeriebecot.com\/wp-content\/uploads\/2018\/11\/Andreinformations.jpg\"><img loading=\"lazy\" decoding=\"async\" class=\"alignnone size-full wp-image-9815\" src=\"https:\/\/www.galeriebecot.com\/wp-content\/uploads\/2018\/11\/Andreinformations.jpg\" alt=\"\" width=\"576\" height=\"331\" srcset=\"https:\/\/galeriebecot.com\/wp-content\/uploads\/2018\/11\/Andreinformations.jpg 576w, https:\/\/galeriebecot.com\/wp-content\/uploads\/2018\/11\/Andreinformations-300x172.jpg 300w\" sizes=\"auto, (max-width: 576px) 100vw, 576px\" \/><\/a><\/p>\n<p>R\u00e9union d&rsquo;informations au studio galerie B\u00e9cot, en lien avec la manif D&rsquo;Art 9.( 25 novembre 2018)<\/p>\n<p><a href=\"https:\/\/www.galeriebecot.com\/wp-content\/uploads\/2018\/11\/Andre-Catherine.jpg\"><img loading=\"lazy\" decoding=\"async\" class=\"alignnone size-full wp-image-9816\" src=\"https:\/\/www.galeriebecot.com\/wp-content\/uploads\/2018\/11\/Andre-Catherine.jpg\" alt=\"\" width=\"576\" height=\"329\" srcset=\"https:\/\/galeriebecot.com\/wp-content\/uploads\/2018\/11\/Andre-Catherine.jpg 576w, https:\/\/galeriebecot.com\/wp-content\/uploads\/2018\/11\/Andre-Catherine-300x171.jpg 300w\" sizes=\"auto, (max-width: 576px) 100vw, 576px\" \/><\/a><\/p>\n<p>Andr\u00e9 B\u00e9cot et Catherine Baril (directrice de production \u00e0 Manif D&rsquo;Art 9).<\/p>\n<p><em>cr\u00e9dit photo: Serge Philippe Tremblay.<\/em><\/p>\n<p><a href=\"https:\/\/www.facebook.com\/pg\/manifdart\/photos\/?tab=album&amp;album_id=10160857405670018&amp;__xts__%5B0%5D=68.ARC0_pIQ-IxIC7h58hepiQiGvFXBvsTUjiQgLYMSYP8Y0EdEznaDN39IEySAsKixkMsyJs98z7iKNB3mxWQ83bdL_BOt956nGNDYQy1C0kEg_aG1ZBEgTr1bZlryBlaqyGJVIsLO95dV7iJwdDyMtaPKe0W0OYWfVcYeE9EUdfmwtD4gwnsSKB4Yp5Doqx20yuJorYlzqJnPazqmOweUduHAIasUJKnVA3Ik7Nxq6Ie4-rwbS6dLBvGySRT9b-OJU5YKESJ7JWO3Spr5Je6KAQBsQ2Hoq4VTpEkQbde-GK6lZEKDfAVsWm2-EFwr-zcliL9ZhM6mBTnHm0Op3m4AQ4oTQ9pedu4Mmcjb4IfA9NFRuz63HcYb4yH7KYrypmXv7JBAJFcW&amp;__tn__=-UCH-R\"><img loading=\"lazy\" decoding=\"async\" class=\"alignnone wp-image-9873\" src=\"https:\/\/www.galeriebecot.com\/wp-content\/uploads\/2018\/11\/Videre.jpg\" alt=\"\" width=\"603\" height=\"429\"><\/a><\/p>\n<p><a href=\"https:\/\/www.galeriebecot.com\/wp-content\/uploads\/2018\/03\/manif1.jpg\"><img loading=\"lazy\" decoding=\"async\" class=\"alignnone size-full wp-image-9809\" src=\"https:\/\/www.galeriebecot.com\/wp-content\/uploads\/2018\/03\/manif1.jpg\" alt=\"\" width=\"688\" height=\"772\" srcset=\"https:\/\/galeriebecot.com\/wp-content\/uploads\/2018\/03\/manif1.jpg 688w, https:\/\/galeriebecot.com\/wp-content\/uploads\/2018\/03\/manif1-267x300.jpg 267w\" sizes=\"auto, (max-width: 688px) 100vw, 688px\" \/><\/a><\/p>\n<p><a href=\"https:\/\/www.galeriebecot.com\/wp-content\/uploads\/2018\/03\/manif2.jpg\"><img loading=\"lazy\" decoding=\"async\" class=\"alignnone size-full wp-image-9810\" src=\"https:\/\/www.galeriebecot.com\/wp-content\/uploads\/2018\/03\/manif2.jpg\" alt=\"\" width=\"678\" height=\"770\" srcset=\"https:\/\/galeriebecot.com\/wp-content\/uploads\/2018\/03\/manif2.jpg 678w, https:\/\/galeriebecot.com\/wp-content\/uploads\/2018\/03\/manif2-264x300.jpg 264w\" sizes=\"auto, (max-width: 678px) 100vw, 678px\" \/><\/a><\/p>\n<p><a href=\"https:\/\/www.galeriebecot.com\/wp-content\/uploads\/2018\/03\/Manif3.jpg\"><img loading=\"lazy\" decoding=\"async\" class=\"alignnone size-full wp-image-9811\" src=\"https:\/\/www.galeriebecot.com\/wp-content\/uploads\/2018\/03\/Manif3.jpg\" alt=\"\" width=\"670\" height=\"334\" srcset=\"https:\/\/galeriebecot.com\/wp-content\/uploads\/2018\/03\/Manif3.jpg 670w, https:\/\/galeriebecot.com\/wp-content\/uploads\/2018\/03\/Manif3-300x150.jpg 300w\" sizes=\"auto, (max-width: 670px) 100vw, 670px\" \/><\/a><\/p>\n<p><a href=\"https:\/\/www.galeriebecot.com\/wp-content\/uploads\/2018\/03\/Manif-dart-9-nouvelle1.jpg\"><img loading=\"lazy\" decoding=\"async\" class=\"alignnone size-large wp-image-8436\" src=\"https:\/\/www.galeriebecot.com\/wp-content\/uploads\/2018\/03\/Manif-dart-9-nouvelle1-721x1024.jpg\" alt=\"\" width=\"700\" height=\"994\" srcset=\"https:\/\/galeriebecot.com\/wp-content\/uploads\/2018\/03\/Manif-dart-9-nouvelle1-721x1024.jpg 721w, https:\/\/galeriebecot.com\/wp-content\/uploads\/2018\/03\/Manif-dart-9-nouvelle1-211x300.jpg 211w, https:\/\/galeriebecot.com\/wp-content\/uploads\/2018\/03\/Manif-dart-9-nouvelle1-768x1091.jpg 768w, https:\/\/galeriebecot.com\/wp-content\/uploads\/2018\/03\/Manif-dart-9-nouvelle1.jpg 794w\" sizes=\"auto, (max-width: 700px) 100vw, 700px\" \/><\/a><\/p>\n<p>Jonathan Watkins prend la barre de Manif D&rsquo;ART 9- La biennale de Qu\u00e9bec&#8230;Jonathan Watkins a largement \u00e9crit sur l&rsquo;art contemporain.<\/p>\n<p><a href=\"https:\/\/www.galeriebecot.com\/wp-content\/uploads\/2018\/03\/Jonathan-Watkins.jpg\"><img loading=\"lazy\" decoding=\"async\" class=\"alignnone size-full wp-image-8440\" src=\"https:\/\/www.galeriebecot.com\/wp-content\/uploads\/2018\/03\/Jonathan-Watkins.jpg\" alt=\"\" width=\"432\" height=\"243\" srcset=\"https:\/\/galeriebecot.com\/wp-content\/uploads\/2018\/03\/Jonathan-Watkins.jpg 432w, https:\/\/galeriebecot.com\/wp-content\/uploads\/2018\/03\/Jonathan-Watkins-300x169.jpg 300w\" sizes=\"auto, (max-width: 432px) 100vw, 432px\" \/><\/a><\/p>\n<p><a href=\"https:\/\/www.galeriebecot.com\/wp-content\/uploads\/2018\/03\/Manif-dart-9-nouvelle2.jpg\"><img loading=\"lazy\" decoding=\"async\" class=\"alignnone size-full wp-image-8438\" src=\"https:\/\/www.galeriebecot.com\/wp-content\/uploads\/2018\/03\/Manif-dart-9-nouvelle2.jpg\" alt=\"\" width=\"790\" height=\"778\" srcset=\"https:\/\/galeriebecot.com\/wp-content\/uploads\/2018\/03\/Manif-dart-9-nouvelle2.jpg 790w, https:\/\/galeriebecot.com\/wp-content\/uploads\/2018\/03\/Manif-dart-9-nouvelle2-300x295.jpg 300w, https:\/\/galeriebecot.com\/wp-content\/uploads\/2018\/03\/Manif-dart-9-nouvelle2-768x756.jpg 768w\" sizes=\"auto, (max-width: 790px) 100vw, 790px\" \/><\/a><\/p>","protected":false},"excerpt":{"rendered":"<p>Les illusions sont r\u00e9elles.Manif d&rsquo;art 10. La biennale de Qu\u00e9bec. Une programmation \u00e9poustouflante, comprenant entre autre La Galerie B\u00e9cot (satellite ) Bienvenue \u00e0 tous ! Marie-Dominique Rouleau, Jean-Yves Richard, Serge&hellip; <\/p>\n","protected":false},"author":1,"featured_media":0,"comment_status":"open","ping_status":"open","sticky":false,"template":"","format":"standard","meta":{"_exactmetrics_skip_tracking":false,"_exactmetrics_sitenote_active":false,"_exactmetrics_sitenote_note":"","_exactmetrics_sitenote_category":0,"footnotes":""},"categories":[20,27,18,29,30,19],"tags":[1445,34,401,2673,53,735,2635,2083,750,207,2636,2468,2470,2082,2751,1539,89,2649,1417,2084,2637,752,275,1586,2086,1643,2647,2652,35,1650,1332,2655,1135,38,2638,2750,2077,2475,2650,2073,2494,2645,801,2639,2749,2072,2130,2646,2640,1138,2477,1334,1754,2076,487,594,2653,2074,58,2078,1452,2482,394,1570,2648,882,2075,157,4135,1140,2651,1587,1141,2085,1575,933,2483,1431,1421,2104,1142,1406,2008,1150,2081,759,2720,2480,2079,2641,2654,37,889,981,761,2642,1405,40,2644,4134,2080],"class_list":["post-8432","post","type-post","status-publish","format-standard","hentry","category-article-descriptif","category-artistes","category-evenement","category-journaux","category-le-soleil","category-vernissage","tag-alain-leblond","tag-andre-becot","tag-ann-warren","tag-antoine-becotte","tag-aristide-gagnon","tag-artistes","tag-audet-jean-philippe","tag-beat-streuli","tag-becot-andre","tag-bernard-lamarche","tag-berube-gilles","tag-bouchard-martin","tag-brisebois-renald","tag-caro-niederer","tag-carol-turgeon","tag-caroline-gagne","tag-catherine-baril","tag-christiane-baumgartner","tag-claude-belanger","tag-cornelia-parker","tag-cusson-guy","tag-darby-don","tag-don-darby","tag-droit-de-parole","tag-editions-phaidon","tag-emond-marie","tag-fanny-mesnard","tag-felipe-castelblanco","tag-foire-en-arts-actuel","tag-fournier-micheline","tag-fournier-roger","tag-francien-vernac","tag-gagnon-aristide","tag-galerie-becot","tag-gauthier-johanne","tag-gilbert-sevigny","tag-giuseppe-penone","tag-gruais-viviane","tag-hannah-claus","tag-ikon-gallery","tag-jean-bergeron","tag-jean-luc-murray","tag-jim-holyoak","tag-jing-xuan-","tag-joanne-gauthier","tag-jonathan-watkins","tag-kirkov","tag-kristof-kintera","tag-lagrange-veronique","tag-lagueux-jacynthe","tag-lalonde-gabriel","tag-lapointe-celine-g","tag-leblond-alain","tag-leonard-cohen","tag-lise-breton","tag-lucienne-cornet","tag-lutzguggisberg","tag-manif-dart-9-la-biennale-de-quebec","tag-marc-bellemare-collectionneur","tag-martin-creed","tag-martineau-aline","tag-masse-rebecca","tag-matt-shane","tag-matte-colette","tag-meduse","tag-michel-parent","tag-michelle-drapeau","tag-mnbaq","tag-monsaintrock","tag-morissette-jerome","tag-musee-huron-wendat","tag-nathalie-cote","tag-noel-francine","tag-on-kawara","tag-pallafray-philippe","tag-patrick-bernatchez","tag-patry-suzette","tag-paul-duval","tag-philippe-pallafray","tag-pierre-pepin","tag-poulin-carol","tag-rebecca-masse","tag-regart","tag-rejeanne-lamothe","tag-rika-noguchi","tag-rioux-marie","tag-roulement-a-billes","tag-royer-guy","tag-semyon-faibisovich","tag-sevigny-gilbert","tag-shimabuku","tag-studio-becot","tag-suzette-patry","tag-sylvie-grondin","tag-tremblay-serge-philippe","tag-turgeon-carol","tag-veronique-lagrange","tag-visuals-arts","tag-yang-feng-","tag-yvon-gagner","tag-zang-zhenz-hong"],"_links":{"self":[{"href":"https:\/\/galeriebecot.com\/index.php?rest_route=\/wp\/v2\/posts\/8432","targetHints":{"allow":["GET"]}}],"collection":[{"href":"https:\/\/galeriebecot.com\/index.php?rest_route=\/wp\/v2\/posts"}],"about":[{"href":"https:\/\/galeriebecot.com\/index.php?rest_route=\/wp\/v2\/types\/post"}],"author":[{"embeddable":true,"href":"https:\/\/galeriebecot.com\/index.php?rest_route=\/wp\/v2\/users\/1"}],"replies":[{"embeddable":true,"href":"https:\/\/galeriebecot.com\/index.php?rest_route=%2Fwp%2Fv2%2Fcomments&post=8432"}],"version-history":[{"count":447,"href":"https:\/\/galeriebecot.com\/index.php?rest_route=\/wp\/v2\/posts\/8432\/revisions"}],"predecessor-version":[{"id":17454,"href":"https:\/\/galeriebecot.com\/index.php?rest_route=\/wp\/v2\/posts\/8432\/revisions\/17454"}],"wp:attachment":[{"href":"https:\/\/galeriebecot.com\/index.php?rest_route=%2Fwp%2Fv2%2Fmedia&parent=8432"}],"wp:term":[{"taxonomy":"category","embeddable":true,"href":"https:\/\/galeriebecot.com\/index.php?rest_route=%2Fwp%2Fv2%2Fcategories&post=8432"},{"taxonomy":"post_tag","embeddable":true,"href":"https:\/\/galeriebecot.com\/index.php?rest_route=%2Fwp%2Fv2%2Ftags&post=8432"}],"curies":[{"name":"wp","href":"https:\/\/api.w.org\/{rel}","templated":true}]}}