{"id":842,"date":"2018-02-14T16:33:30","date_gmt":"2018-02-14T21:33:30","guid":{"rendered":"http:\/\/www.clubdescollectionneursenartsvisuelsdequebec.com\/?p=842"},"modified":"2018-03-09T13:57:11","modified_gmt":"2018-03-09T18:57:11","slug":"artistes-choisis-journees-de-la-culture","status":"publish","type":"post","link":"https:\/\/galeriebecot.com\/?p=842","title":{"rendered":"R\u00e9jeanne Lizotte&#8230;.L&rsquo;espace int\u00e9rieur du 4 mars au 15 avril 2018"},"content":{"rendered":"<p><a href=\"https:\/\/www.galeriebecot.com\/wp-content\/uploads\/2017\/11\/Rejeanne-Lizotte.jpg\"><img loading=\"lazy\" decoding=\"async\" class=\"alignnone size-large wp-image-8171\" src=\"https:\/\/www.galeriebecot.com\/wp-content\/uploads\/2017\/11\/Rejeanne-Lizotte-1024x791.jpg\" alt=\"\" width=\"700\" height=\"541\" srcset=\"https:\/\/galeriebecot.com\/wp-content\/uploads\/2017\/11\/Rejeanne-Lizotte-1024x791.jpg 1024w, https:\/\/galeriebecot.com\/wp-content\/uploads\/2017\/11\/Rejeanne-Lizotte-300x232.jpg 300w, https:\/\/galeriebecot.com\/wp-content\/uploads\/2017\/11\/Rejeanne-Lizotte-768x593.jpg 768w, https:\/\/galeriebecot.com\/wp-content\/uploads\/2017\/11\/Rejeanne-Lizotte.jpg 1196w\" sizes=\"auto, (max-width: 700px) 100vw, 700px\" \/><\/a><\/p>\n<p>R\u00e9trospective de R\u00e9jeanne Lizotte \u00a0\u00e0 la Salle Jean-Paul Lemieux. (biblioth\u00e8que \u00c9tienne Parent).<\/p>\n<p>L&rsquo;espace int\u00e9rieur.<\/p>\n<p>du 4 mars au 15 avril 2018.<\/p>\n<p><a href=\"https:\/\/www.galeriebecot.com\/wp-content\/uploads\/2018\/02\/Pierre-Lanoie.jpg\"><img loading=\"lazy\" decoding=\"async\" class=\"alignnone size-full wp-image-8232\" src=\"https:\/\/www.galeriebecot.com\/wp-content\/uploads\/2018\/02\/Pierre-Lanoie.jpg\" alt=\"\" width=\"720\" height=\"654\" srcset=\"https:\/\/galeriebecot.com\/wp-content\/uploads\/2018\/02\/Pierre-Lanoie.jpg 720w, https:\/\/galeriebecot.com\/wp-content\/uploads\/2018\/02\/Pierre-Lanoie-300x273.jpg 300w\" sizes=\"auto, (max-width: 720px) 100vw, 720px\" \/><\/a><\/p>\n<p>Pierre Lanoie , artiste. ( vernissage 8 mars 2018)<\/p>\n<p><a href=\"https:\/\/www.galeriebecot.com\/wp-content\/uploads\/2018\/02\/Jocelyn-Gasse-et-Don-Darby-artistes.jpg\"><img loading=\"lazy\" decoding=\"async\" class=\"alignnone size-full wp-image-8231\" src=\"https:\/\/www.galeriebecot.com\/wp-content\/uploads\/2018\/02\/Jocelyn-Gasse-et-Don-Darby-artistes.jpg\" alt=\"\" width=\"720\" height=\"418\" srcset=\"https:\/\/galeriebecot.com\/wp-content\/uploads\/2018\/02\/Jocelyn-Gasse-et-Don-Darby-artistes.jpg 720w, https:\/\/galeriebecot.com\/wp-content\/uploads\/2018\/02\/Jocelyn-Gasse-et-Don-Darby-artistes-300x174.jpg 300w\" sizes=\"auto, (max-width: 720px) 100vw, 720px\" \/><\/a><\/p>\n<p>Jocelyn Gasse et Don Darby, artistes.\u00a0( vernissage 8 mars 2018)<\/p>\n<p><a href=\"https:\/\/www.galeriebecot.com\/wp-content\/uploads\/2018\/02\/Aristide-Gagnon.jpg\"><img loading=\"lazy\" decoding=\"async\" class=\"alignnone size-full wp-image-8230\" src=\"https:\/\/www.galeriebecot.com\/wp-content\/uploads\/2018\/02\/Aristide-Gagnon.jpg\" alt=\"\" width=\"720\" height=\"543\" srcset=\"https:\/\/galeriebecot.com\/wp-content\/uploads\/2018\/02\/Aristide-Gagnon.jpg 720w, https:\/\/galeriebecot.com\/wp-content\/uploads\/2018\/02\/Aristide-Gagnon-300x226.jpg 300w\" sizes=\"auto, (max-width: 720px) 100vw, 720px\" \/><\/a><\/p>\n<p>Richard Foisy (auteur), et Aristide Gagnon (artiste).\u00a0( vernissage 8 mars 2018)<\/p>\n<p><a href=\"https:\/\/www.galeriebecot.com\/wp-content\/uploads\/2017\/09\/Livre-de-Rejeanne.jpg\"><img loading=\"lazy\" decoding=\"async\" class=\"alignnone size-full wp-image-7805\" src=\"https:\/\/www.galeriebecot.com\/wp-content\/uploads\/2017\/09\/Livre-de-Rejeanne.jpg\" alt=\"\" width=\"684\" height=\"576\" srcset=\"https:\/\/galeriebecot.com\/wp-content\/uploads\/2017\/09\/Livre-de-Rejeanne.jpg 684w, https:\/\/galeriebecot.com\/wp-content\/uploads\/2017\/09\/Livre-de-Rejeanne-300x253.jpg 300w\" sizes=\"auto, (max-width: 684px) 100vw, 684px\" \/><\/a><\/p>\n<p>Invitation au lancement du livre.<\/p>\n<p><strong>R\u00e9jeanne Lizotte.\u00a0<\/strong> <em>L&rsquo;espace Int\u00e9rieur, <\/em><strong>de Richard Foisy.<\/strong><\/p>\n<p>le mercredi 8 novembre 2017, de 17h30 \u00e0 19h 30.<\/p>\n<p>\u00e0 la librairie du Mus\u00e9e national des beaux-arts du Qu\u00e9bec ( pavillon Pierre-Lassonde ).<\/p>\n<p>179 Grande All\u00e9e Ouest Qu\u00e9bec, G1R-2H1.<\/p>\n<p>Cet ouvrage magistral retrace toutes les p\u00e9riodes de l&rsquo;activit\u00e9 picturale de R\u00e9jeanne.<\/p>\n<p>Cordiale bienvenue aux amis et collectionneurs.<\/p>\n<p><strong>RSVP<\/strong> au courriel suivant: n.lizotte@gmail.com.<\/p>\n<p>&nbsp;<\/p>\n<p><a href=\"https:\/\/www.galeriebecot.com\/wp-content\/uploads\/2014\/09\/rejeanne1.jpg\"><img loading=\"lazy\" decoding=\"async\" class=\"alignnone size-full wp-image-7264\" src=\"https:\/\/www.galeriebecot.com\/wp-content\/uploads\/2014\/09\/rejeanne1.jpg\" alt=\"\" width=\"598\" height=\"789\" srcset=\"https:\/\/galeriebecot.com\/wp-content\/uploads\/2014\/09\/rejeanne1.jpg 598w, https:\/\/galeriebecot.com\/wp-content\/uploads\/2014\/09\/rejeanne1-227x300.jpg 227w\" sizes=\"auto, (max-width: 598px) 100vw, 598px\" \/><\/a><\/p>\n<p>Vous \u00eates cordialement invit\u00e9s \u00e0 la porte ouverte de l&rsquo;atelier3<\/p>\n<p>17 de la rue de la Barricade<\/p>\n<p>le 14,15,16 et 17 septembre 2017<\/p>\n<p>Les oeuvres de R\u00e9jeanne Lizotte y sont pr\u00e9sent\u00e9es.<\/p>\n<p><a href=\"https:\/\/www.galeriebecot.com\/wp-content\/uploads\/2014\/09\/rejeanne2.jpg\"><img loading=\"lazy\" decoding=\"async\" class=\"alignnone size-full wp-image-7265\" src=\"https:\/\/www.galeriebecot.com\/wp-content\/uploads\/2014\/09\/rejeanne2.jpg\" alt=\"\" width=\"590\" height=\"749\" srcset=\"https:\/\/galeriebecot.com\/wp-content\/uploads\/2014\/09\/rejeanne2.jpg 590w, https:\/\/galeriebecot.com\/wp-content\/uploads\/2014\/09\/rejeanne2-236x300.jpg 236w\" sizes=\"auto, (max-width: 590px) 100vw, 590px\" \/><\/a><\/p>\n<p>Juste un petit mot pour vous informer de l&rsquo;exposition,\u00a0<strong>Artistes choisis<\/strong>, \u00e0 l&rsquo;espace atelier B\u00e9cot,<\/p>\n<p>Titre : L&rsquo;art c&rsquo;est la vie,l&rsquo;\u00eatre humain en r\u00e9flexion.<\/p>\n<div><\/div>\n<div>Andr\u00e9 B\u00e9cot, Don Darby, Robert Delisle, Richard \u00c9mond, Karine Dezainde, Aristide Gagnon,<\/div>\n<div>Jacynthe Lagueux, Pierre Lanoie, J\u00e9r\u00f4me Morissette , John Michaud, Carol Poulin, Marie Rioux, Jacques Sylvain<\/div>\n<div><\/div>\n<div>Seulement le Samedi et le Dimanche<\/div>\n<div>Date : le 28 et 29 Septembre<\/div>\n<div>Heure : de 13:30 \u00e0 16:30<\/div>\n<div>un verre de Sangria \u00e0 d\u00e9guster&#8230;bienvenue \u00e0 tous<\/div>\n<div><\/div>\n<div>Bonne journ\u00e9e<\/div>\n<div><\/div>\n<div>Andr\u00e9 B\u00e9cot \ud83d\ude42<\/div>\n<div><\/div>\n<div><a href=\"https:\/\/www.galeriebecot.com\/wp-content\/uploads\/2013\/09\/journ\u00e9es-gang.jpg\"><img loading=\"lazy\" decoding=\"async\" class=\"alignnone size-full wp-image-965\" src=\"https:\/\/www.galeriebecot.com\/wp-content\/uploads\/2013\/09\/journ\u00e9es-gang.jpg\" alt=\"journ\u00e9es gang\" width=\"429\" height=\"298\" srcset=\"https:\/\/galeriebecot.com\/wp-content\/uploads\/2013\/09\/journ\u00e9es-gang.jpg 429w, https:\/\/galeriebecot.com\/wp-content\/uploads\/2013\/09\/journ\u00e9es-gang-300x208.jpg 300w, https:\/\/galeriebecot.com\/wp-content\/uploads\/2013\/09\/journ\u00e9es-gang-330x230.jpg 330w\" sizes=\"auto, (max-width: 429px) 100vw, 429px\" \/><\/a><\/div>\n<p>1. Don <strong>Darby,<\/strong> sculpteur 2. Phelipe <strong>Soldevila<\/strong>, peintre muraliste 3. Aristide <strong>Gagnon<\/strong>, peintre et sculpteur. 4. Andr\u00e9 <strong>B\u00e9cot<\/strong>, arts visuels<\/p>\n<p>5. Pierre <strong>Lanoie<\/strong>, peintre et pastelliste 6. Carol <strong>Poulin<\/strong>, peintre et restaurateur d&rsquo;\u0153uvres d&rsquo;art 7. Richard <strong>\u00c9mond<\/strong>, photographe<\/p>\n<div><\/div>\n<div><a href=\"https:\/\/www.galeriebecot.com\/wp-content\/uploads\/2013\/09\/culture.jpg\"><img loading=\"lazy\" decoding=\"async\" class=\"alignnone size-full wp-image-922\" src=\"https:\/\/www.galeriebecot.com\/wp-content\/uploads\/2013\/09\/culture.jpg\" alt=\"culture\" width=\"549\" height=\"432\" srcset=\"https:\/\/galeriebecot.com\/wp-content\/uploads\/2013\/09\/culture.jpg 549w, https:\/\/galeriebecot.com\/wp-content\/uploads\/2013\/09\/culture-300x236.jpg 300w\" sizes=\"auto, (max-width: 549px) 100vw, 549px\" \/><\/a><\/div>\n<div><\/div>\n<div>* John <strong>Michaud<\/strong>, peintre \u00a0 * J\u00e9r\u00f4me <strong>Morissette<\/strong>,arts visuels et restaurateur d&rsquo;\u0153uvres d&rsquo;art<\/div>\n<div>* R\u00e9jeanne <strong>Lizotte<\/strong>, peintre<\/div>\n<div><\/div>\n","protected":false},"excerpt":{"rendered":"<p>R\u00e9trospective de R\u00e9jeanne Lizotte \u00a0\u00e0 la Salle Jean-Paul Lemieux. (biblioth\u00e8que \u00c9tienne Parent). L&rsquo;espace int\u00e9rieur. du 4 mars au 15 avril 2018. Pierre Lanoie , artiste. ( vernissage 8 mars 2018)&hellip; <\/p>\n","protected":false},"author":1,"featured_media":0,"comment_status":"open","ping_status":"open","sticky":false,"template":"","format":"standard","meta":{"_exactmetrics_skip_tracking":false,"_exactmetrics_sitenote_active":false,"_exactmetrics_sitenote_note":"","_exactmetrics_sitenote_category":0,"footnotes":""},"categories":[27,18,19],"tags":[34,53,1715,1211,564,275,2016,1443,453,58,1717,2014,87,458,68,1716,2015,1212,2026,2025,1422,37,443,40],"class_list":["post-842","post","type-post","status-publish","format-standard","hentry","category-artistes","category-evenement","category-vernissage","tag-andre-becot","tag-aristide-gagnon","tag-atelier3","tag-bibliotheque-etienne-parent","tag-carol-poulin","tag-don-darby","tag-editions-fides","tag-jerome-morissette","tag-john-michaud","tag-marc-bellemare-collectionneur","tag-michele-carle","tag-musee-national-des-beaux-arts-de-quebec","tag-phelipe-soldevila","tag-pierre-lanoie","tag-rejeanne-lizotte","tag-richard-emond","tag-richard-foisy","tag-salle-jean-paul-lemieux","tag-serge-philippe-tremblay-artiste","tag-serge-philippe-tremblay-photographe","tag-societe-dart-et-dhistoire-de-beauport","tag-studio-becot","tag-ville-de-quebec","tag-visuals-arts"],"_links":{"self":[{"href":"https:\/\/galeriebecot.com\/index.php?rest_route=\/wp\/v2\/posts\/842","targetHints":{"allow":["GET"]}}],"collection":[{"href":"https:\/\/galeriebecot.com\/index.php?rest_route=\/wp\/v2\/posts"}],"about":[{"href":"https:\/\/galeriebecot.com\/index.php?rest_route=\/wp\/v2\/types\/post"}],"author":[{"embeddable":true,"href":"https:\/\/galeriebecot.com\/index.php?rest_route=\/wp\/v2\/users\/1"}],"replies":[{"embeddable":true,"href":"https:\/\/galeriebecot.com\/index.php?rest_route=%2Fwp%2Fv2%2Fcomments&post=842"}],"version-history":[{"count":28,"href":"https:\/\/galeriebecot.com\/index.php?rest_route=\/wp\/v2\/posts\/842\/revisions"}],"predecessor-version":[{"id":8237,"href":"https:\/\/galeriebecot.com\/index.php?rest_route=\/wp\/v2\/posts\/842\/revisions\/8237"}],"wp:attachment":[{"href":"https:\/\/galeriebecot.com\/index.php?rest_route=%2Fwp%2Fv2%2Fmedia&parent=842"}],"wp:term":[{"taxonomy":"category","embeddable":true,"href":"https:\/\/galeriebecot.com\/index.php?rest_route=%2Fwp%2Fv2%2Fcategories&post=842"},{"taxonomy":"post_tag","embeddable":true,"href":"https:\/\/galeriebecot.com\/index.php?rest_route=%2Fwp%2Fv2%2Ftags&post=842"}],"curies":[{"name":"wp","href":"https:\/\/api.w.org\/{rel}","templated":true}]}}