{"id":8385,"date":"2018-09-01T13:29:53","date_gmt":"2018-09-01T17:29:53","guid":{"rendered":"http:\/\/www.clubdescollectionneursenartsvisuelsdequebec.com\/?p=8385"},"modified":"2018-09-07T15:16:34","modified_gmt":"2018-09-07T19:16:34","slug":"martin-bureau-2","status":"publish","type":"post","link":"https:\/\/galeriebecot.com\/?p=8385","title":{"rendered":"Mathieu Valade \u00e0 la Galeri3"},"content":{"rendered":"<p><a href=\"https:\/\/www.galeriebecot.com\/wp-content\/uploads\/2018\/03\/Valade11.jpg\"><img loading=\"lazy\" decoding=\"async\" class=\"alignnone size-full wp-image-9323\" src=\"https:\/\/www.galeriebecot.com\/wp-content\/uploads\/2018\/03\/Valade11.jpg\" alt=\"\" width=\"614\" height=\"743\" srcset=\"https:\/\/galeriebecot.com\/wp-content\/uploads\/2018\/03\/Valade11.jpg 614w, https:\/\/galeriebecot.com\/wp-content\/uploads\/2018\/03\/Valade11-248x300.jpg 248w\" sizes=\"auto, (max-width: 614px) 100vw, 614px\" \/><\/a><\/p>\n<p><em>Naturellement sophistiqu\u00e9s, poursuit la r\u00e9flexion de l&rsquo;artiste sur nos habitudes de perception ainsi que notre interpr\u00e9tation de l&rsquo;histoire de l&rsquo;art. Certaines pi\u00e8ces&#8230;<\/em><\/p>\n<p>Vernissage le vendredi 7 septembre d\u00e8s 17h30.<\/p>\n<p><a href=\"https:\/\/www.galeriebecot.com\/wp-content\/uploads\/2018\/03\/valade2.jpg\"><img loading=\"lazy\" decoding=\"async\" class=\"alignnone size-full wp-image-9321\" src=\"https:\/\/www.galeriebecot.com\/wp-content\/uploads\/2018\/03\/valade2.jpg\" alt=\"\" width=\"661\" height=\"786\" srcset=\"https:\/\/galeriebecot.com\/wp-content\/uploads\/2018\/03\/valade2.jpg 661w, https:\/\/galeriebecot.com\/wp-content\/uploads\/2018\/03\/valade2-252x300.jpg 252w\" sizes=\"auto, (max-width: 661px) 100vw, 661px\" \/><\/a><\/p>\n<p>&nbsp;<\/p>\n<p><a href=\"https:\/\/www.galeriebecot.com\/wp-content\/uploads\/2018\/03\/Bureau.jpg\"><img loading=\"lazy\" decoding=\"async\" class=\"alignnone size-full wp-image-8386\" src=\"https:\/\/www.galeriebecot.com\/wp-content\/uploads\/2018\/03\/Bureau.jpg\" alt=\"\" width=\"576\" height=\"383\" srcset=\"https:\/\/galeriebecot.com\/wp-content\/uploads\/2018\/03\/Bureau.jpg 576w, https:\/\/galeriebecot.com\/wp-content\/uploads\/2018\/03\/Bureau-300x199.jpg 300w\" sizes=\"auto, (max-width: 576px) 100vw, 576px\" \/><\/a><\/p>\n<p>Martin Bureau au travail dans son atelier. <em>Cr\u00e9dit photo Catherine Benoit<\/em><\/p>\n<p>&nbsp;<\/p>\n<p><strong>Pour souligner la fin de l&rsquo;exposition <\/strong><em>Les cycles d&rsquo;essorage<\/em><strong> de Martin Bureau, la Galerie 3 vous invite \u00e0 une rencontre privil\u00e9gi\u00e9e avec l&rsquo;artiste le <u>samedi 31 mars de 14h \u00e0 17h<\/u>. Dans une ambiance conviviale, profitez de l&rsquo;occasion pour discuter avec Martin de ses <\/strong><strong>\u0153uvres<\/strong><strong>\u00a0et de son parcours tout en partageant un excellent th\u00e9 de Camellia Sinensis.<\/strong><\/p>\n<p>Bienvenue \u00e0 tous!<\/p>\n<p>Entr\u00e9e libre<\/p>\n","protected":false},"excerpt":{"rendered":"<p>Naturellement sophistiqu\u00e9s, poursuit la r\u00e9flexion de l&rsquo;artiste sur nos habitudes de perception ainsi que notre interpr\u00e9tation de l&rsquo;histoire de l&rsquo;art. Certaines pi\u00e8ces&#8230; Vernissage le vendredi 7 septembre d\u00e8s 17h30. &nbsp;&hellip; <\/p>\n","protected":false},"author":1,"featured_media":0,"comment_status":"open","ping_status":"open","sticky":false,"template":"","format":"standard","meta":{"_exactmetrics_skip_tracking":false,"_exactmetrics_sitenote_active":false,"_exactmetrics_sitenote_note":"","_exactmetrics_sitenote_category":0,"footnotes":""},"categories":[27,19],"tags":[34,735,43,2060,6,681,58,211,672,37,40],"class_list":["post-8385","post","type-post","status-publish","format-standard","hentry","category-artistes","category-vernissage","tag-andre-becot","tag-artistes","tag-arts-visuels","tag-catherine-benoit","tag-club-des-collectionneurs-en-arts-visuels-de-quebec","tag-galerie-3","tag-marc-bellemare-collectionneur","tag-martin-bureau","tag-mathieu-valade","tag-studio-becot","tag-visuals-arts"],"_links":{"self":[{"href":"https:\/\/galeriebecot.com\/index.php?rest_route=\/wp\/v2\/posts\/8385","targetHints":{"allow":["GET"]}}],"collection":[{"href":"https:\/\/galeriebecot.com\/index.php?rest_route=\/wp\/v2\/posts"}],"about":[{"href":"https:\/\/galeriebecot.com\/index.php?rest_route=\/wp\/v2\/types\/post"}],"author":[{"embeddable":true,"href":"https:\/\/galeriebecot.com\/index.php?rest_route=\/wp\/v2\/users\/1"}],"replies":[{"embeddable":true,"href":"https:\/\/galeriebecot.com\/index.php?rest_route=%2Fwp%2Fv2%2Fcomments&post=8385"}],"version-history":[{"count":8,"href":"https:\/\/galeriebecot.com\/index.php?rest_route=\/wp\/v2\/posts\/8385\/revisions"}],"predecessor-version":[{"id":9327,"href":"https:\/\/galeriebecot.com\/index.php?rest_route=\/wp\/v2\/posts\/8385\/revisions\/9327"}],"wp:attachment":[{"href":"https:\/\/galeriebecot.com\/index.php?rest_route=%2Fwp%2Fv2%2Fmedia&parent=8385"}],"wp:term":[{"taxonomy":"category","embeddable":true,"href":"https:\/\/galeriebecot.com\/index.php?rest_route=%2Fwp%2Fv2%2Fcategories&post=8385"},{"taxonomy":"post_tag","embeddable":true,"href":"https:\/\/galeriebecot.com\/index.php?rest_route=%2Fwp%2Fv2%2Ftags&post=8385"}],"curies":[{"name":"wp","href":"https:\/\/api.w.org\/{rel}","templated":true}]}}