{"id":832,"date":"2020-11-14T10:01:00","date_gmt":"2020-11-14T15:01:00","guid":{"rendered":"http:\/\/www.clubdescollectionneursenartsvisuelsdequebec.com\/?p=832"},"modified":"2020-11-15T17:59:39","modified_gmt":"2020-11-15T22:59:39","slug":"foire-en-art-actuel-de-quebec","status":"publish","type":"post","link":"https:\/\/galeriebecot.com\/?p=832","title":{"rendered":"7e Foire en Art Actuel de Qu\u00e9bec"},"content":{"rendered":"\n<figure class=\"wp-block-image size-large\"><img loading=\"lazy\" decoding=\"async\" width=\"1024\" height=\"806\" src=\"https:\/\/www.galeriebecot.com\/wp-content\/uploads\/2020\/11\/Foire-1-1024x806.jpg\" alt=\"\" class=\"wp-image-13657\" srcset=\"https:\/\/galeriebecot.com\/wp-content\/uploads\/2020\/11\/Foire-1-1024x806.jpg 1024w, https:\/\/galeriebecot.com\/wp-content\/uploads\/2020\/11\/Foire-1-300x236.jpg 300w, https:\/\/galeriebecot.com\/wp-content\/uploads\/2020\/11\/Foire-1-768x604.jpg 768w, https:\/\/galeriebecot.com\/wp-content\/uploads\/2020\/11\/Foire-1.jpg 1440w\" sizes=\"auto, (max-width: 1024px) 100vw, 1024px\" \/><figcaption>Par Josianne Desloges \/ Collaboration Sp\u00e9ciale<\/figcaption><\/figure>\n\n\n\n<figure class=\"wp-block-image size-large\"><img loading=\"lazy\" decoding=\"async\" width=\"955\" height=\"1024\" src=\"https:\/\/www.galeriebecot.com\/wp-content\/uploads\/2020\/11\/Foire-Texte-1-955x1024.jpg\" alt=\"\" class=\"wp-image-13658\" srcset=\"https:\/\/galeriebecot.com\/wp-content\/uploads\/2020\/11\/Foire-Texte-1-955x1024.jpg 955w, https:\/\/galeriebecot.com\/wp-content\/uploads\/2020\/11\/Foire-Texte-1-280x300.jpg 280w, https:\/\/galeriebecot.com\/wp-content\/uploads\/2020\/11\/Foire-Texte-1-768x823.jpg 768w, https:\/\/galeriebecot.com\/wp-content\/uploads\/2020\/11\/Foire-Texte-1.jpg 1224w\" sizes=\"auto, (max-width: 955px) 100vw, 955px\" \/><\/figure>\n\n\n\n<figure class=\"wp-block-image size-large\"><img loading=\"lazy\" decoding=\"async\" width=\"907\" height=\"1024\" src=\"https:\/\/www.galeriebecot.com\/wp-content\/uploads\/2020\/11\/Foire-texte2-907x1024.jpg\" alt=\"\" class=\"wp-image-13659\" srcset=\"https:\/\/galeriebecot.com\/wp-content\/uploads\/2020\/11\/Foire-texte2-907x1024.jpg 907w, https:\/\/galeriebecot.com\/wp-content\/uploads\/2020\/11\/Foire-texte2-266x300.jpg 266w, https:\/\/galeriebecot.com\/wp-content\/uploads\/2020\/11\/Foire-texte2-768x867.jpg 768w, https:\/\/galeriebecot.com\/wp-content\/uploads\/2020\/11\/Foire-texte2.jpg 1224w\" sizes=\"auto, (max-width: 907px) 100vw, 907px\" \/><\/figure>\n\n\n\n<figure class=\"wp-block-image size-large\"><img loading=\"lazy\" decoding=\"async\" width=\"789\" height=\"1024\" src=\"https:\/\/www.galeriebecot.com\/wp-content\/uploads\/2020\/11\/Foire-texte-3-789x1024.jpg\" alt=\"\" class=\"wp-image-13660\" srcset=\"https:\/\/galeriebecot.com\/wp-content\/uploads\/2020\/11\/Foire-texte-3-789x1024.jpg 789w, https:\/\/galeriebecot.com\/wp-content\/uploads\/2020\/11\/Foire-texte-3-231x300.jpg 231w, https:\/\/galeriebecot.com\/wp-content\/uploads\/2020\/11\/Foire-texte-3-768x996.jpg 768w, https:\/\/galeriebecot.com\/wp-content\/uploads\/2020\/11\/Foire-texte-3-1184x1536.jpg 1184w, https:\/\/galeriebecot.com\/wp-content\/uploads\/2020\/11\/Foire-texte-3.jpg 1197w\" sizes=\"auto, (max-width: 789px) 100vw, 789px\" \/><\/figure>\n\n\n\n<figure class=\"wp-block-image size-large\"><img loading=\"lazy\" decoding=\"async\" width=\"1000\" height=\"1024\" src=\"https:\/\/www.galeriebecot.com\/wp-content\/uploads\/2020\/11\/Foire-texte-4-1000x1024.jpg\" alt=\"\" class=\"wp-image-13661\" srcset=\"https:\/\/galeriebecot.com\/wp-content\/uploads\/2020\/11\/Foire-texte-4-1000x1024.jpg 1000w, https:\/\/galeriebecot.com\/wp-content\/uploads\/2020\/11\/Foire-texte-4-293x300.jpg 293w, https:\/\/galeriebecot.com\/wp-content\/uploads\/2020\/11\/Foire-texte-4-768x787.jpg 768w, https:\/\/galeriebecot.com\/wp-content\/uploads\/2020\/11\/Foire-texte-4.jpg 1152w\" sizes=\"auto, (max-width: 1000px) 100vw, 1000px\" \/><\/figure>\n\n\n\n<figure class=\"wp-block-image size-large\"><img loading=\"lazy\" decoding=\"async\" width=\"817\" height=\"1024\" src=\"https:\/\/www.galeriebecot.com\/wp-content\/uploads\/2020\/11\/Foire-texte-5-817x1024.jpg\" alt=\"\" class=\"wp-image-13662\" srcset=\"https:\/\/galeriebecot.com\/wp-content\/uploads\/2020\/11\/Foire-texte-5-817x1024.jpg 817w, https:\/\/galeriebecot.com\/wp-content\/uploads\/2020\/11\/Foire-texte-5-239x300.jpg 239w, https:\/\/galeriebecot.com\/wp-content\/uploads\/2020\/11\/Foire-texte-5-768x963.jpg 768w, https:\/\/galeriebecot.com\/wp-content\/uploads\/2020\/11\/Foire-texte-5.jpg 1224w\" sizes=\"auto, (max-width: 817px) 100vw, 817px\" \/><\/figure>\n\n\n\n<figure class=\"wp-block-image size-large\"><img loading=\"lazy\" decoding=\"async\" width=\"1024\" height=\"522\" src=\"https:\/\/www.galeriebecot.com\/wp-content\/uploads\/2020\/11\/Foire-texte-6-1024x522.jpg\" alt=\"\" class=\"wp-image-13663\" srcset=\"https:\/\/galeriebecot.com\/wp-content\/uploads\/2020\/11\/Foire-texte-6-1024x522.jpg 1024w, https:\/\/galeriebecot.com\/wp-content\/uploads\/2020\/11\/Foire-texte-6-300x153.jpg 300w, https:\/\/galeriebecot.com\/wp-content\/uploads\/2020\/11\/Foire-texte-6-768x391.jpg 768w, https:\/\/galeriebecot.com\/wp-content\/uploads\/2020\/11\/Foire-texte-6.jpg 1211w\" sizes=\"auto, (max-width: 1024px) 100vw, 1024px\" \/><\/figure>\n\n\n\n<figure class=\"wp-block-image size-large\"><img loading=\"lazy\" decoding=\"async\" width=\"807\" height=\"1024\" src=\"https:\/\/www.galeriebecot.com\/wp-content\/uploads\/2020\/11\/Foire-texte-7-807x1024.jpg\" alt=\"\" class=\"wp-image-13664\" srcset=\"https:\/\/galeriebecot.com\/wp-content\/uploads\/2020\/11\/Foire-texte-7-807x1024.jpg 807w, https:\/\/galeriebecot.com\/wp-content\/uploads\/2020\/11\/Foire-texte-7-236x300.jpg 236w, https:\/\/galeriebecot.com\/wp-content\/uploads\/2020\/11\/Foire-texte-7-768x974.jpg 768w, https:\/\/galeriebecot.com\/wp-content\/uploads\/2020\/11\/Foire-texte-7-1211x1536.jpg 1211w, https:\/\/galeriebecot.com\/wp-content\/uploads\/2020\/11\/Foire-texte-7.jpg 1224w\" sizes=\"auto, (max-width: 807px) 100vw, 807px\" \/><\/figure>\n\n\n\n<figure class=\"wp-block-image size-large\"><img loading=\"lazy\" decoding=\"async\" width=\"806\" height=\"1024\" src=\"https:\/\/www.galeriebecot.com\/wp-content\/uploads\/2020\/11\/Foire-texte-8-806x1024.jpg\" alt=\"\" class=\"wp-image-13665\" srcset=\"https:\/\/galeriebecot.com\/wp-content\/uploads\/2020\/11\/Foire-texte-8-806x1024.jpg 806w, https:\/\/galeriebecot.com\/wp-content\/uploads\/2020\/11\/Foire-texte-8-236x300.jpg 236w, https:\/\/galeriebecot.com\/wp-content\/uploads\/2020\/11\/Foire-texte-8-768x976.jpg 768w, https:\/\/galeriebecot.com\/wp-content\/uploads\/2020\/11\/Foire-texte-8-1209x1536.jpg 1209w, https:\/\/galeriebecot.com\/wp-content\/uploads\/2020\/11\/Foire-texte-8.jpg 1224w\" sizes=\"auto, (max-width: 806px) 100vw, 806px\" \/><\/figure>\n\n\n\n<figure class=\"wp-block-image size-large\"><img loading=\"lazy\" decoding=\"async\" width=\"829\" height=\"1024\" src=\"https:\/\/www.galeriebecot.com\/wp-content\/uploads\/2020\/11\/Foire-texte-9-829x1024.jpg\" alt=\"\" class=\"wp-image-13666\" srcset=\"https:\/\/galeriebecot.com\/wp-content\/uploads\/2020\/11\/Foire-texte-9-829x1024.jpg 829w, https:\/\/galeriebecot.com\/wp-content\/uploads\/2020\/11\/Foire-texte-9-243x300.jpg 243w, https:\/\/galeriebecot.com\/wp-content\/uploads\/2020\/11\/Foire-texte-9-768x949.jpg 768w, https:\/\/galeriebecot.com\/wp-content\/uploads\/2020\/11\/Foire-texte-9.jpg 1224w\" sizes=\"auto, (max-width: 829px) 100vw, 829px\" \/><figcaption><br><\/figcaption><\/figure>\n\n\n\n<figure class=\"wp-block-image size-large\"><a href=\"http:\/\/foireartactuel.ca\"><img loading=\"lazy\" decoding=\"async\" width=\"1024\" height=\"177\" src=\"https:\/\/www.galeriebecot.com\/wp-content\/uploads\/2020\/11\/Foire-texte-10-1-1024x177.jpg\" alt=\"\" class=\"wp-image-13674\" srcset=\"https:\/\/galeriebecot.com\/wp-content\/uploads\/2020\/11\/Foire-texte-10-1-1024x177.jpg 1024w, https:\/\/galeriebecot.com\/wp-content\/uploads\/2020\/11\/Foire-texte-10-1-300x52.jpg 300w, https:\/\/galeriebecot.com\/wp-content\/uploads\/2020\/11\/Foire-texte-10-1-768x132.jpg 768w, https:\/\/galeriebecot.com\/wp-content\/uploads\/2020\/11\/Foire-texte-10-1.jpg 1224w\" sizes=\"auto, (max-width: 1024px) 100vw, 1024px\" \/><\/a><figcaption><br><\/figcaption><\/figure>\n\n\n<p><iframe loading=\"lazy\" title=\"Art Actuel 2013\" width=\"700\" height=\"525\" src=\"https:\/\/www.youtube.com\/embed\/OQ7h-tT_rKg?feature=oembed\" frameborder=\"0\" allow=\"accelerometer; autoplay; clipboard-write; encrypted-media; gyroscope; picture-in-picture\" allowfullscreen><\/iframe><\/p>\n<p><a href=\"http:\/\/foireartactuel.ca\/\"><img loading=\"lazy\" decoding=\"async\" class=\"alignnone size-full wp-image-11396\" src=\"https:\/\/www.galeriebecot.com\/wp-content\/uploads\/2018\/05\/Foire2a.jpg\" alt=\"\" width=\"648\" height=\"523\" srcset=\"https:\/\/galeriebecot.com\/wp-content\/uploads\/2018\/05\/Foire2a.jpg 648w, https:\/\/galeriebecot.com\/wp-content\/uploads\/2018\/05\/Foire2a-300x242.jpg 300w\" sizes=\"auto, (max-width: 648px) 100vw, 648px\" \/><\/a><\/p>\n<p><a href=\"https:\/\/www.galeriebecot.com\/wp-content\/uploads\/2018\/05\/Foire2b.jpg\"><img loading=\"lazy\" decoding=\"async\" class=\"alignnone size-large wp-image-11397\" src=\"https:\/\/www.galeriebecot.com\/wp-content\/uploads\/2018\/05\/Foire2b-1024x595.jpg\" alt=\"\" width=\"700\" height=\"407\" srcset=\"https:\/\/galeriebecot.com\/wp-content\/uploads\/2018\/05\/Foire2b-1024x595.jpg 1024w, https:\/\/galeriebecot.com\/wp-content\/uploads\/2018\/05\/Foire2b-300x174.jpg 300w, https:\/\/galeriebecot.com\/wp-content\/uploads\/2018\/05\/Foire2b-768x446.jpg 768w, https:\/\/galeriebecot.com\/wp-content\/uploads\/2018\/05\/Foire2b.jpg 1148w\" sizes=\"auto, (max-width: 700px) 100vw, 700px\" \/><\/a><\/p>\n<p><a href=\"http:\/\/foireartactuel.ca\/\">La 1er \u00e9dition de La Foire en art actuel de Qu\u00e9bec en 2013, \u00e9tait sous la pr\u00e9sidence d&rsquo;honneur de Marc Bellemare . Elle \u00a0a comme objectif de promouvoir l&rsquo;achat d&rsquo;oeuvres d&rsquo;artistes de la rel\u00e8ve ou \u00e9tablis, travaillant majoritairement dans la province de Qu\u00e9bec.Cet \u00e9v\u00e9nement novateur&#8230;<\/a><\/p>\n<p><a href=\"http:\/\/www.lafabriqueculturelle.tv\/capsules\/2623\/de-l-art-oratoire-a-l-art-actuel-marc-bellemare-collectionneur-engage\"><img loading=\"lazy\" decoding=\"async\" class=\"alignnone  wp-image-11410\" src=\"https:\/\/www.galeriebecot.com\/wp-content\/uploads\/2019\/05\/Collectionneur.jpg\" alt=\"\" width=\"702\" height=\"447\" \/><\/a><\/p>\n<p><img loading=\"lazy\" decoding=\"async\" class=\"alignnone size-full wp-image-8773\" src=\"https:\/\/www.galeriebecot.com\/wp-content\/uploads\/2017\/05\/Foire5.jpg\" alt=\"\" width=\"724\" height=\"339\" srcset=\"https:\/\/galeriebecot.com\/wp-content\/uploads\/2017\/05\/Foire5.jpg 724w, https:\/\/galeriebecot.com\/wp-content\/uploads\/2017\/05\/Foire5-300x140.jpg 300w\" sizes=\"auto, (max-width: 724px) 100vw, 724px\" \/><\/p>\n<p>La 5e \u00e9dition de la Foire en art actuel de Qu\u00e9bec aura lieu \u00e0 la chapelle des j\u00e9suites de Qu\u00e9bec (20 rue Dauphine) du 31 mai au 3 juin 2018.<\/p>\n<p><a href=\"https:\/\/www.galeriebecot.com\/?p=3989\"><img loading=\"lazy\" decoding=\"async\" class=\"alignnone size-full wp-image-11406\" src=\"https:\/\/www.galeriebecot.com\/wp-content\/uploads\/2019\/05\/Foireactuel.jpg\" alt=\"\" width=\"870\" height=\"334\" srcset=\"https:\/\/galeriebecot.com\/wp-content\/uploads\/2019\/05\/Foireactuel.jpg 870w, https:\/\/galeriebecot.com\/wp-content\/uploads\/2019\/05\/Foireactuel-300x115.jpg 300w, https:\/\/galeriebecot.com\/wp-content\/uploads\/2019\/05\/Foireactuel-768x295.jpg 768w\" sizes=\"auto, (max-width: 870px) 100vw, 870px\" \/><\/a><\/p>\n<p><iframe loading=\"lazy\" title=\"Art Actuel 2013\" width=\"700\" height=\"525\" src=\"https:\/\/www.youtube.com\/embed\/OQ7h-tT_rKg?feature=oembed\" frameborder=\"0\" allow=\"accelerometer; autoplay; clipboard-write; encrypted-media; gyroscope; picture-in-picture\" allowfullscreen><\/iframe><\/p>\n<p>Ma\u00eetre Marc Bellemare \u00e9tait pr\u00e9sident d&rsquo;honneur de la premi\u00e8re foire en art actuel de Qu\u00e9bec en 2013.<\/p>\n<p><a href=\"https:\/\/www.galeriebecot.com\/wp-content\/uploads\/2016\/11\/Foir-Bilan.jpg\"><img loading=\"lazy\" decoding=\"async\" class=\"alignnone size-large wp-image-5962\" src=\"https:\/\/www.galeriebecot.com\/wp-content\/uploads\/2016\/11\/Foir-Bilan-732x1024.jpg\" alt=\"foir-bilan\" width=\"700\" height=\"979\" srcset=\"https:\/\/galeriebecot.com\/wp-content\/uploads\/2016\/11\/Foir-Bilan-732x1024.jpg 732w, https:\/\/galeriebecot.com\/wp-content\/uploads\/2016\/11\/Foir-Bilan-215x300.jpg 215w, https:\/\/galeriebecot.com\/wp-content\/uploads\/2016\/11\/Foir-Bilan-768x1074.jpg 768w, https:\/\/galeriebecot.com\/wp-content\/uploads\/2016\/11\/Foir-Bilan.jpg 1129w\" sizes=\"auto, (max-width: 700px) 100vw, 700px\" \/><\/a><\/p>\n<p>Rendez-vous avec Marc Bellemare, fondateur du Club des collectionneurs en arts visuels de Qu\u00e9bec, collectionneur et ex-pr\u00e9sident d\u2019honneur de la FAAQ.<\/p>\n<p><a href=\"http:\/\/foireartactuel.com\/\"><img loading=\"lazy\" decoding=\"async\" class=\"alignnone size-full wp-image-5830\" src=\"https:\/\/www.galeriebecot.com\/wp-content\/uploads\/2016\/11\/Marc-Bellemare.jpg\" alt=\"marc-bellemare\" width=\"591\" height=\"206\" srcset=\"https:\/\/galeriebecot.com\/wp-content\/uploads\/2016\/11\/Marc-Bellemare.jpg 591w, https:\/\/galeriebecot.com\/wp-content\/uploads\/2016\/11\/Marc-Bellemare-300x105.jpg 300w\" sizes=\"auto, (max-width: 591px) 100vw, 591px\" \/><\/a><\/p>\n<p>Conf\u00e9rence, sur le th\u00e8me de la collection d&rsquo;\u0153uvres, le samedi 26 novembre \u00e0 15 h.<\/p>\n<p><a href=\"http:\/\/blogue.monsaintroch.com\/2016\/4e-foire-en-art-actuel-de-quebec-foultitude-animee\"><img loading=\"lazy\" decoding=\"async\" class=\"alignnone size-full wp-image-5912\" src=\"https:\/\/www.galeriebecot.com\/wp-content\/uploads\/2016\/11\/FAAQ_colifichet-533x400.jpg\" alt=\"faaq_colifichet-533x400\" width=\"533\" height=\"400\" srcset=\"https:\/\/galeriebecot.com\/wp-content\/uploads\/2016\/11\/FAAQ_colifichet-533x400.jpg 533w, https:\/\/galeriebecot.com\/wp-content\/uploads\/2016\/11\/FAAQ_colifichet-533x400-300x225.jpg 300w\" sizes=\"auto, (max-width: 533px) 100vw, 533px\" \/><\/a><\/p>\n<p>Publi\u00e9 le 25 novembre 2016 par <a title=\"Articles par Suzie Genest\" href=\"http:\/\/blogue.monsaintroch.com\/author\/sgenest\/\" rel=\"author\">Suzie Genest<\/a><\/p>\n<h4><span style=\"color: #000000;\">4e foire en art actuel de Qu\u00e9bec: Foultitude anim\u00e9e<\/span><\/h4>\n<p><a href=\"http:\/\/foireartactuel.com\"><img loading=\"lazy\" decoding=\"async\" class=\"alignnone size-full wp-image-5803\" src=\"https:\/\/www.galeriebecot.com\/wp-content\/uploads\/2015\/05\/Foire1.jpg\" alt=\"foire1\" width=\"500\" height=\"992\" srcset=\"https:\/\/galeriebecot.com\/wp-content\/uploads\/2015\/05\/Foire1.jpg 500w, https:\/\/galeriebecot.com\/wp-content\/uploads\/2015\/05\/Foire1-151x300.jpg 151w\" sizes=\"auto, (max-width: 500px) 100vw, 500px\" \/><\/a><\/p>\n<p>Foire en art actuel de Qu\u00e9bec; vernissage VIP le jeudi 24 novembre, d\u00e8s 17h30.<\/p>\n<p>L&rsquo;oeuil de Poisson\/VU 580 C\u00f4te d&rsquo;Abraham,Qu\u00e9bec.<\/p>\n<p>Pr\u00e9sidente d&rsquo;honneur: Madame Marie-Jos\u00e9e Gu\u00e9rette.<\/p>\n<p><a href=\"https:\/\/www.galeriebecot.com\/wp-content\/uploads\/2015\/05\/Foire2.jpg\"><img loading=\"lazy\" decoding=\"async\" class=\"alignnone size-full wp-image-5804\" src=\"https:\/\/www.galeriebecot.com\/wp-content\/uploads\/2015\/05\/Foire2.jpg\" alt=\"foire2\" width=\"508\" height=\"746\" srcset=\"https:\/\/galeriebecot.com\/wp-content\/uploads\/2015\/05\/Foire2.jpg 508w, https:\/\/galeriebecot.com\/wp-content\/uploads\/2015\/05\/Foire2-204x300.jpg 204w\" sizes=\"auto, (max-width: 508px) 100vw, 508px\" \/><\/a><\/p>\n<p><a href=\"https:\/\/www.galeriebecot.com\/wp-content\/uploads\/2015\/05\/foire-3.jpg\"><img loading=\"lazy\" decoding=\"async\" class=\"alignnone size-full wp-image-5805\" src=\"https:\/\/www.galeriebecot.com\/wp-content\/uploads\/2015\/05\/foire-3.jpg\" alt=\"foire-3\" width=\"242\" height=\"1023\" srcset=\"https:\/\/galeriebecot.com\/wp-content\/uploads\/2015\/05\/foire-3.jpg 242w, https:\/\/galeriebecot.com\/wp-content\/uploads\/2015\/05\/foire-3-71x300.jpg 71w\" sizes=\"auto, (max-width: 242px) 100vw, 242px\" \/><\/a><a href=\"https:\/\/www.galeriebecot.com\/wp-content\/uploads\/2015\/05\/Foire4.jpg\"><img loading=\"lazy\" decoding=\"async\" class=\"alignnone size-full wp-image-5806\" src=\"https:\/\/www.galeriebecot.com\/wp-content\/uploads\/2015\/05\/Foire4.jpg\" alt=\"foire4\" width=\"220\" height=\"742\" srcset=\"https:\/\/galeriebecot.com\/wp-content\/uploads\/2015\/05\/Foire4.jpg 220w, https:\/\/galeriebecot.com\/wp-content\/uploads\/2015\/05\/Foire4-89x300.jpg 89w\" sizes=\"auto, (max-width: 220px) 100vw, 220px\" \/><\/a><\/p>\n<p><a href=\"https:\/\/www.galeriebecot.com\/wp-content\/uploads\/2016\/11\/FAAQ.jpg\"><img loading=\"lazy\" decoding=\"async\" class=\"alignnone size-large wp-image-5907\" src=\"https:\/\/www.galeriebecot.com\/wp-content\/uploads\/2016\/11\/FAAQ-1024x469.jpg\" alt=\"faaq\" width=\"700\" height=\"321\" srcset=\"https:\/\/galeriebecot.com\/wp-content\/uploads\/2016\/11\/FAAQ-1024x469.jpg 1024w, https:\/\/galeriebecot.com\/wp-content\/uploads\/2016\/11\/FAAQ-300x138.jpg 300w, https:\/\/galeriebecot.com\/wp-content\/uploads\/2016\/11\/FAAQ-768x352.jpg 768w, https:\/\/galeriebecot.com\/wp-content\/uploads\/2016\/11\/FAAQ.jpg 1800w\" sizes=\"auto, (max-width: 700px) 100vw, 700px\" \/><\/a><\/p>\n<p><span style=\"color: #ff0000;\">Un clic sur l&rsquo;image pour agrandir<\/span><\/p>\n<p><a href=\"https:\/\/www.galeriebecot.com\/wp-content\/uploads\/2016\/11\/FAAQ-1.jpg\"><img loading=\"lazy\" decoding=\"async\" class=\"alignnone size-large wp-image-5908\" src=\"https:\/\/www.galeriebecot.com\/wp-content\/uploads\/2016\/11\/FAAQ-1-1024x388.jpg\" alt=\"faaq-1\" width=\"700\" height=\"265\" srcset=\"https:\/\/galeriebecot.com\/wp-content\/uploads\/2016\/11\/FAAQ-1-1024x388.jpg 1024w, https:\/\/galeriebecot.com\/wp-content\/uploads\/2016\/11\/FAAQ-1-300x114.jpg 300w, https:\/\/galeriebecot.com\/wp-content\/uploads\/2016\/11\/FAAQ-1-768x291.jpg 768w, https:\/\/galeriebecot.com\/wp-content\/uploads\/2016\/11\/FAAQ-1.jpg 1950w\" sizes=\"auto, (max-width: 700px) 100vw, 700px\" \/><\/a><\/p>\n<p><span style=\"color: #ff0000;\">Un clic sur l&rsquo;image pour agrandir<\/span><\/p>\n<p><strong>Article du journal,<\/strong>\u00a0<strong>Le Devoir(18 octobre 2013)<\/strong> en bas de page.<\/p>\n<p><a href=\"https:\/\/www.galeriebecot.com\/wp-content\/uploads\/2013\/10\/rencontreVIP.jpg\"><img loading=\"lazy\" decoding=\"async\" class=\"alignnone size-full wp-image-1111\" src=\"https:\/\/www.galeriebecot.com\/wp-content\/uploads\/2013\/10\/rencontreVIP.jpg\" alt=\"OLYMPUS DIGITAL CAMERA\" width=\"612\" height=\"538\" srcset=\"https:\/\/galeriebecot.com\/wp-content\/uploads\/2013\/10\/rencontreVIP.jpg 612w, https:\/\/galeriebecot.com\/wp-content\/uploads\/2013\/10\/rencontreVIP-300x263.jpg 300w\" sizes=\"auto, (max-width: 612px) 100vw, 612px\" \/><\/a><\/p>\n<p>Foire en art actuel de Qu\u00e9bec: d\u00e9couvrez, aimez, achetez<\/p>\n<p><a title=\"La Foire\" href=\"http:\/\/www.lapresse.ca\/le-soleil\/arts-et-spectacles\/expositions\/201310\/10\/01-4698650-foire-en-art-actuel-de-quebec-decouvrez-aimez-achetez.php\">Le Soleil\u00a0 par <em>Josianne Desloges<\/em><\/a><\/p>\n<p><a href=\"https:\/\/www.galeriebecot.com\/wp-content\/uploads\/2013\/10\/Jocelyn-Gasse.jpg\"><img loading=\"lazy\" decoding=\"async\" class=\"alignnone size-full wp-image-1200\" src=\"https:\/\/www.galeriebecot.com\/wp-content\/uploads\/2013\/10\/Jocelyn-Gasse.jpg\" alt=\"Jocelyn Gasse\" width=\"432\" height=\"310\" srcset=\"https:\/\/galeriebecot.com\/wp-content\/uploads\/2013\/10\/Jocelyn-Gasse.jpg 432w, https:\/\/galeriebecot.com\/wp-content\/uploads\/2013\/10\/Jocelyn-Gasse-300x215.jpg 300w\" sizes=\"auto, (max-width: 432px) 100vw, 432px\" \/><\/a><\/p>\n<p>Jocelyn Gasse,Peintre<\/p>\n<p>Qu\u00e9bec s\u2019expose : Un pont entre les artistes et les acheteurs<\/p>\n<p><a title=\"Foire1\" href=\"http:\/\/www.journaldequebec.com\/2013\/10\/11\/un-pont-entre-les-artistes-et-les-acheteurs\">Le Journal de Qu\u00e9bec par <em>Emy-Jane D\u00e9ry<\/em><\/a><\/p>\n<p>Le t\u00e9l\u00e9journal de Radio-Canada: Probl\u00e9matique de l&rsquo;artiste<\/p>\n<p><a title=\"T\u00e9l\u00e9journal\" href=\"http:\/\/www.radio-canada.ca\/widgets\/mediaconsole\/medianet\/6854606\">T\u00e9l\u00e9journal, vers la minute 24 : <\/a><\/p>\n<p>Voyez pour tous les d\u00e9tails : <a title=\"Foire actuel\" href=\"http:\/\/www.foireartactuel.com\/\">Site de la Foire en Art Actuel de Qu\u00e9bec<\/a>\u00a0(<a href=\"http:\/\/www.foireartactuel.com\">www.foireartactuel.com<\/a>)<\/p>\n<p><a title=\"R\u00e9seau Art Actuel\" href=\"http:\/\/www.rcaaq.org\/\">R\u00e9seau ArtActuel\u00a0<\/a><\/p>\n<p>\u00a0<\/p>\n<p>Bonjour,<\/p>\n<p>C\u2019est avec fiert\u00e9 et f\u00e9brilit\u00e9 que nous annon\u00e7ons la tenue de la premi\u00e8re \u00e9dition de la Foire en art actuel de Qu\u00e9bec. L\u2019\u00e9v\u00e8nement se d\u00e9roulera du 18 au 20 octobre 2013, dans les galeries de l\u2019OEil de Poisson, situ\u00e9es au 580 c\u00f4te d\u2019Abraham et est sous la pr\u00e9sidence d\u2019honneur de Ma\u00eetre Marc Bellemare, collectionneur et fondateur du Club des collectionneurs en Arts Visuels de Qu\u00e9bec.<\/p>\n<p>Cette \u00e9dition vise \u00e0 promouvoir et \u00e0 favoriser le collectionnement chez de nouveaux acheteurs. L\u2019\u00e9v\u00e8nement, qui a pour but la vente d\u2019oeuvres d\u2019art, regroupera 20 artistes de Qu\u00e9bec et de Montr\u00e9al. Celle-ci prendra la forme d\u2019une exposition collective o\u00f9 les visiteurs seront amen\u00e9s \u00e0 acqu\u00e9rir leurs coups de coeur. Elle sera \u00e9galement l\u2019occasion de favoriser la rencontre des acheteurs et des artistes, tout en faisant la promotion de la culture de la collection en d\u00e9mocratisant son achat.<\/p>\n<p>Au plaisir de vous y voir!<\/p>\n<p>Rejoignez-nous sur Facebook ! : <a href=\"https:\/\/www.facebook.com\/foireartactuel\" target=\"_blank\" rel=\"noopener noreferrer\">https:\/\/www.facebook.com\/foireartactuel<\/a><\/p>\n<p>Jeanne Couture<\/p>\n<p>\u00a0<\/p>\n<p><b><\/b><strong>Le\u00a0Club des collectionneurs en arts visuels de Qu\u00e9bec\u00a0<\/strong>a pour objectif de favoriser les \u00e9changes entre collectionneurs. Il permet \u00e9galement de prendre connaissance des nouvelles tendance du march\u00e9 de l\u2019art et de mieux conna\u00eetre l\u2019importance du rayonnement de l\u2019art qu\u00e9b\u00e9cois.<\/p>\n<p><b>\u00a0<\/b><b>Le Club<\/b> a \u00e9t\u00e9 fond\u00e9 en septembre 2004 par Marc Bellemare et Jean Gaudreau.<\/p>\n<p><b>Font actuellement partie du comit\u00e9 de programmation 2013,\u00a0 Marc Bellemare,\u00a0 Carole Charette, Andr\u00e9 B\u00e9cot, Bernard Houde et Alain Sanson\u00a0<\/b><\/p>\n<p><b>\u00a0<\/b><\/p>\n<p><b>La date :\u00a0\u00a0\u00a0<\/b><b>\u00a0\u00a0\u00a0\u00a0\u00a0\u00a0\u00a0\u00a0\u00a0\u00a0\u00a0Mercredi 16 octobre 2013, 17h (VIP \u2013 50. $)<\/b><\/p>\n<p><b>\u00a0\u00a0\u00a0\u00a0\u00a0\u00a0\u00a0\u00a0\u00a0\u00a0\u00a0\u00a0\u00a0\u00a0\u00a0\u00a0\u00a0\u00a0\u00a0\u00a0\u00a0\u00a0\u00a0\u00a0\u00a0\u00a0\u00a0\u00a0\u00a0\u00a0\u00a0\u00a0\u00a0 Vendredi 18 au 20 octobre 2013<\/b><\/p>\n<p>\u00a0<\/p>\n<p><b>\u00a0Le lieu:\u00a0<\/b><b>\u00a0\u00a0\u00a0\u00a0\u00a0\u00a0 \u00a0 \u00a0 \u00a0 \u00a0 L\u2019\u0152IL DE POISSON<\/b><\/p>\n<p><b>\u00a0\u00a0\u00a0\u00a0\u00a0\u00a0\u00a0\u00a0\u00a0\u00a0\u00a0\u00a0\u00a0\u00a0\u00a0\u00a0\u00a0\u00a0\u00a0\u00a0\u00a0\u00a0\u00a0\u00a0\u00a0\u00a0\u00a0\u00a0\u00a0\u00a0\u00a0\u00a0 580 C\u00f4te d\u2019Abraham<\/b><\/p>\n<p><b>\u00a0\u00a0\u00a0\u00a0\u00a0\u00a0\u00a0\u00a0\u00a0\u00a0\u00a0\u00a0\u00a0\u00a0\u00a0\u00a0\u00a0\u00a0\u00a0\u00a0\u00a0\u00a0\u00a0\u00a0\u00a0\u00a0\u00a0\u00a0\u00a0\u00a0\u00a0\u00a0 Qu\u00e9bec<\/b><\/p>\n<p><b>\u00a0 \u00a0 \u00a0 \u00a0 \u00a0 \u00a0 \u00a0 \u00a0 \u00a0 \u00a0 \u00a0 \u00a0 \u00a0 \u00a0 \u00a0 \u00a0\u00a0<\/b><\/p>\n<p><b>\u00a0Le th\u00e8me\u00a0:\u00a0\u00a0 \u00a0\u00a0\u00a0\u00a0\u00a0\u00a0Foire en art actuel de Qu\u00e9bec<\/b><\/p>\n<p><b>\u00a0 \u00a0 \u00a0 \u00a0 \u00a0 \u00a0 \u00a0 \u00a0 \u00a0 \u00a0 \u00a0 \u00a0 \u00a0 \u00a0 \u00a0\u00a0<\/b><\/p>\n<p><b>\u00a0 <\/b><b>Pour informations\u00a0: Marc Bellemare\u00a0 418\u00a0681 1227<\/b><\/p>\n<p><b>\u00a0\u00a0\u00a0\u00a0\u00a0\u00a0\u00a0\u00a0\u00a0\u00a0\u00a0\u00a0\u00a0\u00a0\u00a0\u00a0\u00a0\u00a0\u00a0\u00a0\u00a0\u00a0\u00a0\u00a0\u00a0\u00a0\u00a0\u00a0\u00a0\u00a0\u00a0\u00a0\u00a0\u00a0\u00a0\u00a0\u00a0 \u00a0Andr\u00e9 B\u00e9cot\u00a0\u00a0\u00a0\u00a0\u00a0\u00a0 \u00a0\u00a0418\u00a0559 6816<\/b><\/p>\n<p>\u00a0<\/p>\n<p><a href=\"https:\/\/www.galeriebecot.com\/wp-content\/uploads\/2013\/10\/foire-2.jpg\"><img loading=\"lazy\" decoding=\"async\" class=\"alignnone size-large wp-image-982\" src=\"https:\/\/www.galeriebecot.com\/wp-content\/uploads\/2013\/10\/foire-2-781x1024.jpg\" alt=\"foire-2\" width=\"700\" height=\"917\" srcset=\"https:\/\/galeriebecot.com\/wp-content\/uploads\/2013\/10\/foire-2-781x1024.jpg 781w, https:\/\/galeriebecot.com\/wp-content\/uploads\/2013\/10\/foire-2-228x300.jpg 228w\" sizes=\"auto, (max-width: 700px) 100vw, 700px\" \/><\/a><\/p>\n<p>\u00a0<\/p>\n<p><a href=\"https:\/\/www.galeriebecot.com\/wp-content\/uploads\/2013\/09\/Convocation3-1.jpg\"><img loading=\"lazy\" decoding=\"async\" class=\"alignnone size-large wp-image-833\" src=\"https:\/\/www.galeriebecot.com\/wp-content\/uploads\/2013\/09\/Convocation3-1-810x1024.jpg\" alt=\"Convocation3-1\" width=\"700\" height=\"884\" srcset=\"https:\/\/galeriebecot.com\/wp-content\/uploads\/2013\/09\/Convocation3-1-810x1024.jpg 810w, https:\/\/galeriebecot.com\/wp-content\/uploads\/2013\/09\/Convocation3-1-237x300.jpg 237w\" sizes=\"auto, (max-width: 700px) 100vw, 700px\" \/><\/a><\/p>\n<p>\u00a0<\/p>\n<p>Journal le Devoir,18 Octobre 2013, par <em>J\u00e9r\u00f4me Delgado\u00a0<\/em><\/p>\n<p><a href=\"https:\/\/www.galeriebecot.com\/wp-content\/uploads\/2013\/10\/poisson1.jpg\"><img loading=\"lazy\" decoding=\"async\" class=\"alignnone size-large wp-image-1189\" src=\"https:\/\/www.galeriebecot.com\/wp-content\/uploads\/2013\/10\/poisson1-1024x965.jpg\" alt=\"poisson1\" width=\"700\" height=\"659\" srcset=\"https:\/\/galeriebecot.com\/wp-content\/uploads\/2013\/10\/poisson1-1024x965.jpg 1024w, https:\/\/galeriebecot.com\/wp-content\/uploads\/2013\/10\/poisson1-300x283.jpg 300w, https:\/\/galeriebecot.com\/wp-content\/uploads\/2013\/10\/poisson1.jpg 1324w\" sizes=\"auto, (max-width: 700px) 100vw, 700px\" \/><\/a><\/p>\n<p>\u00a0<\/p>\n<p><a href=\"https:\/\/www.galeriebecot.com\/wp-content\/uploads\/2013\/10\/poisson2.jpg\"><img loading=\"lazy\" decoding=\"async\" class=\"alignnone size-large wp-image-1190\" src=\"https:\/\/www.galeriebecot.com\/wp-content\/uploads\/2013\/10\/poisson2-420x1024.jpg\" alt=\"poisson2\" width=\"420\" height=\"1024\" srcset=\"https:\/\/galeriebecot.com\/wp-content\/uploads\/2013\/10\/poisson2-420x1024.jpg 420w, https:\/\/galeriebecot.com\/wp-content\/uploads\/2013\/10\/poisson2-123x300.jpg 123w\" sizes=\"auto, (max-width: 420px) 100vw, 420px\" \/><\/a><\/p>\n<p>\u00a0<\/p>\n<p><a href=\"https:\/\/www.galeriebecot.com\/wp-content\/uploads\/2013\/10\/poisson3.jpg\"><img loading=\"lazy\" decoding=\"async\" class=\"alignnone size-large wp-image-1191\" src=\"https:\/\/www.galeriebecot.com\/wp-content\/uploads\/2013\/10\/poisson3-892x1024.jpg\" alt=\"poisson3\" width=\"700\" height=\"803\" srcset=\"https:\/\/galeriebecot.com\/wp-content\/uploads\/2013\/10\/poisson3-892x1024.jpg 892w, https:\/\/galeriebecot.com\/wp-content\/uploads\/2013\/10\/poisson3-261x300.jpg 261w, https:\/\/galeriebecot.com\/wp-content\/uploads\/2013\/10\/poisson3.jpg 1820w\" sizes=\"auto, (max-width: 700px) 100vw, 700px\" \/><\/a><\/p>\n<p>\u00a0<\/p>\n<p><a href=\"https:\/\/www.galeriebecot.com\/wp-content\/uploads\/2013\/10\/poisson4.jpg\"><img loading=\"lazy\" decoding=\"async\" class=\"alignnone size-large wp-image-1192\" src=\"https:\/\/www.galeriebecot.com\/wp-content\/uploads\/2013\/10\/poisson4-811x1024.jpg\" alt=\"poisson4\" width=\"700\" height=\"883\" srcset=\"https:\/\/galeriebecot.com\/wp-content\/uploads\/2013\/10\/poisson4-811x1024.jpg 811w, https:\/\/galeriebecot.com\/wp-content\/uploads\/2013\/10\/poisson4-237x300.jpg 237w, https:\/\/galeriebecot.com\/wp-content\/uploads\/2013\/10\/poisson4.jpg 1788w\" sizes=\"auto, (max-width: 700px) 100vw, 700px\" \/><\/a><\/p>","protected":false},"excerpt":{"rendered":"<p>La 1er \u00e9dition de La Foire en art actuel de Qu\u00e9bec en 2013, \u00e9tait sous la pr\u00e9sidence d&rsquo;honneur de Marc Bellemare . Elle \u00a0a comme objectif de promouvoir l&rsquo;achat d&rsquo;oeuvres&hellip; <\/p>\n","protected":false},"author":1,"featured_media":0,"comment_status":"open","ping_status":"open","sticky":false,"template":"","format":"standard","meta":{"_exactmetrics_skip_tracking":false,"_exactmetrics_sitenote_active":false,"_exactmetrics_sitenote_note":"","_exactmetrics_sitenote_category":0,"footnotes":""},"categories":[18,32,21,19],"tags":[1346,1387,3599,955,34,171,2185,1365,3615,1367,854,735,1391,5,28,2779,109,1877,3616,552,1348,1368,2788,1359,2785,382,1356,6,67,1354,3605,1538,3608,1355,2441,2782,795,1480,1353,2778,465,35,1360,405,2783,2442,1349,3603,2873,38,745,1388,1361,1363,3617,3612,3609,1257,1366,3611,2790,3606,1351,3602,2789,1385,396,2739,2791,2439,373,2781,3610,1347,3604,33,58,2780,2184,1350,958,1369,2436,1362,3600,1392,1384,2786,2787,2792,1352,1382,3607,658,1386,1390,87,404,3613,2793,2794,764,2784,1357,1383,3614,3601,1358,1364],"class_list":["post-832","post","type-post","status-publish","format-standard","hentry","category-evenement","category-le-devoir","category-vente-aux-encheres-doeuvres-dart","category-vernissage","tag-acapulco","tag-adam-bergeron","tag-alexanne-dunn","tag-amelie-proulx","tag-andre-becot","tag-andre-becot-artiste","tag-andre-fortin","tag-andrea-mortson","tag-andrew-jackson","tag-anne-marie-proulx","tag-art-mur","tag-artistes","tag-audree-demers-roberge","tag-becot","tag-bellemare","tag-benoit-pinette","tag-bgl","tag-calq","tag-camille-turner","tag-canadian-bacon","tag-carl-bouchard","tag-carl-trahan","tag-carol-ann-belzil-normand","tag-caroline-hayeur","tag-caroline-monnet","tag-charles-etienne-brochu","tag-claudie-gagnon","tag-club-des-collectionneurs-en-arts-visuels-de-quebec","tag-club-des-collectionneurs-en-arts-visuels-de-quebec-marc-bellemare","tag-colifichet","tag-dany-massicotte","tag-diane-landry","tag-domonique-fontaine","tag-donigan-cummong","tag-eddy-firmin","tag-elise-provencher","tag-emmanuelle-leonard","tag-engramme","tag-eve-cadieux","tag-florence-agathe-dube-moreau","tag-florent-cousineau","tag-foire-en-arts-actuel","tag-francois-lalumiere","tag-francois-raymond","tag-francois-simard","tag-fred-laforge","tag-gabrielle-boucher","tag-gabrielle-desrosiers","tag-galerie-a","tag-galerie-becot","tag-galerie-michel-guimont","tag-genevieve-chardtrand","tag-guillaume-legare","tag-helena-martin-franco","tag-helene-cauvin","tag-hugues-charbonneau","tag-isabelle-lapierre","tag-ivan-binet","tag-jeffrey-poirier","tag-jeremie-st-pierre","tag-jerome-nadeau","tag-joan-berthiaume","tag-john-boyle-singfield","tag-josee-pedneault","tag-juan-ortiz-apuy","tag-julie-bouffard","tag-julien-lebargy","tag-kael-mercader","tag-lauren-pelc-mc-arthur","tag-leila-zelli","tag-louis-david-letourneau-gagnon","tag-louise-b-guerin","tag-luca-fortin","tag-ludovic-boney","tag-magali-baribeau-marchand","tag-marc-bellemare","tag-marc-bellemare-collectionneur","tag-marc-guerin","tag-marc-antoine-k-phaneuf","tag-marie-claude-bouthillier","tag-marie-eve-frechette","tag-marie-josee-guerette","tag-maryse-goudreau","tag-mathieu-levesque","tag-melanie-myers","tag-merici-lehmann","tag-monsaintrock-com","tag-morelli","tag-morelli-et-moisan","tag-moridja-kitenge-banza","tag-nathalie-bujold","tag-off-faaqfaak-off","tag-oli-sorenson","tag-olivier-de-serres","tag-olivier-deserres","tag-pascal-leblanc-lavigne","tag-phelipe-soldevila","tag-phelipe-soldevilla","tag-rajni-perera","tag-raphaelle-de-groot","tag-raul-aguilar-canela","tag-samuel-breton","tag-shanie-tomassini","tag-steve-giasson","tag-suzie-genest","tag-symposium-de-baie-saint-paul","tag-wharton-ayer","tag-yan-giguere","tag-yoanis-menge"],"_links":{"self":[{"href":"https:\/\/galeriebecot.com\/index.php?rest_route=\/wp\/v2\/posts\/832","targetHints":{"allow":["GET"]}}],"collection":[{"href":"https:\/\/galeriebecot.com\/index.php?rest_route=\/wp\/v2\/posts"}],"about":[{"href":"https:\/\/galeriebecot.com\/index.php?rest_route=\/wp\/v2\/types\/post"}],"author":[{"embeddable":true,"href":"https:\/\/galeriebecot.com\/index.php?rest_route=\/wp\/v2\/users\/1"}],"replies":[{"embeddable":true,"href":"https:\/\/galeriebecot.com\/index.php?rest_route=%2Fwp%2Fv2%2Fcomments&post=832"}],"version-history":[{"count":96,"href":"https:\/\/galeriebecot.com\/index.php?rest_route=\/wp\/v2\/posts\/832\/revisions"}],"predecessor-version":[{"id":13678,"href":"https:\/\/galeriebecot.com\/index.php?rest_route=\/wp\/v2\/posts\/832\/revisions\/13678"}],"wp:attachment":[{"href":"https:\/\/galeriebecot.com\/index.php?rest_route=%2Fwp%2Fv2%2Fmedia&parent=832"}],"wp:term":[{"taxonomy":"category","embeddable":true,"href":"https:\/\/galeriebecot.com\/index.php?rest_route=%2Fwp%2Fv2%2Fcategories&post=832"},{"taxonomy":"post_tag","embeddable":true,"href":"https:\/\/galeriebecot.com\/index.php?rest_route=%2Fwp%2Fv2%2Ftags&post=832"}],"curies":[{"name":"wp","href":"https:\/\/api.w.org\/{rel}","templated":true}]}}