{"id":8293,"date":"2021-11-01T11:47:42","date_gmt":"2021-11-01T15:47:42","guid":{"rendered":"http:\/\/www.clubdescollectionneursenartsvisuelsdequebec.com\/?p=8293"},"modified":"2021-11-04T18:32:42","modified_gmt":"2021-11-04T22:32:42","slug":"8293","status":"publish","type":"post","link":"https:\/\/galeriebecot.com\/?p=8293","title":{"rendered":"La Galerie Vincent et moi l&rsquo;Art en t\u00eate&#8230; 20e !"},"content":{"rendered":"\n<figure class=\"wp-block-image size-large\"><a href=\"https:\/\/vincentetmoi.com\"><img loading=\"lazy\" decoding=\"async\" width=\"1024\" height=\"817\" src=\"https:\/\/www.galeriebecot.com\/wp-content\/uploads\/2021\/11\/galerie-Vincent-et-moi-1024x817.jpg\" alt=\"\" class=\"wp-image-14923\" srcset=\"https:\/\/galeriebecot.com\/wp-content\/uploads\/2021\/11\/galerie-Vincent-et-moi-1024x817.jpg 1024w, https:\/\/galeriebecot.com\/wp-content\/uploads\/2021\/11\/galerie-Vincent-et-moi-300x239.jpg 300w, https:\/\/galeriebecot.com\/wp-content\/uploads\/2021\/11\/galerie-Vincent-et-moi-768x613.jpg 768w, https:\/\/galeriebecot.com\/wp-content\/uploads\/2021\/11\/galerie-Vincent-et-moi-1536x1225.jpg 1536w, https:\/\/galeriebecot.com\/wp-content\/uploads\/2021\/11\/galerie-Vincent-et-moi.jpg 1630w\" sizes=\"auto, (max-width: 1024px) 100vw, 1024px\" \/><\/a><\/figure>\n\n\n<p><a href=\"https:\/\/www.galeriebecot.com\/?p=1398\"><img loading=\"lazy\" decoding=\"async\" class=\"alignnone size-full wp-image-8815\" src=\"https:\/\/www.galeriebecot.com\/wp-content\/uploads\/2018\/06\/Historique-du-clubokok.jpg\" alt=\"\" width=\"369\" height=\"35\" srcset=\"https:\/\/galeriebecot.com\/wp-content\/uploads\/2018\/06\/Historique-du-clubokok.jpg 369w, https:\/\/galeriebecot.com\/wp-content\/uploads\/2018\/06\/Historique-du-clubokok-300x28.jpg 300w\" sizes=\"auto, (max-width: 369px) 100vw, 369px\" \/><\/a><\/p>\n<p><a href=\"http:\/\/www.michelparent.com\/club\/\"><img loading=\"lazy\" decoding=\"async\" class=\"alignnone size-full wp-image-8818\" src=\"https:\/\/www.galeriebecot.com\/wp-content\/uploads\/2018\/06\/Logo-inscription-1-768x64ok.jpg\" alt=\"\" width=\"657\" height=\"63\" srcset=\"https:\/\/galeriebecot.com\/wp-content\/uploads\/2018\/06\/Logo-inscription-1-768x64ok.jpg 657w, https:\/\/galeriebecot.com\/wp-content\/uploads\/2018\/06\/Logo-inscription-1-768x64ok-300x29.jpg 300w\" sizes=\"auto, (max-width: 657px) 100vw, 657px\" \/><\/a><\/p>\n<p><a href=\"https:\/\/www.galeriebecot.com\/wp-content\/uploads\/2018\/12\/Vincent.jpg\"><img loading=\"lazy\" decoding=\"async\" class=\"alignnone size-full wp-image-12125\" src=\"https:\/\/www.galeriebecot.com\/wp-content\/uploads\/2018\/12\/Vincent.jpg\" alt=\"\" width=\"653\" height=\"614\" srcset=\"https:\/\/galeriebecot.com\/wp-content\/uploads\/2018\/12\/Vincent.jpg 653w, https:\/\/galeriebecot.com\/wp-content\/uploads\/2018\/12\/Vincent-300x282.jpg 300w\" sizes=\"auto, (max-width: 653px) 100vw, 653px\" \/><\/a><\/p>\n<div>L&rsquo;exposition rassemble des oeuvres de Christine Rousseau (Rossignol), artiste de Vincent et moi, et du Mus\u00e9e international d&rsquo;art na\u00eff de Magog.<\/div>\n<div>Par la suite, la galerie prend une pause pour permettre une r\u00e9organisation. Surveillez la prochaine programmation!<\/div>\n<div>&nbsp;<\/div>\n<div>Toute l&rsquo;\u00e9quipe de Vincent et moi vous souhaite de Joyeuses F\u00eates&#8230; \u00e0&nbsp;tr\u00e8s bient\u00f4t en 2020!<\/div>\n<div>\n<p><strong>Galerie Vincent et moi, ouverte du lundi au vendredi, de 13h \u00e0 16h, jusqu&rsquo;au 19 d\u00e9cembre.<\/strong><\/p>\n<p>CIUSSS de la Capitale-Nationale<\/p>\n<p>2601, chemin de la Canardi\u00e8re, local G-1343<\/p>\n<p>Qu\u00e9bec (Qu\u00e9bec) G1J 2G3<\/p>\n<p>418-663-5000, poste 6440<\/p>\n<p>vincentetmoi.ciussscn@ssss.gouv.qc.ca<\/p>\n<\/div>\n<p><a href=\"https:\/\/www.galeriebecot.com\/wp-content\/uploads\/2018\/12\/Larouche-CV.jpg\"><img loading=\"lazy\" decoding=\"async\" class=\"alignnone size-large wp-image-10155\" src=\"https:\/\/www.galeriebecot.com\/wp-content\/uploads\/2018\/12\/Larouche-CV-1024x675.jpg\" alt=\"\" width=\"700\" height=\"461\" srcset=\"https:\/\/galeriebecot.com\/wp-content\/uploads\/2018\/12\/Larouche-CV-1024x675.jpg 1024w, https:\/\/galeriebecot.com\/wp-content\/uploads\/2018\/12\/Larouche-CV-300x198.jpg 300w, https:\/\/galeriebecot.com\/wp-content\/uploads\/2018\/12\/Larouche-CV-768x506.jpg 768w, https:\/\/galeriebecot.com\/wp-content\/uploads\/2018\/12\/Larouche-CV.jpg 1247w\" sizes=\"auto, (max-width: 700px) 100vw, 700px\" \/><\/a><\/p>\n<p><a href=\"https:\/\/www.galeriebecot.com\/wp-content\/uploads\/2018\/12\/Larouche-Oeuvres.jpg\"><img loading=\"lazy\" decoding=\"async\" class=\"alignnone size-large wp-image-10156\" src=\"https:\/\/www.galeriebecot.com\/wp-content\/uploads\/2018\/12\/Larouche-Oeuvres-1024x666.jpg\" alt=\"\" width=\"700\" height=\"455\" srcset=\"https:\/\/galeriebecot.com\/wp-content\/uploads\/2018\/12\/Larouche-Oeuvres-1024x666.jpg 1024w, https:\/\/galeriebecot.com\/wp-content\/uploads\/2018\/12\/Larouche-Oeuvres-300x195.jpg 300w, https:\/\/galeriebecot.com\/wp-content\/uploads\/2018\/12\/Larouche-Oeuvres-768x500.jpg 768w, https:\/\/galeriebecot.com\/wp-content\/uploads\/2018\/12\/Larouche-Oeuvres.jpg 1254w\" sizes=\"auto, (max-width: 700px) 100vw, 700px\" \/><\/a><\/p>\n<p><a href=\"https:\/\/www.galeriebecot.com\/wp-content\/uploads\/2018\/10\/Larouche_Lacasse.jpg\"><img loading=\"lazy\" decoding=\"async\" class=\"alignnone size-large wp-image-10054\" src=\"https:\/\/www.galeriebecot.com\/wp-content\/uploads\/2018\/10\/Larouche_Lacasse-815x1024.jpg\" alt=\"\" width=\"700\" height=\"880\" srcset=\"https:\/\/galeriebecot.com\/wp-content\/uploads\/2018\/10\/Larouche_Lacasse-815x1024.jpg 815w, https:\/\/galeriebecot.com\/wp-content\/uploads\/2018\/10\/Larouche_Lacasse-239x300.jpg 239w, https:\/\/galeriebecot.com\/wp-content\/uploads\/2018\/10\/Larouche_Lacasse-768x965.jpg 768w, https:\/\/galeriebecot.com\/wp-content\/uploads\/2018\/10\/Larouche_Lacasse.jpg 930w\" sizes=\"auto, (max-width: 700px) 100vw, 700px\" \/><\/a><\/p>\n<p>Vernissage le vendredi 18 janvier \u00e0 17h.<\/p>\n<p>H\u00e9l\u00e8ne Larouche : L&rsquo;\u00c9veil.<\/p>\n<p>Jacques Lacasse : Les lumi\u00e8res du charbon.<\/p>\n<p>Galerie Vincent et moi: 2601, chemin de la Canardi\u00e8re Local G-1343, Qu\u00e9bec.<\/p>\n<p><a href=\"https:\/\/www.galeriebecot.com\/wp-content\/uploads\/2018\/09\/Bertrand1.jpg\"><img loading=\"lazy\" decoding=\"async\" class=\"alignnone size-full wp-image-9602\" src=\"https:\/\/www.galeriebecot.com\/wp-content\/uploads\/2018\/09\/Bertrand1.jpg\" alt=\"\" width=\"763\" height=\"853\" srcset=\"https:\/\/galeriebecot.com\/wp-content\/uploads\/2018\/09\/Bertrand1.jpg 763w, https:\/\/galeriebecot.com\/wp-content\/uploads\/2018\/09\/Bertrand1-268x300.jpg 268w\" sizes=\"auto, (max-width: 763px) 100vw, 763px\" \/><\/a><\/p>\n<p>Vernissage le vendredi 2 novembre 2018 \u00e0 17 h<\/p>\n<p>au 2301, chemin de la canardi\u00e8re Qu\u00e9bec (Qu\u00e9bec) G1J 2G3.<\/p>\n<p>L&rsquo;exposition se poursuivra jusqu&rsquo;au 13 d\u00e9cembre .<\/p>\n<p><a href=\"https:\/\/www.galeriebecot.com\/wp-content\/uploads\/2018\/09\/Bertrand2.jpg\"><img loading=\"lazy\" decoding=\"async\" class=\"alignnone size-full wp-image-9603\" src=\"https:\/\/www.galeriebecot.com\/wp-content\/uploads\/2018\/09\/Bertrand2.jpg\" alt=\"\" width=\"762\" height=\"135\" srcset=\"https:\/\/galeriebecot.com\/wp-content\/uploads\/2018\/09\/Bertrand2.jpg 762w, https:\/\/galeriebecot.com\/wp-content\/uploads\/2018\/09\/Bertrand2-300x53.jpg 300w\" sizes=\"auto, (max-width: 762px) 100vw, 762px\" \/><\/a><\/p>\n<p><a href=\"https:\/\/www.galeriebecot.com\/wp-content\/uploads\/2018\/05\/Vincent-et-Moi.jpg\"><img loading=\"lazy\" decoding=\"async\" class=\"alignnone size-large wp-image-9329\" src=\"https:\/\/www.galeriebecot.com\/wp-content\/uploads\/2018\/05\/Vincent-et-Moi-787x1024.jpg\" alt=\"\" width=\"700\" height=\"911\" srcset=\"https:\/\/galeriebecot.com\/wp-content\/uploads\/2018\/05\/Vincent-et-Moi-787x1024.jpg 787w, https:\/\/galeriebecot.com\/wp-content\/uploads\/2018\/05\/Vincent-et-Moi-231x300.jpg 231w, https:\/\/galeriebecot.com\/wp-content\/uploads\/2018\/05\/Vincent-et-Moi-768x999.jpg 768w, https:\/\/galeriebecot.com\/wp-content\/uploads\/2018\/05\/Vincent-et-Moi.jpg 809w\" sizes=\"auto, (max-width: 700px) 100vw, 700px\" \/><\/a><\/p>\n<p>Vernissage le vendredi 7 septembre \u00e0 17 heures.<\/p>\n<p>L&rsquo;exposition des acquisitions annuelles de la Collection Vincent et moi r\u00e9unit une quarantaine d&rsquo;oeuvres, s\u00e9lectionn\u00e9es par un jury de professionnels du milieu des arts et de la culture.<\/p>\n<p>La galerie Vincent et moi vous invite au vernissage des expositions de Anik Lachance et de Odette Godin. Vernissage le 11 mai 2018 \u00e0 17 heures. Bienvenue \u00e0 tous !<\/p>\n<p><a href=\"https:\/\/www.galeriebecot.com\/wp-content\/uploads\/2018\/03\/Vincent1.jpg\"><img loading=\"lazy\" decoding=\"async\" class=\"alignnone size-full wp-image-8634\" src=\"https:\/\/www.galeriebecot.com\/wp-content\/uploads\/2018\/03\/Vincent1.jpg\" alt=\"\" width=\"935\" height=\"864\" srcset=\"https:\/\/galeriebecot.com\/wp-content\/uploads\/2018\/03\/Vincent1.jpg 935w, https:\/\/galeriebecot.com\/wp-content\/uploads\/2018\/03\/Vincent1-300x277.jpg 300w, https:\/\/galeriebecot.com\/wp-content\/uploads\/2018\/03\/Vincent1-768x710.jpg 768w\" sizes=\"auto, (max-width: 935px) 100vw, 935px\" \/><\/a><\/p>\n<p><a href=\"https:\/\/www.galeriebecot.com\/wp-content\/uploads\/2018\/03\/Vincent2.jpg\"><img loading=\"lazy\" decoding=\"async\" class=\"alignnone size-full wp-image-8635\" src=\"https:\/\/www.galeriebecot.com\/wp-content\/uploads\/2018\/03\/Vincent2.jpg\" alt=\"\" width=\"937\" height=\"615\" srcset=\"https:\/\/galeriebecot.com\/wp-content\/uploads\/2018\/03\/Vincent2.jpg 937w, https:\/\/galeriebecot.com\/wp-content\/uploads\/2018\/03\/Vincent2-300x197.jpg 300w, https:\/\/galeriebecot.com\/wp-content\/uploads\/2018\/03\/Vincent2-768x504.jpg 768w\" sizes=\"auto, (max-width: 937px) 100vw, 937px\" \/><\/a><\/p>\n<p><a href=\"https:\/\/www.galeriebecot.com\/wp-content\/uploads\/2018\/03\/Vallerand1.jpg\"><img loading=\"lazy\" decoding=\"async\" class=\"alignnone size-full wp-image-8294\" src=\"https:\/\/www.galeriebecot.com\/wp-content\/uploads\/2018\/03\/Vallerand1.jpg\" alt=\"\" width=\"848\" height=\"878\" srcset=\"https:\/\/galeriebecot.com\/wp-content\/uploads\/2018\/03\/Vallerand1.jpg 848w, https:\/\/galeriebecot.com\/wp-content\/uploads\/2018\/03\/Vallerand1-290x300.jpg 290w, https:\/\/galeriebecot.com\/wp-content\/uploads\/2018\/03\/Vallerand1-768x795.jpg 768w\" sizes=\"auto, (max-width: 848px) 100vw, 848px\" \/><\/a><\/p>\n<p>La Galerie Vincent et moi vous invite au vernissage de l&rsquo;exposition PAR LA BANDE avec Denis Belleau, Paul Bordeleau et Richard Vallerand. Un 5 \u00e0 7 causerie aura lieu le jeudi, 12 avril d\u00e8s 17h.<\/p>\n<p>Sous l&rsquo;impulsion de 31e Festival Qu\u00e9bec BD, la Galerie Vincent et moi re\u00e7oit les b\u00e9d\u00e9istes Richard Vallerand et Paul Bordeleau de la Shop \u00e0 bulles, atelier d&rsquo;auteurs de BD de la maison de la litt\u00e9rature, ainsi que Denis Belleau, artiste du collectif Vincent et moi.<\/p>\n<p><a href=\"https:\/\/www.lafabriqueculturelle.tv\/capsules\/6897\/dessine-moi-une-histoire-brasser-de-la-biere-a-quebec\"><img loading=\"lazy\" decoding=\"async\" class=\"alignnone size-full wp-image-8301\" src=\"https:\/\/www.galeriebecot.com\/wp-content\/uploads\/2018\/03\/Richard-Vallerand.jpg\" alt=\"\" width=\"576\" height=\"321\" srcset=\"https:\/\/galeriebecot.com\/wp-content\/uploads\/2018\/03\/Richard-Vallerand.jpg 576w, https:\/\/galeriebecot.com\/wp-content\/uploads\/2018\/03\/Richard-Vallerand-300x167.jpg 300w\" sizes=\"auto, (max-width: 576px) 100vw, 576px\" \/><\/a><\/p>\n<p>(un clic sur l&rsquo;image pour voir la vid\u00e9o)<\/p>\n<p>La tradition des entreprises brassicoles \u00e0 Qu\u00e9bec remonte \u00e0 l\u2019intendant Jean Talon, ma\u00eetre d&rsquo;\u0153uvre de la premi\u00e8re brasserie en Nouvelle-France. L\u2019historien Luc Nicole-Labrie narre cette riche histoire alors que le dessinateur Richard Vallerand en propose une vision color\u00e9e.<\/p>\n<p><a href=\"https:\/\/www.galeriebecot.com\/wp-content\/uploads\/2018\/03\/Vallerand2.jpg\"><img loading=\"lazy\" decoding=\"async\" class=\"alignnone size-full wp-image-8295\" src=\"https:\/\/www.galeriebecot.com\/wp-content\/uploads\/2018\/03\/Vallerand2.jpg\" alt=\"\" width=\"848\" height=\"257\" srcset=\"https:\/\/galeriebecot.com\/wp-content\/uploads\/2018\/03\/Vallerand2.jpg 848w, https:\/\/galeriebecot.com\/wp-content\/uploads\/2018\/03\/Vallerand2-300x91.jpg 300w, https:\/\/galeriebecot.com\/wp-content\/uploads\/2018\/03\/Vallerand2-768x233.jpg 768w\" sizes=\"auto, (max-width: 848px) 100vw, 848px\" \/><\/a><\/p>","protected":false},"excerpt":{"rendered":"<p>L&rsquo;exposition rassemble des oeuvres de Christine Rousseau (Rossignol), artiste de Vincent et moi, et du Mus\u00e9e international d&rsquo;art na\u00eff de Magog. Par la suite, la galerie prend une pause pour&hellip; <\/p>\n","protected":false},"author":1,"featured_media":0,"comment_status":"open","ping_status":"open","sticky":false,"template":"","format":"standard","meta":{"_exactmetrics_skip_tracking":false,"_exactmetrics_sitenote_active":false,"_exactmetrics_sitenote_note":"","_exactmetrics_sitenote_category":0,"footnotes":""},"categories":[1],"tags":[34,1034,2050,3029,6,2047,2049,1599,1804,457,1456,2547,33,2048,2149,240,2046,37,61,40],"class_list":["post-8293","post","type-post","status-publish","format-standard","hentry","category-non-classe","tag-andre-becot","tag-anik-lachance","tag-centre-integre-universitaire-de-sante-et-de-services-sociaux-de-la-capitale-nationale","tag-christine-rousseau-rossignol","tag-club-des-collectionneurs-en-arts-visuels-de-quebec","tag-denis-belleau","tag-festival-quebec-bd","tag-francois-bertrand","tag-galerie-vincent-et-moi","tag-helene-larouche","tag-jacques-lacasse","tag-karine-labrie","tag-marc-bellemare","tag-mediation-culturelle","tag-odette-godin","tag-paul-bordeleau","tag-richard-vallerand","tag-studio-becot","tag-vincent-et-moi","tag-visuals-arts"],"_links":{"self":[{"href":"https:\/\/galeriebecot.com\/index.php?rest_route=\/wp\/v2\/posts\/8293","targetHints":{"allow":["GET"]}}],"collection":[{"href":"https:\/\/galeriebecot.com\/index.php?rest_route=\/wp\/v2\/posts"}],"about":[{"href":"https:\/\/galeriebecot.com\/index.php?rest_route=\/wp\/v2\/types\/post"}],"author":[{"embeddable":true,"href":"https:\/\/galeriebecot.com\/index.php?rest_route=\/wp\/v2\/users\/1"}],"replies":[{"embeddable":true,"href":"https:\/\/galeriebecot.com\/index.php?rest_route=%2Fwp%2Fv2%2Fcomments&post=8293"}],"version-history":[{"count":24,"href":"https:\/\/galeriebecot.com\/index.php?rest_route=\/wp\/v2\/posts\/8293\/revisions"}],"predecessor-version":[{"id":14926,"href":"https:\/\/galeriebecot.com\/index.php?rest_route=\/wp\/v2\/posts\/8293\/revisions\/14926"}],"wp:attachment":[{"href":"https:\/\/galeriebecot.com\/index.php?rest_route=%2Fwp%2Fv2%2Fmedia&parent=8293"}],"wp:term":[{"taxonomy":"category","embeddable":true,"href":"https:\/\/galeriebecot.com\/index.php?rest_route=%2Fwp%2Fv2%2Fcategories&post=8293"},{"taxonomy":"post_tag","embeddable":true,"href":"https:\/\/galeriebecot.com\/index.php?rest_route=%2Fwp%2Fv2%2Ftags&post=8293"}],"curies":[{"name":"wp","href":"https:\/\/api.w.org\/{rel}","templated":true}]}}