{"id":8283,"date":"2018-03-12T14:30:42","date_gmt":"2018-03-12T18:30:42","guid":{"rendered":"http:\/\/www.clubdescollectionneursenartsvisuelsdequebec.com\/?p=8283"},"modified":"2018-03-16T14:47:37","modified_gmt":"2018-03-16T18:47:37","slug":"hommage-a-jean-paul-lemieux-par-le-peintre-jean-gaudreau","status":"publish","type":"post","link":"https:\/\/galeriebecot.com\/?p=8283","title":{"rendered":"Hommage \u00e0 Jean-Paul Lemieux par le peintre Jean Gaudreau"},"content":{"rendered":"<p><a href=\"https:\/\/www.galeriebecot.com\/wp-content\/uploads\/2018\/03\/Gaudreau11.jpg\"><img loading=\"lazy\" decoding=\"async\" class=\"alignnone size-full wp-image-8291\" src=\"https:\/\/www.galeriebecot.com\/wp-content\/uploads\/2018\/03\/Gaudreau11.jpg\" alt=\"\" width=\"563\" height=\"993\" srcset=\"https:\/\/galeriebecot.com\/wp-content\/uploads\/2018\/03\/Gaudreau11.jpg 563w, https:\/\/galeriebecot.com\/wp-content\/uploads\/2018\/03\/Gaudreau11-170x300.jpg 170w\" sizes=\"auto, (max-width: 563px) 100vw, 563px\" \/><\/a><\/p>\n<p><a href=\"https:\/\/www.galeriebecot.com\/wp-content\/uploads\/2018\/03\/Gaudreau2.jpg\"><img loading=\"lazy\" decoding=\"async\" class=\"alignnone size-full wp-image-8285\" src=\"https:\/\/www.galeriebecot.com\/wp-content\/uploads\/2018\/03\/Gaudreau2.jpg\" alt=\"\" width=\"477\" height=\"766\" srcset=\"https:\/\/galeriebecot.com\/wp-content\/uploads\/2018\/03\/Gaudreau2.jpg 477w, https:\/\/galeriebecot.com\/wp-content\/uploads\/2018\/03\/Gaudreau2-187x300.jpg 187w\" sizes=\"auto, (max-width: 477px) 100vw, 477px\" \/><\/a><\/p>\n<p><a href=\"https:\/\/www.galeriebecot.com\/wp-content\/uploads\/2018\/03\/Gaudreau3.jpg\"><img loading=\"lazy\" decoding=\"async\" class=\"alignnone size-full wp-image-8286\" src=\"https:\/\/www.galeriebecot.com\/wp-content\/uploads\/2018\/03\/Gaudreau3.jpg\" alt=\"\" width=\"451\" height=\"434\" srcset=\"https:\/\/galeriebecot.com\/wp-content\/uploads\/2018\/03\/Gaudreau3.jpg 451w, https:\/\/galeriebecot.com\/wp-content\/uploads\/2018\/03\/Gaudreau3-300x289.jpg 300w\" sizes=\"auto, (max-width: 451px) 100vw, 451px\" \/><\/a><\/p>\n<p>&lt;&lt; Je m&rsquo;int\u00e9ressais beaucoup \u00e0 sa p\u00e9riode classique, entre les ann\u00e9es 1950 et 1970&#8230;..C&rsquo;\u00e9tait souvent des personnages , des sc\u00e8nes urbaines&#8230;..C&rsquo;est de \u00e7a que je me suis inspir\u00e9.<\/p>\n<p><em>Ref: Journal de Qu\u00e9bec par Sandra Godin Jeudi le 15 mars 2018<\/em><\/p>\n","protected":false},"excerpt":{"rendered":"<p>&lt;&lt; Je m&rsquo;int\u00e9ressais beaucoup \u00e0 sa p\u00e9riode classique, entre les ann\u00e9es 1950 et 1970&#8230;..C&rsquo;\u00e9tait souvent des personnages , des sc\u00e8nes urbaines&#8230;..C&rsquo;est de \u00e7a que je me suis inspir\u00e9. Ref: Journal&hellip; <\/p>\n","protected":false},"author":1,"featured_media":0,"comment_status":"open","ping_status":"open","sticky":false,"template":"","format":"standard","meta":{"_exactmetrics_skip_tracking":false,"_exactmetrics_sitenote_active":false,"_exactmetrics_sitenote_note":"","_exactmetrics_sitenote_category":0,"footnotes":""},"categories":[20,27,29],"tags":[34,735,43,67,2045,2044,99,689,1176,58,2043,1975,37,40],"class_list":["post-8283","post","type-post","status-publish","format-standard","hentry","category-article-descriptif","category-artistes","category-journaux","tag-andre-becot","tag-artistes","tag-arts-visuels","tag-club-des-collectionneurs-en-arts-visuels-de-quebec-marc-bellemare","tag-ecole-des-beaux-arts-de-quebec","tag-grande-allee","tag-jean-gaudreau","tag-jean-paul-lemieux","tag-journal-de-quebec","tag-marc-bellemare-collectionneur","tag-restaurant-ophelia","tag-sandra-godin","tag-studio-becot","tag-visuals-arts"],"_links":{"self":[{"href":"https:\/\/galeriebecot.com\/index.php?rest_route=\/wp\/v2\/posts\/8283","targetHints":{"allow":["GET"]}}],"collection":[{"href":"https:\/\/galeriebecot.com\/index.php?rest_route=\/wp\/v2\/posts"}],"about":[{"href":"https:\/\/galeriebecot.com\/index.php?rest_route=\/wp\/v2\/types\/post"}],"author":[{"embeddable":true,"href":"https:\/\/galeriebecot.com\/index.php?rest_route=\/wp\/v2\/users\/1"}],"replies":[{"embeddable":true,"href":"https:\/\/galeriebecot.com\/index.php?rest_route=%2Fwp%2Fv2%2Fcomments&post=8283"}],"version-history":[{"count":5,"href":"https:\/\/galeriebecot.com\/index.php?rest_route=\/wp\/v2\/posts\/8283\/revisions"}],"predecessor-version":[{"id":8292,"href":"https:\/\/galeriebecot.com\/index.php?rest_route=\/wp\/v2\/posts\/8283\/revisions\/8292"}],"wp:attachment":[{"href":"https:\/\/galeriebecot.com\/index.php?rest_route=%2Fwp%2Fv2%2Fmedia&parent=8283"}],"wp:term":[{"taxonomy":"category","embeddable":true,"href":"https:\/\/galeriebecot.com\/index.php?rest_route=%2Fwp%2Fv2%2Fcategories&post=8283"},{"taxonomy":"post_tag","embeddable":true,"href":"https:\/\/galeriebecot.com\/index.php?rest_route=%2Fwp%2Fv2%2Ftags&post=8283"}],"curies":[{"name":"wp","href":"https:\/\/api.w.org\/{rel}","templated":true}]}}