{"id":8265,"date":"2018-03-13T10:47:46","date_gmt":"2018-03-13T14:47:46","guid":{"rendered":"http:\/\/www.clubdescollectionneursenartsvisuelsdequebec.com\/?p=8265"},"modified":"2018-03-16T11:19:34","modified_gmt":"2018-03-16T15:19:34","slug":"8265","status":"publish","type":"post","link":"https:\/\/galeriebecot.com\/?p=8265","title":{"rendered":"Les lettres de ma m\u00e8re&#8230;film magnifique par Serge Gigu\u00e8re"},"content":{"rendered":"<p><a href=\"https:\/\/www.galeriebecot.com\/wp-content\/uploads\/2018\/03\/Giguere-1.jpg\"><img loading=\"lazy\" decoding=\"async\" class=\"alignnone size-large wp-image-8267\" src=\"https:\/\/www.galeriebecot.com\/wp-content\/uploads\/2018\/03\/Giguere-1-714x1024.jpg\" alt=\"\" width=\"700\" height=\"1004\" srcset=\"https:\/\/galeriebecot.com\/wp-content\/uploads\/2018\/03\/Giguere-1-714x1024.jpg 714w, https:\/\/galeriebecot.com\/wp-content\/uploads\/2018\/03\/Giguere-1-209x300.jpg 209w, https:\/\/galeriebecot.com\/wp-content\/uploads\/2018\/03\/Giguere-1.jpg 761w\" sizes=\"auto, (max-width: 700px) 100vw, 700px\" \/><\/a><\/p>\n<p><a href=\"https:\/\/www.galeriebecot.com\/wp-content\/uploads\/2018\/03\/Giguere22.jpg\"><img loading=\"lazy\" decoding=\"async\" class=\"alignnone size-full wp-image-8277\" src=\"https:\/\/www.galeriebecot.com\/wp-content\/uploads\/2018\/03\/Giguere22.jpg\" alt=\"\" width=\"556\" height=\"354\" srcset=\"https:\/\/galeriebecot.com\/wp-content\/uploads\/2018\/03\/Giguere22.jpg 556w, https:\/\/galeriebecot.com\/wp-content\/uploads\/2018\/03\/Giguere22-300x191.jpg 300w\" sizes=\"auto, (max-width: 556px) 100vw, 556px\" \/><\/a><\/p>\n<p><a href=\"http:\/\/ici.radio-canada.ca\/premiere\/emissions\/medium-large\/segments\/entrevue\/63466\/lettres-ma-mere-quebec-travers-mot-femme-giguere-van-brabant\"><img loading=\"lazy\" decoding=\"async\" class=\"alignnone size-full wp-image-8281\" src=\"https:\/\/www.galeriebecot.com\/wp-content\/uploads\/2018\/03\/Interview.jpg\" alt=\"\" width=\"672\" height=\"634\" srcset=\"https:\/\/galeriebecot.com\/wp-content\/uploads\/2018\/03\/Interview.jpg 672w, https:\/\/galeriebecot.com\/wp-content\/uploads\/2018\/03\/Interview-300x283.jpg 300w\" sizes=\"auto, (max-width: 672px) 100vw, 672px\" \/><\/a><\/p>\n<p><iframe loading=\"lazy\" src=\"https:\/\/player.vimeo.com\/video\/241209322\" width=\"700\" height=\"394\" frameborder=\"0\" title=\"Les lettres de ma m&egrave;re - bande-annonce\" webkitallowfullscreen mozallowfullscreen allowfullscreen><\/iframe><\/p>\n<p><a href=\"https:\/\/www.galeriebecot.com\/wp-content\/uploads\/2018\/03\/Giguere33.jpg\"><img loading=\"lazy\" decoding=\"async\" class=\"alignnone size-full wp-image-8278\" src=\"https:\/\/www.galeriebecot.com\/wp-content\/uploads\/2018\/03\/Giguere33.jpg\" alt=\"\" width=\"605\" height=\"683\" srcset=\"https:\/\/galeriebecot.com\/wp-content\/uploads\/2018\/03\/Giguere33.jpg 605w, https:\/\/galeriebecot.com\/wp-content\/uploads\/2018\/03\/Giguere33-266x300.jpg 266w\" sizes=\"auto, (max-width: 605px) 100vw, 605px\" \/><\/a><\/p>\n<p>Hommage \u00e0 &lt;&lt; la petite histoire dans l&rsquo;ombre &gt;&gt; Les lettres de ma m\u00e8re s&rsquo;av\u00e8re un formidable voyage au coeur d&rsquo;un Qu\u00e9bec \u00e0 la fois si loin et si proche.Un film qui ram\u00e8ne surtout \u00e0 nos propres racines, pour nous faire demander &#8230;&#8230;&#8230;<\/p>\n<p><a href=\"https:\/\/www.galeriebecot.com\/wp-content\/uploads\/2018\/03\/Giguere-lettre.jpg\"><img loading=\"lazy\" decoding=\"async\" class=\"alignnone size-full wp-image-8272\" src=\"https:\/\/www.galeriebecot.com\/wp-content\/uploads\/2018\/03\/Giguere-lettre.jpg\" alt=\"\" width=\"933\" height=\"750\" srcset=\"https:\/\/galeriebecot.com\/wp-content\/uploads\/2018\/03\/Giguere-lettre.jpg 933w, https:\/\/galeriebecot.com\/wp-content\/uploads\/2018\/03\/Giguere-lettre-300x241.jpg 300w, https:\/\/galeriebecot.com\/wp-content\/uploads\/2018\/03\/Giguere-lettre-768x617.jpg 768w\" sizes=\"auto, (max-width: 933px) 100vw, 933px\" \/><\/a><\/p>\n","protected":false},"excerpt":{"rendered":"<p>Hommage \u00e0 &lt;&lt; la petite histoire dans l&rsquo;ombre &gt;&gt; Les lettres de ma m\u00e8re s&rsquo;av\u00e8re un formidable voyage au coeur d&rsquo;un Qu\u00e9bec \u00e0 la fois si loin et si proche.Un&hellip; <\/p>\n","protected":false},"author":1,"featured_media":0,"comment_status":"open","ping_status":"open","sticky":false,"template":"","format":"standard","meta":{"_exactmetrics_skip_tracking":false,"_exactmetrics_sitenote_active":false,"_exactmetrics_sitenote_note":"","_exactmetrics_sitenote_category":0,"footnotes":""},"categories":[18,30],"tags":[34,735,43,6,245,58,1320,2042,37,40],"class_list":["post-8265","post","type-post","status-publish","format-standard","hentry","category-evenement","category-le-soleil","tag-andre-becot","tag-artistes","tag-arts-visuels","tag-club-des-collectionneurs-en-arts-visuels-de-quebec","tag-lesoleil","tag-marc-bellemare-collectionneur","tag-normand-provencher","tag-serge-giguere","tag-studio-becot","tag-visuals-arts"],"_links":{"self":[{"href":"https:\/\/galeriebecot.com\/index.php?rest_route=\/wp\/v2\/posts\/8265","targetHints":{"allow":["GET"]}}],"collection":[{"href":"https:\/\/galeriebecot.com\/index.php?rest_route=\/wp\/v2\/posts"}],"about":[{"href":"https:\/\/galeriebecot.com\/index.php?rest_route=\/wp\/v2\/types\/post"}],"author":[{"embeddable":true,"href":"https:\/\/galeriebecot.com\/index.php?rest_route=\/wp\/v2\/users\/1"}],"replies":[{"embeddable":true,"href":"https:\/\/galeriebecot.com\/index.php?rest_route=%2Fwp%2Fv2%2Fcomments&post=8265"}],"version-history":[{"count":5,"href":"https:\/\/galeriebecot.com\/index.php?rest_route=\/wp\/v2\/posts\/8265\/revisions"}],"predecessor-version":[{"id":8282,"href":"https:\/\/galeriebecot.com\/index.php?rest_route=\/wp\/v2\/posts\/8265\/revisions\/8282"}],"wp:attachment":[{"href":"https:\/\/galeriebecot.com\/index.php?rest_route=%2Fwp%2Fv2%2Fmedia&parent=8265"}],"wp:term":[{"taxonomy":"category","embeddable":true,"href":"https:\/\/galeriebecot.com\/index.php?rest_route=%2Fwp%2Fv2%2Fcategories&post=8265"},{"taxonomy":"post_tag","embeddable":true,"href":"https:\/\/galeriebecot.com\/index.php?rest_route=%2Fwp%2Fv2%2Ftags&post=8265"}],"curies":[{"name":"wp","href":"https:\/\/api.w.org\/{rel}","templated":true}]}}