{"id":8238,"date":"2020-11-14T14:11:00","date_gmt":"2020-11-14T19:11:00","guid":{"rendered":"http:\/\/www.clubdescollectionneursenartsvisuelsdequebec.com\/?p=8238"},"modified":"2020-11-18T18:03:23","modified_gmt":"2020-11-18T23:03:23","slug":"francois-bertrand-au-ywca-et-martin-bureau-a-la-galerie-3","status":"publish","type":"post","link":"https:\/\/galeriebecot.com\/?p=8238","title":{"rendered":"Am\u00e9lie Proulx et BGL jusqu&rsquo;au 20 d\u00e9cembre 2020"},"content":{"rendered":"\n<figure class=\"wp-block-image size-large\"><img loading=\"lazy\" decoding=\"async\" width=\"905\" height=\"1024\" src=\"https:\/\/www.galeriebecot.com\/wp-content\/uploads\/2020\/11\/3_1-905x1024.jpg\" alt=\"\" class=\"wp-image-13687\" srcset=\"https:\/\/galeriebecot.com\/wp-content\/uploads\/2020\/11\/3_1-905x1024.jpg 905w, https:\/\/galeriebecot.com\/wp-content\/uploads\/2020\/11\/3_1-265x300.jpg 265w, https:\/\/galeriebecot.com\/wp-content\/uploads\/2020\/11\/3_1-768x869.jpg 768w, https:\/\/galeriebecot.com\/wp-content\/uploads\/2020\/11\/3_1.jpg 1152w\" sizes=\"auto, (max-width: 905px) 100vw, 905px\" \/><\/figure>\n\n\n\n<figure class=\"wp-block-image size-large\"><img loading=\"lazy\" decoding=\"async\" width=\"1024\" height=\"980\" src=\"https:\/\/www.galeriebecot.com\/wp-content\/uploads\/2020\/11\/3_2-1024x980.jpg\" alt=\"\" class=\"wp-image-13688\" srcset=\"https:\/\/galeriebecot.com\/wp-content\/uploads\/2020\/11\/3_2-1024x980.jpg 1024w, https:\/\/galeriebecot.com\/wp-content\/uploads\/2020\/11\/3_2-300x287.jpg 300w, https:\/\/galeriebecot.com\/wp-content\/uploads\/2020\/11\/3_2-768x735.jpg 768w, https:\/\/galeriebecot.com\/wp-content\/uploads\/2020\/11\/3_2.jpg 1224w\" sizes=\"auto, (max-width: 1024px) 100vw, 1024px\" \/><\/figure>\n\n\n\n<figure class=\"wp-block-image size-large\"><img loading=\"lazy\" decoding=\"async\" width=\"1024\" height=\"852\" src=\"https:\/\/www.galeriebecot.com\/wp-content\/uploads\/2020\/11\/3_3-1024x852.jpg\" alt=\"\" class=\"wp-image-13689\" srcset=\"https:\/\/galeriebecot.com\/wp-content\/uploads\/2020\/11\/3_3-1024x852.jpg 1024w, https:\/\/galeriebecot.com\/wp-content\/uploads\/2020\/11\/3_3-300x250.jpg 300w, https:\/\/galeriebecot.com\/wp-content\/uploads\/2020\/11\/3_3-768x639.jpg 768w, https:\/\/galeriebecot.com\/wp-content\/uploads\/2020\/11\/3_3.jpg 1224w\" sizes=\"auto, (max-width: 1024px) 100vw, 1024px\" \/><\/figure>\n\n\n\n<p class=\"wp-block-paragraph\"><\/p>\n\n\n\n<figure class=\"wp-block-image size-large\"><img loading=\"lazy\" decoding=\"async\" width=\"1024\" height=\"274\" src=\"https:\/\/www.galeriebecot.com\/wp-content\/uploads\/2020\/11\/3_4-1024x274.jpg\" alt=\"\" class=\"wp-image-13690\" srcset=\"https:\/\/galeriebecot.com\/wp-content\/uploads\/2020\/11\/3_4-1024x274.jpg 1024w, https:\/\/galeriebecot.com\/wp-content\/uploads\/2020\/11\/3_4-300x80.jpg 300w, https:\/\/galeriebecot.com\/wp-content\/uploads\/2020\/11\/3_4-768x206.jpg 768w, https:\/\/galeriebecot.com\/wp-content\/uploads\/2020\/11\/3_4.jpg 1224w\" sizes=\"auto, (max-width: 1024px) 100vw, 1024px\" \/><\/figure>\n\n\n\n<figure class=\"wp-block-image size-large\"><img loading=\"lazy\" decoding=\"async\" width=\"1008\" height=\"1024\" src=\"https:\/\/www.galeriebecot.com\/wp-content\/uploads\/2020\/11\/3_5-1008x1024.jpg\" alt=\"\" class=\"wp-image-13691\" srcset=\"https:\/\/galeriebecot.com\/wp-content\/uploads\/2020\/11\/3_5-1008x1024.jpg 1008w, https:\/\/galeriebecot.com\/wp-content\/uploads\/2020\/11\/3_5-295x300.jpg 295w, https:\/\/galeriebecot.com\/wp-content\/uploads\/2020\/11\/3_5-768x780.jpg 768w, https:\/\/galeriebecot.com\/wp-content\/uploads\/2020\/11\/3_5.jpg 1224w\" sizes=\"auto, (max-width: 1008px) 100vw, 1008px\" \/><\/figure>\n\n\n\n<p class=\"wp-block-paragraph\">Am\u00e9lie Proulx s&rsquo;int\u00e9resse dans son travail, \u00e0 traduire les manifestations invisibles&#8230;et BGL revisite les symboles de notre culture populaire&#8230;<\/p>\n\n\n\n<figure class=\"wp-block-image size-large\"><img loading=\"lazy\" decoding=\"async\" width=\"1013\" height=\"1024\" src=\"https:\/\/www.galeriebecot.com\/wp-content\/uploads\/2020\/11\/Valade1-1013x1024.jpg\" alt=\"\" class=\"wp-image-13610\" srcset=\"https:\/\/galeriebecot.com\/wp-content\/uploads\/2020\/11\/Valade1-1013x1024.jpg 1013w, https:\/\/galeriebecot.com\/wp-content\/uploads\/2020\/11\/Valade1-297x300.jpg 297w, https:\/\/galeriebecot.com\/wp-content\/uploads\/2020\/11\/Valade1-768x776.jpg 768w, https:\/\/galeriebecot.com\/wp-content\/uploads\/2020\/11\/Valade1.jpg 1152w\" sizes=\"auto, (max-width: 1013px) 100vw, 1013px\" \/><\/figure>\n\n\n\n<p class=\"wp-block-paragraph\">Pour cette nouvelle pr\u00e9sentation Mathieu Valide vous invite \u00e0 une exp\u00e9rience contemplative. Technologies, esth\u00e9tique et tradition picturale&#8230;.<\/p>\n\n\n\n<figure class=\"wp-block-image size-large\"><img loading=\"lazy\" decoding=\"async\" width=\"1024\" height=\"931\" src=\"https:\/\/www.galeriebecot.com\/wp-content\/uploads\/2020\/11\/Valade22-1024x931.jpg\" alt=\"\" class=\"wp-image-13617\" srcset=\"https:\/\/galeriebecot.com\/wp-content\/uploads\/2020\/11\/Valade22-1024x931.jpg 1024w, https:\/\/galeriebecot.com\/wp-content\/uploads\/2020\/11\/Valade22-300x273.jpg 300w, https:\/\/galeriebecot.com\/wp-content\/uploads\/2020\/11\/Valade22-768x698.jpg 768w, https:\/\/galeriebecot.com\/wp-content\/uploads\/2020\/11\/Valade22.jpg 1437w\" sizes=\"auto, (max-width: 1024px) 100vw, 1024px\" \/><\/figure>\n\n\n\n<figure class=\"wp-block-image size-large\"><a href=\"https:\/\/www.artsy.net\/fair\/art-toronto-2020\"><img loading=\"lazy\" decoding=\"async\" width=\"701\" height=\"1024\" src=\"https:\/\/www.galeriebecot.com\/wp-content\/uploads\/2020\/11\/Valade3-701x1024.jpg\" alt=\"\" class=\"wp-image-13612\" srcset=\"https:\/\/galeriebecot.com\/wp-content\/uploads\/2020\/11\/Valade3-701x1024.jpg 701w, https:\/\/galeriebecot.com\/wp-content\/uploads\/2020\/11\/Valade3-205x300.jpg 205w, https:\/\/galeriebecot.com\/wp-content\/uploads\/2020\/11\/Valade3-768x1122.jpg 768w, https:\/\/galeriebecot.com\/wp-content\/uploads\/2020\/11\/Valade3-1051x1536.jpg 1051w, https:\/\/galeriebecot.com\/wp-content\/uploads\/2020\/11\/Valade3.jpg 1152w\" sizes=\"auto, (max-width: 701px) 100vw, 701px\" \/><\/a><\/figure>\n\n\n<p><a href=\"https:\/\/www.galeriebecot.com\/wp-content\/uploads\/2018\/02\/Bureau-1.jpg\"><img loading=\"lazy\" decoding=\"async\" class=\"alignnone size-large wp-image-12663\" src=\"https:\/\/www.galeriebecot.com\/wp-content\/uploads\/2018\/02\/Bureau-1-683x1024.jpg\" alt=\"\" width=\"683\" height=\"1024\" srcset=\"https:\/\/galeriebecot.com\/wp-content\/uploads\/2018\/02\/Bureau-1-683x1024.jpg 683w, https:\/\/galeriebecot.com\/wp-content\/uploads\/2018\/02\/Bureau-1-200x300.jpg 200w, https:\/\/galeriebecot.com\/wp-content\/uploads\/2018\/02\/Bureau-1.jpg 720w\" sizes=\"auto, (max-width: 683px) 100vw, 683px\" \/><\/a><\/p>\n<p><em>&nbsp;&lt;&lt; Habitu\u00e9 de diluer l&rsquo;acrylique pour obtenir des jus color\u00e9s qu&rsquo;il laisse couler, qu&rsquo;il accumule et qu&rsquo;il gratte, Martin Bureau est pass\u00e9 tout naturellement \u00e0 l&rsquo;aquarelle.&gt;&gt;<\/em><\/p>\n<p><a href=\"https:\/\/www.galeriebecot.com\/wp-content\/uploads\/2018\/02\/Bureau2.jpg\"><img loading=\"lazy\" decoding=\"async\" class=\"alignnone size-large wp-image-12664\" src=\"https:\/\/www.galeriebecot.com\/wp-content\/uploads\/2018\/02\/Bureau2-710x1024.jpg\" alt=\"\" width=\"700\" height=\"1010\" srcset=\"https:\/\/galeriebecot.com\/wp-content\/uploads\/2018\/02\/Bureau2-710x1024.jpg 710w, https:\/\/galeriebecot.com\/wp-content\/uploads\/2018\/02\/Bureau2-208x300.jpg 208w, https:\/\/galeriebecot.com\/wp-content\/uploads\/2018\/02\/Bureau2.jpg 720w\" sizes=\"auto, (max-width: 700px) 100vw, 700px\" \/><\/a><\/p>\n<p><a href=\"https:\/\/www.galeriebecot.com\/wp-content\/uploads\/2018\/02\/Bureau3.jpg\"><img loading=\"lazy\" decoding=\"async\" class=\"alignnone size-large wp-image-12665\" src=\"https:\/\/www.galeriebecot.com\/wp-content\/uploads\/2018\/02\/Bureau3-683x1024.jpg\" alt=\"\" width=\"683\" height=\"1024\" srcset=\"https:\/\/galeriebecot.com\/wp-content\/uploads\/2018\/02\/Bureau3-683x1024.jpg 683w, https:\/\/galeriebecot.com\/wp-content\/uploads\/2018\/02\/Bureau3-200x300.jpg 200w, https:\/\/galeriebecot.com\/wp-content\/uploads\/2018\/02\/Bureau3.jpg 720w\" sizes=\"auto, (max-width: 683px) 100vw, 683px\" \/><\/a><\/p>\n<p><a href=\"https:\/\/www.galeriebecot.com\/wp-content\/uploads\/2018\/02\/Bureau4.jpg\"><img loading=\"lazy\" decoding=\"async\" class=\"alignnone size-large wp-image-12666\" src=\"https:\/\/www.galeriebecot.com\/wp-content\/uploads\/2018\/02\/Bureau4-683x1024.jpg\" alt=\"\" width=\"683\" height=\"1024\" srcset=\"https:\/\/galeriebecot.com\/wp-content\/uploads\/2018\/02\/Bureau4-683x1024.jpg 683w, https:\/\/galeriebecot.com\/wp-content\/uploads\/2018\/02\/Bureau4-200x300.jpg 200w, https:\/\/galeriebecot.com\/wp-content\/uploads\/2018\/02\/Bureau4.jpg 720w\" sizes=\"auto, (max-width: 683px) 100vw, 683px\" \/><\/a><\/p>\n<p><a href=\"https:\/\/www.galeriebecot.com\/wp-content\/uploads\/2018\/02\/Bureau5.jpg\"><img loading=\"lazy\" decoding=\"async\" class=\"alignnone size-large wp-image-12667\" src=\"https:\/\/www.galeriebecot.com\/wp-content\/uploads\/2018\/02\/Bureau5-683x1024.jpg\" alt=\"\" width=\"683\" height=\"1024\" srcset=\"https:\/\/galeriebecot.com\/wp-content\/uploads\/2018\/02\/Bureau5-683x1024.jpg 683w, https:\/\/galeriebecot.com\/wp-content\/uploads\/2018\/02\/Bureau5-200x300.jpg 200w, https:\/\/galeriebecot.com\/wp-content\/uploads\/2018\/02\/Bureau5.jpg 720w\" sizes=\"auto, (max-width: 683px) 100vw, 683px\" \/><\/a><\/p>\n<p><a href=\"https:\/\/www.galeriebecot.com\/wp-content\/uploads\/2018\/03\/Bertrand-Fran\u00e7ois1-1.jpg\"><img loading=\"lazy\" decoding=\"async\" class=\"alignnone size-full wp-image-8245\" src=\"https:\/\/www.galeriebecot.com\/wp-content\/uploads\/2018\/03\/Bertrand-Fran\u00e7ois1-1.jpg\" alt=\"\" width=\"684\" height=\"219\"><\/a><\/p>\n<p><a href=\"https:\/\/www.galeriebecot.com\/wp-content\/uploads\/2018\/03\/Fran\u00e7ois-Bertrand.jpg\"><img loading=\"lazy\" decoding=\"async\" class=\"alignnone size-full wp-image-8246\" src=\"https:\/\/www.galeriebecot.com\/wp-content\/uploads\/2018\/03\/Fran\u00e7ois-Bertrand.jpg\" alt=\"\" width=\"276\" height=\"302\"><\/a><\/p>\n<p><a href=\"https:\/\/www.galeriebecot.com\/wp-content\/uploads\/2018\/03\/Francois-Bertrand-2.jpg\"><img loading=\"lazy\" decoding=\"async\" class=\"alignnone size-full wp-image-8240\" src=\"https:\/\/www.galeriebecot.com\/wp-content\/uploads\/2018\/03\/Francois-Bertrand-2.jpg\" alt=\"\" width=\"728\" height=\"756\" srcset=\"https:\/\/galeriebecot.com\/wp-content\/uploads\/2018\/03\/Francois-Bertrand-2.jpg 728w, https:\/\/galeriebecot.com\/wp-content\/uploads\/2018\/03\/Francois-Bertrand-2-289x300.jpg 289w\" sizes=\"auto, (max-width: 728px) 100vw, 728px\" \/><\/a><\/p>\n<p><a href=\"https:\/\/www.galeriebecot.com\/wp-content\/uploads\/2018\/03\/Bureau-1.jpg\"><img loading=\"lazy\" decoding=\"async\" class=\"alignnone size-full wp-image-8241\" src=\"https:\/\/www.galeriebecot.com\/wp-content\/uploads\/2018\/03\/Bureau-1.jpg\" alt=\"\" width=\"520\" height=\"990\" srcset=\"https:\/\/galeriebecot.com\/wp-content\/uploads\/2018\/03\/Bureau-1.jpg 520w, https:\/\/galeriebecot.com\/wp-content\/uploads\/2018\/03\/Bureau-1-158x300.jpg 158w\" sizes=\"auto, (max-width: 520px) 100vw, 520px\" \/><\/a><\/p>\n<p><a href=\"https:\/\/www.galeriebecot.com\/wp-content\/uploads\/2018\/03\/Bureau2.jpg\"><img loading=\"lazy\" decoding=\"async\" class=\"alignnone size-full wp-image-8242\" src=\"https:\/\/www.galeriebecot.com\/wp-content\/uploads\/2018\/03\/Bureau2.jpg\" alt=\"\" width=\"408\" height=\"877\" srcset=\"https:\/\/galeriebecot.com\/wp-content\/uploads\/2018\/03\/Bureau2.jpg 408w, https:\/\/galeriebecot.com\/wp-content\/uploads\/2018\/03\/Bureau2-140x300.jpg 140w\" sizes=\"auto, (max-width: 408px) 100vw, 408px\" \/><\/a><\/p>\n<p><a href=\"https:\/\/www.galeriebecot.com\/wp-content\/uploads\/2018\/03\/Bureau3.jpg\"><img loading=\"lazy\" decoding=\"async\" class=\"alignnone size-full wp-image-8243\" src=\"https:\/\/www.galeriebecot.com\/wp-content\/uploads\/2018\/03\/Bureau3.jpg\" alt=\"\" width=\"383\" height=\"297\" srcset=\"https:\/\/galeriebecot.com\/wp-content\/uploads\/2018\/03\/Bureau3.jpg 383w, https:\/\/galeriebecot.com\/wp-content\/uploads\/2018\/03\/Bureau3-300x233.jpg 300w\" sizes=\"auto, (max-width: 383px) 100vw, 383px\" \/><\/a><\/p>","protected":false},"excerpt":{"rendered":"<p>Am\u00e9lie Proulx s&rsquo;int\u00e9resse dans son travail, \u00e0 traduire les manifestations invisibles&#8230;et BGL revisite les symboles de notre culture populaire&#8230; Pour cette nouvelle pr\u00e9sentation Mathieu Valide vous invite \u00e0 une exp\u00e9rience&hellip; <\/p>\n","protected":false},"author":1,"featured_media":0,"comment_status":"open","ping_status":"open","sticky":false,"template":"","format":"standard","meta":{"_exactmetrics_skip_tracking":false,"_exactmetrics_sitenote_active":false,"_exactmetrics_sitenote_note":"","_exactmetrics_sitenote_category":0,"footnotes":""},"categories":[27,19],"tags":[955,34,3621,44,3461,3587,109,588,2027,6,368,35,1599,1207,244,3262,3585,2030,2032,3263,3586,58,211,2031,2029,3261,360,1975,37,3264,40,2028],"class_list":["post-8238","post","type-post","status-publish","format-standard","hentry","category-artistes","category-vernissage","tag-amelie-proulx","tag-andre-becot","tag-art-gallery-burlington","tag-artiste","tag-atelier-galerie-becot-2","tag-becot-2","tag-bgl","tag-biennale-de-venise","tag-celine-fabries","tag-club-des-collectionneurs-en-arts-visuels-de-quebec","tag-dan-brault","tag-foire-en-arts-actuel","tag-francois-bertrand","tag-galerie3","tag-josianne-desloges","tag-kanta-harusaki","tag-laurent-crasre","tag-le-diamant","tag-le-journal-de-quebec","tag-lena-gemzee","tag-lindsay-montgomery","tag-marc-bellemare-collectionneur","tag-martin-bureau","tag-monmoncalm","tag-odette-dufour","tag-quartier-saint-sauveur","tag-robert-lepage","tag-sandra-godin","tag-studio-becot","tag-tire-le-coyote","tag-visuals-arts","tag-ywca"],"_links":{"self":[{"href":"https:\/\/galeriebecot.com\/index.php?rest_route=\/wp\/v2\/posts\/8238","targetHints":{"allow":["GET"]}}],"collection":[{"href":"https:\/\/galeriebecot.com\/index.php?rest_route=\/wp\/v2\/posts"}],"about":[{"href":"https:\/\/galeriebecot.com\/index.php?rest_route=\/wp\/v2\/types\/post"}],"author":[{"embeddable":true,"href":"https:\/\/galeriebecot.com\/index.php?rest_route=\/wp\/v2\/users\/1"}],"replies":[{"embeddable":true,"href":"https:\/\/galeriebecot.com\/index.php?rest_route=%2Fwp%2Fv2%2Fcomments&post=8238"}],"version-history":[{"count":14,"href":"https:\/\/galeriebecot.com\/index.php?rest_route=\/wp\/v2\/posts\/8238\/revisions"}],"predecessor-version":[{"id":13694,"href":"https:\/\/galeriebecot.com\/index.php?rest_route=\/wp\/v2\/posts\/8238\/revisions\/13694"}],"wp:attachment":[{"href":"https:\/\/galeriebecot.com\/index.php?rest_route=%2Fwp%2Fv2%2Fmedia&parent=8238"}],"wp:term":[{"taxonomy":"category","embeddable":true,"href":"https:\/\/galeriebecot.com\/index.php?rest_route=%2Fwp%2Fv2%2Fcategories&post=8238"},{"taxonomy":"post_tag","embeddable":true,"href":"https:\/\/galeriebecot.com\/index.php?rest_route=%2Fwp%2Fv2%2Ftags&post=8238"}],"curies":[{"name":"wp","href":"https:\/\/api.w.org\/{rel}","templated":true}]}}