{"id":8222,"date":"2019-10-26T11:31:12","date_gmt":"2019-10-26T15:31:12","guid":{"rendered":"http:\/\/www.clubdescollectionneursenartsvisuelsdequebec.com\/?p=8222"},"modified":"2019-10-30T16:11:04","modified_gmt":"2019-10-30T20:11:04","slug":"vernissage-de-alain-leblond-le-mercredi-21-mars-2018","status":"publish","type":"post","link":"https:\/\/galeriebecot.com\/?p=8222","title":{"rendered":"Vernissage , vendredi le 1er novembre, chez Alain LeBlond."},"content":{"rendered":"<p><a href=\"https:\/\/www.galeriebecot.com\/wp-content\/uploads\/2019\/06\/LeBlond.jpg\"><img loading=\"lazy\" decoding=\"async\" class=\"alignnone  wp-image-11734\" src=\"https:\/\/www.galeriebecot.com\/wp-content\/uploads\/2019\/06\/LeBlond.jpg\" alt=\"\" width=\"520\" height=\"513\" \/><\/a><\/p>\n<p>Vendredi le 1er Novembre<\/p>\n<p>Formule 5@7<\/p>\n<p>Bienvenue \u00e0 tous !<\/p>\n<p><a href=\"https:\/\/www.facebook.com\/events\/2287944088200779\/\"><img loading=\"lazy\" decoding=\"async\" class=\"alignnone size-full wp-image-11526\" src=\"https:\/\/www.galeriebecot.com\/wp-content\/uploads\/2019\/02\/LeBlond-invitationOK.jpg\" alt=\"\" width=\"512\" height=\"576\" srcset=\"https:\/\/galeriebecot.com\/wp-content\/uploads\/2019\/02\/LeBlond-invitationOK.jpg 512w, https:\/\/galeriebecot.com\/wp-content\/uploads\/2019\/02\/LeBlond-invitationOK-267x300.jpg 267w\" sizes=\"auto, (max-width: 512px) 100vw, 512px\" \/><\/a><\/p>\n<p>Vendredi le 21 juin, 17h \u00e0 19h.<\/p>\n<p><a href=\"https:\/\/www.facebook.com\/events\/2287944088200779\/\">Solstice d&rsquo;\u00e9t\u00e9 chez LeBlond<\/a><\/p>\n<p>112 P\u00e8re-Arnaud Qu\u00e9bec, G1N3T6<\/p>\n<p>Bienvenue \u00e0 tous !<\/p>\n<p>Vendredi le 5 avril dans une formule 5@7. Bienvenue \u00e0 tous !<\/p>\n<p><a href=\"https:\/\/www.galeriebecot.com\/wp-content\/uploads\/2019\/02\/Vernissage-du-8-mars.jpg\"><img loading=\"lazy\" decoding=\"async\" class=\"alignnone size-full wp-image-10718\" src=\"https:\/\/www.galeriebecot.com\/wp-content\/uploads\/2019\/02\/Vernissage-du-8-mars.jpg\" alt=\"\" width=\"576\" height=\"483\" srcset=\"https:\/\/galeriebecot.com\/wp-content\/uploads\/2019\/02\/Vernissage-du-8-mars.jpg 576w, https:\/\/galeriebecot.com\/wp-content\/uploads\/2019\/02\/Vernissage-du-8-mars-300x252.jpg 300w\" sizes=\"auto, (max-width: 576px) 100vw, 576px\" \/><\/a><\/p>\n<p>Vernissage du 8 mars 2019 chez Alain LeBlond, artiste invit\u00e9 PIBO.<\/p>\n<p><a href=\"https:\/\/www.galeriebecot.com\/wp-content\/uploads\/2018\/04\/LeBlond-Montage.jpg\"><img loading=\"lazy\" decoding=\"async\" class=\"alignnone size-full wp-image-10648\" src=\"https:\/\/www.galeriebecot.com\/wp-content\/uploads\/2018\/04\/LeBlond-Montage.jpg\" alt=\"\" width=\"576\" height=\"614\" srcset=\"https:\/\/galeriebecot.com\/wp-content\/uploads\/2018\/04\/LeBlond-Montage.jpg 576w, https:\/\/galeriebecot.com\/wp-content\/uploads\/2018\/04\/LeBlond-Montage-281x300.jpg 281w\" sizes=\"auto, (max-width: 576px) 100vw, 576px\" \/><\/a><\/p>\n<p>Vernissage le vendredi 8 mars 2019<\/p>\n<p>Formule 5@7<\/p>\n<p>Les deux artistes seront sur place pour pr\u00e9senter une vingtaine d&rsquo;oeuvres.<\/p>\n<p>Aussi les samedi 9 et dimanche \u00a010 \u00a0de 13h \u00e0 17h.<\/p>\n<p>Cr\u00e9dits photos:<em> Serge Philippe Tremblay<\/em><\/p>\n<p><a href=\"http:\/\/www.pibocreations.com\/?fbclid=IwAR2M1fXvmgR3_9O-5lrRCSwnL-N1xhvkVbSz0pmRp42g3TP-LWid9u8q71U\"><img loading=\"lazy\" decoding=\"async\" class=\"alignnone wp-image-10665\" src=\"https:\/\/www.galeriebecot.com\/wp-content\/uploads\/2019\/02\/PIBO.jpg\" alt=\"\" width=\"303\" height=\"57\" srcset=\"https:\/\/galeriebecot.com\/wp-content\/uploads\/2019\/02\/PIBO.jpg 452w, https:\/\/galeriebecot.com\/wp-content\/uploads\/2019\/02\/PIBO-300x57.jpg 300w\" sizes=\"auto, (max-width: 303px) 100vw, 303px\" \/><\/a><\/p>\n<p><a href=\"http:\/\/alainleblond.wixsite.com\/leblonddd?fbclid=IwAR2zw-x3vIzFolya1JYI6gZPnJa45zAwmtqqixZcjU5_qCznDbx35pdMKxY\"><img loading=\"lazy\" decoding=\"async\" class=\"alignnone wp-image-10671\" src=\"https:\/\/www.galeriebecot.com\/wp-content\/uploads\/2019\/02\/Art-Numerique.jpg\" alt=\"\" width=\"200\" height=\"79\" \/><\/a><\/p>\n<p><a href=\"http:\/\/alainleblond.wixsite.com\/leblonddd\/demarche-artistique?fbclid=IwAR2zw-x3vIzFolya1JYI6gZPnJa45zAwmtqqixZcjU5_qCznDbx35pdMKxY\"><img loading=\"lazy\" decoding=\"async\" class=\"alignnone size-full wp-image-10668\" src=\"https:\/\/www.galeriebecot.com\/wp-content\/uploads\/2019\/02\/demarche.jpg\" alt=\"\" width=\"205\" height=\"50\" \/><\/a><\/p>\n<p><a href=\"https:\/\/drive.google.com\/file\/d\/189tP0t-Zi_tPFxbxJpZbtOm4pEZC4Dr7\/view\"><img loading=\"lazy\" decoding=\"async\" class=\"alignnone size-full wp-image-10659\" src=\"https:\/\/www.galeriebecot.com\/wp-content\/uploads\/2018\/04\/Voir-Video.jpg\" alt=\"\" width=\"1013\" height=\"168\" srcset=\"https:\/\/galeriebecot.com\/wp-content\/uploads\/2018\/04\/Voir-Video.jpg 1013w, https:\/\/galeriebecot.com\/wp-content\/uploads\/2018\/04\/Voir-Video-300x50.jpg 300w, https:\/\/galeriebecot.com\/wp-content\/uploads\/2018\/04\/Voir-Video-768x127.jpg 768w\" sizes=\"auto, (max-width: 1013px) 100vw, 1013px\" \/><\/a><\/p>\n<p>&nbsp;<\/p>\n<p><a href=\"https:\/\/www.galeriebecot.com\/wp-content\/uploads\/2018\/04\/LeBlond-CV11.jpg\"><img loading=\"lazy\" decoding=\"async\" class=\"alignnone size-full wp-image-10135\" src=\"https:\/\/www.galeriebecot.com\/wp-content\/uploads\/2018\/04\/LeBlond-CV11.jpg\" alt=\"\" width=\"619\" height=\"984\" srcset=\"https:\/\/galeriebecot.com\/wp-content\/uploads\/2018\/04\/LeBlond-CV11.jpg 619w, https:\/\/galeriebecot.com\/wp-content\/uploads\/2018\/04\/LeBlond-CV11-189x300.jpg 189w\" sizes=\"auto, (max-width: 619px) 100vw, 619px\" \/><\/a><\/p>\n<p><a href=\"https:\/\/www.galeriebecot.com\/wp-content\/uploads\/2018\/04\/LeBlond-CV2.jpg\"><img loading=\"lazy\" decoding=\"async\" class=\"alignnone size-full wp-image-10133\" src=\"https:\/\/www.galeriebecot.com\/wp-content\/uploads\/2018\/04\/LeBlond-CV2.jpg\" alt=\"\" width=\"584\" height=\"449\" srcset=\"https:\/\/galeriebecot.com\/wp-content\/uploads\/2018\/04\/LeBlond-CV2.jpg 584w, https:\/\/galeriebecot.com\/wp-content\/uploads\/2018\/04\/LeBlond-CV2-300x231.jpg 300w\" sizes=\"auto, (max-width: 584px) 100vw, 584px\" \/><\/a><\/p>\n<p><a href=\"https:\/\/www.galeriebecot.com\/wp-content\/uploads\/2018\/04\/LeBlond-oeuvre1.jpg\"><img loading=\"lazy\" decoding=\"async\" class=\"alignnone size-full wp-image-10136\" src=\"https:\/\/www.galeriebecot.com\/wp-content\/uploads\/2018\/04\/LeBlond-oeuvre1.jpg\" alt=\"\" width=\"496\" height=\"606\" srcset=\"https:\/\/galeriebecot.com\/wp-content\/uploads\/2018\/04\/LeBlond-oeuvre1.jpg 496w, https:\/\/galeriebecot.com\/wp-content\/uploads\/2018\/04\/LeBlond-oeuvre1-246x300.jpg 246w\" sizes=\"auto, (max-width: 496px) 100vw, 496px\" \/><\/a><\/p>\n<p><a href=\"https:\/\/www.galeriebecot.com\/wp-content\/uploads\/2018\/04\/LeBlond-oeuvre22.jpg\"><img loading=\"lazy\" decoding=\"async\" class=\"alignnone size-full wp-image-10138\" src=\"https:\/\/www.galeriebecot.com\/wp-content\/uploads\/2018\/04\/LeBlond-oeuvre22.jpg\" alt=\"\" width=\"475\" height=\"394\" srcset=\"https:\/\/galeriebecot.com\/wp-content\/uploads\/2018\/04\/LeBlond-oeuvre22.jpg 475w, https:\/\/galeriebecot.com\/wp-content\/uploads\/2018\/04\/LeBlond-oeuvre22-300x249.jpg 300w\" sizes=\"auto, (max-width: 475px) 100vw, 475px\" \/><\/a><\/p>\n<p><a href=\"https:\/\/www.galeriebecot.com\/wp-content\/uploads\/2018\/12\/Chinois-Copright.jpg\"><img loading=\"lazy\" decoding=\"async\" class=\"alignnone size-full wp-image-10142\" src=\"https:\/\/www.galeriebecot.com\/wp-content\/uploads\/2018\/12\/Chinois-Copright.jpg\" alt=\"\" width=\"331\" height=\"28\" srcset=\"https:\/\/galeriebecot.com\/wp-content\/uploads\/2018\/12\/Chinois-Copright.jpg 331w, https:\/\/galeriebecot.com\/wp-content\/uploads\/2018\/12\/Chinois-Copright-300x25.jpg 300w, https:\/\/galeriebecot.com\/wp-content\/uploads\/2018\/12\/Chinois-Copright-330x28.jpg 330w\" sizes=\"auto, (max-width: 331px) 100vw, 331px\" \/><\/a><\/p>\n<p>&nbsp;<\/p>\n<p><a href=\"https:\/\/l.facebook.com\/l.php?u=https%3A%2F%2Fdrive.google.com%2Ffile%2Fd%2F189tP0t-Zi_tPFxbxJpZbtOm4pEZC4Dr7%2Fview%3Fusp%3Ddrive_web&amp;h=ATNzOSziUnoTJO_c3DkmGgOdU2CobsHfNW9AoPatQID9svDKadomTr3E_SPgqtveoJr9epOZOTlYUuKynT-dr-mlerZunmJvYvoLEc8oClRtOnG9ywm8xDA\"><img loading=\"lazy\" decoding=\"async\" class=\"alignnone size-full wp-image-8223\" src=\"https:\/\/www.galeriebecot.com\/wp-content\/uploads\/2018\/03\/LeBlond-copy.jpg\" alt=\"\" width=\"1013\" height=\"450\" srcset=\"https:\/\/galeriebecot.com\/wp-content\/uploads\/2018\/03\/LeBlond-copy.jpg 1013w, https:\/\/galeriebecot.com\/wp-content\/uploads\/2018\/03\/LeBlond-copy-300x133.jpg 300w, https:\/\/galeriebecot.com\/wp-content\/uploads\/2018\/03\/LeBlond-copy-768x341.jpg 768w\" sizes=\"auto, (max-width: 1013px) 100vw, 1013px\" \/><\/a><\/p>\n<p>Un clic sur l&rsquo;image de l&rsquo;invitation pour visualiser la vid\u00e9o.<\/p>\n<p>&nbsp;<\/p>\n<p><img loading=\"lazy\" decoding=\"async\" class=\"alignnone size-full wp-image-8512\" src=\"https:\/\/www.galeriebecot.com\/wp-content\/uploads\/2018\/04\/Porte-Ouverte.jpg\" alt=\"\" width=\"933\" height=\"400\" srcset=\"https:\/\/galeriebecot.com\/wp-content\/uploads\/2018\/04\/Porte-Ouverte.jpg 933w, https:\/\/galeriebecot.com\/wp-content\/uploads\/2018\/04\/Porte-Ouverte-300x129.jpg 300w, https:\/\/galeriebecot.com\/wp-content\/uploads\/2018\/04\/Porte-Ouverte-768x329.jpg 768w\" sizes=\"auto, (max-width: 933px) 100vw, 933px\" \/><\/p>\n<p><a href=\"https:\/\/www.galeriebecot.com\/wp-content\/uploads\/2018\/03\/LeBlond1.jpg\"><img loading=\"lazy\" decoding=\"async\" class=\"alignnone size-full wp-image-8373\" src=\"https:\/\/www.galeriebecot.com\/wp-content\/uploads\/2018\/03\/LeBlond1.jpg\" alt=\"\" width=\"720\" height=\"587\" srcset=\"https:\/\/galeriebecot.com\/wp-content\/uploads\/2018\/03\/LeBlond1.jpg 720w, https:\/\/galeriebecot.com\/wp-content\/uploads\/2018\/03\/LeBlond1-300x245.jpg 300w\" sizes=\"auto, (max-width: 720px) 100vw, 720px\" \/><\/a><\/p>\n<p>Invitation: Vernissage chez l&rsquo;artiste Alain LeBlond.<\/p>\n<p>Le mercredi 21 mars 2018.<\/p>\n<p>Formule 5 \u00e0 7.<\/p>\n<p>Une douzaine d&rsquo;oeuvres seront pr\u00e9sent\u00e9es<\/p>\n<p><a href=\"https:\/\/www.galeriebecot.com\/wp-content\/uploads\/2018\/03\/LeBlond2.jpg\"><img loading=\"lazy\" decoding=\"async\" class=\"alignnone size-full wp-image-8374\" src=\"https:\/\/www.galeriebecot.com\/wp-content\/uploads\/2018\/03\/LeBlond2.jpg\" alt=\"\" width=\"720\" height=\"351\" srcset=\"https:\/\/galeriebecot.com\/wp-content\/uploads\/2018\/03\/LeBlond2.jpg 720w, https:\/\/galeriebecot.com\/wp-content\/uploads\/2018\/03\/LeBlond2-300x146.jpg 300w\" sizes=\"auto, (max-width: 720px) 100vw, 720px\" \/><\/a><\/p>\n<p>&nbsp;<\/p>\n","protected":false},"excerpt":{"rendered":"<p>Vendredi le 1er Novembre Formule 5@7 Bienvenue \u00e0 tous ! Vendredi le 21 juin, 17h \u00e0 19h. Solstice d&rsquo;\u00e9t\u00e9 chez LeBlond 112 P\u00e8re-Arnaud Qu\u00e9bec, G1N3T6 Bienvenue \u00e0 tous ! Vendredi&hellip; <\/p>\n","protected":false},"author":1,"featured_media":0,"comment_status":"open","ping_status":"open","sticky":false,"template":"","format":"standard","meta":{"_exactmetrics_skip_tracking":false,"_exactmetrics_sitenote_active":false,"_exactmetrics_sitenote_note":"","_exactmetrics_sitenote_category":0,"footnotes":""},"categories":[27,19],"tags":[1445,34,735,58,37,40],"class_list":["post-8222","post","type-post","status-publish","format-standard","hentry","category-artistes","category-vernissage","tag-alain-leblond","tag-andre-becot","tag-artistes","tag-marc-bellemare-collectionneur","tag-studio-becot","tag-visuals-arts"],"_links":{"self":[{"href":"https:\/\/galeriebecot.com\/index.php?rest_route=\/wp\/v2\/posts\/8222","targetHints":{"allow":["GET"]}}],"collection":[{"href":"https:\/\/galeriebecot.com\/index.php?rest_route=\/wp\/v2\/posts"}],"about":[{"href":"https:\/\/galeriebecot.com\/index.php?rest_route=\/wp\/v2\/types\/post"}],"author":[{"embeddable":true,"href":"https:\/\/galeriebecot.com\/index.php?rest_route=\/wp\/v2\/users\/1"}],"replies":[{"embeddable":true,"href":"https:\/\/galeriebecot.com\/index.php?rest_route=%2Fwp%2Fv2%2Fcomments&post=8222"}],"version-history":[{"count":46,"href":"https:\/\/galeriebecot.com\/index.php?rest_route=\/wp\/v2\/posts\/8222\/revisions"}],"predecessor-version":[{"id":11735,"href":"https:\/\/galeriebecot.com\/index.php?rest_route=\/wp\/v2\/posts\/8222\/revisions\/11735"}],"wp:attachment":[{"href":"https:\/\/galeriebecot.com\/index.php?rest_route=%2Fwp%2Fv2%2Fmedia&parent=8222"}],"wp:term":[{"taxonomy":"category","embeddable":true,"href":"https:\/\/galeriebecot.com\/index.php?rest_route=%2Fwp%2Fv2%2Fcategories&post=8222"},{"taxonomy":"post_tag","embeddable":true,"href":"https:\/\/galeriebecot.com\/index.php?rest_route=%2Fwp%2Fv2%2Ftags&post=8222"}],"curies":[{"name":"wp","href":"https:\/\/api.w.org\/{rel}","templated":true}]}}