{"id":8185,"date":"2018-02-15T11:35:23","date_gmt":"2018-02-15T16:35:23","guid":{"rendered":"http:\/\/www.clubdescollectionneursenartsvisuelsdequebec.com\/?p=8185"},"modified":"2018-02-23T13:46:26","modified_gmt":"2018-02-23T18:46:26","slug":"au-centre-vu-vernissage-le-23-fevrier-appareillage","status":"publish","type":"post","link":"https:\/\/galeriebecot.com\/?p=8185","title":{"rendered":"Au centre Vu, vernissage le 23 f\u00e9vrier, Appareillage."},"content":{"rendered":"<p><a href=\"https:\/\/www.galeriebecot.com\/wp-content\/uploads\/2018\/02\/peio1.jpg\"><img loading=\"lazy\" decoding=\"async\" class=\"alignnone size-full wp-image-8186\" src=\"https:\/\/www.galeriebecot.com\/wp-content\/uploads\/2018\/02\/peio1.jpg\" alt=\"\" width=\"714\" height=\"969\" srcset=\"https:\/\/galeriebecot.com\/wp-content\/uploads\/2018\/02\/peio1.jpg 714w, https:\/\/galeriebecot.com\/wp-content\/uploads\/2018\/02\/peio1-221x300.jpg 221w\" sizes=\"auto, (max-width: 714px) 100vw, 714px\" \/><\/a><\/p>\n<p><a href=\"https:\/\/www.galeriebecot.com\/wp-content\/uploads\/2018\/02\/peio2.jpg\"><img loading=\"lazy\" decoding=\"async\" class=\"alignnone size-full wp-image-8187\" src=\"https:\/\/www.galeriebecot.com\/wp-content\/uploads\/2018\/02\/peio2.jpg\" alt=\"\" width=\"717\" height=\"599\" srcset=\"https:\/\/galeriebecot.com\/wp-content\/uploads\/2018\/02\/peio2.jpg 717w, https:\/\/galeriebecot.com\/wp-content\/uploads\/2018\/02\/peio2-300x251.jpg 300w\" sizes=\"auto, (max-width: 717px) 100vw, 717px\" \/><\/a><\/p>\n<p><a href=\"https:\/\/vuphoto.org\/\"><img loading=\"lazy\" decoding=\"async\" class=\"alignnone size-full wp-image-8193\" src=\"https:\/\/www.galeriebecot.com\/wp-content\/uploads\/2018\/02\/Centre-Vu.jpg\" alt=\"\" width=\"432\" height=\"83\" srcset=\"https:\/\/galeriebecot.com\/wp-content\/uploads\/2018\/02\/Centre-Vu.jpg 432w, https:\/\/galeriebecot.com\/wp-content\/uploads\/2018\/02\/Centre-Vu-300x58.jpg 300w\" sizes=\"auto, (max-width: 432px) 100vw, 432px\" \/><\/a><\/p>\n<p><a href=\"https:\/\/vuphoto.org\/\">Exposition APPAREILLAGE.<\/a><\/p>\n<p>Vernissage le vendredi 23 f\u00e9vrier 2018, \u00e0 18h.<\/p>\n<p>Du 23 f\u00e9vrier au 1er avril 2018<\/p>\n<p>_ Michelle Bui, Anthony Burnham, Louis-Philippe C\u00f4t\u00e9, P\u00e9io Eliceiry, Pascal Gingras, Wanda Koop, Nicolas Lachance.<\/p>\n<p>Elle est partout, la photographie, et elle nous habite, m\u00eame quand on lui pr\u00eate moins attention.<\/p>\n<p>Le projet de Pascal Gingras a \u00e9t\u00e9 r\u00e9alis\u00e9 en r\u00e9sidence d&rsquo;artistes \u00e0 VU au janvier 2018<\/p>\n<p><a href=\"https:\/\/www.galeriebecot.com\/wp-content\/uploads\/2018\/02\/Peio-Eliceiry-1.jpg\"><img loading=\"lazy\" decoding=\"async\" class=\"alignnone size-full wp-image-8207\" src=\"https:\/\/www.galeriebecot.com\/wp-content\/uploads\/2018\/02\/Peio-Eliceiry-1.jpg\" alt=\"\" width=\"600\" height=\"239\" srcset=\"https:\/\/galeriebecot.com\/wp-content\/uploads\/2018\/02\/Peio-Eliceiry-1.jpg 600w, https:\/\/galeriebecot.com\/wp-content\/uploads\/2018\/02\/Peio-Eliceiry-1-300x120.jpg 300w\" sizes=\"auto, (max-width: 600px) 100vw, 600px\" \/><\/a><\/p>\n<p>Oeuvre de P\u00e9io Eliceiry<\/p>\n","protected":false},"excerpt":{"rendered":"<p>Exposition APPAREILLAGE. Vernissage le vendredi 23 f\u00e9vrier 2018, \u00e0 18h. Du 23 f\u00e9vrier au 1er avril 2018 _ Michelle Bui, Anthony Burnham, Louis-Philippe C\u00f4t\u00e9, P\u00e9io Eliceiry, Pascal Gingras, Wanda Koop,&hellip; <\/p>\n","protected":false},"author":1,"featured_media":0,"comment_status":"open","ping_status":"open","sticky":false,"template":"","format":"standard","meta":{"_exactmetrics_skip_tracking":false,"_exactmetrics_sitenote_active":false,"_exactmetrics_sitenote_note":"","_exactmetrics_sitenote_category":0,"footnotes":""},"categories":[27,19],"tags":[34,2019,43,67,35,2020,58,2018,2024,2022,2021,37,525,2023],"class_list":["post-8185","post","type-post","status-publish","format-standard","hentry","category-artistes","category-vernissage","tag-andre-becot","tag-anthony-burnham","tag-arts-visuels","tag-club-des-collectionneurs-en-arts-visuels-de-quebec-marc-bellemare","tag-foire-en-arts-actuel","tag-louis-philippe-cote","tag-marc-bellemare-collectionneur","tag-michelle-bui","tag-nicolas-lachance","tag-pascal-gingras","tag-peio-eliceiry","tag-studio-becot","tag-vu-photo","tag-wanda-koop"],"_links":{"self":[{"href":"https:\/\/galeriebecot.com\/index.php?rest_route=\/wp\/v2\/posts\/8185","targetHints":{"allow":["GET"]}}],"collection":[{"href":"https:\/\/galeriebecot.com\/index.php?rest_route=\/wp\/v2\/posts"}],"about":[{"href":"https:\/\/galeriebecot.com\/index.php?rest_route=\/wp\/v2\/types\/post"}],"author":[{"embeddable":true,"href":"https:\/\/galeriebecot.com\/index.php?rest_route=\/wp\/v2\/users\/1"}],"replies":[{"embeddable":true,"href":"https:\/\/galeriebecot.com\/index.php?rest_route=%2Fwp%2Fv2%2Fcomments&post=8185"}],"version-history":[{"count":8,"href":"https:\/\/galeriebecot.com\/index.php?rest_route=\/wp\/v2\/posts\/8185\/revisions"}],"predecessor-version":[{"id":8208,"href":"https:\/\/galeriebecot.com\/index.php?rest_route=\/wp\/v2\/posts\/8185\/revisions\/8208"}],"wp:attachment":[{"href":"https:\/\/galeriebecot.com\/index.php?rest_route=%2Fwp%2Fv2%2Fmedia&parent=8185"}],"wp:term":[{"taxonomy":"category","embeddable":true,"href":"https:\/\/galeriebecot.com\/index.php?rest_route=%2Fwp%2Fv2%2Fcategories&post=8185"},{"taxonomy":"post_tag","embeddable":true,"href":"https:\/\/galeriebecot.com\/index.php?rest_route=%2Fwp%2Fv2%2Ftags&post=8185"}],"curies":[{"name":"wp","href":"https:\/\/api.w.org\/{rel}","templated":true}]}}