{"id":8159,"date":"2018-02-15T11:31:55","date_gmt":"2018-02-15T16:31:55","guid":{"rendered":"http:\/\/www.clubdescollectionneursenartsvisuelsdequebec.com\/?p=8159"},"modified":"2018-02-17T12:24:09","modified_gmt":"2018-02-17T17:24:09","slug":"19e-mois-multi-paysages-machines","status":"publish","type":"post","link":"https:\/\/galeriebecot.com\/?p=8159","title":{"rendered":"19e Mois Multi \/ paysages-machines"},"content":{"rendered":"<p><a href=\"https:\/\/www.galeriebecot.com\/wp-content\/uploads\/2018\/02\/multi1.jpg\"><img loading=\"lazy\" decoding=\"async\" class=\"alignnone size-large wp-image-8160\" src=\"https:\/\/www.galeriebecot.com\/wp-content\/uploads\/2018\/02\/multi1-754x1024.jpg\" alt=\"\" width=\"700\" height=\"951\" srcset=\"https:\/\/galeriebecot.com\/wp-content\/uploads\/2018\/02\/multi1-754x1024.jpg 754w, https:\/\/galeriebecot.com\/wp-content\/uploads\/2018\/02\/multi1-221x300.jpg 221w, https:\/\/galeriebecot.com\/wp-content\/uploads\/2018\/02\/multi1-768x1043.jpg 768w, https:\/\/galeriebecot.com\/wp-content\/uploads\/2018\/02\/multi1.jpg 1054w\" sizes=\"auto, (max-width: 700px) 100vw, 700px\" \/><\/a><\/p>\n<p><a href=\"http:\/\/mmrectoverso.org\/portfolio\/camille-bernard-gravel-samares\/\"><img loading=\"lazy\" decoding=\"async\" class=\"alignnone size-full wp-image-8168\" src=\"https:\/\/www.galeriebecot.com\/wp-content\/uploads\/2018\/02\/Camille-Bernard-Gravel.jpg\" alt=\"\" width=\"562\" height=\"334\" srcset=\"https:\/\/galeriebecot.com\/wp-content\/uploads\/2018\/02\/Camille-Bernard-Gravel.jpg 562w, https:\/\/galeriebecot.com\/wp-content\/uploads\/2018\/02\/Camille-Bernard-Gravel-300x178.jpg 300w\" sizes=\"auto, (max-width: 562px) 100vw, 562px\" \/><\/a><\/p>\n<p><iframe loading=\"lazy\" width=\"700\" height=\"394\" src=\"https:\/\/www.youtube.com\/embed\/czhhQrZOHOg?feature=oembed\" frameborder=\"0\" allow=\"autoplay; encrypted-media\" allowfullscreen><\/iframe><\/p>\n<p><a href=\"https:\/\/www.galeriebecot.com\/wp-content\/uploads\/2018\/02\/multi2.jpg\"><img loading=\"lazy\" decoding=\"async\" class=\"alignnone size-large wp-image-8161\" src=\"https:\/\/www.galeriebecot.com\/wp-content\/uploads\/2018\/02\/multi2-761x1024.jpg\" alt=\"\" width=\"700\" height=\"942\" srcset=\"https:\/\/galeriebecot.com\/wp-content\/uploads\/2018\/02\/multi2-761x1024.jpg 761w, https:\/\/galeriebecot.com\/wp-content\/uploads\/2018\/02\/multi2-223x300.jpg 223w, https:\/\/galeriebecot.com\/wp-content\/uploads\/2018\/02\/multi2-768x1033.jpg 768w, https:\/\/galeriebecot.com\/wp-content\/uploads\/2018\/02\/multi2.jpg 1044w\" sizes=\"auto, (max-width: 700px) 100vw, 700px\" \/><\/a><\/p>\n<p><a href=\"https:\/\/www.galeriebecot.com\/wp-content\/uploads\/2018\/02\/multi3.jpg\"><img loading=\"lazy\" decoding=\"async\" class=\"alignnone size-large wp-image-8162\" src=\"https:\/\/www.galeriebecot.com\/wp-content\/uploads\/2018\/02\/multi3-961x1024.jpg\" alt=\"\" width=\"700\" height=\"746\" srcset=\"https:\/\/galeriebecot.com\/wp-content\/uploads\/2018\/02\/multi3-961x1024.jpg 961w, https:\/\/galeriebecot.com\/wp-content\/uploads\/2018\/02\/multi3-282x300.jpg 282w, https:\/\/galeriebecot.com\/wp-content\/uploads\/2018\/02\/multi3-768x818.jpg 768w, https:\/\/galeriebecot.com\/wp-content\/uploads\/2018\/02\/multi3.jpg 1039w\" sizes=\"auto, (max-width: 700px) 100vw, 700px\" \/><\/a><\/p>\n<p><a href=\"https:\/\/www.galeriebecot.com\/wp-content\/uploads\/2018\/02\/multi4.jpg\"><img loading=\"lazy\" decoding=\"async\" class=\"alignnone size-large wp-image-8163\" src=\"https:\/\/www.galeriebecot.com\/wp-content\/uploads\/2018\/02\/multi4-948x1024.jpg\" alt=\"\" width=\"700\" height=\"756\" srcset=\"https:\/\/galeriebecot.com\/wp-content\/uploads\/2018\/02\/multi4-948x1024.jpg 948w, https:\/\/galeriebecot.com\/wp-content\/uploads\/2018\/02\/multi4-278x300.jpg 278w, https:\/\/galeriebecot.com\/wp-content\/uploads\/2018\/02\/multi4-768x830.jpg 768w, https:\/\/galeriebecot.com\/wp-content\/uploads\/2018\/02\/multi4.jpg 1005w\" sizes=\"auto, (max-width: 700px) 100vw, 700px\" \/><\/a><\/p>\n<p><a href=\"https:\/\/www.galeriebecot.com\/wp-content\/uploads\/2018\/02\/multi5.jpg\"><img loading=\"lazy\" decoding=\"async\" class=\"alignnone size-large wp-image-8164\" src=\"https:\/\/www.galeriebecot.com\/wp-content\/uploads\/2018\/02\/multi5-1024x939.jpg\" alt=\"\" width=\"700\" height=\"642\" srcset=\"https:\/\/galeriebecot.com\/wp-content\/uploads\/2018\/02\/multi5-1024x939.jpg 1024w, https:\/\/galeriebecot.com\/wp-content\/uploads\/2018\/02\/multi5-300x275.jpg 300w, https:\/\/galeriebecot.com\/wp-content\/uploads\/2018\/02\/multi5-768x704.jpg 768w, https:\/\/galeriebecot.com\/wp-content\/uploads\/2018\/02\/multi5.jpg 1039w\" sizes=\"auto, (max-width: 700px) 100vw, 700px\" \/><\/a><\/p>\n<p><a href=\"https:\/\/www.galeriebecot.com\/wp-content\/uploads\/2018\/02\/multi6.jpg\"><img loading=\"lazy\" decoding=\"async\" class=\"alignnone size-large wp-image-8165\" src=\"https:\/\/www.galeriebecot.com\/wp-content\/uploads\/2018\/02\/multi6-1020x1024.jpg\" alt=\"\" width=\"700\" height=\"703\" srcset=\"https:\/\/galeriebecot.com\/wp-content\/uploads\/2018\/02\/multi6-1020x1024.jpg 1020w, https:\/\/galeriebecot.com\/wp-content\/uploads\/2018\/02\/multi6-150x150.jpg 150w, https:\/\/galeriebecot.com\/wp-content\/uploads\/2018\/02\/multi6-300x300.jpg 300w, https:\/\/galeriebecot.com\/wp-content\/uploads\/2018\/02\/multi6-768x771.jpg 768w, https:\/\/galeriebecot.com\/wp-content\/uploads\/2018\/02\/multi6-330x330.jpg 330w, https:\/\/galeriebecot.com\/wp-content\/uploads\/2018\/02\/multi6.jpg 1028w\" sizes=\"auto, (max-width: 700px) 100vw, 700px\" \/><\/a><\/p>\n<p>Ces installations sont pr\u00e9sent\u00e9es jusqu&rsquo;au 25 f\u00e9vrier, de 12h \u00e0 17h.Il y aura des visites comment\u00e9es les dimanches 18 et 24 f\u00e9vrier \u00e0 13h30.Un parcours d\u00e9couverte a \u00e9t\u00e9 con\u00e7u pour agr\u00e9menter la visite et un atelier jeune public ( \u00e0 partir de 8 ans) sera anim\u00e9 par <strong>Camille Bernard-Gravel<\/strong> le dimanche 18 f\u00e9vrier de 10h30 \u00e0 12h.R\u00e9servations au 418 524-7553, poste 2 .<a href=\"http:\/\/mmrectoverso.org\/programmation-2018\/\"><strong>Info: moismulti.org<\/strong><\/a><\/p>\n<p>&nbsp;<\/p>\n","protected":false},"excerpt":{"rendered":"<p>Ces installations sont pr\u00e9sent\u00e9es jusqu&rsquo;au 25 f\u00e9vrier, de 12h \u00e0 17h.Il y aura des visites comment\u00e9es les dimanches 18 et 24 f\u00e9vrier \u00e0 13h30.Un parcours d\u00e9couverte a \u00e9t\u00e9 con\u00e7u pour&hellip; <\/p>\n","protected":false},"author":1,"featured_media":0,"comment_status":"open","ping_status":"open","sticky":false,"template":"","format":"standard","meta":{"_exactmetrics_skip_tracking":false,"_exactmetrics_sitenote_active":false,"_exactmetrics_sitenote_note":"","_exactmetrics_sitenote_category":0,"footnotes":""},"categories":[20,27,17,18,29,19],"tags":[34,2002,43,2003,2009,2007,6,587,2012,2005,35,2013,2010,479,244,2006,245,58,2001,2011,2008,37,2004,40],"class_list":["post-8159","post","type-post","status-publish","format-standard","hentry","category-article-descriptif","category-artistes","category-conference","category-evenement","category-journaux","category-vernissage","tag-andre-becot","tag-ariane-plante","tag-arts-visuels","tag-camille-bernard-gravel","tag-chambre-blanche","tag-christian-skjodt","tag-club-des-collectionneurs-en-arts-visuels-de-quebec","tag-complexe-meduse","tag-coral-bones","tag-els-viaene","tag-foire-en-arts-actuel","tag-francois-julien-clauss","tag-galerie-des-arts-visuels-universite-laval","tag-graeme-patterson","tag-josianne-desloges","tag-julien-maire","tag-lesoleil","tag-marc-bellemare-collectionneur","tag-mois-multi","tag-pavitra-wickramasinghe","tag-regart","tag-studio-becot","tag-symposium-dart-contemporain-de-baie-saint-paul","tag-visuals-arts"],"_links":{"self":[{"href":"https:\/\/galeriebecot.com\/index.php?rest_route=\/wp\/v2\/posts\/8159","targetHints":{"allow":["GET"]}}],"collection":[{"href":"https:\/\/galeriebecot.com\/index.php?rest_route=\/wp\/v2\/posts"}],"about":[{"href":"https:\/\/galeriebecot.com\/index.php?rest_route=\/wp\/v2\/types\/post"}],"author":[{"embeddable":true,"href":"https:\/\/galeriebecot.com\/index.php?rest_route=\/wp\/v2\/users\/1"}],"replies":[{"embeddable":true,"href":"https:\/\/galeriebecot.com\/index.php?rest_route=%2Fwp%2Fv2%2Fcomments&post=8159"}],"version-history":[{"count":4,"href":"https:\/\/galeriebecot.com\/index.php?rest_route=\/wp\/v2\/posts\/8159\/revisions"}],"predecessor-version":[{"id":8170,"href":"https:\/\/galeriebecot.com\/index.php?rest_route=\/wp\/v2\/posts\/8159\/revisions\/8170"}],"wp:attachment":[{"href":"https:\/\/galeriebecot.com\/index.php?rest_route=%2Fwp%2Fv2%2Fmedia&parent=8159"}],"wp:term":[{"taxonomy":"category","embeddable":true,"href":"https:\/\/galeriebecot.com\/index.php?rest_route=%2Fwp%2Fv2%2Fcategories&post=8159"},{"taxonomy":"post_tag","embeddable":true,"href":"https:\/\/galeriebecot.com\/index.php?rest_route=%2Fwp%2Fv2%2Ftags&post=8159"}],"curies":[{"name":"wp","href":"https:\/\/api.w.org\/{rel}","templated":true}]}}