{"id":8074,"date":"2022-01-11T11:19:00","date_gmt":"2022-01-11T16:19:00","guid":{"rendered":"http:\/\/www.clubdescollectionneursenartsvisuelsdequebec.com\/?p=8074"},"modified":"2022-01-24T17:50:04","modified_gmt":"2022-01-24T22:50:04","slug":"soiree-unique-louis-lacerte-confidences","status":"publish","type":"post","link":"https:\/\/galeriebecot.com\/?p=8074","title":{"rendered":"Galerie AMF\/ Galerie Lacerte."},"content":{"rendered":"\n<figure class=\"wp-block-image size-large\"><a href=\"https:\/\/my.matterport.com\/show\/?m=hhk1671MkeE&amp;fbclid=IwAR0Pq1H-LhclyFJXJom0htmBsWbXQ-8KaolSG3qHo3DkJ4IMFSVf59GGYME\"><img loading=\"lazy\" decoding=\"async\" width=\"1024\" height=\"583\" src=\"https:\/\/www.galeriebecot.com\/wp-content\/uploads\/2022\/01\/Galerie-Motulsky-1024x583.jpg\" alt=\"\" class=\"wp-image-15781\" srcset=\"https:\/\/galeriebecot.com\/wp-content\/uploads\/2022\/01\/Galerie-Motulsky-1024x583.jpg 1024w, https:\/\/galeriebecot.com\/wp-content\/uploads\/2022\/01\/Galerie-Motulsky-300x171.jpg 300w, https:\/\/galeriebecot.com\/wp-content\/uploads\/2022\/01\/Galerie-Motulsky-768x437.jpg 768w, https:\/\/galeriebecot.com\/wp-content\/uploads\/2022\/01\/Galerie-Motulsky.jpg 1440w\" sizes=\"auto, (max-width: 1024px) 100vw, 1024px\" \/><\/a><figcaption>Galerie AMF\/ Galerie Lacerte.<\/figcaption><\/figure>\n\n\n\n<p class=\"wp-block-paragraph\"><a href=\"https:\/\/my.matterport.com\/show\/?m=hhk1671MkeE&amp;fbclid=IwAR0Pq1H-LhclyFJXJom0htmBsWbXQ-8KaolSG3qHo3DkJ4IMFSVf59GGYME\">Un clic sur ce lien pour la visite virtuelle de la Galerie Alexandre Motulsky-Falardeau.<\/a><\/p>\n\n\n\n<p class=\"wp-block-paragraph\">\u00c0 ne pas manquer&#8230;.c&rsquo;est magnifique !<\/p>\n\n\n\n<figure class=\"wp-block-image size-large\"><a href=\"https:\/\/www.galeriebecot.com\/wp-content\/uploads\/2022\/01\/Andre-PhilippeM-Marchand1.jpg\"><img loading=\"lazy\" decoding=\"async\" width=\"724\" height=\"1024\" src=\"https:\/\/www.galeriebecot.com\/wp-content\/uploads\/2022\/01\/Andre-PhilippeM-Marchand1-724x1024.jpg\" alt=\"\" class=\"wp-image-15788\" srcset=\"https:\/\/galeriebecot.com\/wp-content\/uploads\/2022\/01\/Andre-PhilippeM-Marchand1-724x1024.jpg 724w, https:\/\/galeriebecot.com\/wp-content\/uploads\/2022\/01\/Andre-PhilippeM-Marchand1-212x300.jpg 212w, https:\/\/galeriebecot.com\/wp-content\/uploads\/2022\/01\/Andre-PhilippeM-Marchand1-768x1086.jpg 768w, https:\/\/galeriebecot.com\/wp-content\/uploads\/2022\/01\/Andre-PhilippeM-Marchand1.jpg 834w\" sizes=\"auto, (max-width: 724px) 100vw, 724px\" \/><\/a><\/figure>\n\n\n\n<figure class=\"wp-block-image size-large\"><a href=\"http:\/\/www.galerieamf.com\"><img loading=\"lazy\" decoding=\"async\" width=\"1024\" height=\"951\" src=\"https:\/\/www.galeriebecot.com\/wp-content\/uploads\/2021\/12\/Cote-1024x951.jpg\" alt=\"\" class=\"wp-image-15171\" srcset=\"https:\/\/galeriebecot.com\/wp-content\/uploads\/2021\/12\/Cote-1024x951.jpg 1024w, https:\/\/galeriebecot.com\/wp-content\/uploads\/2021\/12\/Cote-300x279.jpg 300w, https:\/\/galeriebecot.com\/wp-content\/uploads\/2021\/12\/Cote-768x714.jpg 768w, https:\/\/galeriebecot.com\/wp-content\/uploads\/2021\/12\/Cote.jpg 1440w\" sizes=\"auto, (max-width: 1024px) 100vw, 1024px\" \/><\/a><\/figure>\n\n\n\n<p class=\"wp-block-paragraph\">Andr\u00e9- Philippe <strong>C\u00f4t\u00e9 <\/strong>\u00ab\u00a0<em><strong> <a href=\"http:\/\/www.galerieamf.com\">Exposition r\u00e9trospective : 50 ans de carri\u00e8re<\/a><\/strong><\/em> \u00ab\u00a0.<\/p>\n\n\n\n<p class=\"wp-block-paragraph\">Je vous invite \u00e0 venir au vernissage de mon exposition r\u00e9trospective. C\u2019est le 2 d\u00e9cembre de 17 h a 19h30 \u00e0 la galerie AMF au 1, C\u00f4t\u00e9 Dinan \u00e0 Qu\u00e9bec.<\/p>\n\n\n\n<figure class=\"wp-block-image size-large\"><img loading=\"lazy\" decoding=\"async\" width=\"852\" height=\"1024\" src=\"https:\/\/www.galeriebecot.com\/wp-content\/uploads\/2021\/10\/Boudreau-1-852x1024.jpg\" alt=\"\" class=\"wp-image-14852\" srcset=\"https:\/\/galeriebecot.com\/wp-content\/uploads\/2021\/10\/Boudreau-1-852x1024.jpg 852w, https:\/\/galeriebecot.com\/wp-content\/uploads\/2021\/10\/Boudreau-1-250x300.jpg 250w, https:\/\/galeriebecot.com\/wp-content\/uploads\/2021\/10\/Boudreau-1-768x923.jpg 768w, https:\/\/galeriebecot.com\/wp-content\/uploads\/2021\/10\/Boudreau-1-1278x1536.jpg 1278w, https:\/\/galeriebecot.com\/wp-content\/uploads\/2021\/10\/Boudreau-1.jpg 1660w\" sizes=\"auto, (max-width: 852px) 100vw, 852px\" \/><\/figure>\n\n\n\n<figure class=\"wp-block-image size-large\"><img loading=\"lazy\" decoding=\"async\" width=\"844\" height=\"1024\" src=\"https:\/\/www.galeriebecot.com\/wp-content\/uploads\/2021\/10\/Boudreau2-844x1024.jpg\" alt=\"\" class=\"wp-image-14853\" srcset=\"https:\/\/galeriebecot.com\/wp-content\/uploads\/2021\/10\/Boudreau2-844x1024.jpg 844w, https:\/\/galeriebecot.com\/wp-content\/uploads\/2021\/10\/Boudreau2-247x300.jpg 247w, https:\/\/galeriebecot.com\/wp-content\/uploads\/2021\/10\/Boudreau2-768x932.jpg 768w, https:\/\/galeriebecot.com\/wp-content\/uploads\/2021\/10\/Boudreau2-1265x1536.jpg 1265w, https:\/\/galeriebecot.com\/wp-content\/uploads\/2021\/10\/Boudreau2.jpg 1636w\" sizes=\"auto, (max-width: 844px) 100vw, 844px\" \/><\/figure>\n\n\n\n<figure class=\"wp-block-image size-large\"><img loading=\"lazy\" decoding=\"async\" width=\"918\" height=\"1024\" src=\"https:\/\/www.galeriebecot.com\/wp-content\/uploads\/2021\/02\/Nation-1-918x1024.jpg\" alt=\"\" class=\"wp-image-14240\" srcset=\"https:\/\/galeriebecot.com\/wp-content\/uploads\/2021\/02\/Nation-1-918x1024.jpg 918w, https:\/\/galeriebecot.com\/wp-content\/uploads\/2021\/02\/Nation-1-269x300.jpg 269w, https:\/\/galeriebecot.com\/wp-content\/uploads\/2021\/02\/Nation-1-768x857.jpg 768w, https:\/\/galeriebecot.com\/wp-content\/uploads\/2021\/02\/Nation-1.jpg 1278w\" sizes=\"auto, (max-width: 918px) 100vw, 918px\" \/><figcaption><br><\/figcaption><\/figure>\n\n\n\n<figure class=\"wp-block-image size-large\"><img loading=\"lazy\" decoding=\"async\" width=\"1024\" height=\"887\" src=\"https:\/\/www.galeriebecot.com\/wp-content\/uploads\/2021\/02\/Nation2-1024x887.jpg\" alt=\"\" class=\"wp-image-14241\" srcset=\"https:\/\/galeriebecot.com\/wp-content\/uploads\/2021\/02\/Nation2-1024x887.jpg 1024w, https:\/\/galeriebecot.com\/wp-content\/uploads\/2021\/02\/Nation2-300x260.jpg 300w, https:\/\/galeriebecot.com\/wp-content\/uploads\/2021\/02\/Nation2-768x665.jpg 768w, https:\/\/galeriebecot.com\/wp-content\/uploads\/2021\/02\/Nation2.jpg 1281w\" sizes=\"auto, (max-width: 1024px) 100vw, 1024px\" \/><\/figure>\n\n\n\n<figure class=\"wp-block-image size-large\"><img loading=\"lazy\" decoding=\"async\" width=\"745\" height=\"1024\" src=\"https:\/\/www.galeriebecot.com\/wp-content\/uploads\/2021\/02\/Nation3-745x1024.jpg\" alt=\"\" class=\"wp-image-14242\" srcset=\"https:\/\/galeriebecot.com\/wp-content\/uploads\/2021\/02\/Nation3-745x1024.jpg 745w, https:\/\/galeriebecot.com\/wp-content\/uploads\/2021\/02\/Nation3-218x300.jpg 218w, https:\/\/galeriebecot.com\/wp-content\/uploads\/2021\/02\/Nation3-768x1055.jpg 768w, https:\/\/galeriebecot.com\/wp-content\/uploads\/2021\/02\/Nation3-1118x1536.jpg 1118w, https:\/\/galeriebecot.com\/wp-content\/uploads\/2021\/02\/Nation3.jpg 1125w\" sizes=\"auto, (max-width: 745px) 100vw, 745px\" \/><\/figure>\n\n\n\n<figure class=\"wp-block-image size-large\"><a href=\"http:\/\/www.galerieamf.com\"><img loading=\"lazy\" decoding=\"async\" width=\"793\" height=\"1024\" src=\"https:\/\/www.galeriebecot.com\/wp-content\/uploads\/2021\/02\/Nation4-793x1024.jpg\" alt=\"\" class=\"wp-image-14243\" srcset=\"https:\/\/galeriebecot.com\/wp-content\/uploads\/2021\/02\/Nation4-793x1024.jpg 793w, https:\/\/galeriebecot.com\/wp-content\/uploads\/2021\/02\/Nation4-232x300.jpg 232w, https:\/\/galeriebecot.com\/wp-content\/uploads\/2021\/02\/Nation4-768x992.jpg 768w, https:\/\/galeriebecot.com\/wp-content\/uploads\/2021\/02\/Nation4.jpg 1140w\" sizes=\"auto, (max-width: 793px) 100vw, 793px\" \/><\/a><\/figure>\n\n\n\n<p class=\"wp-block-paragraph\">L&rsquo;art des Premi\u00e8res Nations&#8230;.l&rsquo;esprit fabuleux des animaux&#8230;.<\/p>\n\n\n\n<figure><iframe loading=\"lazy\" src=\"https:\/\/player.vimeo.com\/video\/128135333\" width=\"640\" height=\"480\" allowfullscreen=\"\"><\/iframe><\/figure>\nLe son de la vid\u00e9o d\u00e9bute \u00e0 01:06.\n\n\n\n<figure class=\"wp-block-image size-large\"><img loading=\"lazy\" decoding=\"async\" width=\"949\" height=\"1024\" src=\"https:\/\/www.galeriebecot.com\/wp-content\/uploads\/2020\/10\/Simonin1-1-949x1024.jpg\" alt=\"\" class=\"wp-image-13319\" srcset=\"https:\/\/galeriebecot.com\/wp-content\/uploads\/2020\/10\/Simonin1-1-949x1024.jpg 949w, https:\/\/galeriebecot.com\/wp-content\/uploads\/2020\/10\/Simonin1-1-278x300.jpg 278w, https:\/\/galeriebecot.com\/wp-content\/uploads\/2020\/10\/Simonin1-1-768x829.jpg 768w, https:\/\/galeriebecot.com\/wp-content\/uploads\/2020\/10\/Simonin1-1-1423x1536.jpg 1423w, https:\/\/galeriebecot.com\/wp-content\/uploads\/2020\/10\/Simonin1-1.jpg 1440w\" sizes=\"auto, (max-width: 949px) 100vw, 949px\" \/><\/figure>\n\n\n\n<figure class=\"wp-block-image size-large\"><img loading=\"lazy\" decoding=\"async\" width=\"1024\" height=\"677\" src=\"https:\/\/www.galeriebecot.com\/wp-content\/uploads\/2020\/10\/Simonin2-1024x677.jpg\" alt=\"\" class=\"wp-image-13320\" srcset=\"https:\/\/galeriebecot.com\/wp-content\/uploads\/2020\/10\/Simonin2-1024x677.jpg 1024w, https:\/\/galeriebecot.com\/wp-content\/uploads\/2020\/10\/Simonin2-300x198.jpg 300w, https:\/\/galeriebecot.com\/wp-content\/uploads\/2020\/10\/Simonin2-768x508.jpg 768w, https:\/\/galeriebecot.com\/wp-content\/uploads\/2020\/10\/Simonin2.jpg 1440w\" sizes=\"auto, (max-width: 1024px) 100vw, 1024px\" \/><\/figure>\n\n\n\n<figure class=\"wp-block-image size-large\"><img loading=\"lazy\" decoding=\"async\" width=\"980\" height=\"1024\" src=\"https:\/\/www.galeriebecot.com\/wp-content\/uploads\/2020\/10\/Simonin3-980x1024.jpg\" alt=\"\" class=\"wp-image-13321\" srcset=\"https:\/\/galeriebecot.com\/wp-content\/uploads\/2020\/10\/Simonin3-980x1024.jpg 980w, https:\/\/galeriebecot.com\/wp-content\/uploads\/2020\/10\/Simonin3-287x300.jpg 287w, https:\/\/galeriebecot.com\/wp-content\/uploads\/2020\/10\/Simonin3-768x803.jpg 768w, https:\/\/galeriebecot.com\/wp-content\/uploads\/2020\/10\/Simonin3.jpg 1440w\" sizes=\"auto, (max-width: 980px) 100vw, 980px\" \/><\/figure>\n\n\n\n<figure class=\"wp-block-image size-large\"><img loading=\"lazy\" decoding=\"async\" width=\"985\" height=\"1024\" src=\"https:\/\/www.galeriebecot.com\/wp-content\/uploads\/2020\/10\/Simonin4-985x1024.jpg\" alt=\"\" class=\"wp-image-13322\" srcset=\"https:\/\/galeriebecot.com\/wp-content\/uploads\/2020\/10\/Simonin4-985x1024.jpg 985w, https:\/\/galeriebecot.com\/wp-content\/uploads\/2020\/10\/Simonin4-289x300.jpg 289w, https:\/\/galeriebecot.com\/wp-content\/uploads\/2020\/10\/Simonin4-768x798.jpg 768w, https:\/\/galeriebecot.com\/wp-content\/uploads\/2020\/10\/Simonin4-1478x1536.jpg 1478w, https:\/\/galeriebecot.com\/wp-content\/uploads\/2020\/10\/Simonin4.jpg 1668w\" sizes=\"auto, (max-width: 985px) 100vw, 985px\" \/><\/figure>\n\n\n\n<figure class=\"wp-block-image size-large\"><img loading=\"lazy\" decoding=\"async\" width=\"977\" height=\"1024\" src=\"https:\/\/www.galeriebecot.com\/wp-content\/uploads\/2020\/10\/Simonin5-977x1024.jpg\" alt=\"\" class=\"wp-image-13323\" srcset=\"https:\/\/galeriebecot.com\/wp-content\/uploads\/2020\/10\/Simonin5-977x1024.jpg 977w, https:\/\/galeriebecot.com\/wp-content\/uploads\/2020\/10\/Simonin5-286x300.jpg 286w, https:\/\/galeriebecot.com\/wp-content\/uploads\/2020\/10\/Simonin5-768x805.jpg 768w, https:\/\/galeriebecot.com\/wp-content\/uploads\/2020\/10\/Simonin5-1465x1536.jpg 1465w, https:\/\/galeriebecot.com\/wp-content\/uploads\/2020\/10\/Simonin5.jpg 1671w\" sizes=\"auto, (max-width: 977px) 100vw, 977px\" \/><\/figure>\n\n\n\n<figure class=\"wp-block-image size-large\"><img loading=\"lazy\" decoding=\"async\" width=\"987\" height=\"1024\" src=\"https:\/\/www.galeriebecot.com\/wp-content\/uploads\/2020\/10\/Simonin6-987x1024.jpg\" alt=\"\" class=\"wp-image-13324\" srcset=\"https:\/\/galeriebecot.com\/wp-content\/uploads\/2020\/10\/Simonin6-987x1024.jpg 987w, https:\/\/galeriebecot.com\/wp-content\/uploads\/2020\/10\/Simonin6-289x300.jpg 289w, https:\/\/galeriebecot.com\/wp-content\/uploads\/2020\/10\/Simonin6-768x797.jpg 768w, https:\/\/galeriebecot.com\/wp-content\/uploads\/2020\/10\/Simonin6.jpg 1440w\" sizes=\"auto, (max-width: 987px) 100vw, 987px\" \/><\/figure>\n\n\n\n<figure class=\"wp-block-image size-large\"><img loading=\"lazy\" decoding=\"async\" width=\"1024\" height=\"865\" src=\"https:\/\/www.galeriebecot.com\/wp-content\/uploads\/2020\/10\/Simonin7-1024x865.jpg\" alt=\"\" class=\"wp-image-13325\" srcset=\"https:\/\/galeriebecot.com\/wp-content\/uploads\/2020\/10\/Simonin7-1024x865.jpg 1024w, https:\/\/galeriebecot.com\/wp-content\/uploads\/2020\/10\/Simonin7-300x254.jpg 300w, https:\/\/galeriebecot.com\/wp-content\/uploads\/2020\/10\/Simonin7-768x649.jpg 768w, https:\/\/galeriebecot.com\/wp-content\/uploads\/2020\/10\/Simonin7.jpg 1440w\" sizes=\"auto, (max-width: 1024px) 100vw, 1024px\" \/><\/figure>\n\n\n<p><\/p>\n<p><a href=\"http:\/\/www.michelparent.com\/club\/\"><img loading=\"lazy\" decoding=\"async\" class=\"alignnone size-full wp-image-8818\" src=\"https:\/\/www.galeriebecot.com\/wp-content\/uploads\/2018\/06\/Logo-inscription-1-768x64ok.jpg\" alt=\"\" width=\"657\" height=\"63\" srcset=\"https:\/\/galeriebecot.com\/wp-content\/uploads\/2018\/06\/Logo-inscription-1-768x64ok.jpg 657w, https:\/\/galeriebecot.com\/wp-content\/uploads\/2018\/06\/Logo-inscription-1-768x64ok-300x29.jpg 300w\" sizes=\"auto, (max-width: 657px) 100vw, 657px\" \/><\/a><\/p>\n<p><a href=\"https:\/\/www.galeriebecot.com\/wp-content\/uploads\/2019\/05\/club1.jpg\"><img loading=\"lazy\" decoding=\"async\" class=\"alignnone size-full wp-image-11773\" src=\"https:\/\/www.galeriebecot.com\/wp-content\/uploads\/2019\/05\/club1.jpg\" alt=\"\" width=\"788\" height=\"831\" srcset=\"https:\/\/galeriebecot.com\/wp-content\/uploads\/2019\/05\/club1.jpg 788w, https:\/\/galeriebecot.com\/wp-content\/uploads\/2019\/05\/club1-284x300.jpg 284w, https:\/\/galeriebecot.com\/wp-content\/uploads\/2019\/05\/club1-768x810.jpg 768w\" sizes=\"auto, (max-width: 788px) 100vw, 788px\" \/><\/a><\/p>\n<p><strong><em>Lundi le 18 novembre \u00e0 19h30.<\/em><\/strong><\/p>\n<p><strong>Ph\u00e9nom\u00e8ne normal ? Compr\u00e9hensible ? Acceptable ? S\u00e9bastien Hudon, historien de l&rsquo;art, commissaire ind\u00e9pendant, nous aidera \u00e0 comprendre le ph\u00e9nom\u00e8ne&#8230;.Deux vernissages auront lieu&#8230;.les 14 et 15 novembre , de 17h \u00e0 19h.<\/strong><\/p>\n<p><a href=\"https:\/\/www.facebook.com\/pg\/ClubCAVQ\/videos\/?ref=page_internal\">Un click sur ce lien pour visionner les vid\u00e9os du club<\/a>&nbsp;!<\/p>\n<p><a href=\"https:\/\/www.galeriebecot.com\/wp-content\/uploads\/2019\/05\/Club2.jpg\"><img loading=\"lazy\" decoding=\"async\" class=\"alignnone size-full wp-image-11775\" src=\"https:\/\/www.galeriebecot.com\/wp-content\/uploads\/2019\/05\/Club2.jpg\" alt=\"\" width=\"768\" height=\"819\" srcset=\"https:\/\/galeriebecot.com\/wp-content\/uploads\/2019\/05\/Club2.jpg 768w, https:\/\/galeriebecot.com\/wp-content\/uploads\/2019\/05\/Club2-281x300.jpg 281w\" sizes=\"auto, (max-width: 768px) 100vw, 768px\" \/><\/a><\/p>\n<p><a href=\"https:\/\/michelparent.com\/club\/\"><img loading=\"lazy\" decoding=\"async\" class=\"alignnone size-full wp-image-11776\" src=\"https:\/\/www.galeriebecot.com\/wp-content\/uploads\/2019\/05\/Club3.jpg\" alt=\"\" width=\"736\" height=\"184\" srcset=\"https:\/\/galeriebecot.com\/wp-content\/uploads\/2019\/05\/Club3.jpg 736w, https:\/\/galeriebecot.com\/wp-content\/uploads\/2019\/05\/Club3-300x75.jpg 300w\" sizes=\"auto, (max-width: 736px) 100vw, 736px\" \/><\/a><\/p>\n<p><a href=\"https:\/\/www.galeriebecot.com\/wp-content\/uploads\/2019\/11\/Domus1.jpg\"><img loading=\"lazy\" decoding=\"async\" class=\"alignnone size-full wp-image-12241\" src=\"https:\/\/www.galeriebecot.com\/wp-content\/uploads\/2019\/11\/Domus1.jpg\" alt=\"\" width=\"920\" height=\"675\" srcset=\"https:\/\/galeriebecot.com\/wp-content\/uploads\/2019\/11\/Domus1.jpg 920w, https:\/\/galeriebecot.com\/wp-content\/uploads\/2019\/11\/Domus1-300x220.jpg 300w, https:\/\/galeriebecot.com\/wp-content\/uploads\/2019\/11\/Domus1-768x563.jpg 768w\" sizes=\"auto, (max-width: 920px) 100vw, 920px\" \/><\/a><\/p>\n<p><a href=\"https:\/\/www.galeriebecot.com\/wp-content\/uploads\/2019\/11\/Domus-2.jpg\"><img loading=\"lazy\" decoding=\"async\" class=\"alignnone size-full wp-image-12242\" src=\"https:\/\/www.galeriebecot.com\/wp-content\/uploads\/2019\/11\/Domus-2.jpg\" alt=\"\" width=\"677\" height=\"479\" srcset=\"https:\/\/galeriebecot.com\/wp-content\/uploads\/2019\/11\/Domus-2.jpg 677w, https:\/\/galeriebecot.com\/wp-content\/uploads\/2019\/11\/Domus-2-300x212.jpg 300w\" sizes=\"auto, (max-width: 677px) 100vw, 677px\" \/><\/a><\/p>\n<p><a href=\"https:\/\/www.galeriebecot.com\/wp-content\/uploads\/2019\/11\/Domus3.jpg\"><img loading=\"lazy\" decoding=\"async\" class=\"alignnone size-full wp-image-12243\" src=\"https:\/\/www.galeriebecot.com\/wp-content\/uploads\/2019\/11\/Domus3.jpg\" alt=\"\" width=\"780\" height=\"663\" srcset=\"https:\/\/galeriebecot.com\/wp-content\/uploads\/2019\/11\/Domus3.jpg 780w, https:\/\/galeriebecot.com\/wp-content\/uploads\/2019\/11\/Domus3-300x255.jpg 300w, https:\/\/galeriebecot.com\/wp-content\/uploads\/2019\/11\/Domus3-768x653.jpg 768w\" sizes=\"auto, (max-width: 780px) 100vw, 780px\" \/><\/a><\/p>\n<p><a href=\"https:\/\/www.galeriebecot.com\/wp-content\/uploads\/2019\/11\/Domus-4.jpg\"><img loading=\"lazy\" decoding=\"async\" class=\"alignnone size-full wp-image-12244\" src=\"https:\/\/www.galeriebecot.com\/wp-content\/uploads\/2019\/11\/Domus-4.jpg\" alt=\"\" width=\"779\" height=\"753\" srcset=\"https:\/\/galeriebecot.com\/wp-content\/uploads\/2019\/11\/Domus-4.jpg 779w, https:\/\/galeriebecot.com\/wp-content\/uploads\/2019\/11\/Domus-4-300x290.jpg 300w, https:\/\/galeriebecot.com\/wp-content\/uploads\/2019\/11\/Domus-4-768x742.jpg 768w\" sizes=\"auto, (max-width: 779px) 100vw, 779px\" \/><\/a><\/p>\n<p><a href=\"https:\/\/www.galeriebecot.com\/wp-content\/uploads\/2019\/12\/Domus-Ville-Espagnole.jpg\"><img loading=\"lazy\" decoding=\"async\" class=\"alignnone size-full wp-image-12252\" src=\"https:\/\/www.galeriebecot.com\/wp-content\/uploads\/2019\/12\/Domus-Ville-Espagnole.jpg\" alt=\"\" width=\"756\" height=\"873\" srcset=\"https:\/\/galeriebecot.com\/wp-content\/uploads\/2019\/12\/Domus-Ville-Espagnole.jpg 756w, https:\/\/galeriebecot.com\/wp-content\/uploads\/2019\/12\/Domus-Ville-Espagnole-260x300.jpg 260w\" sizes=\"auto, (max-width: 756px) 100vw, 756px\" \/><\/a><\/p>\n<p><a href=\"https:\/\/www.galeriebecot.com\/wp-content\/uploads\/2019\/11\/domus6.jpg\"><img loading=\"lazy\" decoding=\"async\" class=\"alignnone size-full wp-image-12246\" src=\"https:\/\/www.galeriebecot.com\/wp-content\/uploads\/2019\/11\/domus6.jpg\" alt=\"\" width=\"803\" height=\"904\" srcset=\"https:\/\/galeriebecot.com\/wp-content\/uploads\/2019\/11\/domus6.jpg 803w, https:\/\/galeriebecot.com\/wp-content\/uploads\/2019\/11\/domus6-266x300.jpg 266w, https:\/\/galeriebecot.com\/wp-content\/uploads\/2019\/11\/domus6-768x865.jpg 768w\" sizes=\"auto, (max-width: 803px) 100vw, 803px\" \/><\/a><\/p>\n<p><a href=\"https:\/\/www.galeriebecot.com\/wp-content\/uploads\/2019\/11\/Domus-7.jpg\"><img loading=\"lazy\" decoding=\"async\" class=\"alignnone size-full wp-image-12247\" src=\"https:\/\/www.galeriebecot.com\/wp-content\/uploads\/2019\/11\/Domus-7.jpg\" alt=\"\" width=\"823\" height=\"914\" srcset=\"https:\/\/galeriebecot.com\/wp-content\/uploads\/2019\/11\/Domus-7.jpg 823w, https:\/\/galeriebecot.com\/wp-content\/uploads\/2019\/11\/Domus-7-270x300.jpg 270w, https:\/\/galeriebecot.com\/wp-content\/uploads\/2019\/11\/Domus-7-768x853.jpg 768w\" sizes=\"auto, (max-width: 823px) 100vw, 823px\" \/><\/a><\/p>\n<p><a href=\"https:\/\/www.galeriebecot.com\/wp-content\/uploads\/2019\/11\/Domus88.jpg\"><img loading=\"lazy\" decoding=\"async\" class=\"alignnone size-full wp-image-12249\" src=\"https:\/\/www.galeriebecot.com\/wp-content\/uploads\/2019\/11\/Domus88.jpg\" alt=\"\" width=\"844\" height=\"737\" srcset=\"https:\/\/galeriebecot.com\/wp-content\/uploads\/2019\/11\/Domus88.jpg 844w, https:\/\/galeriebecot.com\/wp-content\/uploads\/2019\/11\/Domus88-300x262.jpg 300w, https:\/\/galeriebecot.com\/wp-content\/uploads\/2019\/11\/Domus88-768x671.jpg 768w\" sizes=\"auto, (max-width: 844px) 100vw, 844px\" \/><\/a><\/p>\n<p><a href=\"https:\/\/ici.radio-canada.ca\/premiere\/emissions\/premiere-heure\/segments\/entrevue\/118029\/envolees-andre-philippe-cote-exposition-galerie-amf?fbclid=IwAR2emjbpLhvLWIUU4Mbxe4nOYrqnRI2vidWmUmzebqVMbEdRWSUjjiVu-lk\"><img loading=\"lazy\" decoding=\"async\" class=\"alignnone size-full wp-image-11393\" src=\"https:\/\/www.galeriebecot.com\/wp-content\/uploads\/2019\/05\/Andre-Philippe-Cote.jpg\" alt=\"\" width=\"782\" height=\"361\" srcset=\"https:\/\/galeriebecot.com\/wp-content\/uploads\/2019\/05\/Andre-Philippe-Cote.jpg 782w, https:\/\/galeriebecot.com\/wp-content\/uploads\/2019\/05\/Andre-Philippe-Cote-300x138.jpg 300w, https:\/\/galeriebecot.com\/wp-content\/uploads\/2019\/05\/Andre-Philippe-Cote-768x355.jpg 768w\" sizes=\"auto, (max-width: 782px) 100vw, 782px\" \/><\/a><\/p>\n<p><img loading=\"lazy\" decoding=\"async\" class=\"alignnone size-full wp-image-11312\" src=\"https:\/\/www.galeriebecot.com\/wp-content\/uploads\/2018\/10\/Andre-Philippe-Cote1.jpg\" alt=\"\" width=\"629\" height=\"833\" srcset=\"https:\/\/galeriebecot.com\/wp-content\/uploads\/2018\/10\/Andre-Philippe-Cote1.jpg 629w, https:\/\/galeriebecot.com\/wp-content\/uploads\/2018\/10\/Andre-Philippe-Cote1-227x300.jpg 227w\" sizes=\"auto, (max-width: 629px) 100vw, 629px\" \/><\/p>\n<p><a href=\"http:\/\/www.galerieamf.com\/\"><img loading=\"lazy\" decoding=\"async\" class=\"alignnone size-full wp-image-11313\" src=\"https:\/\/www.galeriebecot.com\/wp-content\/uploads\/2018\/10\/Andre-Philippe2.jpg\" alt=\"\" width=\"629\" height=\"236\" srcset=\"https:\/\/galeriebecot.com\/wp-content\/uploads\/2018\/10\/Andre-Philippe2.jpg 629w, https:\/\/galeriebecot.com\/wp-content\/uploads\/2018\/10\/Andre-Philippe2-300x113.jpg 300w\" sizes=\"auto, (max-width: 629px) 100vw, 629px\" \/><\/a><\/p>\n<p><strong>Envol\u00e9es<\/strong> \/ Artiste Andr\u00e9-Philippe C\u00f4t\u00e9.<\/p>\n<p>Soir\u00e9e de vernissage : <strong>Jeudi le 16 mai 2019, d\u00e8s 17h.<\/strong><\/p>\n<p><strong>Galerie AMF,<\/strong> au 1 de&nbsp;la c\u00f4te Dinan, \u00e0 Qu\u00e9bec.<\/p>\n<p>RSVP | equipe@brouillardcomm.com| 418 682-6111.<\/p>\n<p><a href=\"https:\/\/www.galeriebecot.com\/wp-content\/uploads\/2019\/05\/Cote1.jpg\"><img loading=\"lazy\" decoding=\"async\" class=\"alignnone wp-image-11412\" src=\"https:\/\/www.galeriebecot.com\/wp-content\/uploads\/2019\/05\/Cote1.jpg\" alt=\"\" width=\"783\" height=\"836\"><\/a><\/p>\n<p><a href=\"https:\/\/www.galeriebecot.com\/wp-content\/uploads\/2019\/05\/Cote2.jpg\"><img loading=\"lazy\" decoding=\"async\" class=\"alignnone size-full wp-image-11414\" src=\"https:\/\/www.galeriebecot.com\/wp-content\/uploads\/2019\/05\/Cote2.jpg\" alt=\"\" width=\"670\" height=\"471\" srcset=\"https:\/\/galeriebecot.com\/wp-content\/uploads\/2019\/05\/Cote2.jpg 670w, https:\/\/galeriebecot.com\/wp-content\/uploads\/2019\/05\/Cote2-300x211.jpg 300w\" sizes=\"auto, (max-width: 670px) 100vw, 670px\" \/><\/a><\/p>\n<p><a href=\"https:\/\/www.galeriebecot.com\/wp-content\/uploads\/2019\/05\/Cote3.jpg\"><img loading=\"lazy\" decoding=\"async\" class=\"alignnone size-full wp-image-11415\" src=\"https:\/\/www.galeriebecot.com\/wp-content\/uploads\/2019\/05\/Cote3.jpg\" alt=\"\" width=\"672\" height=\"1008\" srcset=\"https:\/\/galeriebecot.com\/wp-content\/uploads\/2019\/05\/Cote3.jpg 672w, https:\/\/galeriebecot.com\/wp-content\/uploads\/2019\/05\/Cote3-200x300.jpg 200w\" sizes=\"auto, (max-width: 672px) 100vw, 672px\" \/><\/a><\/p>\n<p><a href=\"https:\/\/www.galeriebecot.com\/wp-content\/uploads\/2019\/05\/Cote4.jpg\"><img loading=\"lazy\" decoding=\"async\" class=\"alignnone size-full wp-image-11417\" src=\"https:\/\/www.galeriebecot.com\/wp-content\/uploads\/2019\/05\/Cote4.jpg\" alt=\"\" width=\"710\" height=\"1005\" srcset=\"https:\/\/galeriebecot.com\/wp-content\/uploads\/2019\/05\/Cote4.jpg 710w, https:\/\/galeriebecot.com\/wp-content\/uploads\/2019\/05\/Cote4-212x300.jpg 212w\" sizes=\"auto, (max-width: 710px) 100vw, 710px\" \/><\/a><\/p>\n<p><a href=\"https:\/\/www.galeriebecot.com\/wp-content\/uploads\/2019\/05\/Cote5.jpg\"><img loading=\"lazy\" decoding=\"async\" class=\"alignnone size-full wp-image-11418\" src=\"https:\/\/www.galeriebecot.com\/wp-content\/uploads\/2019\/05\/Cote5.jpg\" alt=\"\" width=\"689\" height=\"1008\" srcset=\"https:\/\/galeriebecot.com\/wp-content\/uploads\/2019\/05\/Cote5.jpg 689w, https:\/\/galeriebecot.com\/wp-content\/uploads\/2019\/05\/Cote5-205x300.jpg 205w\" sizes=\"auto, (max-width: 689px) 100vw, 689px\" \/><\/a><\/p>\n<p><a href=\"https:\/\/www.galeriebecot.com\/wp-content\/uploads\/2019\/05\/Cote666.jpg\"><img loading=\"lazy\" decoding=\"async\" class=\"alignnone wp-image-11426\" src=\"https:\/\/www.galeriebecot.com\/wp-content\/uploads\/2019\/05\/Cote666.jpg\" alt=\"\" width=\"673\" height=\"1014\"><\/a><\/p>\n<p><\/p>\n<p><a href=\"https:\/\/www.galeriebecot.com\/wp-content\/uploads\/2019\/05\/cote88.jpg\"><img loading=\"lazy\" decoding=\"async\" class=\"alignnone size-full wp-image-11425\" src=\"https:\/\/www.galeriebecot.com\/wp-content\/uploads\/2019\/05\/cote88.jpg\" alt=\"\" width=\"697\" height=\"834\" srcset=\"https:\/\/galeriebecot.com\/wp-content\/uploads\/2019\/05\/cote88.jpg 697w, https:\/\/galeriebecot.com\/wp-content\/uploads\/2019\/05\/cote88-251x300.jpg 251w\" sizes=\"auto, (max-width: 697px) 100vw, 697px\" \/><\/a><\/p>\n<p><a href=\"https:\/\/www.galeriebecot.com\/wp-content\/uploads\/2019\/05\/cote9.jpg\"><img loading=\"lazy\" decoding=\"async\" class=\"alignnone size-full wp-image-11424\" src=\"https:\/\/www.galeriebecot.com\/wp-content\/uploads\/2019\/05\/cote9.jpg\" alt=\"\" width=\"700\" height=\"872\" srcset=\"https:\/\/galeriebecot.com\/wp-content\/uploads\/2019\/05\/cote9.jpg 700w, https:\/\/galeriebecot.com\/wp-content\/uploads\/2019\/05\/cote9-241x300.jpg 241w\" sizes=\"auto, (max-width: 700px) 100vw, 700px\" \/><\/a><\/p>\n<p><a href=\"https:\/\/www.galeriebecot.com\/wp-content\/uploads\/2018\/10\/Motulsky1.jpg\"><img loading=\"lazy\" decoding=\"async\" class=\"alignnone size-full wp-image-9583\" src=\"https:\/\/www.galeriebecot.com\/wp-content\/uploads\/2018\/10\/Motulsky1.jpg\" alt=\"\" width=\"759\" height=\"562\" srcset=\"https:\/\/galeriebecot.com\/wp-content\/uploads\/2018\/10\/Motulsky1.jpg 759w, https:\/\/galeriebecot.com\/wp-content\/uploads\/2018\/10\/Motulsky1-300x222.jpg 300w\" sizes=\"auto, (max-width: 759px) 100vw, 759px\" \/><\/a><\/p>\n<p><iframe loading=\"lazy\" title=\"Bre\u0300che surre\u0301aliste dans le marche\u0301 de l\u2019art\" width=\"700\" height=\"394\" src=\"https:\/\/www.youtube.com\/embed\/q3VNpDY9WuU?feature=oembed\" frameborder=\"0\" allow=\"accelerometer; autoplay; clipboard-write; encrypted-media; gyroscope; picture-in-picture\" allowfullscreen><\/iframe><\/p>\n<p><a href=\"https:\/\/www.galeriebecot.com\/wp-content\/uploads\/2018\/10\/Motulsky2.jpg\"><img loading=\"lazy\" decoding=\"async\" class=\"alignnone size-full wp-image-9585\" src=\"https:\/\/www.galeriebecot.com\/wp-content\/uploads\/2018\/10\/Motulsky2.jpg\" alt=\"\" width=\"762\" height=\"945\" srcset=\"https:\/\/galeriebecot.com\/wp-content\/uploads\/2018\/10\/Motulsky2.jpg 762w, https:\/\/galeriebecot.com\/wp-content\/uploads\/2018\/10\/Motulsky2-242x300.jpg 242w\" sizes=\"auto, (max-width: 762px) 100vw, 762px\" \/><\/a><\/p>\n<p><a href=\"https:\/\/www.galeriebecot.com\/wp-content\/uploads\/2018\/10\/Motulsky3.jpg\"><img loading=\"lazy\" decoding=\"async\" class=\"alignnone size-full wp-image-9586\" src=\"https:\/\/www.galeriebecot.com\/wp-content\/uploads\/2018\/10\/Motulsky3.jpg\" alt=\"\" width=\"769\" height=\"614\" srcset=\"https:\/\/galeriebecot.com\/wp-content\/uploads\/2018\/10\/Motulsky3.jpg 769w, https:\/\/galeriebecot.com\/wp-content\/uploads\/2018\/10\/Motulsky3-300x240.jpg 300w, https:\/\/galeriebecot.com\/wp-content\/uploads\/2018\/10\/Motulsky3-768x613.jpg 768w\" sizes=\"auto, (max-width: 769px) 100vw, 769px\" \/><\/a><\/p>\n<p><a href=\"https:\/\/www.galeriebecot.com\/wp-content\/uploads\/2018\/04\/Motulski1.jpg\"><img loading=\"lazy\" decoding=\"async\" class=\"alignnone size-full wp-image-9543\" src=\"https:\/\/www.galeriebecot.com\/wp-content\/uploads\/2018\/04\/Motulski1.jpg\" alt=\"\" width=\"1000\" height=\"925\" srcset=\"https:\/\/galeriebecot.com\/wp-content\/uploads\/2018\/04\/Motulski1.jpg 1000w, https:\/\/galeriebecot.com\/wp-content\/uploads\/2018\/04\/Motulski1-300x278.jpg 300w, https:\/\/galeriebecot.com\/wp-content\/uploads\/2018\/04\/Motulski1-768x710.jpg 768w\" sizes=\"auto, (max-width: 1000px) 100vw, 1000px\" \/><\/a><\/p>\n<p>Le vernissage : Jeudi le 11 octobre 2018 de17h \u00e0 20h. au 1 de la C\u00f4te Dinan \u00e0 Qu\u00e9bec.<\/p>\n<p><a href=\"https:\/\/www.galeriebecot.com\/wp-content\/uploads\/2018\/10\/Motulski1.jpg\"><img loading=\"lazy\" decoding=\"async\" class=\"alignnone size-large wp-image-9801\" src=\"https:\/\/www.galeriebecot.com\/wp-content\/uploads\/2018\/10\/Motulski1-1024x987.jpg\" alt=\"\" width=\"700\" height=\"675\" srcset=\"https:\/\/galeriebecot.com\/wp-content\/uploads\/2018\/10\/Motulski1-1024x987.jpg 1024w, https:\/\/galeriebecot.com\/wp-content\/uploads\/2018\/10\/Motulski1-300x289.jpg 300w, https:\/\/galeriebecot.com\/wp-content\/uploads\/2018\/10\/Motulski1-768x740.jpg 768w, https:\/\/galeriebecot.com\/wp-content\/uploads\/2018\/10\/Motulski1.jpg 1033w\" sizes=\"auto, (max-width: 700px) 100vw, 700px\" \/><\/a><\/p>\n<p><a href=\"https:\/\/www.galeriebecot.com\/wp-content\/uploads\/2018\/10\/Motulski2.jpg\"><img loading=\"lazy\" decoding=\"async\" class=\"alignnone size-large wp-image-9802\" src=\"https:\/\/www.galeriebecot.com\/wp-content\/uploads\/2018\/10\/Motulski2-1024x860.jpg\" alt=\"\" width=\"700\" height=\"588\" srcset=\"https:\/\/galeriebecot.com\/wp-content\/uploads\/2018\/10\/Motulski2-1024x860.jpg 1024w, https:\/\/galeriebecot.com\/wp-content\/uploads\/2018\/10\/Motulski2-300x252.jpg 300w, https:\/\/galeriebecot.com\/wp-content\/uploads\/2018\/10\/Motulski2-768x645.jpg 768w, https:\/\/galeriebecot.com\/wp-content\/uploads\/2018\/10\/Motulski2.jpg 1277w\" sizes=\"auto, (max-width: 700px) 100vw, 700px\" \/><\/a><\/p>\n<p><a href=\"https:\/\/www.galeriebecot.com\/wp-content\/uploads\/2018\/04\/Motulsky1.jpg\"><img loading=\"lazy\" decoding=\"async\" class=\"alignnone size-large wp-image-8621\" src=\"https:\/\/www.galeriebecot.com\/wp-content\/uploads\/2018\/04\/Motulsky1-956x1024.jpg\" alt=\"\" width=\"700\" height=\"750\" srcset=\"https:\/\/galeriebecot.com\/wp-content\/uploads\/2018\/04\/Motulsky1-956x1024.jpg 956w, https:\/\/galeriebecot.com\/wp-content\/uploads\/2018\/04\/Motulsky1-280x300.jpg 280w, https:\/\/galeriebecot.com\/wp-content\/uploads\/2018\/04\/Motulsky1-768x822.jpg 768w, https:\/\/galeriebecot.com\/wp-content\/uploads\/2018\/04\/Motulsky1.jpg 960w\" sizes=\"auto, (max-width: 700px) 100vw, 700px\" \/><\/a><\/p>\n<p><a href=\"https:\/\/www.galeriebecot.com\/wp-content\/uploads\/2018\/04\/Motulsky2.jpg\"><img loading=\"lazy\" decoding=\"async\" class=\"alignnone size-large wp-image-8622\" src=\"https:\/\/www.galeriebecot.com\/wp-content\/uploads\/2018\/04\/Motulsky2-956x1024.jpg\" alt=\"\" width=\"700\" height=\"750\" srcset=\"https:\/\/galeriebecot.com\/wp-content\/uploads\/2018\/04\/Motulsky2-956x1024.jpg 956w, https:\/\/galeriebecot.com\/wp-content\/uploads\/2018\/04\/Motulsky2-280x300.jpg 280w, https:\/\/galeriebecot.com\/wp-content\/uploads\/2018\/04\/Motulsky2-768x823.jpg 768w, https:\/\/galeriebecot.com\/wp-content\/uploads\/2018\/04\/Motulsky2.jpg 958w\" sizes=\"auto, (max-width: 700px) 100vw, 700px\" \/><\/a><\/p>\n<p><a href=\"https:\/\/www.galeriebecot.com\/wp-content\/uploads\/2018\/04\/Motulsky3.jpg\"><img loading=\"lazy\" decoding=\"async\" class=\"alignnone size-large wp-image-8623\" src=\"https:\/\/www.galeriebecot.com\/wp-content\/uploads\/2018\/04\/Motulsky3-967x1024.jpg\" alt=\"\" width=\"700\" height=\"741\" srcset=\"https:\/\/galeriebecot.com\/wp-content\/uploads\/2018\/04\/Motulsky3-967x1024.jpg 967w, https:\/\/galeriebecot.com\/wp-content\/uploads\/2018\/04\/Motulsky3-283x300.jpg 283w, https:\/\/galeriebecot.com\/wp-content\/uploads\/2018\/04\/Motulsky3-768x813.jpg 768w, https:\/\/galeriebecot.com\/wp-content\/uploads\/2018\/04\/Motulsky3.jpg 971w\" sizes=\"auto, (max-width: 700px) 100vw, 700px\" \/><\/a><\/p>\n<p><a href=\"https:\/\/www.galeriebecot.com\/wp-content\/uploads\/2018\/02\/Motulsky1.jpg\"><img loading=\"lazy\" decoding=\"async\" class=\"alignnone size-full wp-image-8562\" src=\"https:\/\/www.galeriebecot.com\/wp-content\/uploads\/2018\/02\/Motulsky1.jpg\" alt=\"\" width=\"567\" height=\"936\" srcset=\"https:\/\/galeriebecot.com\/wp-content\/uploads\/2018\/02\/Motulsky1.jpg 567w, https:\/\/galeriebecot.com\/wp-content\/uploads\/2018\/02\/Motulsky1-182x300.jpg 182w\" sizes=\"auto, (max-width: 567px) 100vw, 567px\" \/><\/a><\/p>\n<p><a href=\"https:\/\/www.galeriebecot.com\/wp-content\/uploads\/2018\/02\/Motulski2.jpg\"><img loading=\"lazy\" decoding=\"async\" class=\"alignnone size-full wp-image-8563\" src=\"https:\/\/www.galeriebecot.com\/wp-content\/uploads\/2018\/02\/Motulski2.jpg\" alt=\"\" width=\"437\" height=\"828\" srcset=\"https:\/\/galeriebecot.com\/wp-content\/uploads\/2018\/02\/Motulski2.jpg 437w, https:\/\/galeriebecot.com\/wp-content\/uploads\/2018\/02\/Motulski2-158x300.jpg 158w\" sizes=\"auto, (max-width: 437px) 100vw, 437px\" \/><\/a><\/p>\n<p><a href=\"https:\/\/www.galeriebecot.com\/wp-content\/uploads\/2018\/02\/Motulski3.jpg\"><img loading=\"lazy\" decoding=\"async\" class=\"alignnone size-full wp-image-8564\" src=\"https:\/\/www.galeriebecot.com\/wp-content\/uploads\/2018\/02\/Motulski3.jpg\" alt=\"\" width=\"414\" height=\"666\" srcset=\"https:\/\/galeriebecot.com\/wp-content\/uploads\/2018\/02\/Motulski3.jpg 414w, https:\/\/galeriebecot.com\/wp-content\/uploads\/2018\/02\/Motulski3-186x300.jpg 186w\" sizes=\"auto, (max-width: 414px) 100vw, 414px\" \/><\/a><\/p>\n<p>20 avril 2018 &#8211; \u00ab Ouverture \u00bb de la Galerie Alexandre Motulsky-Falardeau.<\/p>\n<div class=\"_xlr\"><span id=\"fbPhotoSnowliftCaption\" class=\"fbPhotosPhotoCaption\" tabindex=\"0\" data-ft=\"{&quot;tn&quot;:&quot;K&quot;}\"><span class=\"hasCaption\">Un vent de fra\u00eecheur, des oeuvres exceptionnelles et magnifiques de Louis Boudreault, Andr\u00e9-Philippe C\u00f4t\u00e9, Serge Lemoine&#8230; BRAVISSIMO !<br><\/span><\/span><\/div>\n<p><a href=\"https:\/\/www.galeriebecot.com\/wp-content\/uploads\/2018\/04\/Vernissage-O.jpg\"><img loading=\"lazy\" decoding=\"async\" class=\"alignnone size-full wp-image-8572\" src=\"https:\/\/www.galeriebecot.com\/wp-content\/uploads\/2018\/04\/Vernissage-O.jpg\" alt=\"\" width=\"720\" height=\"443\" srcset=\"https:\/\/galeriebecot.com\/wp-content\/uploads\/2018\/04\/Vernissage-O.jpg 720w, https:\/\/galeriebecot.com\/wp-content\/uploads\/2018\/04\/Vernissage-O-300x185.jpg 300w\" sizes=\"auto, (max-width: 720px) 100vw, 720px\" \/><\/a><\/p>\n<p>Odette Malouin , &nbsp; &nbsp; &nbsp; Andr\u00e9 B\u00e9cot &nbsp; &nbsp; &nbsp; &nbsp; &nbsp; &nbsp; &nbsp; &nbsp; &nbsp; &nbsp; &nbsp; &nbsp; &nbsp; &nbsp; &nbsp; &nbsp; Reza Dupuis, &nbsp; Richard Vallerand<\/p>\n<p><a href=\"https:\/\/www.galeriebecot.com\/wp-content\/uploads\/2018\/04\/vernissage-Michel.jpg\"><img loading=\"lazy\" decoding=\"async\" class=\"alignnone size-full wp-image-8573\" src=\"https:\/\/www.galeriebecot.com\/wp-content\/uploads\/2018\/04\/vernissage-Michel.jpg\" alt=\"\" width=\"720\" height=\"372\" srcset=\"https:\/\/galeriebecot.com\/wp-content\/uploads\/2018\/04\/vernissage-Michel.jpg 720w, https:\/\/galeriebecot.com\/wp-content\/uploads\/2018\/04\/vernissage-Michel-300x155.jpg 300w\" sizes=\"auto, (max-width: 720px) 100vw, 720px\" \/><\/a><\/p>\n<p>Pierre Lanoie, &nbsp;Kirkov, &nbsp;Nathalie C\u00f4t\u00e9, &nbsp;J\u00e9r\u00f4me Morissette, &nbsp;Michel Parent<\/p>\n<p><a href=\"https:\/\/www.galeriebecot.com\/wp-content\/uploads\/2018\/04\/Vernissage-KlodyGervais.jpg\"><img loading=\"lazy\" decoding=\"async\" class=\"alignnone wp-image-8571\" src=\"https:\/\/www.galeriebecot.com\/wp-content\/uploads\/2018\/04\/Vernissage-KlodyGervais.jpg\" alt=\"\" width=\"440\" height=\"401\"><\/a><\/p>\n<p>Cr\u00e9dit photo : <em>Kl\u00f6dy Tremblay <\/em>&nbsp;et Richard Gervais<\/p>\n<p><a href=\"https:\/\/www.galeriebecot.com\/wp-content\/uploads\/2018\/02\/S.P.Tremblay-rajout.jpg\"><img loading=\"lazy\" decoding=\"async\" class=\"alignnone size-full wp-image-8142\" src=\"https:\/\/www.galeriebecot.com\/wp-content\/uploads\/2018\/02\/S.P.Tremblay-rajout.jpg\" alt=\"\" width=\"639\" height=\"921\" srcset=\"https:\/\/galeriebecot.com\/wp-content\/uploads\/2018\/02\/S.P.Tremblay-rajout.jpg 639w, https:\/\/galeriebecot.com\/wp-content\/uploads\/2018\/02\/S.P.Tremblay-rajout-208x300.jpg 208w\" sizes=\"auto, (max-width: 639px) 100vw, 639px\" \/><\/a><\/p>\n<p><a href=\"https:\/\/www.galeriebecot.com\/wp-content\/uploads\/2018\/02\/Lacerte-Confidences_ok.jpg\"><img loading=\"lazy\" decoding=\"async\" class=\"alignnone size-full wp-image-8092\" src=\"https:\/\/www.galeriebecot.com\/wp-content\/uploads\/2018\/02\/Lacerte-Confidences_ok.jpg\" alt=\"\" width=\"536\" height=\"571\" srcset=\"https:\/\/galeriebecot.com\/wp-content\/uploads\/2018\/02\/Lacerte-Confidences_ok.jpg 536w, https:\/\/galeriebecot.com\/wp-content\/uploads\/2018\/02\/Lacerte-Confidences_ok-282x300.jpg 282w\" sizes=\"auto, (max-width: 536px) 100vw, 536px\" \/><\/a><\/p>\n<p>La nouvelle galerie Alexandre Motulsky Falardeau ouvre ce soir le 21 avril. &nbsp;Apr\u00e8s 44 ans de pr\u00e9sence \u00e0 Qu\u00e9bec,Lacerte art contemporain ( sous ce nom depuis 2003 ) fermera ses portes le 31 mars prochain.<\/p>\n<p><a href=\"http:\/\/galerielacerte.com\/fr\/\"><img loading=\"lazy\" decoding=\"async\" class=\"alignnone size-full wp-image-8083\" src=\"https:\/\/www.galeriebecot.com\/wp-content\/uploads\/2018\/02\/fermeture.jpg\" alt=\"\" width=\"526\" height=\"204\" srcset=\"https:\/\/galeriebecot.com\/wp-content\/uploads\/2018\/02\/fermeture.jpg 526w, https:\/\/galeriebecot.com\/wp-content\/uploads\/2018\/02\/fermeture-300x116.jpg 300w\" sizes=\"auto, (max-width: 526px) 100vw, 526px\" \/><\/a><\/p>\n<p>Louis Lacerte a accept\u00e9 la proposition du Club de tenir une soir\u00e9e hommage qui lui permettra, dans une formule de dialogue ouvert avec l&rsquo;auditoire, de livrer sa pens\u00e9e sur l&rsquo;art en g\u00e9n\u00e9ral&#8230;.<\/p>\n<p><a href=\"http:\/\/www.michelparent.com\/club\/\">Inscription pour recevoir les invitations par courriel :<\/a>&nbsp;<a href=\"http:\/\/www.michelparent.com\/club\/\"><img loading=\"lazy\" decoding=\"async\" class=\"alignnone wp-image-8086\" src=\"https:\/\/www.galeriebecot.com\/wp-content\/uploads\/2018\/02\/ccavq-logo.png\" alt=\"\" width=\"194\" height=\"37\"><\/a><\/p>\n<p><a href=\"https:\/\/www.galeriebecot.com\/wp-content\/uploads\/2018\/02\/Marc-Bellemare-et-Louis-Lacerte1.jpg\"><img loading=\"lazy\" decoding=\"async\" class=\"alignnone size-full wp-image-8200\" src=\"https:\/\/www.galeriebecot.com\/wp-content\/uploads\/2018\/02\/Marc-Bellemare-et-Louis-Lacerte1.jpg\" alt=\"\" width=\"576\" height=\"386\" srcset=\"https:\/\/galeriebecot.com\/wp-content\/uploads\/2018\/02\/Marc-Bellemare-et-Louis-Lacerte1.jpg 576w, https:\/\/galeriebecot.com\/wp-content\/uploads\/2018\/02\/Marc-Bellemare-et-Louis-Lacerte1-300x201.jpg 300w\" sizes=\"auto, (max-width: 576px) 100vw, 576px\" \/><\/a><\/p>\n<p>Monsieur Marc Bellemare et Monsieur Louis Lacerte<\/p>\n<p>Conf\u00e9rence du 19 f\u00e9vrier 2018 chez Galerie Lacerte &nbsp;<em>(cr\u00e9dit photo: Serge Philippe Tremblay)<\/em><\/p>\n<p><a href=\"https:\/\/www.galeriebecot.com\/wp-content\/uploads\/2018\/02\/Lacerte-conference.jpg\"><img loading=\"lazy\" decoding=\"async\" class=\"alignnone size-large wp-image-8198\" src=\"https:\/\/www.galeriebecot.com\/wp-content\/uploads\/2018\/02\/Lacerte-conference-1024x455.jpg\" alt=\"\" width=\"700\" height=\"311\" srcset=\"https:\/\/galeriebecot.com\/wp-content\/uploads\/2018\/02\/Lacerte-conference-1024x455.jpg 1024w, https:\/\/galeriebecot.com\/wp-content\/uploads\/2018\/02\/Lacerte-conference-300x133.jpg 300w, https:\/\/galeriebecot.com\/wp-content\/uploads\/2018\/02\/Lacerte-conference-768x341.jpg 768w, https:\/\/galeriebecot.com\/wp-content\/uploads\/2018\/02\/Lacerte-conference.jpg 1152w\" sizes=\"auto, (max-width: 700px) 100vw, 700px\" \/><\/a><\/p>\n<p>Conf\u00e9rence du 19 f\u00e9vrier 2018 chez Galerie Lacerte &nbsp;<em>(cr\u00e9dit photo: Serge Philippe Tremblay)<\/em><\/p>\n<p>LeSoleil \/ 29 janvier 2012<\/p>\n<p><a href=\"https:\/\/www.galeriebecot.com\/wp-content\/uploads\/2018\/02\/lacerte1.jpg\"><img loading=\"lazy\" decoding=\"async\" class=\"alignnone size-large wp-image-8177\" src=\"https:\/\/www.galeriebecot.com\/wp-content\/uploads\/2018\/02\/lacerte1-699x1024.jpg\" alt=\"\" width=\"699\" height=\"1024\" srcset=\"https:\/\/galeriebecot.com\/wp-content\/uploads\/2018\/02\/lacerte1-699x1024.jpg 699w, https:\/\/galeriebecot.com\/wp-content\/uploads\/2018\/02\/lacerte1-205x300.jpg 205w, https:\/\/galeriebecot.com\/wp-content\/uploads\/2018\/02\/lacerte1.jpg 762w\" sizes=\"auto, (max-width: 699px) 100vw, 699px\" \/><\/a><\/p>\n<p><a href=\"https:\/\/www.galeriebecot.com\/wp-content\/uploads\/2018\/02\/Lacerte2.jpg\"><img loading=\"lazy\" decoding=\"async\" class=\"alignnone size-full wp-image-8178\" src=\"https:\/\/www.galeriebecot.com\/wp-content\/uploads\/2018\/02\/Lacerte2.jpg\" alt=\"\" width=\"764\" height=\"133\" srcset=\"https:\/\/galeriebecot.com\/wp-content\/uploads\/2018\/02\/Lacerte2.jpg 764w, https:\/\/galeriebecot.com\/wp-content\/uploads\/2018\/02\/Lacerte2-300x52.jpg 300w\" sizes=\"auto, (max-width: 764px) 100vw, 764px\" \/><\/a><\/p>\n<p><a href=\"https:\/\/www.galeriebecot.com\/wp-content\/uploads\/2018\/02\/lacerte3.jpg\"><img loading=\"lazy\" decoding=\"async\" class=\"alignnone size-full wp-image-8179\" src=\"https:\/\/www.galeriebecot.com\/wp-content\/uploads\/2018\/02\/lacerte3.jpg\" alt=\"\" width=\"769\" height=\"576\" srcset=\"https:\/\/galeriebecot.com\/wp-content\/uploads\/2018\/02\/lacerte3.jpg 769w, https:\/\/galeriebecot.com\/wp-content\/uploads\/2018\/02\/lacerte3-300x225.jpg 300w, https:\/\/galeriebecot.com\/wp-content\/uploads\/2018\/02\/lacerte3-768x575.jpg 768w\" sizes=\"auto, (max-width: 769px) 100vw, 769px\" \/><\/a><\/p>\n<p><a href=\"https:\/\/www.galeriebecot.com\/wp-content\/uploads\/2018\/02\/lacerte4.jpg\"><img loading=\"lazy\" decoding=\"async\" class=\"alignnone size-full wp-image-8180\" src=\"https:\/\/www.galeriebecot.com\/wp-content\/uploads\/2018\/02\/lacerte4.jpg\" alt=\"\" width=\"766\" height=\"993\" srcset=\"https:\/\/galeriebecot.com\/wp-content\/uploads\/2018\/02\/lacerte4.jpg 766w, https:\/\/galeriebecot.com\/wp-content\/uploads\/2018\/02\/lacerte4-231x300.jpg 231w\" sizes=\"auto, (max-width: 766px) 100vw, 766px\" \/><\/a><\/p>\n<p><a href=\"https:\/\/www.galeriebecot.com\/wp-content\/uploads\/2018\/02\/Galerie-Motulsky.jpg\"><img loading=\"lazy\" decoding=\"async\" class=\"alignnone size-full wp-image-8183\" src=\"https:\/\/www.galeriebecot.com\/wp-content\/uploads\/2018\/02\/Galerie-Motulsky.jpg\" alt=\"\" width=\"510\" height=\"1005\" srcset=\"https:\/\/galeriebecot.com\/wp-content\/uploads\/2018\/02\/Galerie-Motulsky.jpg 510w, https:\/\/galeriebecot.com\/wp-content\/uploads\/2018\/02\/Galerie-Motulsky-152x300.jpg 152w\" sizes=\"auto, (max-width: 510px) 100vw, 510px\" \/><\/a><\/p>","protected":false},"excerpt":{"rendered":"<p>Un clic sur ce lien pour la visite virtuelle de la Galerie Alexandre Motulsky-Falardeau. \u00c0 ne pas manquer&#8230;.c&rsquo;est magnifique ! Andr\u00e9- Philippe C\u00f4t\u00e9 \u00ab\u00a0 Exposition r\u00e9trospective : 50 ans de&hellip; <\/p>\n","protected":false},"author":1,"featured_media":0,"comment_status":"open","ping_status":"open","sticky":false,"template":"","format":"standard","meta":{"_exactmetrics_skip_tracking":false,"_exactmetrics_sitenote_active":false,"_exactmetrics_sitenote_note":"","_exactmetrics_sitenote_category":0,"footnotes":""},"categories":[27,17,18],"tags":[1984,34,539,3457,1981,1980,113,2537,6,2860,120,3456,3847,35,3455,3849,3854,3071,1983,2861,2132,3845,3853,2857,687,1443,244,3848,2130,2131,2133,174,136,1978,2858,2145,1976,1982,2538,33,58,2859,1977,882,1192,2536,3070,134,1587,458,162,2129,2046,189,2856,3846,1975,3851,1205,180,1979,2017,2862,37,3852,40,3850],"class_list":["post-8074","post","type-post","status-publish","format-standard","hentry","category-artistes","category-conference","category-evenement","tag-alexandre-motulsky","tag-andre-becot","tag-andre-philippe-cote","tag-bernard-brault","tag-binet","tag-bougie","tag-bureau","tag-calder","tag-club-des-collectionneurs-en-arts-visuels-de-quebec","tag-conrad-tremblay","tag-darby","tag-eric-clement-2","tag-eruoma-awashish","tag-foire-en-arts-actuel","tag-francine-simonin","tag-gabriel-dumond","tag-galerie-lacerte-2","tag-galerie-alexandre-motulskjy","tag-galerie-alexandre-motulsky-falardeau","tag-gerard-tremblay","tag-gervais-richard","tag-guy-sioui-durand","tag-isaac-bignell","tag-janine-leroux-guillaume","tag-jean-paul-riopelle","tag-jerome-morissette","tag-josianne-desloges","tag-joyce-echaquan","tag-kirkov","tag-klody","tag-la-presse","tag-lacerte-art-contemporain","tag-lemieux","tag-lemoyne","tag-leon-bellefleur","tag-louis-boudreaullt","tag-louis-lacerte","tag-madeleine-lacerte","tag-magritte","tag-marc-bellemare","tag-marc-bellemare-collectionneur","tag-marguerite-kittie-bruneau","tag-mcewen","tag-michel-parent","tag-mill","tag-miro","tag-miville","tag-morin","tag-nathalie-cote","tag-pierre-lanoie","tag-refus-global","tag-reza-dupuis","tag-richard-vallerand","tag-riopelle","tag-roland-leo-giguere","tag-sandra-godi9n","tag-sandra-godin","tag-sarah-cleary","tag-sebastien-hudon","tag-serge-lemoyne","tag-simonin","tag-sophie-grenier-heroux","tag-stevens-leblanc","tag-studio-becot","tag-teharihulen-michel-savard","tag-visuals-arts","tag-zacharie-vincent"],"_links":{"self":[{"href":"https:\/\/galeriebecot.com\/index.php?rest_route=\/wp\/v2\/posts\/8074","targetHints":{"allow":["GET"]}}],"collection":[{"href":"https:\/\/galeriebecot.com\/index.php?rest_route=\/wp\/v2\/posts"}],"about":[{"href":"https:\/\/galeriebecot.com\/index.php?rest_route=\/wp\/v2\/types\/post"}],"author":[{"embeddable":true,"href":"https:\/\/galeriebecot.com\/index.php?rest_route=\/wp\/v2\/users\/1"}],"replies":[{"embeddable":true,"href":"https:\/\/galeriebecot.com\/index.php?rest_route=%2Fwp%2Fv2%2Fcomments&post=8074"}],"version-history":[{"count":87,"href":"https:\/\/galeriebecot.com\/index.php?rest_route=\/wp\/v2\/posts\/8074\/revisions"}],"predecessor-version":[{"id":15789,"href":"https:\/\/galeriebecot.com\/index.php?rest_route=\/wp\/v2\/posts\/8074\/revisions\/15789"}],"wp:attachment":[{"href":"https:\/\/galeriebecot.com\/index.php?rest_route=%2Fwp%2Fv2%2Fmedia&parent=8074"}],"wp:term":[{"taxonomy":"category","embeddable":true,"href":"https:\/\/galeriebecot.com\/index.php?rest_route=%2Fwp%2Fv2%2Fcategories&post=8074"},{"taxonomy":"post_tag","embeddable":true,"href":"https:\/\/galeriebecot.com\/index.php?rest_route=%2Fwp%2Fv2%2Ftags&post=8074"}],"curies":[{"name":"wp","href":"https:\/\/api.w.org\/{rel}","templated":true}]}}