{"id":8028,"date":"2018-10-10T13:36:21","date_gmt":"2018-10-10T17:36:21","guid":{"rendered":"http:\/\/www.clubdescollectionneursenartsvisuelsdequebec.com\/?p=8028"},"modified":"2018-10-27T17:22:29","modified_gmt":"2018-10-27T21:22:29","slug":"darby-pallafray-vernissage-le-jeudi-18-janvier-a-17h30","status":"publish","type":"post","link":"https:\/\/galeriebecot.com\/?p=8028","title":{"rendered":"Paul Duval expose \u00e0 Qu\u00e9bec et Philippe Pallafray \u00e0 l&rsquo;Art Fair Toronto"},"content":{"rendered":"<p>&nbsp;<\/p>\n<p><a href=\"https:\/\/www.galeriebecot.com\/wp-content\/uploads\/2018\/01\/Duval11.jpg\"><img loading=\"lazy\" decoding=\"async\" class=\"alignnone size-full wp-image-9629\" src=\"https:\/\/www.galeriebecot.com\/wp-content\/uploads\/2018\/01\/Duval11.jpg\" alt=\"\" width=\"604\" height=\"529\" srcset=\"https:\/\/galeriebecot.com\/wp-content\/uploads\/2018\/01\/Duval11.jpg 604w, https:\/\/galeriebecot.com\/wp-content\/uploads\/2018\/01\/Duval11-300x263.jpg 300w\" sizes=\"auto, (max-width: 604px) 100vw, 604px\" \/><\/a><\/p>\n<p>Paul Duval et Philippe Pallafray.<\/p>\n<p><a href=\"https:\/\/oenogallery.com\"><img loading=\"lazy\" decoding=\"async\" class=\"alignnone size-full wp-image-9676\" src=\"https:\/\/www.galeriebecot.com\/wp-content\/uploads\/2018\/10\/Oeno.jpg\" alt=\"\" width=\"361\" height=\"134\" srcset=\"https:\/\/galeriebecot.com\/wp-content\/uploads\/2018\/10\/Oeno.jpg 361w, https:\/\/galeriebecot.com\/wp-content\/uploads\/2018\/10\/Oeno-300x111.jpg 300w\" sizes=\"auto, (max-width: 361px) 100vw, 361px\" \/><\/a><\/p>\n<p>Natif de la Beauce, Paul Duval joue avec la mati\u00e8re depuis son enfance&#8230;.D\u2019origine fran\u00e7aise, Philippe Pallafray\u00a0a immigr\u00e9\u00a0au Qu\u00e9bec en 2006.\u00a0Il vit aujourd&rsquo;hui \u00e0 l&rsquo;\u00eele d&rsquo;Orl\u00e9ans<\/p>\n<p><a href=\"https:\/\/www.sculpturepaulduval.com\/\"><img loading=\"lazy\" decoding=\"async\" class=\"alignnone size-full wp-image-9635\" src=\"https:\/\/www.galeriebecot.com\/wp-content\/uploads\/2018\/10\/Paul-Duval-Demarche.jpg\" alt=\"\" width=\"764\" height=\"941\" srcset=\"https:\/\/galeriebecot.com\/wp-content\/uploads\/2018\/10\/Paul-Duval-Demarche.jpg 764w, https:\/\/galeriebecot.com\/wp-content\/uploads\/2018\/10\/Paul-Duval-Demarche-244x300.jpg 244w\" sizes=\"auto, (max-width: 764px) 100vw, 764px\" \/><\/a><\/p>\n<p>Darby-Pallafray, du 14 au 25 f\u00e9vrier 2018.<\/p>\n<p>Salle Jean Paul Lemieux (biblioth\u00e8que \u00c9tienne-Parent).<\/p>\n<p>3515 rue Clemenceau,Qu\u00e9bec.<\/p>\n<p>Mardi au Vendredi : 14h \u00e0 21h (ferm\u00e9 entre 17h et 18h).<\/p>\n<p>Samedi et dimanche ; 13h \u00e0 17h.<\/p>\n<p><a href=\"https:\/\/oenogallery.com\"><img loading=\"lazy\" decoding=\"async\" class=\"alignnone size-full wp-image-9676\" src=\"https:\/\/www.galeriebecot.com\/wp-content\/uploads\/2018\/10\/Oeno.jpg\" alt=\"\" width=\"361\" height=\"134\" srcset=\"https:\/\/galeriebecot.com\/wp-content\/uploads\/2018\/10\/Oeno.jpg 361w, https:\/\/galeriebecot.com\/wp-content\/uploads\/2018\/10\/Oeno-300x111.jpg 300w\" sizes=\"auto, (max-width: 361px) 100vw, 361px\" \/><\/a><\/p>\n<p><a href=\"https:\/\/oenogallery.com\"><img loading=\"lazy\" decoding=\"async\" class=\"alignnone size-full wp-image-9665\" src=\"https:\/\/www.galeriebecot.com\/wp-content\/uploads\/2018\/10\/Pallafray.jpg\" alt=\"\" width=\"755\" height=\"732\" srcset=\"https:\/\/galeriebecot.com\/wp-content\/uploads\/2018\/10\/Pallafray.jpg 755w, https:\/\/galeriebecot.com\/wp-content\/uploads\/2018\/10\/Pallafray-300x291.jpg 300w\" sizes=\"auto, (max-width: 755px) 100vw, 755px\" \/><\/a><\/p>\n<p><a href=\"https:\/\/www.pallafray.com\/\">Philippe PALLAFRAY<\/a><\/p>\n<p>Philippe Pallafray est membre de la Soci\u00e9t\u00e9 des sculpteurs canadiens. Ses oeuvres font partie de collections publiques (Wellington Heritage\u00a0Mus\u00e9um Ontario,\u00a0Royal Botanical Garden Ontario, Parc Veilleux Qu\u00e9bec)\u00a0et priv\u00e9es au Canada, aux \u00c9tats-Unis et en France.\u00a0D\u2019origine fran\u00e7aise, il a immigr\u00e9\u00a0au Qu\u00e9bec en 2006.\u00a0Il vit aujourd&rsquo;hui \u00e0 l&rsquo;\u00eele d&rsquo;Orl\u00e9ans avec sa famille. Il\u00a0expose r\u00e9guli\u00e8rement son travail au Canada et aux \u00c9tats-Unis.<\/p>\n<p>&nbsp;<\/p>\n<p><a href=\"https:\/\/www.galeriebecot.com\/wp-content\/uploads\/2018\/01\/Don1.jpg\"><img loading=\"lazy\" decoding=\"async\" class=\"alignnone size-full wp-image-8052\" src=\"https:\/\/www.galeriebecot.com\/wp-content\/uploads\/2018\/01\/Don1.jpg\" alt=\"\" width=\"800\" height=\"938\" srcset=\"https:\/\/galeriebecot.com\/wp-content\/uploads\/2018\/01\/Don1.jpg 800w, https:\/\/galeriebecot.com\/wp-content\/uploads\/2018\/01\/Don1-256x300.jpg 256w, https:\/\/galeriebecot.com\/wp-content\/uploads\/2018\/01\/Don1-768x900.jpg 768w\" sizes=\"auto, (max-width: 800px) 100vw, 800px\" \/><\/a><\/p>\n<p>Le journal de Qu\u00e9bec, le jeudi 25 janvier 2018, par <strong><em>Sandra Godin<\/em><\/strong><\/p>\n<p><a href=\"https:\/\/www.galeriebecot.com\/wp-content\/uploads\/2018\/01\/Don2.jpg\"><img loading=\"lazy\" decoding=\"async\" class=\"alignnone size-full wp-image-8053\" src=\"https:\/\/www.galeriebecot.com\/wp-content\/uploads\/2018\/01\/Don2.jpg\" alt=\"\" width=\"761\" height=\"535\" srcset=\"https:\/\/galeriebecot.com\/wp-content\/uploads\/2018\/01\/Don2.jpg 761w, https:\/\/galeriebecot.com\/wp-content\/uploads\/2018\/01\/Don2-300x211.jpg 300w\" sizes=\"auto, (max-width: 761px) 100vw, 761px\" \/><\/a><\/p>\n<p><a href=\"https:\/\/www.galeriebecot.com\/wp-content\/uploads\/2018\/01\/Don3.jpg\"><img loading=\"lazy\" decoding=\"async\" class=\"alignnone size-large wp-image-8054\" src=\"https:\/\/www.galeriebecot.com\/wp-content\/uploads\/2018\/01\/Don3-548x1024.jpg\" alt=\"\" width=\"548\" height=\"1024\" srcset=\"https:\/\/galeriebecot.com\/wp-content\/uploads\/2018\/01\/Don3-548x1024.jpg 548w, https:\/\/galeriebecot.com\/wp-content\/uploads\/2018\/01\/Don3-160x300.jpg 160w, https:\/\/galeriebecot.com\/wp-content\/uploads\/2018\/01\/Don3.jpg 552w\" sizes=\"auto, (max-width: 548px) 100vw, 548px\" \/><\/a><\/p>\n<p><a href=\"https:\/\/www.galeriebecot.com\/wp-content\/uploads\/2018\/01\/Don4.jpg\"><img loading=\"lazy\" decoding=\"async\" class=\"alignnone size-full wp-image-8055\" src=\"https:\/\/www.galeriebecot.com\/wp-content\/uploads\/2018\/01\/Don4.jpg\" alt=\"\" width=\"551\" height=\"851\" srcset=\"https:\/\/galeriebecot.com\/wp-content\/uploads\/2018\/01\/Don4.jpg 551w, https:\/\/galeriebecot.com\/wp-content\/uploads\/2018\/01\/Don4-194x300.jpg 194w\" sizes=\"auto, (max-width: 551px) 100vw, 551px\" \/><\/a><\/p>\n<p><a href=\"https:\/\/www.galeriebecot.com\/?p=2067\">Don Darby<\/a><\/p>\n<p><a href=\"https:\/\/www.youtube.com\/watch?v=gzbfRg27Lfk\">Don Darby clip<\/a><\/p>\n<p><a href=\"http:\/\/www.pallafray.com\">http:\/\/www.pallafray.com<\/a><\/p>\n<p><a href=\"http:\/\/sahb.ca\/\"><img loading=\"lazy\" decoding=\"async\" class=\"alignnone size-full wp-image-8029\" src=\"https:\/\/www.galeriebecot.com\/wp-content\/uploads\/2018\/01\/Carton-Darby-Pallafray.jpg\" alt=\"\" width=\"639\" height=\"280\" srcset=\"https:\/\/galeriebecot.com\/wp-content\/uploads\/2018\/01\/Carton-Darby-Pallafray.jpg 639w, https:\/\/galeriebecot.com\/wp-content\/uploads\/2018\/01\/Carton-Darby-Pallafray-300x131.jpg 300w\" sizes=\"auto, (max-width: 639px) 100vw, 639px\" \/><\/a><\/p>\n<p><a href=\"https:\/\/www.galeriebecot.com\/wp-content\/uploads\/2018\/01\/Carton-Darby-Pallafray-2.jpg\"><img loading=\"lazy\" decoding=\"async\" class=\"alignnone size-large wp-image-8030\" src=\"https:\/\/www.galeriebecot.com\/wp-content\/uploads\/2018\/01\/Carton-Darby-Pallafray-2-1024x432.jpg\" alt=\"\" width=\"700\" height=\"295\" srcset=\"https:\/\/galeriebecot.com\/wp-content\/uploads\/2018\/01\/Carton-Darby-Pallafray-2-1024x432.jpg 1024w, https:\/\/galeriebecot.com\/wp-content\/uploads\/2018\/01\/Carton-Darby-Pallafray-2-300x127.jpg 300w, https:\/\/galeriebecot.com\/wp-content\/uploads\/2018\/01\/Carton-Darby-Pallafray-2-768x324.jpg 768w, https:\/\/galeriebecot.com\/wp-content\/uploads\/2018\/01\/Carton-Darby-Pallafray-2.jpg 1332w\" sizes=\"auto, (max-width: 700px) 100vw, 700px\" \/><\/a><\/p>\n<p><a href=\"https:\/\/www.galeriebecot.com\/wp-content\/uploads\/2018\/01\/presse-darby-pallafray.jpg\"><img loading=\"lazy\" decoding=\"async\" class=\"alignnone size-full wp-image-8042\" src=\"https:\/\/www.galeriebecot.com\/wp-content\/uploads\/2018\/01\/presse-darby-pallafray.jpg\" alt=\"\" width=\"768\" height=\"994\" srcset=\"https:\/\/galeriebecot.com\/wp-content\/uploads\/2018\/01\/presse-darby-pallafray.jpg 768w, https:\/\/galeriebecot.com\/wp-content\/uploads\/2018\/01\/presse-darby-pallafray-232x300.jpg 232w\" sizes=\"auto, (max-width: 768px) 100vw, 768px\" \/><\/a><\/p>\n<p>&nbsp;<\/p>\n","protected":false},"excerpt":{"rendered":"<p>&nbsp; Paul Duval et Philippe Pallafray. Natif de la Beauce, Paul Duval joue avec la mati\u00e8re depuis son enfance&#8230;.D\u2019origine fran\u00e7aise, Philippe Pallafray\u00a0a immigr\u00e9\u00a0au Qu\u00e9bec en 2006.\u00a0Il vit aujourd&rsquo;hui \u00e0 l&rsquo;\u00eele&hellip; <\/p>\n","protected":false},"author":1,"featured_media":0,"comment_status":"open","ping_status":"open","sticky":false,"template":"","format":"standard","meta":{"_exactmetrics_skip_tracking":false,"_exactmetrics_sitenote_active":false,"_exactmetrics_sitenote_note":"","_exactmetrics_sitenote_category":0,"footnotes":""},"categories":[27,18],"tags":[34,1893,43,6,752,35,1176,58,1575,1431,1975,1422,37,40],"class_list":["post-8028","post","type-post","status-publish","format-standard","hentry","category-artistes","category-evenement","tag-andre-becot","tag-anne-yvonne-jouan","tag-arts-visuels","tag-club-des-collectionneurs-en-arts-visuels-de-quebec","tag-darby-don","tag-foire-en-arts-actuel","tag-journal-de-quebec","tag-marc-bellemare-collectionneur","tag-pallafray-philippe","tag-paul-duval","tag-sandra-godin","tag-societe-dart-et-dhistoire-de-beauport","tag-studio-becot","tag-visuals-arts"],"_links":{"self":[{"href":"https:\/\/galeriebecot.com\/index.php?rest_route=\/wp\/v2\/posts\/8028","targetHints":{"allow":["GET"]}}],"collection":[{"href":"https:\/\/galeriebecot.com\/index.php?rest_route=\/wp\/v2\/posts"}],"about":[{"href":"https:\/\/galeriebecot.com\/index.php?rest_route=\/wp\/v2\/types\/post"}],"author":[{"embeddable":true,"href":"https:\/\/galeriebecot.com\/index.php?rest_route=\/wp\/v2\/users\/1"}],"replies":[{"embeddable":true,"href":"https:\/\/galeriebecot.com\/index.php?rest_route=%2Fwp%2Fv2%2Fcomments&post=8028"}],"version-history":[{"count":30,"href":"https:\/\/galeriebecot.com\/index.php?rest_route=\/wp\/v2\/posts\/8028\/revisions"}],"predecessor-version":[{"id":9680,"href":"https:\/\/galeriebecot.com\/index.php?rest_route=\/wp\/v2\/posts\/8028\/revisions\/9680"}],"wp:attachment":[{"href":"https:\/\/galeriebecot.com\/index.php?rest_route=%2Fwp%2Fv2%2Fmedia&parent=8028"}],"wp:term":[{"taxonomy":"category","embeddable":true,"href":"https:\/\/galeriebecot.com\/index.php?rest_route=%2Fwp%2Fv2%2Fcategories&post=8028"},{"taxonomy":"post_tag","embeddable":true,"href":"https:\/\/galeriebecot.com\/index.php?rest_route=%2Fwp%2Fv2%2Ftags&post=8028"}],"curies":[{"name":"wp","href":"https:\/\/api.w.org\/{rel}","templated":true}]}}