{"id":7715,"date":"2017-10-08T17:54:07","date_gmt":"2017-10-08T21:54:07","guid":{"rendered":"http:\/\/www.clubdescollectionneursenartsvisuelsdequebec.com\/?p=7715"},"modified":"2017-11-03T14:41:53","modified_gmt":"2017-11-03T18:41:53","slug":"dejouer-les-sens-_-la-fonderie-dart-actuel-dans-tous-se-etats","status":"publish","type":"post","link":"https:\/\/galeriebecot.com\/?p=7715","title":{"rendered":"D\u00e9jouer les sens _ La fonderie d&rsquo;art actuel dans tous se \u00e9tats"},"content":{"rendered":"<p><a href=\"https:\/\/www.galeriebecot.com\/wp-content\/uploads\/2017\/10\/Aline-.jpg\"><img loading=\"lazy\" decoding=\"async\" class=\"alignnone size-full wp-image-7869\" src=\"https:\/\/www.galeriebecot.com\/wp-content\/uploads\/2017\/10\/Aline-.jpg\" alt=\"\" width=\"432\" height=\"427\" srcset=\"https:\/\/galeriebecot.com\/wp-content\/uploads\/2017\/10\/Aline-.jpg 432w, https:\/\/galeriebecot.com\/wp-content\/uploads\/2017\/10\/Aline--300x297.jpg 300w\" sizes=\"auto, (max-width: 432px) 100vw, 432px\" \/><\/a><\/p>\n<p>Aline Martineau ( artiste) et Andr\u00e9 B\u00e9cot(artiste) \/vernissage du 1\u00a0novembre 2017.<\/p>\n<p><a href=\"https:\/\/www.galeriebecot.com\/wp-content\/uploads\/2017\/10\/centre.jpg\"><img loading=\"lazy\" decoding=\"async\" class=\"alignnone size-full wp-image-7751\" src=\"https:\/\/www.galeriebecot.com\/wp-content\/uploads\/2017\/10\/centre.jpg\" alt=\"\" width=\"569\" height=\"670\" srcset=\"https:\/\/galeriebecot.com\/wp-content\/uploads\/2017\/10\/centre.jpg 569w, https:\/\/galeriebecot.com\/wp-content\/uploads\/2017\/10\/centre-255x300.jpg 255w\" sizes=\"auto, (max-width: 569px) 100vw, 569px\" \/><\/a><\/p>\n<p><iframe loading=\"lazy\" width=\"700\" height=\"394\" src=\"https:\/\/www.youtube.com\/embed\/aGtP6oVpd6w?feature=oembed\" frameborder=\"0\" gesture=\"media\" allowfullscreen><\/iframe><\/p>\n<p>Victoriaville.<\/p>\n<p>Centre d&rsquo;Art Jacques et Michel Auger.<\/p>\n<p>L&rsquo;atelier du bronze d&rsquo;inverness.<\/p>\n<p>2 novembre au 16 d\u00e9cembre 2017<\/p>\n<div class=\"grid_left\">\n<div class=\"dico_exergue_1\">ART ACTUEL<\/div>\n<\/div>\n<div class=\"grid_last\"><em>Forme contemporaine de l&rsquo;art qui regroupe les oeuvres\u00a0produites \u00e0 partir de la deuxi\u00e8me moiti\u00e9 du XXe si\u00e8cle.<\/em><\/div>\n<p>&nbsp;<\/p>\n","protected":false},"excerpt":{"rendered":"<p>Aline Martineau ( artiste) et Andr\u00e9 B\u00e9cot(artiste) \/vernissage du 1\u00a0novembre 2017. Victoriaville. Centre d&rsquo;Art Jacques et Michel Auger. L&rsquo;atelier du bronze d&rsquo;inverness. 2 novembre au 16 d\u00e9cembre 2017 ART ACTUEL&hellip; <\/p>\n","protected":false},"author":1,"featured_media":0,"comment_status":"open","ping_status":"open","sticky":false,"template":"","format":"standard","meta":{"_exactmetrics_skip_tracking":false,"_exactmetrics_sitenote_active":false,"_exactmetrics_sitenote_note":"","_exactmetrics_sitenote_category":0,"footnotes":""},"categories":[27],"tags":[1817,1394,34,1087,735,1809,1811,1807,1816,35,1815,1261,1022,1814,1806,58,1813,648,1808,1810,1812,37,40],"class_list":["post-7715","post","type-post","status-publish","format-standard","hentry","category-artistes","tag-alain-martin-richard","tag-aline-martineau","tag-andre-becot","tag-andre-dubois","tag-artistes","tag-catherine-bolduc","tag-chantal-brulotte","tag-emilie-granjon","tag-eric-lapointe","tag-foire-en-arts-actuel","tag-guillaume-lachapelle","tag-jean-pierre-morin","tag-jordi-bonet","tag-kaori-furuta","tag-latelier-du-bronze-dinverness","tag-marc-bellemare-collectionneur","tag-marc-dulude","tag-paryse-martin","tag-pascale-archambault","tag-patrick-berube","tag-patrick-coutu","tag-studio-becot","tag-visuals-arts"],"_links":{"self":[{"href":"https:\/\/galeriebecot.com\/index.php?rest_route=\/wp\/v2\/posts\/7715","targetHints":{"allow":["GET"]}}],"collection":[{"href":"https:\/\/galeriebecot.com\/index.php?rest_route=\/wp\/v2\/posts"}],"about":[{"href":"https:\/\/galeriebecot.com\/index.php?rest_route=\/wp\/v2\/types\/post"}],"author":[{"embeddable":true,"href":"https:\/\/galeriebecot.com\/index.php?rest_route=\/wp\/v2\/users\/1"}],"replies":[{"embeddable":true,"href":"https:\/\/galeriebecot.com\/index.php?rest_route=%2Fwp%2Fv2%2Fcomments&post=7715"}],"version-history":[{"count":4,"href":"https:\/\/galeriebecot.com\/index.php?rest_route=\/wp\/v2\/posts\/7715\/revisions"}],"predecessor-version":[{"id":7870,"href":"https:\/\/galeriebecot.com\/index.php?rest_route=\/wp\/v2\/posts\/7715\/revisions\/7870"}],"wp:attachment":[{"href":"https:\/\/galeriebecot.com\/index.php?rest_route=%2Fwp%2Fv2%2Fmedia&parent=7715"}],"wp:term":[{"taxonomy":"category","embeddable":true,"href":"https:\/\/galeriebecot.com\/index.php?rest_route=%2Fwp%2Fv2%2Fcategories&post=7715"},{"taxonomy":"post_tag","embeddable":true,"href":"https:\/\/galeriebecot.com\/index.php?rest_route=%2Fwp%2Fv2%2Ftags&post=7715"}],"curies":[{"name":"wp","href":"https:\/\/api.w.org\/{rel}","templated":true}]}}