{"id":7698,"date":"2025-05-29T10:02:00","date_gmt":"2025-05-29T14:02:00","guid":{"rendered":"http:\/\/www.clubdescollectionneursenartsvisuelsdequebec.com\/?p=7698"},"modified":"2025-05-29T18:05:58","modified_gmt":"2025-05-29T22:05:58","slug":"jerome-morissette-expose","status":"publish","type":"post","link":"https:\/\/galeriebecot.com\/?p=7698","title":{"rendered":"J\u00e9r\u00f4me Morissette et Suzanne Cayer  exposent&#8230;."},"content":{"rendered":"\n<figure class=\"wp-block-image size-large\"><a href=\"https:\/\/www.galeriebecot.com\/wp-content\/uploads\/2025\/05\/Morissette-Cayer-scaled.jpg\"><img loading=\"lazy\" decoding=\"async\" width=\"1024\" height=\"568\" src=\"https:\/\/www.galeriebecot.com\/wp-content\/uploads\/2025\/05\/Morissette-Cayer-1024x568.jpg\" alt=\"\" class=\"wp-image-20591\" srcset=\"https:\/\/galeriebecot.com\/wp-content\/uploads\/2025\/05\/Morissette-Cayer-1024x568.jpg 1024w, https:\/\/galeriebecot.com\/wp-content\/uploads\/2025\/05\/Morissette-Cayer-300x166.jpg 300w, https:\/\/galeriebecot.com\/wp-content\/uploads\/2025\/05\/Morissette-Cayer-768x426.jpg 768w, https:\/\/galeriebecot.com\/wp-content\/uploads\/2025\/05\/Morissette-Cayer-1536x852.jpg 1536w, https:\/\/galeriebecot.com\/wp-content\/uploads\/2025\/05\/Morissette-Cayer-2048x1136.jpg 2048w\" sizes=\"auto, (max-width: 1024px) 100vw, 1024px\" \/><\/a><\/figure>\n\n\n\n<p class=\"wp-block-paragraph\"><em>J\u00e9r\u00f4me<\/em> <strong>Morissette<\/strong> &amp; <em>Suzanne<strong> <\/strong><\/em><strong>Cayer<\/strong><\/p>\n\n\n\n<p class=\"wp-block-paragraph\">Huile, acrylique et m\u00e9diums mixtes<\/p>\n\n\n\n<p class=\"wp-block-paragraph\">Complices est h\u00e9berg\u00e9 par le<strong> Fou-Bar<\/strong> au 525, rue St-Jean \u00e0 Qu\u00e9bec<\/p>\n\n\n\n<p class=\"wp-block-paragraph\">Vernissage : le dimanche 1 juin \u00e0 17h.<\/p>\n\n\n\n<p class=\"wp-block-paragraph\">Exposition : du 1 juin au 6 juillet 2025<\/p>\n\n\n<p><a href=\"https:\/\/www.galeriebecot.com\/wp-content\/uploads\/2017\/10\/Jerome.jpg\"><img loading=\"lazy\" decoding=\"async\" class=\"alignnone size-full wp-image-7854\" src=\"https:\/\/www.galeriebecot.com\/wp-content\/uploads\/2017\/10\/Jerome.jpg\" alt=\"\" width=\"576\" height=\"420\" srcset=\"https:\/\/galeriebecot.com\/wp-content\/uploads\/2017\/10\/Jerome.jpg 576w, https:\/\/galeriebecot.com\/wp-content\/uploads\/2017\/10\/Jerome-300x219.jpg 300w\" sizes=\"auto, (max-width: 576px) 100vw, 576px\" \/><\/a><\/p>\n<p>J\u00e9r\u00f4me Morissette , vernissage du 2 novembre 2017.<\/p>\n<p><a href=\"https:\/\/www.galeriebecot.com\/wp-content\/uploads\/2017\/10\/Vernissage-de-Jerome-Morrissette1.jpg\"><img loading=\"lazy\" decoding=\"async\" class=\"alignnone size-full wp-image-7855\" src=\"https:\/\/www.galeriebecot.com\/wp-content\/uploads\/2017\/10\/Vernissage-de-Jerome-Morrissette1.jpg\" alt=\"\" width=\"482\" height=\"341\" srcset=\"https:\/\/galeriebecot.com\/wp-content\/uploads\/2017\/10\/Vernissage-de-Jerome-Morrissette1.jpg 482w, https:\/\/galeriebecot.com\/wp-content\/uploads\/2017\/10\/Vernissage-de-Jerome-Morrissette1-300x212.jpg 300w\" sizes=\"auto, (max-width: 482px) 100vw, 482px\" \/><\/a><\/p>\n<p><a href=\"https:\/\/www.galeriebecot.com\/wp-content\/uploads\/2017\/10\/Jerome-a.jpg\"><img loading=\"lazy\" decoding=\"async\" class=\"alignnone size-full wp-image-7857\" src=\"https:\/\/www.galeriebecot.com\/wp-content\/uploads\/2017\/10\/Jerome-a.jpg\" alt=\"\" width=\"576\" height=\"481\" srcset=\"https:\/\/galeriebecot.com\/wp-content\/uploads\/2017\/10\/Jerome-a.jpg 576w, https:\/\/galeriebecot.com\/wp-content\/uploads\/2017\/10\/Jerome-a-300x251.jpg 300w\" sizes=\"auto, (max-width: 576px) 100vw, 576px\" \/><\/a><\/p>\n<p>J\u00e9r\u00f4me Morissette,artiste \/ Fran\u00e7ois Bertrand,directeur artistique\/Suzie Houde,artiste.<\/p>\n<p>Cr\u00e9dit Photo: <em>Serge Philippe Tremblay<\/em><\/p>\n<p>&nbsp;<\/p>\n<p><a href=\"https:\/\/www.galeriebecot.com\/wp-content\/uploads\/2017\/10\/Morissette_Houde.jpg\"><img loading=\"lazy\" decoding=\"async\" class=\"alignnone size-large wp-image-7744\" src=\"https:\/\/www.galeriebecot.com\/wp-content\/uploads\/2017\/10\/Morissette_Houde-791x1024.jpg\" alt=\"\" width=\"700\" height=\"906\" srcset=\"https:\/\/galeriebecot.com\/wp-content\/uploads\/2017\/10\/Morissette_Houde-791x1024.jpg 791w, https:\/\/galeriebecot.com\/wp-content\/uploads\/2017\/10\/Morissette_Houde-232x300.jpg 232w, https:\/\/galeriebecot.com\/wp-content\/uploads\/2017\/10\/Morissette_Houde-768x994.jpg 768w, https:\/\/galeriebecot.com\/wp-content\/uploads\/2017\/10\/Morissette_Houde.jpg 800w\" sizes=\"auto, (max-width: 700px) 100vw, 700px\" \/><\/a><\/p>\n<p>Exposition de Suzie Houde \/ Les amoureux<\/p>\n<p>Exposition de J\u00e9r\u00f4me Morissette \/ Cicatrices<\/p>\n<p><a href=\"https:\/\/www.galeriebecot.com\/wp-content\/uploads\/2017\/10\/Morissette_Expo.jpg\"><img loading=\"lazy\" decoding=\"async\" class=\"alignnone size-full wp-image-7700\" src=\"https:\/\/www.galeriebecot.com\/wp-content\/uploads\/2017\/10\/Morissette_Expo.jpg\" alt=\"\" width=\"587\" height=\"373\" srcset=\"https:\/\/galeriebecot.com\/wp-content\/uploads\/2017\/10\/Morissette_Expo.jpg 587w, https:\/\/galeriebecot.com\/wp-content\/uploads\/2017\/10\/Morissette_Expo-300x191.jpg 300w\" sizes=\"auto, (max-width: 587px) 100vw, 587px\" \/><\/a><\/p>\n<p>J\u00e9r\u00f4me Morissette : Exposition d&rsquo;oeuvres r\u00e9centes.<\/p>\n<p><strong>J\u00e9r\u00f4me Morissette<br>\n<\/strong>Cicatrices<\/p>\n<p>Vernissage le jeudi 2 novembre 2017 \u00e0 17h.<\/p>\n<p>Galerie Vincent et moi.<\/p>\n<p>2601 Chemin de la Canardi\u00e8re.<\/p>\n<p>Qu\u00e9bec, Qu\u00e9bec.<\/p>\n<p>Que ce soit sur notre corps ou dans notre \u00e2me, <strong>nous portons des cicatrices<\/strong>, t\u00e9moignages de notre vie. Nous n\u2019avons pas \u00e0 avoir honte de ces stigmates, qu\u2019ils soient apparents ou discrets, qu\u2019ils soient externes ou internes, ils sont le reflet de ce que nous avons v\u00e9cu. Ils sont, en fait, la preuve que nous avons v\u00e9cu et que nous continuons de vivre. Car ces cicatrices t\u00e9moignent aussi de la gu\u00e9rison, d\u2019une blessure qui se referme, d\u2019une peine qui s\u2019att\u00e9nue, d\u2019un deuil qui s\u2019ach\u00e8ve. Elles t\u00e9moignent de la r\u00e9silience, de la renaissance et de l\u2019espoir.<\/p>\n<p><a href=\"https:\/\/www.galeriebecot.com\/wp-content\/uploads\/2017\/10\/Vincent-et-moi.jpg\"><img loading=\"lazy\" decoding=\"async\" class=\"alignnone size-full wp-image-7707\" src=\"https:\/\/www.galeriebecot.com\/wp-content\/uploads\/2017\/10\/Vincent-et-moi.jpg\" alt=\"\" width=\"659\" height=\"422\" srcset=\"https:\/\/galeriebecot.com\/wp-content\/uploads\/2017\/10\/Vincent-et-moi.jpg 659w, https:\/\/galeriebecot.com\/wp-content\/uploads\/2017\/10\/Vincent-et-moi-300x192.jpg 300w\" sizes=\"auto, (max-width: 659px) 100vw, 659px\" \/><\/a><\/p>","protected":false},"excerpt":{"rendered":"<p>J\u00e9r\u00f4me Morissette &amp; Suzanne Cayer Huile, acrylique et m\u00e9diums mixtes Complices est h\u00e9berg\u00e9 par le Fou-Bar au 525, rue St-Jean \u00e0 Qu\u00e9bec Vernissage : le dimanche 1 juin \u00e0 17h.&hellip; <\/p>\n","protected":false},"author":1,"featured_media":0,"comment_status":"open","ping_status":"open","sticky":false,"template":"","format":"standard","meta":{"_exactmetrics_skip_tracking":false,"_exactmetrics_sitenote_active":false,"_exactmetrics_sitenote_note":"","_exactmetrics_sitenote_category":0,"footnotes":""},"categories":[27,19],"tags":[34,43,6,1599,1804,1443,58,37,1826,40],"class_list":["post-7698","post","type-post","status-publish","format-standard","hentry","category-artistes","category-vernissage","tag-andre-becot","tag-arts-visuels","tag-club-des-collectionneurs-en-arts-visuels-de-quebec","tag-francois-bertrand","tag-galerie-vincent-et-moi","tag-jerome-morissette","tag-marc-bellemare-collectionneur","tag-studio-becot","tag-suzie-houde","tag-visuals-arts"],"_links":{"self":[{"href":"https:\/\/galeriebecot.com\/index.php?rest_route=\/wp\/v2\/posts\/7698","targetHints":{"allow":["GET"]}}],"collection":[{"href":"https:\/\/galeriebecot.com\/index.php?rest_route=\/wp\/v2\/posts"}],"about":[{"href":"https:\/\/galeriebecot.com\/index.php?rest_route=\/wp\/v2\/types\/post"}],"author":[{"embeddable":true,"href":"https:\/\/galeriebecot.com\/index.php?rest_route=\/wp\/v2\/users\/1"}],"replies":[{"embeddable":true,"href":"https:\/\/galeriebecot.com\/index.php?rest_route=%2Fwp%2Fv2%2Fcomments&post=7698"}],"version-history":[{"count":11,"href":"https:\/\/galeriebecot.com\/index.php?rest_route=\/wp\/v2\/posts\/7698\/revisions"}],"predecessor-version":[{"id":20592,"href":"https:\/\/galeriebecot.com\/index.php?rest_route=\/wp\/v2\/posts\/7698\/revisions\/20592"}],"wp:attachment":[{"href":"https:\/\/galeriebecot.com\/index.php?rest_route=%2Fwp%2Fv2%2Fmedia&parent=7698"}],"wp:term":[{"taxonomy":"category","embeddable":true,"href":"https:\/\/galeriebecot.com\/index.php?rest_route=%2Fwp%2Fv2%2Fcategories&post=7698"},{"taxonomy":"post_tag","embeddable":true,"href":"https:\/\/galeriebecot.com\/index.php?rest_route=%2Fwp%2Fv2%2Ftags&post=7698"}],"curies":[{"name":"wp","href":"https:\/\/api.w.org\/{rel}","templated":true}]}}