{"id":7675,"date":"2019-04-24T17:11:05","date_gmt":"2019-04-24T21:11:05","guid":{"rendered":"http:\/\/www.clubdescollectionneursenartsvisuelsdequebec.com\/?p=7675"},"modified":"2019-04-30T13:22:10","modified_gmt":"2019-04-30T17:22:10","slug":"marie-claude-ferland-expose-galerie-linda-verge","status":"publish","type":"post","link":"https:\/\/galeriebecot.com\/?p=7675","title":{"rendered":"Pierre Lanoie expose \u00e0 la  Galerie Linda Verge"},"content":{"rendered":"<p><a href=\"http:\/\/www.galerielindaverge.ca\/GLV3.htm\"><img loading=\"lazy\" decoding=\"async\" class=\"alignnone size-full wp-image-11161\" src=\"https:\/\/www.galeriebecot.com\/wp-content\/uploads\/2017\/09\/Lanoie-OK.jpg\" alt=\"\" width=\"675\" height=\"719\" srcset=\"https:\/\/galeriebecot.com\/wp-content\/uploads\/2017\/09\/Lanoie-OK.jpg 675w, https:\/\/galeriebecot.com\/wp-content\/uploads\/2017\/09\/Lanoie-OK-282x300.jpg 282w\" sizes=\"auto, (max-width: 675px) 100vw, 675px\" \/><\/a><\/p>\n<p>Linda Verge vous invite \u00e0 l&rsquo;exposition de Pierre Lanoie.<\/p>\n<p>Moments d&rsquo;intimit\u00e9.<\/p>\n<p>Du 12 mai au 2 juin 2019.<\/p>\n<p>Vernissage : Dimanche le 12 mai ( \u00e0 partir de 14h.) en pr\u00e9sence de l&rsquo;artiste.<\/p>\n<p>&nbsp;<\/p>\n<p><a href=\"https:\/\/www.galeriebecot.com\/wp-content\/uploads\/2017\/10\/Marie-Claude-Ferland.jpg\"><img loading=\"lazy\" decoding=\"async\" class=\"alignnone size-full wp-image-7676\" src=\"https:\/\/www.galeriebecot.com\/wp-content\/uploads\/2017\/10\/Marie-Claude-Ferland.jpg\" alt=\"\" width=\"503\" height=\"788\" srcset=\"https:\/\/galeriebecot.com\/wp-content\/uploads\/2017\/10\/Marie-Claude-Ferland.jpg 503w, https:\/\/galeriebecot.com\/wp-content\/uploads\/2017\/10\/Marie-Claude-Ferland-191x300.jpg 191w\" sizes=\"auto, (max-width: 503px) 100vw, 503px\" \/><\/a><\/p>\n<p>Marie-Claude Ferland.<\/p>\n<p>Vernissage : dimanche le 15 octobre, \u00e0 14h.<br \/>\njusqu&rsquo;au 5 novembre 2017.<\/p>\n<p><a href=\"http:\/\/www.galerielindaverge.ca\/\">Galerie Linda Verge : 1049, avenue des \u00c9rables, Qu\u00e9bec \/418 525-8393<\/a><\/p>\n","protected":false},"excerpt":{"rendered":"<p>Linda Verge vous invite \u00e0 l&rsquo;exposition de Pierre Lanoie. Moments d&rsquo;intimit\u00e9. Du 12 mai au 2 juin 2019. Vernissage : Dimanche le 12 mai ( \u00e0 partir de 14h.) en&hellip; <\/p>\n","protected":false},"author":1,"featured_media":0,"comment_status":"open","ping_status":"open","sticky":false,"template":"","format":"standard","meta":{"_exactmetrics_skip_tracking":false,"_exactmetrics_sitenote_active":false,"_exactmetrics_sitenote_note":"","_exactmetrics_sitenote_category":0,"footnotes":""},"categories":[27,19],"tags":[34,735,6,551,1801,96,58,451,458,37,40],"class_list":["post-7675","post","type-post","status-publish","format-standard","hentry","category-artistes","category-vernissage","tag-andre-becot","tag-artistes","tag-club-des-collectionneurs-en-arts-visuels-de-quebec","tag-galerie-linda-verge","tag-joel-pourbaix-et-alexandar-cloutier","tag-linda-verge","tag-marc-bellemare-collectionneur","tag-marie-claude-ferland","tag-pierre-lanoie","tag-studio-becot","tag-visuals-arts"],"_links":{"self":[{"href":"https:\/\/galeriebecot.com\/index.php?rest_route=\/wp\/v2\/posts\/7675","targetHints":{"allow":["GET"]}}],"collection":[{"href":"https:\/\/galeriebecot.com\/index.php?rest_route=\/wp\/v2\/posts"}],"about":[{"href":"https:\/\/galeriebecot.com\/index.php?rest_route=\/wp\/v2\/types\/post"}],"author":[{"embeddable":true,"href":"https:\/\/galeriebecot.com\/index.php?rest_route=\/wp\/v2\/users\/1"}],"replies":[{"embeddable":true,"href":"https:\/\/galeriebecot.com\/index.php?rest_route=%2Fwp%2Fv2%2Fcomments&post=7675"}],"version-history":[{"count":12,"href":"https:\/\/galeriebecot.com\/index.php?rest_route=\/wp\/v2\/posts\/7675\/revisions"}],"predecessor-version":[{"id":11166,"href":"https:\/\/galeriebecot.com\/index.php?rest_route=\/wp\/v2\/posts\/7675\/revisions\/11166"}],"wp:attachment":[{"href":"https:\/\/galeriebecot.com\/index.php?rest_route=%2Fwp%2Fv2%2Fmedia&parent=7675"}],"wp:term":[{"taxonomy":"category","embeddable":true,"href":"https:\/\/galeriebecot.com\/index.php?rest_route=%2Fwp%2Fv2%2Fcategories&post=7675"},{"taxonomy":"post_tag","embeddable":true,"href":"https:\/\/galeriebecot.com\/index.php?rest_route=%2Fwp%2Fv2%2Ftags&post=7675"}],"curies":[{"name":"wp","href":"https:\/\/api.w.org\/{rel}","templated":true}]}}