{"id":7669,"date":"2017-10-08T16:58:48","date_gmt":"2017-10-08T20:58:48","guid":{"rendered":"http:\/\/www.clubdescollectionneursenartsvisuelsdequebec.com\/?p=7669"},"modified":"2017-10-10T17:07:10","modified_gmt":"2017-10-10T21:07:10","slug":"francois-morelli-lartiste","status":"publish","type":"post","link":"https:\/\/galeriebecot.com\/?p=7669","title":{"rendered":"Fran\u00e7ois Morelli L&rsquo;artiste"},"content":{"rendered":"<p><a href=\"https:\/\/www.facebook.com\/1700laposte\/videos\/1722430054454134\/\"><img loading=\"lazy\" decoding=\"async\" class=\"alignnone size-full wp-image-7670\" src=\"https:\/\/www.galeriebecot.com\/wp-content\/uploads\/2017\/10\/Franc\u0327ois-Morelli.jpg\" alt=\"\" width=\"499\" height=\"254\" srcset=\"https:\/\/galeriebecot.com\/wp-content\/uploads\/2017\/10\/Franc\u0327ois-Morelli.jpg 499w, https:\/\/galeriebecot.com\/wp-content\/uploads\/2017\/10\/Franc\u0327ois-Morelli-300x153.jpg 300w\" sizes=\"auto, (max-width: 499px) 100vw, 499px\" \/><\/a><\/p>\n<div class=\"_5x46 _1yz1 clearfix\">\n<div class=\"clearfix _5va3\">\n<div class=\"_38vo\"><a href=\"https:\/\/www.facebook.com\/1700laposte\/videos\/1722430054454134\/\"><img decoding=\"async\" class=\"_s0 _4ooo _5xib _5sq7 _44ma _rw img\" src=\"https:\/\/scontent-yyz1-1.xx.fbcdn.net\/v\/t1.0-1\/p80x80\/19424298_1609279502435857_4474469516661388605_n.jpg?oh=62cc4e72ddc1b23b832b711e0dcfc5be&amp;oe=5A831906\" alt=\"\" \/><\/a><\/div>\n<div class=\"clearfix _42ef\">\n<div class=\"rfloat _ohf\">\u00a0Le 1700 La Poste est fier de pr\u00e9senter FRANCOIS MORELLI L\u2019ARTISTE, un documentaire produit dans le cadre de l\u2019exposition r\u00e9trospective Fran\u00e7ois Morelli. Cette seconde collaboration des \u00c9ditions de M\u00e9vius avec la r\u00e9alisatrice Suzanne Guy dresse un portrait de l\u2019artiste montr\u00e9alais, parcourant ses 40 derni\u00e8res ann\u00e9es de travail artistique.<\/div>\n<\/div>\n<\/div>\n<\/div>\n<div id=\"js_8\" class=\"_5pbx userContent _3576\" data-ft=\"{&quot;tn&quot;:&quot;K&quot;}\">\n<p>Vous pouvez voir le documentaire au 1700 La Poste durant les heures d&rsquo;ouverture r\u00e9guli\u00e8res de l&rsquo;exposition.<\/p>\n<\/div>\n","protected":false},"excerpt":{"rendered":"<p>\u00a0Le 1700 La Poste est fier de pr\u00e9senter FRANCOIS MORELLI L\u2019ARTISTE, un documentaire produit dans le cadre de l\u2019exposition r\u00e9trospective Fran\u00e7ois Morelli. Cette seconde collaboration des \u00c9ditions de M\u00e9vius avec&hellip; <\/p>\n","protected":false},"author":1,"featured_media":0,"comment_status":"open","ping_status":"open","sticky":false,"template":"","format":"standard","meta":{"_exactmetrics_skip_tracking":false,"_exactmetrics_sitenote_active":false,"_exactmetrics_sitenote_note":"","_exactmetrics_sitenote_category":0,"footnotes":""},"categories":[27,22],"tags":[1799,34,43,66,996,1797,1798,58,37,1800,40],"class_list":["post-7669","post","type-post","status-publish","format-standard","hentry","category-artistes","category-catalogues","tag-1700-la-poste","tag-andre-becot","tag-arts-visuels","tag-club-des-collectionneurs-en-arts-visuels-de-quebec-studio-becot","tag-francois-morelli","tag-francois-morelli-lartiste","tag-la-poste","tag-marc-bellemare-collectionneur","tag-studio-becot","tag-suzanne-guy","tag-visuals-arts"],"_links":{"self":[{"href":"https:\/\/galeriebecot.com\/index.php?rest_route=\/wp\/v2\/posts\/7669","targetHints":{"allow":["GET"]}}],"collection":[{"href":"https:\/\/galeriebecot.com\/index.php?rest_route=\/wp\/v2\/posts"}],"about":[{"href":"https:\/\/galeriebecot.com\/index.php?rest_route=\/wp\/v2\/types\/post"}],"author":[{"embeddable":true,"href":"https:\/\/galeriebecot.com\/index.php?rest_route=\/wp\/v2\/users\/1"}],"replies":[{"embeddable":true,"href":"https:\/\/galeriebecot.com\/index.php?rest_route=%2Fwp%2Fv2%2Fcomments&post=7669"}],"version-history":[{"count":4,"href":"https:\/\/galeriebecot.com\/index.php?rest_route=\/wp\/v2\/posts\/7669\/revisions"}],"predecessor-version":[{"id":7674,"href":"https:\/\/galeriebecot.com\/index.php?rest_route=\/wp\/v2\/posts\/7669\/revisions\/7674"}],"wp:attachment":[{"href":"https:\/\/galeriebecot.com\/index.php?rest_route=%2Fwp%2Fv2%2Fmedia&parent=7669"}],"wp:term":[{"taxonomy":"category","embeddable":true,"href":"https:\/\/galeriebecot.com\/index.php?rest_route=%2Fwp%2Fv2%2Fcategories&post=7669"},{"taxonomy":"post_tag","embeddable":true,"href":"https:\/\/galeriebecot.com\/index.php?rest_route=%2Fwp%2Fv2%2Ftags&post=7669"}],"curies":[{"name":"wp","href":"https:\/\/api.w.org\/{rel}","templated":true}]}}