{"id":7652,"date":"2023-10-23T10:26:00","date_gmt":"2023-10-23T14:26:00","guid":{"rendered":"http:\/\/www.clubdescollectionneursenartsvisuelsdequebec.com\/?p=7652"},"modified":"2023-10-23T17:44:41","modified_gmt":"2023-10-23T21:44:41","slug":"mitchell-riopelle-en-quelques-mots","status":"publish","type":"post","link":"https:\/\/galeriebecot.com\/?p=7652","title":{"rendered":"Annulation de la conf\u00e9rence &#8211; Riopelle en qu\u00eate de son mythe &#038; 100 ans d&rsquo;inspiration."},"content":{"rendered":"\n<p class=\"wp-block-paragraph\">Annulation de la conf\u00e9rence en ce lundi 23 octobre 2023.<\/p>\n\n\n\n<p class=\"wp-block-paragraph\">Lancement du livre, <strong><em>RIOPELLE EN QU\u00caTE DE SON MYTHE<\/em><\/strong>, par Monique <strong>Brunet-Weinmann<\/strong> ce lundi 23 octobre., \u00e0 19h30 au<strong> Caf\u00e9 Krieghoff<\/strong>. Bienvenue \u00e0 tous !<\/p>\n\n\n\n<figure class=\"wp-block-image size-large\"><a href=\"https:\/\/www.galeriebecot.com\/wp-content\/uploads\/2023\/10\/Brunet-Riopelle-annule.jpg\"><img loading=\"lazy\" decoding=\"async\" width=\"616\" height=\"1024\" src=\"https:\/\/www.galeriebecot.com\/wp-content\/uploads\/2023\/10\/Brunet-Riopelle-annule-616x1024.jpg\" alt=\"\" class=\"wp-image-18289\" srcset=\"https:\/\/galeriebecot.com\/wp-content\/uploads\/2023\/10\/Brunet-Riopelle-annule-616x1024.jpg 616w, https:\/\/galeriebecot.com\/wp-content\/uploads\/2023\/10\/Brunet-Riopelle-annule-180x300.jpg 180w, https:\/\/galeriebecot.com\/wp-content\/uploads\/2023\/10\/Brunet-Riopelle-annule-768x1277.jpg 768w, https:\/\/galeriebecot.com\/wp-content\/uploads\/2023\/10\/Brunet-Riopelle-annule-924x1536.jpg 924w, https:\/\/galeriebecot.com\/wp-content\/uploads\/2023\/10\/Brunet-Riopelle-annule.jpg 1224w\" sizes=\"auto, (max-width: 616px) 100vw, 616px\" \/><\/a><\/figure>\n\n\n\n<figure class=\"wp-block-image size-large\"><a href=\"https:\/\/michelparent.com\/club\/\"><img loading=\"lazy\" decoding=\"async\" width=\"627\" height=\"1024\" src=\"https:\/\/www.galeriebecot.com\/wp-content\/uploads\/2023\/10\/Brunet-Riopelle-22-627x1024.jpg\" alt=\"\" class=\"wp-image-18241\" srcset=\"https:\/\/galeriebecot.com\/wp-content\/uploads\/2023\/10\/Brunet-Riopelle-22-627x1024.jpg 627w, https:\/\/galeriebecot.com\/wp-content\/uploads\/2023\/10\/Brunet-Riopelle-22-184x300.jpg 184w, https:\/\/galeriebecot.com\/wp-content\/uploads\/2023\/10\/Brunet-Riopelle-22-768x1254.jpg 768w, https:\/\/galeriebecot.com\/wp-content\/uploads\/2023\/10\/Brunet-Riopelle-22-941x1536.jpg 941w, https:\/\/galeriebecot.com\/wp-content\/uploads\/2023\/10\/Brunet-Riopelle-22.jpg 1224w\" sizes=\"auto, (max-width: 627px) 100vw, 627px\" \/><\/a><\/figure>\n\n\n\n<p class=\"wp-block-paragraph\"><strong>Riopelle<\/strong> : 100 ans d&rsquo;inspiration !<\/p>\n\n\n\n<figure class=\"wp-block-image size-large\"><a href=\"https:\/\/www.galeriebecot.com\/wp-content\/uploads\/2023\/10\/Riopelle1.jpg\"><img loading=\"lazy\" decoding=\"async\" width=\"906\" height=\"1024\" src=\"https:\/\/www.galeriebecot.com\/wp-content\/uploads\/2023\/10\/Riopelle1-906x1024.jpg\" alt=\"\" class=\"wp-image-18225\" srcset=\"https:\/\/galeriebecot.com\/wp-content\/uploads\/2023\/10\/Riopelle1-906x1024.jpg 906w, https:\/\/galeriebecot.com\/wp-content\/uploads\/2023\/10\/Riopelle1-265x300.jpg 265w, https:\/\/galeriebecot.com\/wp-content\/uploads\/2023\/10\/Riopelle1-768x868.jpg 768w, https:\/\/galeriebecot.com\/wp-content\/uploads\/2023\/10\/Riopelle1.jpg 1224w\" sizes=\"auto, (max-width: 906px) 100vw, 906px\" \/><\/a><\/figure>\n\n\n\n<figure class=\"wp-block-image size-large\"><a href=\"https:\/\/www.galeriebecot.com\/wp-content\/uploads\/2023\/10\/Riopelle2.jpg\"><img loading=\"lazy\" decoding=\"async\" width=\"701\" height=\"1024\" src=\"https:\/\/www.galeriebecot.com\/wp-content\/uploads\/2023\/10\/Riopelle2-701x1024.jpg\" alt=\"\" class=\"wp-image-18226\" srcset=\"https:\/\/galeriebecot.com\/wp-content\/uploads\/2023\/10\/Riopelle2-701x1024.jpg 701w, https:\/\/galeriebecot.com\/wp-content\/uploads\/2023\/10\/Riopelle2-205x300.jpg 205w, https:\/\/galeriebecot.com\/wp-content\/uploads\/2023\/10\/Riopelle2-768x1123.jpg 768w, https:\/\/galeriebecot.com\/wp-content\/uploads\/2023\/10\/Riopelle2-1051x1536.jpg 1051w, https:\/\/galeriebecot.com\/wp-content\/uploads\/2023\/10\/Riopelle2.jpg 1224w\" sizes=\"auto, (max-width: 701px) 100vw, 701px\" \/><\/a><\/figure>\n\n\n\n<figure class=\"wp-block-image size-large\"><a href=\"https:\/\/www.galeriebecot.com\/wp-content\/uploads\/2023\/10\/Riopelle33.jpg\"><img loading=\"lazy\" decoding=\"async\" width=\"704\" height=\"1024\" src=\"https:\/\/www.galeriebecot.com\/wp-content\/uploads\/2023\/10\/Riopelle33-704x1024.jpg\" alt=\"\" class=\"wp-image-18228\" srcset=\"https:\/\/galeriebecot.com\/wp-content\/uploads\/2023\/10\/Riopelle33-704x1024.jpg 704w, https:\/\/galeriebecot.com\/wp-content\/uploads\/2023\/10\/Riopelle33-206x300.jpg 206w, https:\/\/galeriebecot.com\/wp-content\/uploads\/2023\/10\/Riopelle33-768x1117.jpg 768w, https:\/\/galeriebecot.com\/wp-content\/uploads\/2023\/10\/Riopelle33-1056x1536.jpg 1056w, https:\/\/galeriebecot.com\/wp-content\/uploads\/2023\/10\/Riopelle33.jpg 1224w\" sizes=\"auto, (max-width: 704px) 100vw, 704px\" \/><\/a><\/figure>\n\n\n\n<figure class=\"wp-block-image size-large is-resized\"><a href=\"https:\/\/www.galeriebecot.com\/wp-content\/uploads\/2023\/10\/Riopelle4.jpg\"><img loading=\"lazy\" decoding=\"async\" src=\"https:\/\/www.galeriebecot.com\/wp-content\/uploads\/2023\/10\/Riopelle4-926x1024.jpg\" alt=\"\" class=\"wp-image-18229\" width=\"704\" height=\"778\" srcset=\"https:\/\/galeriebecot.com\/wp-content\/uploads\/2023\/10\/Riopelle4-926x1024.jpg 926w, https:\/\/galeriebecot.com\/wp-content\/uploads\/2023\/10\/Riopelle4-271x300.jpg 271w, https:\/\/galeriebecot.com\/wp-content\/uploads\/2023\/10\/Riopelle4-768x850.jpg 768w, https:\/\/galeriebecot.com\/wp-content\/uploads\/2023\/10\/Riopelle4.jpg 1224w\" sizes=\"auto, (max-width: 704px) 100vw, 704px\" \/><\/a><\/figure>\n\n\n\n<figure class=\"wp-block-image size-large is-resized\"><a href=\"https:\/\/www.galeriebecot.com\/wp-content\/uploads\/2023\/10\/Riopelle5.jpg\"><img loading=\"lazy\" decoding=\"async\" src=\"https:\/\/www.galeriebecot.com\/wp-content\/uploads\/2023\/10\/Riopelle5-1024x849.jpg\" alt=\"\" class=\"wp-image-18230\" width=\"711\" height=\"589\" srcset=\"https:\/\/galeriebecot.com\/wp-content\/uploads\/2023\/10\/Riopelle5-1024x849.jpg 1024w, https:\/\/galeriebecot.com\/wp-content\/uploads\/2023\/10\/Riopelle5-300x249.jpg 300w, https:\/\/galeriebecot.com\/wp-content\/uploads\/2023\/10\/Riopelle5-768x637.jpg 768w, https:\/\/galeriebecot.com\/wp-content\/uploads\/2023\/10\/Riopelle5.jpg 1224w\" sizes=\"auto, (max-width: 711px) 100vw, 711px\" \/><\/a><\/figure>\n\n\n<p><a href=\"https:\/\/www.galeriebecot.com\/wp-content\/uploads\/2017\/10\/Rosa1.jpg\"><img loading=\"lazy\" decoding=\"async\" class=\"alignnone size-full wp-image-8250\" src=\"https:\/\/www.galeriebecot.com\/wp-content\/uploads\/2017\/10\/Rosa1.jpg\" alt=\"\" width=\"720\" height=\"511\" srcset=\"https:\/\/galeriebecot.com\/wp-content\/uploads\/2017\/10\/Rosa1.jpg 720w, https:\/\/galeriebecot.com\/wp-content\/uploads\/2017\/10\/Rosa1-300x213.jpg 300w\" sizes=\"auto, (max-width: 720px) 100vw, 720px\" \/><\/a><\/p>\n<p><a href=\"https:\/\/www.galeriebecot.com\/wp-content\/uploads\/2017\/10\/rosa2.jpg\"><img loading=\"lazy\" decoding=\"async\" class=\"alignnone size-full wp-image-8251\" src=\"https:\/\/www.galeriebecot.com\/wp-content\/uploads\/2017\/10\/rosa2.jpg\" alt=\"\" width=\"587\" height=\"783\" srcset=\"https:\/\/galeriebecot.com\/wp-content\/uploads\/2017\/10\/rosa2.jpg 587w, https:\/\/galeriebecot.com\/wp-content\/uploads\/2017\/10\/rosa2-225x300.jpg 225w\" sizes=\"auto, (max-width: 587px) 100vw, 587px\" \/><\/a><\/p>\n<p><a href=\"https:\/\/www.galeriebecot.com\/wp-content\/uploads\/2017\/10\/rosa3.jpg\"><img loading=\"lazy\" decoding=\"async\" class=\"alignnone size-full wp-image-8252\" src=\"https:\/\/www.galeriebecot.com\/wp-content\/uploads\/2017\/10\/rosa3.jpg\" alt=\"\" width=\"512\" height=\"788\" srcset=\"https:\/\/galeriebecot.com\/wp-content\/uploads\/2017\/10\/rosa3.jpg 512w, https:\/\/galeriebecot.com\/wp-content\/uploads\/2017\/10\/rosa3-195x300.jpg 195w\" sizes=\"auto, (max-width: 512px) 100vw, 512px\" \/><\/a><\/p>\n<p><a href=\"https:\/\/www.galeriebecot.com\/wp-content\/uploads\/2017\/10\/rosa4.jpg\"><img loading=\"lazy\" decoding=\"async\" class=\"alignnone size-full wp-image-8253\" src=\"https:\/\/www.galeriebecot.com\/wp-content\/uploads\/2017\/10\/rosa4.jpg\" alt=\"\" width=\"516\" height=\"1004\" srcset=\"https:\/\/galeriebecot.com\/wp-content\/uploads\/2017\/10\/rosa4.jpg 516w, https:\/\/galeriebecot.com\/wp-content\/uploads\/2017\/10\/rosa4-154x300.jpg 154w\" sizes=\"auto, (max-width: 516px) 100vw, 516px\" \/><\/a><\/p>\n<p><a href=\"https:\/\/www.galeriebecot.com\/wp-content\/uploads\/2017\/10\/rosa5.jpg\"><img loading=\"lazy\" decoding=\"async\" class=\"alignnone size-full wp-image-8254\" src=\"https:\/\/www.galeriebecot.com\/wp-content\/uploads\/2017\/10\/rosa5.jpg\" alt=\"\" width=\"467\" height=\"118\" srcset=\"https:\/\/galeriebecot.com\/wp-content\/uploads\/2017\/10\/rosa5.jpg 467w, https:\/\/galeriebecot.com\/wp-content\/uploads\/2017\/10\/rosa5-300x76.jpg 300w\" sizes=\"auto, (max-width: 467px) 100vw, 467px\" \/><\/a><\/p>\n<p>Depuis la mort de Riopelle, Gilles Gagn\u00e9 se rend r\u00e9guli\u00e8rement au Mus\u00e9e national des beaux-arts du Qu\u00e9bec pour observer <em>l&rsquo;Hommage \u00e0 Rosa Luxemburg<\/em>, qu&rsquo;il scrute durant de longues heures.<\/p>\n<p><a href=\"https:\/\/www.galeriebecot.com\/wp-content\/uploads\/2018\/03\/Jean-Paul-Riopelle.jpg\"><img loading=\"lazy\" decoding=\"async\" class=\"alignnone size-full wp-image-8275\" src=\"https:\/\/www.galeriebecot.com\/wp-content\/uploads\/2018\/03\/Jean-Paul-Riopelle.jpg\" alt=\"\" width=\"506\" height=\"671\" srcset=\"https:\/\/galeriebecot.com\/wp-content\/uploads\/2018\/03\/Jean-Paul-Riopelle.jpg 506w, https:\/\/galeriebecot.com\/wp-content\/uploads\/2018\/03\/Jean-Paul-Riopelle-226x300.jpg 226w\" sizes=\"auto, (max-width: 506px) 100vw, 506px\" \/><\/a><\/p>\n<p><a href=\"https:\/\/www.galeriebecot.com\/wp-content\/uploads\/2017\/10\/Mitchell.jpg\"><img loading=\"lazy\" decoding=\"async\" class=\"alignnone size-large wp-image-7653 aligncenter\" src=\"https:\/\/www.galeriebecot.com\/wp-content\/uploads\/2017\/10\/Mitchell-350x1024.jpg\" alt=\"\" width=\"350\" height=\"1024\" srcset=\"https:\/\/galeriebecot.com\/wp-content\/uploads\/2017\/10\/Mitchell-350x1024.jpg 350w, https:\/\/galeriebecot.com\/wp-content\/uploads\/2017\/10\/Mitchell-103x300.jpg 103w, https:\/\/galeriebecot.com\/wp-content\/uploads\/2017\/10\/Mitchell.jpg 449w\" sizes=\"auto, (max-width: 350px) 100vw, 350px\" \/><\/a><\/p>\n<p><a href=\"https:\/\/www.mnbaq.org\/activite\/journee-membres-mercredi-548\"><img loading=\"lazy\" decoding=\"async\" class=\"alignnone size-full wp-image-7663\" src=\"https:\/\/www.galeriebecot.com\/wp-content\/uploads\/2017\/10\/Musee-des-Beaux-Arts.jpg\" alt=\"\" width=\"248\" height=\"92\"><\/a><\/p>\n<p><a href=\"https:\/\/www.mnbaq.org\/activite\/journee-membres-mercredi-548\">Joan Mitchell (1925-1992) est consid\u00e9r\u00e9e comme l&rsquo;une des plus grandes femmes peintres am\u00e9ricaines du XXe si\u00e8cle.<\/a><\/p>\n<p><iframe loading=\"lazy\" title=\"Mitchell\/Riopelle au MNBAQ: un ve\u0301ritable coup de foudre\" width=\"700\" height=\"394\" src=\"https:\/\/www.youtube.com\/embed\/CtvtnP38iUk?start=17&#038;feature=oembed\" frameborder=\"0\" allow=\"accelerometer; autoplay; clipboard-write; encrypted-media; gyroscope; picture-in-picture; web-share\" allowfullscreen><\/iframe><\/p>\n<p>https:\/\/m.youtube.com\/watch?v=i_vMQBgg5JU&#038;feature=share<\/p>\n<p><a href=\"https:\/\/www.galeriebecot.com\/wp-content\/uploads\/2017\/10\/Riopelle.jpg\"><img loading=\"lazy\" decoding=\"async\" class=\"alignnone size-large wp-image-7654\" src=\"https:\/\/www.galeriebecot.com\/wp-content\/uploads\/2017\/10\/Riopelle-693x1024.jpg\" alt=\"\" width=\"693\" height=\"1024\" srcset=\"https:\/\/galeriebecot.com\/wp-content\/uploads\/2017\/10\/Riopelle-693x1024.jpg 693w, https:\/\/galeriebecot.com\/wp-content\/uploads\/2017\/10\/Riopelle-203x300.jpg 203w, https:\/\/galeriebecot.com\/wp-content\/uploads\/2017\/10\/Riopelle.jpg 731w\" sizes=\"auto, (max-width: 693px) 100vw, 693px\" \/><\/a><\/p>\n<p><a href=\"https:\/\/www.mnbaq.org\/activite\/journee-membres-mercredi-548\"><img loading=\"lazy\" decoding=\"async\" class=\"alignnone size-full wp-image-7663\" src=\"https:\/\/www.galeriebecot.com\/wp-content\/uploads\/2017\/10\/Musee-des-Beaux-Arts.jpg\" alt=\"\" width=\"248\" height=\"92\"><\/a><\/p>\n<p><a href=\"https:\/\/www.mnbaq.org\/activite\/journee-membres-mercredi-548\">C&rsquo;est en observant les reflets sur un \u00e9tang qu&rsquo;il r\u00e9alise qu&rsquo;<strong>un peintre n&rsquo;a pas \u00e0 copier la nature<\/strong>&#8230;..Riopelle sera d&rsquo;ailleurs au nombre des signataires du <strong>manifeste Refus global<\/strong>, publi\u00e9 en 1948, qui provoqua un <strong>scandale<\/strong> dans la soci\u00e9t\u00e9 conservatrice de l&rsquo;\u00e9poque.<\/a><\/p>","protected":false},"excerpt":{"rendered":"<p>Annulation de la conf\u00e9rence en ce lundi 23 octobre 2023. Lancement du livre, RIOPELLE EN QU\u00caTE DE SON MYTHE, par Monique Brunet-Weinmann ce lundi 23 octobre., \u00e0 19h30 au Caf\u00e9&hellip; <\/p>\n","protected":false},"author":1,"featured_media":0,"comment_status":"open","ping_status":"open","sticky":false,"template":"","format":"standard","meta":{"_exactmetrics_skip_tracking":false,"_exactmetrics_sitenote_active":false,"_exactmetrics_sitenote_note":"","_exactmetrics_sitenote_category":0,"footnotes":""},"categories":[27,19],"tags":[34,2034,1110,2033,2038,67,4563,4570,2041,4566,1818,2035,2040,2037,4565,2133,736,4568,4564,58,51,3925,1796,157,4569,489,686,189,2036,2039,37,4571,40],"class_list":["post-7652","post","type-post","status-publish","format-standard","hentry","category-artistes","category-vernissage","tag-andre-becot","tag-bruno-boulianne","tag-cafe-krieghoff","tag-caroline-montpetit","tag-champlain-charest","tag-club-des-collectionneurs-en-arts-visuels-de-quebec-marc-bellemare","tag-dominick-gravel","tag-etudes-superieures-en-lettres-a-paris","tag-festival-international-du-film-sur-lart","tag-fondation-riopelle","tag-francoise-sullivan","tag-gilles-gagne","tag-joan-mitchel","tag-lile-aux-oies","tag-lisle-aux-grues","tag-la-presse","tag-le-devoir","tag-madeleine-arbour","tag-manon-gauthier","tag-marc-bellemare-collectionneur","tag-marc-seguin","tag-maurice-richard","tag-mitchell","tag-mnbaq","tag-monique-brunet-weinmann","tag-musee-national-des-beaux-arts-du-quebec","tag-paul-emile-borduas","tag-riopelle","tag-rosa-luxemburg","tag-sainte-marguerite-du-lac-masson","tag-studio-becot","tag-universite-de-montrealhitoire-de-lart","tag-visuals-arts"],"_links":{"self":[{"href":"https:\/\/galeriebecot.com\/index.php?rest_route=\/wp\/v2\/posts\/7652","targetHints":{"allow":["GET"]}}],"collection":[{"href":"https:\/\/galeriebecot.com\/index.php?rest_route=\/wp\/v2\/posts"}],"about":[{"href":"https:\/\/galeriebecot.com\/index.php?rest_route=\/wp\/v2\/types\/post"}],"author":[{"embeddable":true,"href":"https:\/\/galeriebecot.com\/index.php?rest_route=\/wp\/v2\/users\/1"}],"replies":[{"embeddable":true,"href":"https:\/\/galeriebecot.com\/index.php?rest_route=%2Fwp%2Fv2%2Fcomments&post=7652"}],"version-history":[{"count":29,"href":"https:\/\/galeriebecot.com\/index.php?rest_route=\/wp\/v2\/posts\/7652\/revisions"}],"predecessor-version":[{"id":18290,"href":"https:\/\/galeriebecot.com\/index.php?rest_route=\/wp\/v2\/posts\/7652\/revisions\/18290"}],"wp:attachment":[{"href":"https:\/\/galeriebecot.com\/index.php?rest_route=%2Fwp%2Fv2%2Fmedia&parent=7652"}],"wp:term":[{"taxonomy":"category","embeddable":true,"href":"https:\/\/galeriebecot.com\/index.php?rest_route=%2Fwp%2Fv2%2Fcategories&post=7652"},{"taxonomy":"post_tag","embeddable":true,"href":"https:\/\/galeriebecot.com\/index.php?rest_route=%2Fwp%2Fv2%2Ftags&post=7652"}],"curies":[{"name":"wp","href":"https:\/\/api.w.org\/{rel}","templated":true}]}}