{"id":7511,"date":"2017-09-25T15:30:45","date_gmt":"2017-09-25T19:30:45","guid":{"rendered":"http:\/\/www.clubdescollectionneursenartsvisuelsdequebec.com\/?p=7511"},"modified":"2017-10-11T18:55:07","modified_gmt":"2017-10-11T22:55:07","slug":"les-journees-de-la-culture-chez-becot","status":"publish","type":"post","link":"https:\/\/galeriebecot.com\/?p=7511","title":{"rendered":"Les journ\u00e9es de la culture chez B\u00e9cot !"},"content":{"rendered":"<p><a href=\"https:\/\/www.galeriebecot.com\/wp-content\/uploads\/2017\/10\/Becot-culture-2017.jpg\"><img loading=\"lazy\" decoding=\"async\" class=\"alignnone size-full wp-image-7528\" src=\"https:\/\/www.galeriebecot.com\/wp-content\/uploads\/2017\/10\/Becot-culture-2017.jpg\" alt=\"\" width=\"900\" height=\"232\" srcset=\"https:\/\/galeriebecot.com\/wp-content\/uploads\/2017\/10\/Becot-culture-2017.jpg 900w, https:\/\/galeriebecot.com\/wp-content\/uploads\/2017\/10\/Becot-culture-2017-300x77.jpg 300w, https:\/\/galeriebecot.com\/wp-content\/uploads\/2017\/10\/Becot-culture-2017-768x198.jpg 768w\" sizes=\"auto, (max-width: 900px) 100vw, 900px\" \/><\/a><\/p>\n<p><strong>L&rsquo;atelier Galerie B\u00e9cot pr\u00e9sente pour les journ\u00e9es de la culture.<\/strong><\/p>\n<p><strong>le 30 et 1er octobre 2017 de 13 \u00e0 17 h.<\/strong><\/p>\n<p>B\u00e9cot, Boulianne, Darby, \u00c9mond , Gagnon, Leblond, Morissette, Poulin, Rioux, Thibault, Tremblay,<\/p>\n<p><strong>Collection les Dieux D&rsquo;Airains ( <em>mus\u00e9e du bronze d&rsquo;Inverness<\/em>)<\/strong><\/p>\n<p>Gilbert, Derouin, Gagnon, Deaudelin, Labrie, Vaillancourt,<\/p>\n<p><strong>Andr\u00e9 B\u00e9cot,Galerie et Studio (418) 559-6816<\/strong><\/p>\n<p><strong>344 rue St.-H\u00e9l\u00e8ne Qu\u00e9bec,G1k3L7<\/strong><\/p>\n<p>Bienvenue \u00e0 tous !<\/p>\n<p><a href=\"https:\/\/www.galeriebecot.com\/wp-content\/uploads\/2017\/09\/Darby_Becot.jpg\"><img loading=\"lazy\" decoding=\"async\" class=\"alignnone size-full wp-image-7580\" src=\"https:\/\/www.galeriebecot.com\/wp-content\/uploads\/2017\/09\/Darby_Becot.jpg\" alt=\"\" width=\"336\" height=\"527\" srcset=\"https:\/\/galeriebecot.com\/wp-content\/uploads\/2017\/09\/Darby_Becot.jpg 336w, https:\/\/galeriebecot.com\/wp-content\/uploads\/2017\/09\/Darby_Becot-191x300.jpg 191w\" sizes=\"auto, (max-width: 336px) 100vw, 336px\" \/><\/a><\/p>\n<p>Cr\u00e9dit photo: <em>Michel Boulianne<\/em><\/p>\n<p><strong>Don Darby\u00a0<\/strong><\/p>\n<p>Titre : Homme de\u00a0P\u00e9kin<\/p>\n<p>M\u00e9dium :\u00a0Acier<\/p>\n<p><strong>Andr\u00e9 B\u00e9cot\u00a0<\/strong><\/p>\n<p>Titre : le poids<\/p>\n<p>M\u00e9dium ; polyptique \u00e0 l&rsquo;acrylique sur toile (sept tableaux)<\/p>\n<p><a href=\"https:\/\/www.galeriebecot.com\/wp-content\/uploads\/2017\/09\/Marie-Rioux.jpg\"><img loading=\"lazy\" decoding=\"async\" class=\"alignnone size-full wp-image-7564\" src=\"https:\/\/www.galeriebecot.com\/wp-content\/uploads\/2017\/09\/Marie-Rioux.jpg\" alt=\"\" width=\"404\" height=\"339\" srcset=\"https:\/\/galeriebecot.com\/wp-content\/uploads\/2017\/09\/Marie-Rioux.jpg 404w, https:\/\/galeriebecot.com\/wp-content\/uploads\/2017\/09\/Marie-Rioux-300x252.jpg 300w\" sizes=\"auto, (max-width: 404px) 100vw, 404px\" \/><\/a><\/p>\n<p><strong>Marie Rioux\u00a0<\/strong><\/p>\n<p>Titre : Rencontres avant la nuit<\/p>\n<p>M\u00e9dium ; Huile sur toile ( 40 x 48 pouces)<\/p>\n<p><a href=\"https:\/\/www.galeriebecot.com\/wp-content\/uploads\/2017\/09\/Poulin-Carol.jpg\"><img loading=\"lazy\" decoding=\"async\" class=\"alignnone size-full wp-image-7577\" src=\"https:\/\/www.galeriebecot.com\/wp-content\/uploads\/2017\/09\/Poulin-Carol.jpg\" alt=\"\" width=\"432\" height=\"432\" srcset=\"https:\/\/galeriebecot.com\/wp-content\/uploads\/2017\/09\/Poulin-Carol.jpg 432w, https:\/\/galeriebecot.com\/wp-content\/uploads\/2017\/09\/Poulin-Carol-150x150.jpg 150w, https:\/\/galeriebecot.com\/wp-content\/uploads\/2017\/09\/Poulin-Carol-300x300.jpg 300w, https:\/\/galeriebecot.com\/wp-content\/uploads\/2017\/09\/Poulin-Carol-330x330.jpg 330w\" sizes=\"auto, (max-width: 432px) 100vw, 432px\" \/><\/a><\/p>\n<p><strong>Carol Poulin<\/strong><\/p>\n<p>Titre : Voyage 3<\/p>\n<p>M\u00e9dium : Encre de chine sur toile<\/p>\n<p>122 x 122 cm<\/p>\n","protected":false},"excerpt":{"rendered":"<p>L&rsquo;atelier Galerie B\u00e9cot pr\u00e9sente pour les journ\u00e9es de la culture. le 30 et 1er octobre 2017 de 13 \u00e0 17 h. B\u00e9cot, Boulianne, Darby, \u00c9mond , Gagnon, Leblond, Morissette, Poulin,&hellip; <\/p>\n","protected":false},"author":1,"featured_media":0,"comment_status":"open","ping_status":"open","sticky":false,"template":"","format":"standard","meta":{"_exactmetrics_skip_tracking":false,"_exactmetrics_sitenote_active":false,"_exactmetrics_sitenote_note":"","_exactmetrics_sitenote_category":0,"footnotes":""},"categories":[27,18,19],"tags":[34,43,5,1765,120,1767,1184,112,1766,1768,1769,58,1770,1194,351,37,1771,1222,1199,40],"class_list":["post-7511","post","type-post","status-publish","format-standard","hentry","category-artistes","category-evenement","category-vernissage","tag-andre-becot","tag-arts-visuels","tag-becot","tag-boulianne","tag-darby","tag-deaudelin","tag-derouin","tag-gagnon","tag-gilbert","tag-labrie","tag-leblond","tag-marc-bellemare-collectionneur","tag-morissette","tag-poulin","tag-rioux","tag-studio-becot","tag-thibault","tag-tremblay","tag-vaillancourt","tag-visuals-arts"],"_links":{"self":[{"href":"https:\/\/galeriebecot.com\/index.php?rest_route=\/wp\/v2\/posts\/7511","targetHints":{"allow":["GET"]}}],"collection":[{"href":"https:\/\/galeriebecot.com\/index.php?rest_route=\/wp\/v2\/posts"}],"about":[{"href":"https:\/\/galeriebecot.com\/index.php?rest_route=\/wp\/v2\/types\/post"}],"author":[{"embeddable":true,"href":"https:\/\/galeriebecot.com\/index.php?rest_route=\/wp\/v2\/users\/1"}],"replies":[{"embeddable":true,"href":"https:\/\/galeriebecot.com\/index.php?rest_route=%2Fwp%2Fv2%2Fcomments&post=7511"}],"version-history":[{"count":16,"href":"https:\/\/galeriebecot.com\/index.php?rest_route=\/wp\/v2\/posts\/7511\/revisions"}],"predecessor-version":[{"id":7691,"href":"https:\/\/galeriebecot.com\/index.php?rest_route=\/wp\/v2\/posts\/7511\/revisions\/7691"}],"wp:attachment":[{"href":"https:\/\/galeriebecot.com\/index.php?rest_route=%2Fwp%2Fv2%2Fmedia&parent=7511"}],"wp:term":[{"taxonomy":"category","embeddable":true,"href":"https:\/\/galeriebecot.com\/index.php?rest_route=%2Fwp%2Fv2%2Fcategories&post=7511"},{"taxonomy":"post_tag","embeddable":true,"href":"https:\/\/galeriebecot.com\/index.php?rest_route=%2Fwp%2Fv2%2Ftags&post=7511"}],"curies":[{"name":"wp","href":"https:\/\/api.w.org\/{rel}","templated":true}]}}