{"id":7276,"date":"2021-06-16T12:49:00","date_gmt":"2021-06-16T16:49:00","guid":{"rendered":"http:\/\/www.clubdescollectionneursenartsvisuelsdequebec.com\/?p=7276"},"modified":"2021-07-12T19:03:36","modified_gmt":"2021-07-12T23:03:36","slug":"evelyne-ferron-en-conference-a-la-biennale-du-lin","status":"publish","type":"post","link":"https:\/\/galeriebecot.com\/?p=7276","title":{"rendered":"Neuvi\u00e8me Biennale internationale du lin ( BILP) du 19 juin au 3 octobre 2021"},"content":{"rendered":"\n<figure class=\"wp-block-image size-large\"><img loading=\"lazy\" decoding=\"async\" width=\"720\" height=\"397\" src=\"https:\/\/www.galeriebecot.com\/wp-content\/uploads\/2021\/07\/Lin-1.jpg\" alt=\"\" class=\"wp-image-14513\" srcset=\"https:\/\/galeriebecot.com\/wp-content\/uploads\/2021\/07\/Lin-1.jpg 720w, https:\/\/galeriebecot.com\/wp-content\/uploads\/2021\/07\/Lin-1-300x165.jpg 300w\" sizes=\"auto, (max-width: 720px) 100vw, 720px\" \/><figcaption>Visite le vendredi 9 juillet 2021 Odette ( <em><strong>Carol Poulin et Collette Matte , artistes<\/strong><\/em>) Martin<\/figcaption><\/figure>\n\n\n\n<figure class=\"wp-block-image size-large\"><img loading=\"lazy\" decoding=\"async\" width=\"720\" height=\"455\" src=\"https:\/\/www.galeriebecot.com\/wp-content\/uploads\/2021\/07\/Lin.jpg\" alt=\"\" class=\"wp-image-14514\" srcset=\"https:\/\/galeriebecot.com\/wp-content\/uploads\/2021\/07\/Lin.jpg 720w, https:\/\/galeriebecot.com\/wp-content\/uploads\/2021\/07\/Lin-300x190.jpg 300w\" sizes=\"auto, (max-width: 720px) 100vw, 720px\" \/><figcaption><em><strong>Colette Matte<\/strong><\/em> , <em>artiste<\/em><\/figcaption><\/figure>\n\n\n\n<figure class=\"wp-block-image size-large\"><img loading=\"lazy\" decoding=\"async\" width=\"720\" height=\"608\" src=\"https:\/\/www.galeriebecot.com\/wp-content\/uploads\/2021\/07\/Lin3.jpg\" alt=\"\" class=\"wp-image-14515\" srcset=\"https:\/\/galeriebecot.com\/wp-content\/uploads\/2021\/07\/Lin3.jpg 720w, https:\/\/galeriebecot.com\/wp-content\/uploads\/2021\/07\/Lin3-300x253.jpg 300w\" sizes=\"auto, (max-width: 720px) 100vw, 720px\" \/><figcaption>Odette Malouin et <em><strong>Margot Bujold ,<\/strong> artiste<\/em><\/figcaption><\/figure>\n\n\n\n<figure class=\"wp-block-image size-large\"><img loading=\"lazy\" decoding=\"async\" width=\"1024\" height=\"641\" src=\"https:\/\/www.galeriebecot.com\/wp-content\/uploads\/2021\/07\/Lin-4-Kardi-1024x641.jpg\" alt=\"\" class=\"wp-image-14516\" srcset=\"https:\/\/galeriebecot.com\/wp-content\/uploads\/2021\/07\/Lin-4-Kardi-1024x641.jpg 1024w, https:\/\/galeriebecot.com\/wp-content\/uploads\/2021\/07\/Lin-4-Kardi-300x188.jpg 300w, https:\/\/galeriebecot.com\/wp-content\/uploads\/2021\/07\/Lin-4-Kardi-768x481.jpg 768w, https:\/\/galeriebecot.com\/wp-content\/uploads\/2021\/07\/Lin-4-Kardi.jpg 1440w\" sizes=\"auto, (max-width: 1024px) 100vw, 1024px\" \/><figcaption>Description de l&rsquo;oeuvre de <strong>Greta Kardi<\/strong> (Lituanie)<\/figcaption><\/figure>\n\n\n\n<figure class=\"wp-block-image size-large is-resized\"><img loading=\"lazy\" decoding=\"async\" src=\"https:\/\/www.galeriebecot.com\/wp-content\/uploads\/2021\/07\/Lin-5-Oeuvre-1024x575.jpg\" alt=\"\" class=\"wp-image-14517\" width=\"580\" height=\"325\" srcset=\"https:\/\/galeriebecot.com\/wp-content\/uploads\/2021\/07\/Lin-5-Oeuvre-1024x575.jpg 1024w, https:\/\/galeriebecot.com\/wp-content\/uploads\/2021\/07\/Lin-5-Oeuvre-300x169.jpg 300w, https:\/\/galeriebecot.com\/wp-content\/uploads\/2021\/07\/Lin-5-Oeuvre-768x431.jpg 768w, https:\/\/galeriebecot.com\/wp-content\/uploads\/2021\/07\/Lin-5-Oeuvre.jpg 1440w\" sizes=\"auto, (max-width: 580px) 100vw, 580px\" \/><figcaption>Oeuvre par Greta Kardi<\/figcaption><\/figure>\n\n\n\n<figure class=\"wp-block-image size-large\"><a href=\"https:\/\/www.galeriebecot.com\/?p=13152\"><img loading=\"lazy\" decoding=\"async\" width=\"1024\" height=\"758\" src=\"https:\/\/www.galeriebecot.com\/wp-content\/uploads\/2021\/07\/Fer-1024x758.jpg\" alt=\"\" class=\"wp-image-14528\" srcset=\"https:\/\/galeriebecot.com\/wp-content\/uploads\/2021\/07\/Fer-1024x758.jpg 1024w, https:\/\/galeriebecot.com\/wp-content\/uploads\/2021\/07\/Fer-300x222.jpg 300w, https:\/\/galeriebecot.com\/wp-content\/uploads\/2021\/07\/Fer-768x569.jpg 768w, https:\/\/galeriebecot.com\/wp-content\/uploads\/2021\/07\/Fer.jpg 1268w\" sizes=\"auto, (max-width: 1024px) 100vw, 1024px\" \/><\/a><\/figure>\n\n\n\n<p class=\"wp-block-paragraph\"><strong>Les organisateurs de la BILP ont con\u00e7u une programmation dont les divers \u00e9l\u00e9ments prennent place dans les lieux patrimoniaux de Deschambault-Grondines, du 19 juin au 3 octobre 2021. Consultez l\u2019onglet&nbsp;<em>Renseignements<\/em>&nbsp;pour conna\u00eetre les heures d\u2019ouverture et les tarifs.&nbsp;<\/strong><\/p>\n\n\n\n<p class=\"wp-block-paragraph\">Le Vieux presbyt\u00e8re de Deschambault et le Moulin de La Chevroti\u00e8re&nbsp; accueillent l\u2019exposition&nbsp;<strong><em>Revirements<\/em><\/strong>&nbsp;qui r\u00e9unit les oeuvres de 20 artistes professionnels du Qu\u00e9bec, du Canada, de la Belgique, des \u00c9tats-Unis de la France, de la Lituanie, des Pays-Bas, de la Pologne et du Portugal.<\/p>\n\n\n\n<p class=\"wp-block-paragraph\">Au Presbyt\u00e8re Saint-Charles de Grondines, on pr\u00e9sente&nbsp;<strong><em>Le fleuve en partage<\/em><\/strong>, une exposition collective qui regroupe les oeuvres d\u2019\u00e9tudiants et d\u2019\u00e9tudiantes en art de diff\u00e9rentes institutions coll\u00e9giales et universitaires.<\/p>\n\n\n\n<p class=\"wp-block-paragraph\">Les galeries sup\u00e9rieures de l\u2019\u00e9glise Saint-Joseph de Deschambault accueillent pour leur part les \u0153uvres des deux artistes qu\u00e9b\u00e9coises qui ont repr\u00e9sent\u00e9 la BILP \u00e0 l\u2019\u00e9v\u00e9nement portugais&nbsp;<em>Contextile<\/em>, en 2020.<\/p>\n\n\n\n<figure class=\"wp-block-image size-large\"><a href=\"https:\/\/biennaledulin.com\"><img loading=\"lazy\" decoding=\"async\" width=\"1024\" height=\"379\" src=\"https:\/\/www.galeriebecot.com\/wp-content\/uploads\/2021\/07\/Lin-couvert-1-1024x379.jpg\" alt=\"\" class=\"wp-image-14521\" srcset=\"https:\/\/galeriebecot.com\/wp-content\/uploads\/2021\/07\/Lin-couvert-1-1024x379.jpg 1024w, https:\/\/galeriebecot.com\/wp-content\/uploads\/2021\/07\/Lin-couvert-1-300x111.jpg 300w, https:\/\/galeriebecot.com\/wp-content\/uploads\/2021\/07\/Lin-couvert-1-768x284.jpg 768w, https:\/\/galeriebecot.com\/wp-content\/uploads\/2021\/07\/Lin-couvert-1.jpg 1440w\" sizes=\"auto, (max-width: 1024px) 100vw, 1024px\" \/><\/a><\/figure>\n\n\n\n<figure><iframe loading=\"lazy\" src=\"https:\/\/player.vimeo.com\/video\/454534339\" width=\"640\" height=\"360\" allowfullscreen=\"\"><\/iframe><\/figure>\n\n\n\n<p class=\"wp-block-paragraph\"><a href=\"https:\/\/vimeo.com\/454534339\">BILP &#8211; Contextile 2020<\/a> from <a href=\"https:\/\/vimeo.com\/biennaledulin\">Biennale du lin<\/a> on <a href=\"https:\/\/vimeo.com\">Vimeo<\/a>.<\/p>\n\n\n<p><a href=\"https:\/\/www.galeriebecot.com\/wp-content\/uploads\/2017\/09\/Biennale-du-lin.jpg\"><img loading=\"lazy\" decoding=\"async\" class=\"alignnone size-full wp-image-11515\" src=\"https:\/\/www.galeriebecot.com\/wp-content\/uploads\/2017\/09\/Biennale-du-lin.jpg\" alt=\"\" width=\"738\" height=\"244\" srcset=\"https:\/\/galeriebecot.com\/wp-content\/uploads\/2017\/09\/Biennale-du-lin.jpg 738w, https:\/\/galeriebecot.com\/wp-content\/uploads\/2017\/09\/Biennale-du-lin-300x99.jpg 300w\" sizes=\"auto, (max-width: 738px) 100vw, 738px\" \/><\/a><\/p>\n<p><a href=\"https:\/\/www.galeriebecot.com\/wp-content\/uploads\/2017\/09\/Biennale-du-lin1.jpg\"><img loading=\"lazy\" decoding=\"async\" class=\"alignnone size-full wp-image-11514\" src=\"https:\/\/www.galeriebecot.com\/wp-content\/uploads\/2017\/09\/Biennale-du-lin1.jpg\" alt=\"\" width=\"757\" height=\"782\" srcset=\"https:\/\/galeriebecot.com\/wp-content\/uploads\/2017\/09\/Biennale-du-lin1.jpg 757w, https:\/\/galeriebecot.com\/wp-content\/uploads\/2017\/09\/Biennale-du-lin1-290x300.jpg 290w\" sizes=\"auto, (max-width: 757px) 100vw, 757px\" \/><\/a><\/p>\n<p><a href=\"http:\/\/biennaledulin.com\/\"><img loading=\"lazy\" decoding=\"async\" class=\"alignnone size-full wp-image-11519\" src=\"https:\/\/www.galeriebecot.com\/wp-content\/uploads\/2019\/06\/Lin.jpg\" alt=\"\" width=\"762\" height=\"356\" srcset=\"https:\/\/galeriebecot.com\/wp-content\/uploads\/2019\/06\/Lin.jpg 762w, https:\/\/galeriebecot.com\/wp-content\/uploads\/2019\/06\/Lin-300x140.jpg 300w\" sizes=\"auto, (max-width: 762px) 100vw, 762px\" \/><\/a><\/p>\n<p>D\u00e9tours et d\u00e9rives<\/p>\n<p>Vernissage le samedi 15 juin 2019 \u00e0 14h<\/p>\n<p>\u00c9glise Saint-Joseph de Deschambault.<\/p>\n<p>Bienvenue \u00e0 tous !<\/p>\n<p>La programmation regroupe les oeuvres de 19 artistes venant du Qu\u00e9bec&#8230;.<\/p>\n<p><\/p>\n<p><a href=\"https:\/\/www.galeriebecot.com\/wp-content\/uploads\/2017\/09\/lin.jpg\"><img loading=\"lazy\" decoding=\"async\" class=\"alignnone size-full wp-image-7277\" src=\"https:\/\/www.galeriebecot.com\/wp-content\/uploads\/2017\/09\/lin.jpg\" alt=\"\" width=\"641\" height=\"849\" srcset=\"https:\/\/galeriebecot.com\/wp-content\/uploads\/2017\/09\/lin.jpg 641w, https:\/\/galeriebecot.com\/wp-content\/uploads\/2017\/09\/lin-227x300.jpg 227w\" sizes=\"auto, (max-width: 641px) 100vw, 641px\" \/><\/a><\/p>\n<p>Conf\u00e9rence: Evelyne Ferron, historienne,trace un portrait de Micheline Beauchemin, une artiste tisserande qui a su se d\u00e9marquer tant par ses oeuvres, que par sa lutte contre Hydro-Qu\u00e9bec pour la pr\u00e9servation du paysage.<\/p>\n<p>Samedi , 7 octobre 2017 \u00e0 14h<\/p>\n<p>Vieux Presbyt\u00e8re de Deschambault<\/p>\n<p>105 , rue de Chavigny<\/p>\n<p>Deschambault-Grondines (Qu\u00e9bec) G0A 1S0<\/p>\n<p><a href=\"https:\/\/www.galeriebecot.com\/wp-content\/uploads\/2017\/09\/lin2.jpg\"><img loading=\"lazy\" decoding=\"async\" class=\"alignnone size-full wp-image-7278\" src=\"https:\/\/www.galeriebecot.com\/wp-content\/uploads\/2017\/09\/lin2.jpg\" alt=\"\" width=\"562\" height=\"679\" srcset=\"https:\/\/galeriebecot.com\/wp-content\/uploads\/2017\/09\/lin2.jpg 562w, https:\/\/galeriebecot.com\/wp-content\/uploads\/2017\/09\/lin2-248x300.jpg 248w\" sizes=\"auto, (max-width: 562px) 100vw, 562px\" \/><\/a><\/p>","protected":false},"excerpt":{"rendered":"<p>Les organisateurs de la BILP ont con\u00e7u une programmation dont les divers \u00e9l\u00e9ments prennent place dans les lieux patrimoniaux de Deschambault-Grondines, du 19 juin au 3 octobre 2021. Consultez l\u2019onglet&nbsp;Renseignements&nbsp;pour&hellip; <\/p>\n","protected":false},"author":1,"featured_media":0,"comment_status":"open","ping_status":"open","sticky":false,"template":"","format":"standard","meta":{"_exactmetrics_skip_tracking":false,"_exactmetrics_sitenote_active":false,"_exactmetrics_sitenote_note":"","_exactmetrics_sitenote_category":0,"footnotes":""},"categories":[27,17],"tags":[2810,34,43,1590,66,1720,1723,2811,1719,1721,58,1722,1718,37,40],"class_list":["post-7276","post","type-post","status-publish","format-standard","hentry","category-artistes","category-conference","tag-adrien-landry","tag-andre-becot","tag-arts-visuels","tag-biennale-internationale-du-lin-de-portneuf","tag-club-des-collectionneurs-en-arts-visuels-de-quebec-studio-becot","tag-deschambault","tag-dominique-roy","tag-donald-vezina","tag-evelyne-ferron","tag-hydro-quebec","tag-marc-bellemare-collectionneur","tag-michel-matte","tag-micheline-beauchemin","tag-studio-becot","tag-visuals-arts"],"_links":{"self":[{"href":"https:\/\/galeriebecot.com\/index.php?rest_route=\/wp\/v2\/posts\/7276","targetHints":{"allow":["GET"]}}],"collection":[{"href":"https:\/\/galeriebecot.com\/index.php?rest_route=\/wp\/v2\/posts"}],"about":[{"href":"https:\/\/galeriebecot.com\/index.php?rest_route=\/wp\/v2\/types\/post"}],"author":[{"embeddable":true,"href":"https:\/\/galeriebecot.com\/index.php?rest_route=\/wp\/v2\/users\/1"}],"replies":[{"embeddable":true,"href":"https:\/\/galeriebecot.com\/index.php?rest_route=%2Fwp%2Fv2%2Fcomments&post=7276"}],"version-history":[{"count":18,"href":"https:\/\/galeriebecot.com\/index.php?rest_route=\/wp\/v2\/posts\/7276\/revisions"}],"predecessor-version":[{"id":14531,"href":"https:\/\/galeriebecot.com\/index.php?rest_route=\/wp\/v2\/posts\/7276\/revisions\/14531"}],"wp:attachment":[{"href":"https:\/\/galeriebecot.com\/index.php?rest_route=%2Fwp%2Fv2%2Fmedia&parent=7276"}],"wp:term":[{"taxonomy":"category","embeddable":true,"href":"https:\/\/galeriebecot.com\/index.php?rest_route=%2Fwp%2Fv2%2Fcategories&post=7276"},{"taxonomy":"post_tag","embeddable":true,"href":"https:\/\/galeriebecot.com\/index.php?rest_route=%2Fwp%2Fv2%2Ftags&post=7276"}],"curies":[{"name":"wp","href":"https:\/\/api.w.org\/{rel}","templated":true}]}}