{"id":7244,"date":"2017-09-25T15:46:15","date_gmt":"2017-09-25T19:46:15","guid":{"rendered":"http:\/\/www.clubdescollectionneursenartsvisuelsdequebec.com\/?p=7244"},"modified":"2017-10-07T04:01:57","modified_gmt":"2017-10-07T08:01:57","slug":"adieu-la-photographie","status":"publish","type":"post","link":"https:\/\/galeriebecot.com\/?p=7244","title":{"rendered":"Adieu la photographie&#8230;!"},"content":{"rendered":"<p><a href=\"http:\/\/www.journaldequebec.com\/2017\/10\/05\/zoom-sur-la-photo?fb_action_ids=10156701565597782&amp;fb_action_types=og.comments\"><img loading=\"lazy\" decoding=\"async\" class=\"alignnone size-full wp-image-7245\" src=\"https:\/\/www.galeriebecot.com\/wp-content\/uploads\/2017\/09\/Adieu.jpg\" alt=\"\" width=\"878\" height=\"473\" srcset=\"https:\/\/galeriebecot.com\/wp-content\/uploads\/2017\/09\/Adieu.jpg 878w, https:\/\/galeriebecot.com\/wp-content\/uploads\/2017\/09\/Adieu-300x162.jpg 300w, https:\/\/galeriebecot.com\/wp-content\/uploads\/2017\/09\/Adieu-768x414.jpg 768w\" sizes=\"auto, (max-width: 878px) 100vw, 878px\" \/><\/a><\/p>\n<p>Sandra Godin ( <em>Le journal de Qu\u00e9bec<\/em> ) 5\/10\/2017<\/p>\n<p><b>Artistes participants\u00a0: <\/b><b>Patrick Altman, Pierre Barrellon, Michel Campeau, Guillaume D. Cyr, Madeleine Dor\u00e9, Simon Dumas, Bruno Guiot, V\u00e9ronique Isabelle, Mo\u00efa Jobin-Par\u00e9, Isabelle Le Minh, Jacinthe Lessard-L., H\u00e9l\u00e8ne Matte, Annie St-Jean, Giorgia Volpe<\/b><\/p>\n<p>L\u2019Arrondissement de Sainte-Foy\u2013Sillery\u2013Cap-Rouge<\/p>\n<p>vous invite au vernissage de l&rsquo;exposition<\/p>\n<p><strong><em>Adieu la photographie<\/em><\/strong><strong><em>.<\/em><\/strong><\/p>\n<p><strong><em>Mat\u00e9rialit\u00e9 et geste en photographie actuelle<\/em><\/strong><strong><em>.<\/em><\/strong><\/p>\n<p>Il aura lieu le mardi 19 septembre 2017 \u00e0 17 h 30<\/p>\n<p>\u00e0 la maison Hamel-Bruneau, situ\u00e9e au 2608, chemin Saint-Louis, \u00e0 Qu\u00e9bec<\/p>\n<p>en pr\u00e9sence de monsieur R\u00e9my Normand,<\/p>\n<p>pr\u00e9sident du conseil d\u2019arrondissement,<\/p>\n<p>de madame H\u00e9l\u00e8ne Matte, commissaire de l\u2019exposition,<\/p>\n<p>ainsi que de plusieurs artistes participants.<\/p>\n<p><a href=\"http:\/\/www.journaldequebec.com\/2017\/10\/05\/zoom-sur-la-photo?fb_action_ids=10156701565597782&amp;fb_action_types=og.comments\">\u00c0 l\u2019\u00e8re de la photographie num\u00e9rique, l\u2019exposition Adieu la photographie ! nous remet en plein visage la beaut\u00e9 des anciens proc\u00e9d\u00e9s et l\u2019importance de la mat\u00e9rialit\u00e9 dans le processus photo. L\u2019exposition, qui se d\u00e9roule jusqu\u2019en d\u00e9cembre \u00e0 la Maison Hamel-Bruneau, rassemble le travail de 14 artistes qui se penchent sur la photo par toutes sortes de formes d\u2019art&#8230;<\/a><\/p>\n","protected":false},"excerpt":{"rendered":"<p>Sandra Godin ( Le journal de Qu\u00e9bec ) 5\/10\/2017 Artistes participants\u00a0: Patrick Altman, Pierre Barrellon, Michel Campeau, Guillaume D. Cyr, Madeleine Dor\u00e9, Simon Dumas, Bruno Guiot, V\u00e9ronique Isabelle, Mo\u00efa Jobin-Par\u00e9,&hellip; <\/p>\n","protected":false},"author":1,"featured_media":0,"comment_status":"open","ping_status":"open","sticky":false,"template":"","format":"standard","meta":{"_exactmetrics_skip_tracking":false,"_exactmetrics_sitenote_active":false,"_exactmetrics_sitenote_note":"","_exactmetrics_sitenote_category":0,"footnotes":""},"categories":[20,27,18,31,19],"tags":[34,704,1706,67,499,743,784,1709,1710,1704,555,58,1703,1708,1265,1702,926,1705,37,1707,40],"class_list":["post-7244","post","type-post","status-publish","format-standard","hentry","category-article-descriptif","category-artistes","category-evenement","category-le-journal-de-quebec","category-vernissage","tag-andre-becot","tag-annie-st-jean","tag-bruno-guiot","tag-club-des-collectionneurs-en-arts-visuels-de-quebec-marc-bellemare","tag-giorgia-volpe","tag-guillaume-d-cyr","tag-helene-matte","tag-isabelle-le-minh","tag-jacinthe-lessard-l","tag-madeleine-dore","tag-maison-hamel-bruneau","tag-marc-bellemare-collectionneur","tag-michel-campeau","tag-moia-jobin-pare","tag-patrick-altman","tag-pierre-barrellon","tag-remy-normand","tag-simon-dumas","tag-studio-becot","tag-veronique-isabelle","tag-visuals-arts"],"_links":{"self":[{"href":"https:\/\/galeriebecot.com\/index.php?rest_route=\/wp\/v2\/posts\/7244","targetHints":{"allow":["GET"]}}],"collection":[{"href":"https:\/\/galeriebecot.com\/index.php?rest_route=\/wp\/v2\/posts"}],"about":[{"href":"https:\/\/galeriebecot.com\/index.php?rest_route=\/wp\/v2\/types\/post"}],"author":[{"embeddable":true,"href":"https:\/\/galeriebecot.com\/index.php?rest_route=\/wp\/v2\/users\/1"}],"replies":[{"embeddable":true,"href":"https:\/\/galeriebecot.com\/index.php?rest_route=%2Fwp%2Fv2%2Fcomments&post=7244"}],"version-history":[{"count":7,"href":"https:\/\/galeriebecot.com\/index.php?rest_route=\/wp\/v2\/posts\/7244\/revisions"}],"predecessor-version":[{"id":7619,"href":"https:\/\/galeriebecot.com\/index.php?rest_route=\/wp\/v2\/posts\/7244\/revisions\/7619"}],"wp:attachment":[{"href":"https:\/\/galeriebecot.com\/index.php?rest_route=%2Fwp%2Fv2%2Fmedia&parent=7244"}],"wp:term":[{"taxonomy":"category","embeddable":true,"href":"https:\/\/galeriebecot.com\/index.php?rest_route=%2Fwp%2Fv2%2Fcategories&post=7244"},{"taxonomy":"post_tag","embeddable":true,"href":"https:\/\/galeriebecot.com\/index.php?rest_route=%2Fwp%2Fv2%2Ftags&post=7244"}],"curies":[{"name":"wp","href":"https:\/\/api.w.org\/{rel}","templated":true}]}}