{"id":7222,"date":"2017-09-01T15:46:05","date_gmt":"2017-09-01T19:46:05","guid":{"rendered":"http:\/\/www.clubdescollectionneursenartsvisuelsdequebec.com\/?p=7222"},"modified":"2017-09-16T16:12:17","modified_gmt":"2017-09-16T20:12:17","slug":"julie-picard-inaugure-et-odette-thebergejacques-pelletier-et-helga-schlitter-exposent","status":"publish","type":"post","link":"https:\/\/galeriebecot.com\/?p=7222","title":{"rendered":"Julie Picard inaugure et Odette Th\u00e9berge, Jacques Pelletier et Helga Schlitter exposent."},"content":{"rendered":"<p><a href=\"https:\/\/www.galeriebecot.com\/wp-content\/uploads\/2017\/09\/Picard-Julie.jpg\"><img loading=\"lazy\" decoding=\"async\" class=\"alignnone size-full wp-image-7223\" src=\"https:\/\/www.galeriebecot.com\/wp-content\/uploads\/2017\/09\/Picard-Julie.jpg\" alt=\"\" width=\"677\" height=\"483\" srcset=\"https:\/\/galeriebecot.com\/wp-content\/uploads\/2017\/09\/Picard-Julie.jpg 677w, https:\/\/galeriebecot.com\/wp-content\/uploads\/2017\/09\/Picard-Julie-300x214.jpg 300w\" sizes=\"auto, (max-width: 677px) 100vw, 677px\" \/><\/a><\/p>\n<p>Inauguration de l&rsquo;oeuvre,\u00a0<em>Roches-Papiers-Ciseaux.<\/em><\/p>\n<p>de Julie Picard.<\/p>\n<p>Jeudi le 14 septembre \u00e0 11h.<\/p>\n<p>490, rue de la Couronne-2e \u00e9tage, Qu\u00e9bec.<\/p>\n<p><a href=\"https:\/\/www.galeriebecot.com\/wp-content\/uploads\/2017\/09\/Nuit.jpg\"><img loading=\"lazy\" decoding=\"async\" class=\"alignnone size-large wp-image-7224\" src=\"https:\/\/www.galeriebecot.com\/wp-content\/uploads\/2017\/09\/Nuit-1024x718.jpg\" alt=\"\" width=\"700\" height=\"491\" srcset=\"https:\/\/galeriebecot.com\/wp-content\/uploads\/2017\/09\/Nuit-1024x718.jpg 1024w, https:\/\/galeriebecot.com\/wp-content\/uploads\/2017\/09\/Nuit-300x210.jpg 300w, https:\/\/galeriebecot.com\/wp-content\/uploads\/2017\/09\/Nuit-768x538.jpg 768w, https:\/\/galeriebecot.com\/wp-content\/uploads\/2017\/09\/Nuit-330x230.jpg 330w, https:\/\/galeriebecot.com\/wp-content\/uploads\/2017\/09\/Nuit.jpg 1301w\" sizes=\"auto, (max-width: 700px) 100vw, 700px\" \/><\/a><\/p>\n<p>Odette Th\u00e9berge, Jacques Pelletier, Helga Schlitter exposent dans le cadre de la\u00a0\u00a0Nuit des Galeries.<\/p>\n<p>H\u00f4tel le Germain, Qu\u00e9bec.<\/p>\n<p>126, rue Saint-Pierre, Qu\u00e9bec,Qc,G1K 4A8<\/p>\n<p><a href=\"https:\/\/www.galeriebecot.com\/wp-content\/uploads\/2017\/09\/Theberge-Odette.jpg\"><img loading=\"lazy\" decoding=\"async\" class=\"alignnone size-full wp-image-7269\" src=\"https:\/\/www.galeriebecot.com\/wp-content\/uploads\/2017\/09\/Theberge-Odette.jpg\" alt=\"\" width=\"1008\" height=\"559\" srcset=\"https:\/\/galeriebecot.com\/wp-content\/uploads\/2017\/09\/Theberge-Odette.jpg 1008w, https:\/\/galeriebecot.com\/wp-content\/uploads\/2017\/09\/Theberge-Odette-300x166.jpg 300w, https:\/\/galeriebecot.com\/wp-content\/uploads\/2017\/09\/Theberge-Odette-768x426.jpg 768w\" sizes=\"auto, (max-width: 1008px) 100vw, 1008px\" \/><\/a><\/p>\n","protected":false},"excerpt":{"rendered":"<p>Inauguration de l&rsquo;oeuvre,\u00a0Roches-Papiers-Ciseaux. de Julie Picard. Jeudi le 14 septembre \u00e0 11h. 490, rue de la Couronne-2e \u00e9tage, Qu\u00e9bec. Odette Th\u00e9berge, Jacques Pelletier, Helga Schlitter exposent dans le cadre de&hellip; <\/p>\n","protected":false},"author":1,"featured_media":0,"comment_status":"open","ping_status":"open","sticky":false,"template":"","format":"standard","meta":{"_exactmetrics_skip_tracking":false,"_exactmetrics_sitenote_active":false,"_exactmetrics_sitenote_note":"","_exactmetrics_sitenote_category":0,"footnotes":""},"categories":[27,18,19],"tags":[34,43,1692,1694,1696,1693,441,1695,58,1036,37,40],"class_list":["post-7222","post","type-post","status-publish","format-standard","hentry","category-artistes","category-evenement","category-vernissage","tag-andre-becot","tag-arts-visuels","tag-commission-geologique-du-canada","tag-helga-schlitter","tag-hotel-le-germain","tag-jacques-pelletier","tag-julie-picard","tag-la-nuit-des-galeries","tag-marc-bellemare-collectionneur","tag-odette-theberge","tag-studio-becot","tag-visuals-arts"],"_links":{"self":[{"href":"https:\/\/galeriebecot.com\/index.php?rest_route=\/wp\/v2\/posts\/7222","targetHints":{"allow":["GET"]}}],"collection":[{"href":"https:\/\/galeriebecot.com\/index.php?rest_route=\/wp\/v2\/posts"}],"about":[{"href":"https:\/\/galeriebecot.com\/index.php?rest_route=\/wp\/v2\/types\/post"}],"author":[{"embeddable":true,"href":"https:\/\/galeriebecot.com\/index.php?rest_route=\/wp\/v2\/users\/1"}],"replies":[{"embeddable":true,"href":"https:\/\/galeriebecot.com\/index.php?rest_route=%2Fwp%2Fv2%2Fcomments&post=7222"}],"version-history":[{"count":5,"href":"https:\/\/galeriebecot.com\/index.php?rest_route=\/wp\/v2\/posts\/7222\/revisions"}],"predecessor-version":[{"id":7270,"href":"https:\/\/galeriebecot.com\/index.php?rest_route=\/wp\/v2\/posts\/7222\/revisions\/7270"}],"wp:attachment":[{"href":"https:\/\/galeriebecot.com\/index.php?rest_route=%2Fwp%2Fv2%2Fmedia&parent=7222"}],"wp:term":[{"taxonomy":"category","embeddable":true,"href":"https:\/\/galeriebecot.com\/index.php?rest_route=%2Fwp%2Fv2%2Fcategories&post=7222"},{"taxonomy":"post_tag","embeddable":true,"href":"https:\/\/galeriebecot.com\/index.php?rest_route=%2Fwp%2Fv2%2Ftags&post=7222"}],"curies":[{"name":"wp","href":"https:\/\/api.w.org\/{rel}","templated":true}]}}