{"id":7207,"date":"2020-11-19T10:38:00","date_gmt":"2020-11-19T15:38:00","guid":{"rendered":"http:\/\/www.clubdescollectionneursenartsvisuelsdequebec.com\/?p=7207"},"modified":"2020-11-22T18:07:58","modified_gmt":"2020-11-22T23:07:58","slug":"lancement-du-guide-collectionner_le-guide-aux-entreprises","status":"publish","type":"post","link":"https:\/\/galeriebecot.com\/?p=7207","title":{"rendered":"Jacques Sanson et retour sur Riopelle et Ferron  \u00e0 la galerie Michel Guimont"},"content":{"rendered":"\n<figure class=\"wp-block-image size-large is-resized\"><a href=\"https:\/\/www.galeriemichelguimont.com\/expositions\/jacques-samson-2020\/\"><img loading=\"lazy\" decoding=\"async\" src=\"https:\/\/www.galeriebecot.com\/wp-content\/uploads\/2020\/11\/Sanson-1024x634.jpg\" alt=\"\" class=\"wp-image-13699\" width=\"580\" height=\"359\" srcset=\"https:\/\/galeriebecot.com\/wp-content\/uploads\/2020\/11\/Sanson-1024x634.jpg 1024w, https:\/\/galeriebecot.com\/wp-content\/uploads\/2020\/11\/Sanson-300x186.jpg 300w, https:\/\/galeriebecot.com\/wp-content\/uploads\/2020\/11\/Sanson-768x476.jpg 768w, https:\/\/galeriebecot.com\/wp-content\/uploads\/2020\/11\/Sanson.jpg 1368w\" sizes=\"auto, (max-width: 580px) 100vw, 580px\" \/><\/a><\/figure>\n\n\n\n<h1 class=\"wp-block-heading\">Jacques Samson.<\/h1>\n\n\n\n<p class=\"wp-block-paragraph\"><a href=\"https:\/\/www.facebook.com\/galeriemichelguimont\/videos\/415426166303304\">L\u2019exposition d\u00e9butera le 22 novembre et se poursuivra jusqu\u2019au 13 d\u00e9cembre 2020.<\/a><\/p>\n\n\n\n<hr class=\"wp-block-separator\"\/>\n\n\n\n<p class=\"wp-block-paragraph\">Depuis quelques temps Jacques Samson s\u2019int\u00e9resse \u00e0 la <strong>forme du n\u0153ud; <\/strong>ses lignes, sa construction, son d\u00e9veloppement dans l\u2019espace, ses enchev\u00eatrements. Cette nouvelle s\u00e9rie d\u2019\u0153uvres propose<strong> une all\u00e9gorie du processus cr\u00e9atif,<\/strong> qui commande parfois de s\u2019\u00e9loigner pour mieux revenir \u00e0 l\u2019essentiel, la source ou \u00e0 son point de d\u00e9part. Ces noyaux a\u00e9riens d\u2019\u00e9nergie fig\u00e9e donnent lieu \u00e0 diff\u00e9rentes variations sur le th\u00e8me du n\u0153ud, comme des parcours en circuit ferm\u00e9 qui ouvrent sur l\u2019imagination.<strong> Les formes \u00e0 la fois fig\u00e9es et dynamiques <\/strong>agissent comme <strong>des mantras<\/strong> et invitent l\u2019\u0153il et l\u2019esprit au jeu. Les sculptures semblent se nourrir d\u2019elles-m\u00eames dans un<strong> mouvement perp\u00e9tuel.<\/strong><\/p>\n\n\n<p><a href=\"https:\/\/www.galeriebecot.com\/?p=1398\"><img loading=\"lazy\" decoding=\"async\" class=\"alignnone size-full wp-image-8815\" src=\"https:\/\/www.galeriebecot.com\/wp-content\/uploads\/2018\/06\/Historique-du-clubokok.jpg\" alt=\"\" width=\"369\" height=\"35\" srcset=\"https:\/\/galeriebecot.com\/wp-content\/uploads\/2018\/06\/Historique-du-clubokok.jpg 369w, https:\/\/galeriebecot.com\/wp-content\/uploads\/2018\/06\/Historique-du-clubokok-300x28.jpg 300w\" sizes=\"auto, (max-width: 369px) 100vw, 369px\" \/><\/a><\/p>\n<p><a href=\"http:\/\/www.michelparent.com\/club\/\"><img loading=\"lazy\" decoding=\"async\" class=\"alignnone size-full wp-image-8818\" src=\"https:\/\/www.galeriebecot.com\/wp-content\/uploads\/2018\/06\/Logo-inscription-1-768x64ok.jpg\" alt=\"\" width=\"657\" height=\"63\" srcset=\"https:\/\/galeriebecot.com\/wp-content\/uploads\/2018\/06\/Logo-inscription-1-768x64ok.jpg 657w, https:\/\/galeriebecot.com\/wp-content\/uploads\/2018\/06\/Logo-inscription-1-768x64ok-300x29.jpg 300w\" sizes=\"auto, (max-width: 657px) 100vw, 657px\" \/><\/a><\/p>\n<p><a href=\"https:\/\/www.galeriebecot.com\/wp-content\/uploads\/2018\/10\/Guimont-111.jpg\"><img loading=\"lazy\" decoding=\"async\" class=\"alignnone size-large wp-image-9537\" src=\"https:\/\/www.galeriebecot.com\/wp-content\/uploads\/2018\/10\/Guimont-111-714x1024.jpg\" alt=\"\" width=\"700\" height=\"1004\" srcset=\"https:\/\/galeriebecot.com\/wp-content\/uploads\/2018\/10\/Guimont-111-714x1024.jpg 714w, https:\/\/galeriebecot.com\/wp-content\/uploads\/2018\/10\/Guimont-111-209x300.jpg 209w, https:\/\/galeriebecot.com\/wp-content\/uploads\/2018\/10\/Guimont-111.jpg 754w\" sizes=\"auto, (max-width: 700px) 100vw, 700px\" \/><\/a><\/p>\n<p><a href=\"https:\/\/www.galeriebecot.com\/wp-content\/uploads\/2018\/10\/Guimont2.jpg\"><img loading=\"lazy\" decoding=\"async\" class=\"alignnone size-full wp-image-9532\" src=\"https:\/\/www.galeriebecot.com\/wp-content\/uploads\/2018\/10\/Guimont2.jpg\" alt=\"\" width=\"746\" height=\"986\" srcset=\"https:\/\/galeriebecot.com\/wp-content\/uploads\/2018\/10\/Guimont2.jpg 746w, https:\/\/galeriebecot.com\/wp-content\/uploads\/2018\/10\/Guimont2-227x300.jpg 227w\" sizes=\"auto, (max-width: 746px) 100vw, 746px\" \/><\/a><\/p>\n<p><a href=\"https:\/\/www.galeriebecot.com\/wp-content\/uploads\/2018\/10\/Guimont3.jpg\"><img loading=\"lazy\" decoding=\"async\" class=\"alignnone size-full wp-image-9533\" src=\"https:\/\/www.galeriebecot.com\/wp-content\/uploads\/2018\/10\/Guimont3.jpg\" alt=\"\" width=\"771\" height=\"167\" srcset=\"https:\/\/galeriebecot.com\/wp-content\/uploads\/2018\/10\/Guimont3.jpg 771w, https:\/\/galeriebecot.com\/wp-content\/uploads\/2018\/10\/Guimont3-300x65.jpg 300w, https:\/\/galeriebecot.com\/wp-content\/uploads\/2018\/10\/Guimont3-768x166.jpg 768w\" sizes=\"auto, (max-width: 771px) 100vw, 771px\" \/><\/a><\/p>\n<p><a href=\"https:\/\/www.galeriebecot.com\/wp-content\/uploads\/2018\/10\/Guimont4.jpg\"><img loading=\"lazy\" decoding=\"async\" class=\"alignnone size-full wp-image-9534\" src=\"https:\/\/www.galeriebecot.com\/wp-content\/uploads\/2018\/10\/Guimont4.jpg\" alt=\"\" width=\"757\" height=\"788\" srcset=\"https:\/\/galeriebecot.com\/wp-content\/uploads\/2018\/10\/Guimont4.jpg 757w, https:\/\/galeriebecot.com\/wp-content\/uploads\/2018\/10\/Guimont4-288x300.jpg 288w\" sizes=\"auto, (max-width: 757px) 100vw, 757px\" \/><\/a><\/p>\n<p><a href=\"https:\/\/www.galeriebecot.com\/wp-content\/uploads\/2018\/10\/Guimont5.jpg\"><img loading=\"lazy\" decoding=\"async\" class=\"alignnone size-full wp-image-9535\" src=\"https:\/\/www.galeriebecot.com\/wp-content\/uploads\/2018\/10\/Guimont5.jpg\" alt=\"\" width=\"763\" height=\"262\" srcset=\"https:\/\/galeriebecot.com\/wp-content\/uploads\/2018\/10\/Guimont5.jpg 763w, https:\/\/galeriebecot.com\/wp-content\/uploads\/2018\/10\/Guimont5-300x103.jpg 300w\" sizes=\"auto, (max-width: 763px) 100vw, 763px\" \/><\/a><\/p>\n<p><a href=\"https:\/\/www.galeriebecot.com\/wp-content\/uploads\/2017\/11\/Refus1.jpg\"><img loading=\"lazy\" decoding=\"async\" class=\"alignnone size-full wp-image-9378\" src=\"https:\/\/www.galeriebecot.com\/wp-content\/uploads\/2017\/11\/Refus1.jpg\" alt=\"\" width=\"926\" height=\"842\" srcset=\"https:\/\/galeriebecot.com\/wp-content\/uploads\/2017\/11\/Refus1.jpg 926w, https:\/\/galeriebecot.com\/wp-content\/uploads\/2017\/11\/Refus1-300x273.jpg 300w, https:\/\/galeriebecot.com\/wp-content\/uploads\/2017\/11\/Refus1-768x698.jpg 768w\" sizes=\"auto, (max-width: 926px) 100vw, 926px\" \/><\/a><\/p>\n<p><a href=\"https:\/\/www.galeriebecot.com\/wp-content\/uploads\/2017\/11\/Refus2.jpg\"><img loading=\"lazy\" decoding=\"async\" class=\"alignnone size-full wp-image-9379\" src=\"https:\/\/www.galeriebecot.com\/wp-content\/uploads\/2017\/11\/Refus2.jpg\" alt=\"\" width=\"712\" height=\"763\" srcset=\"https:\/\/galeriebecot.com\/wp-content\/uploads\/2017\/11\/Refus2.jpg 712w, https:\/\/galeriebecot.com\/wp-content\/uploads\/2017\/11\/Refus2-280x300.jpg 280w\" sizes=\"auto, (max-width: 712px) 100vw, 712px\" \/><\/a><\/p>\n<p><a href=\"https:\/\/www.galeriebecot.com\/wp-content\/uploads\/2017\/11\/Refus3.jpg\"><img loading=\"lazy\" decoding=\"async\" class=\"alignnone size-full wp-image-9380\" src=\"https:\/\/www.galeriebecot.com\/wp-content\/uploads\/2017\/11\/Refus3.jpg\" alt=\"\" width=\"682\" height=\"287\" srcset=\"https:\/\/galeriebecot.com\/wp-content\/uploads\/2017\/11\/Refus3.jpg 682w, https:\/\/galeriebecot.com\/wp-content\/uploads\/2017\/11\/Refus3-300x126.jpg 300w\" sizes=\"auto, (max-width: 682px) 100vw, 682px\" \/><\/a><\/p>\n<p>Avant que Borduas et son groupe se mettent \u00e0 faire de l&rsquo;abstraction, \u00e7a n&rsquo;existait \u00e0 peu pr\u00e8s pas, rappelle Michel Guimont.<\/p>\n<p>L&rsquo;exposition se d\u00e9roule jusqu&rsquo;au 23 octobre au 273, rue Saint-Paul, \u00e0 Qu\u00e9bec.<\/p>\n<h2><strong><a href=\"https:\/\/www.quebecor.com\/fr\/-\/lancement-officiel-de-l-exposition-refus-global-70-ans-a-l-espace-musee-quebecor\"><img loading=\"lazy\" decoding=\"async\" class=\"alignnone wp-image-9496\" src=\"https:\/\/www.galeriebecot.com\/wp-content\/uploads\/2018\/09\/Quebecor.jpg\" alt=\"\" width=\"223\" height=\"93\" srcset=\"https:\/\/galeriebecot.com\/wp-content\/uploads\/2018\/09\/Quebecor.jpg 322w, https:\/\/galeriebecot.com\/wp-content\/uploads\/2018\/09\/Quebecor-300x125.jpg 300w\" sizes=\"auto, (max-width: 223px) 100vw, 223px\" \/><\/a><\/strong><\/h2>\n<p><a href=\"https:\/\/www.quebecor.com\/fr\/-\/lancement-officiel-de-l-exposition-refus-global-70-ans-a-l-espace-musee-quebecor\"><strong>ESPACE mus\u00e9e du si\u00e8ge social de Qu\u00e9becor.<\/strong><\/a><\/p>\n<p><a href=\"https:\/\/www.galeriebecot.com\/wp-content\/uploads\/2018\/09\/refus11.jpg\"><img loading=\"lazy\" decoding=\"async\" class=\"alignnone size-full wp-image-9507\" src=\"https:\/\/www.galeriebecot.com\/wp-content\/uploads\/2018\/09\/refus11.jpg\" alt=\"\" width=\"827\" height=\"497\" srcset=\"https:\/\/galeriebecot.com\/wp-content\/uploads\/2018\/09\/refus11.jpg 827w, https:\/\/galeriebecot.com\/wp-content\/uploads\/2018\/09\/refus11-300x180.jpg 300w, https:\/\/galeriebecot.com\/wp-content\/uploads\/2018\/09\/refus11-768x462.jpg 768w\" sizes=\"auto, (max-width: 827px) 100vw, 827px\" \/><\/a><\/p>\n<p><a href=\"https:\/\/www.galeriebecot.com\/wp-content\/uploads\/2018\/09\/refus2.jpg\"><img loading=\"lazy\" decoding=\"async\" class=\"alignnone size-full wp-image-9502\" src=\"https:\/\/www.galeriebecot.com\/wp-content\/uploads\/2018\/09\/refus2.jpg\" alt=\"\" width=\"683\" height=\"681\" srcset=\"https:\/\/galeriebecot.com\/wp-content\/uploads\/2018\/09\/refus2.jpg 683w, https:\/\/galeriebecot.com\/wp-content\/uploads\/2018\/09\/refus2-150x150.jpg 150w, https:\/\/galeriebecot.com\/wp-content\/uploads\/2018\/09\/refus2-300x300.jpg 300w, https:\/\/galeriebecot.com\/wp-content\/uploads\/2018\/09\/refus2-330x330.jpg 330w\" sizes=\"auto, (max-width: 683px) 100vw, 683px\" \/><\/a><\/p>\n<p><a href=\"https:\/\/www.galeriebecot.com\/wp-content\/uploads\/2018\/09\/refus3.jpg\"><img loading=\"lazy\" decoding=\"async\" class=\"alignnone size-full wp-image-9503\" src=\"https:\/\/www.galeriebecot.com\/wp-content\/uploads\/2018\/09\/refus3.jpg\" alt=\"\" width=\"695\" height=\"745\" srcset=\"https:\/\/galeriebecot.com\/wp-content\/uploads\/2018\/09\/refus3.jpg 695w, https:\/\/galeriebecot.com\/wp-content\/uploads\/2018\/09\/refus3-280x300.jpg 280w\" sizes=\"auto, (max-width: 695px) 100vw, 695px\" \/><\/a><\/p>\n<p><a href=\"https:\/\/www.galeriebecot.com\/wp-content\/uploads\/2018\/09\/refus4.jpg\"><img loading=\"lazy\" decoding=\"async\" class=\"alignnone size-full wp-image-9504\" src=\"https:\/\/www.galeriebecot.com\/wp-content\/uploads\/2018\/09\/refus4.jpg\" alt=\"\" width=\"660\" height=\"302\" srcset=\"https:\/\/galeriebecot.com\/wp-content\/uploads\/2018\/09\/refus4.jpg 660w, https:\/\/galeriebecot.com\/wp-content\/uploads\/2018\/09\/refus4-300x137.jpg 300w\" sizes=\"auto, (max-width: 660px) 100vw, 660px\" \/><\/a><\/p>\n<p>space<a href=\"http:\/\/www.galeriemichelguimont.com\/\"><img loading=\"lazy\" decoding=\"async\" class=\"alignnone size-full wp-image-7967\" src=\"https:\/\/www.galeriebecot.com\/wp-content\/uploads\/2017\/09\/Galerie-Guimont.jpg\" alt=\"\" width=\"604\" height=\"907\" srcset=\"https:\/\/galeriebecot.com\/wp-content\/uploads\/2017\/09\/Galerie-Guimont.jpg 604w, https:\/\/galeriebecot.com\/wp-content\/uploads\/2017\/09\/Galerie-Guimont-200x300.jpg 200w\" sizes=\"auto, (max-width: 604px) 100vw, 604px\" \/><\/a><\/p>\n<p>La Galerie Michel Guimont, a le plaisir de vous inviter \u00e0 l&rsquo;exposition.<\/p>\n<p><strong>Sous les chatons.<\/strong><\/p>\n<p>de Ludovic Boney.<\/p>\n<p>Vernissage le dimanche 26 novembre 2017 de 13h \u00e0 17h, en pr\u00e9sence de l&rsquo;artiste.<\/p>\n<p>L&rsquo;exposition se poursuivra jusqu&rsquo;au 17 d\u00e9cembre 2017.<\/p>\n<p>&nbsp;<\/p>\n<p><a href=\"https:\/\/www.galeriebecot.com\/wp-content\/uploads\/2017\/09\/Galerie-Guimont1.jpg\"><img loading=\"lazy\" decoding=\"async\" class=\"alignnone size-large wp-image-7969\" src=\"https:\/\/www.galeriebecot.com\/wp-content\/uploads\/2017\/09\/Galerie-Guimont1-567x1024.jpg\" alt=\"\" width=\"567\" height=\"1024\" srcset=\"https:\/\/galeriebecot.com\/wp-content\/uploads\/2017\/09\/Galerie-Guimont1-567x1024.jpg 567w, https:\/\/galeriebecot.com\/wp-content\/uploads\/2017\/09\/Galerie-Guimont1-166x300.jpg 166w, https:\/\/galeriebecot.com\/wp-content\/uploads\/2017\/09\/Galerie-Guimont1.jpg 605w\" sizes=\"auto, (max-width: 567px) 100vw, 567px\" \/><\/a><\/p>\n<p><a href=\"http:\/\/www.galeriemichelguimont.com\/\"><img loading=\"lazy\" decoding=\"async\" class=\"alignnone size-full wp-image-7208\" src=\"https:\/\/www.galeriebecot.com\/wp-content\/uploads\/2017\/09\/Galerie-Michel-Guimont.jpg\" alt=\"\" width=\"555\" height=\"379\" srcset=\"https:\/\/galeriebecot.com\/wp-content\/uploads\/2017\/09\/Galerie-Michel-Guimont.jpg 555w, https:\/\/galeriebecot.com\/wp-content\/uploads\/2017\/09\/Galerie-Michel-Guimont-300x205.jpg 300w\" sizes=\"auto, (max-width: 555px) 100vw, 555px\" \/><\/a><\/p>\n<p><a href=\"http:\/\/www.galeriemichelguimont.com\/\"><img loading=\"lazy\" decoding=\"async\" class=\"alignnone size-full wp-image-7216\" src=\"https:\/\/www.galeriebecot.com\/wp-content\/uploads\/2017\/09\/logo.jpg\" alt=\"\" width=\"95\" height=\"95\"><\/a><\/p>\n<p>Galerie Michel Guimont.<\/p>\n<p>Jeudi 21 Septembre.<\/p>\n<p>17:30 \u2013 20:00 HAE<\/p>\n<p>Pour assister au lancement \u00e0 Qu\u00e9bec, le jeudi 21 septembre 2017, r\u00e9servez ici.<\/p>\n<p><strong>Lancement du guide: Collectionner_ Le guide aux entreprises.<\/strong><\/p>\n<p>Collectionner \u2013 le guide aux entreprises est un outil destin\u00e9 aux organisations int\u00e9ress\u00e9es par le collectionnement d\u2019\u0153uvres d\u2019art. La publication vise \u00e0 outiller les gestionnaires sur cette pratique, en plus de mettre en lumi\u00e8re ses nombreux bienfaits et avantages. Ce guide propose des informations, des trucs et des conseils sur l\u2019acquisition d\u2019\u0153uvres d\u2019art en entreprise, de m\u00eame que des t\u00e9moignages des galeristes membres de l\u2019AGAC et d\u2019entreprises collectionneuses.<br>\nEn plus d&rsquo;avoir acc\u00e8s au cocktail, les d\u00e9tenteurs de billets recevront gratuitement une copie du guide.<\/p>\n<p>Association des galeries d&rsquo;art contemporain. ( AGAC )<\/p>\n<p>Directeur.Nikolaos Karathanasis.<\/p>","protected":false},"excerpt":{"rendered":"<p>Jacques Samson. L\u2019exposition d\u00e9butera le 22 novembre et se poursuivra jusqu\u2019au 13 d\u00e9cembre 2020. Depuis quelques temps Jacques Samson s\u2019int\u00e9resse \u00e0 la forme du n\u0153ud; ses lignes, sa construction, son&hellip; <\/p>\n","protected":false},"author":1,"featured_media":0,"comment_status":"open","ping_status":"open","sticky":false,"template":"","format":"standard","meta":{"_exactmetrics_skip_tracking":false,"_exactmetrics_sitenote_active":false,"_exactmetrics_sitenote_note":"","_exactmetrics_sitenote_category":0,"footnotes":""},"categories":[27,22,18,19],"tags":[737,2519,34,171,178,1877,66,1878,1818,745,164,2535,687,244,245,1347,58,62,2458,146,1691,686,2534,2520,1975,1091,1879,37,2517,40,1090,2518],"class_list":["post-7207","post","type-post","status-publish","format-standard","hentry","category-artistes","category-catalogues","category-evenement","category-vernissage","tag-agac","tag-amelie-prevost","tag-andre-becot","tag-andre-becot-artiste","tag-association-des-galeries-dart-contemporain","tag-calq","tag-club-des-collectionneurs-en-arts-visuels-de-quebec-studio-becot","tag-conseil-des-arts-et-des-lettres-du-quebec","tag-francoise-sullivan","tag-galerie-michel-guimont","tag-isabelle-leduc","tag-janine-carreau","tag-jean-paul-riopelle","tag-josianne-desloges","tag-lesoleil","tag-ludovic-boney","tag-marc-bellemare-collectionneur","tag-marcel-barbeau","tag-marcelle-ferron","tag-michel-guimont","tag-nikolaos-karathanasis","tag-paul-emile-borduas","tag-pierre-gauvreau","tag-quebecor","tag-sandra-godin","tag-simon-blais","tag-sodec","tag-studio-becot","tag-sylvie-coredeau","tag-visuals-arts","tag-yseult-riopelle","tag-yves-desgagnes"],"_links":{"self":[{"href":"https:\/\/galeriebecot.com\/index.php?rest_route=\/wp\/v2\/posts\/7207","targetHints":{"allow":["GET"]}}],"collection":[{"href":"https:\/\/galeriebecot.com\/index.php?rest_route=\/wp\/v2\/posts"}],"about":[{"href":"https:\/\/galeriebecot.com\/index.php?rest_route=\/wp\/v2\/types\/post"}],"author":[{"embeddable":true,"href":"https:\/\/galeriebecot.com\/index.php?rest_route=\/wp\/v2\/users\/1"}],"replies":[{"embeddable":true,"href":"https:\/\/galeriebecot.com\/index.php?rest_route=%2Fwp%2Fv2%2Fcomments&post=7207"}],"version-history":[{"count":38,"href":"https:\/\/galeriebecot.com\/index.php?rest_route=\/wp\/v2\/posts\/7207\/revisions"}],"predecessor-version":[{"id":13705,"href":"https:\/\/galeriebecot.com\/index.php?rest_route=\/wp\/v2\/posts\/7207\/revisions\/13705"}],"wp:attachment":[{"href":"https:\/\/galeriebecot.com\/index.php?rest_route=%2Fwp%2Fv2%2Fmedia&parent=7207"}],"wp:term":[{"taxonomy":"category","embeddable":true,"href":"https:\/\/galeriebecot.com\/index.php?rest_route=%2Fwp%2Fv2%2Fcategories&post=7207"},{"taxonomy":"post_tag","embeddable":true,"href":"https:\/\/galeriebecot.com\/index.php?rest_route=%2Fwp%2Fv2%2Ftags&post=7207"}],"curies":[{"name":"wp","href":"https:\/\/api.w.org\/{rel}","templated":true}]}}