{"id":7183,"date":"2017-08-15T10:04:24","date_gmt":"2017-08-15T14:04:24","guid":{"rendered":"http:\/\/www.clubdescollectionneursenartsvisuelsdequebec.com\/?p=7183"},"modified":"2017-09-13T15:13:06","modified_gmt":"2017-09-13T19:13:06","slug":"christies-va-vendre-une-toile-rare-de-francis-bacon","status":"publish","type":"post","link":"https:\/\/galeriebecot.com\/?p=7183","title":{"rendered":"Christie&rsquo;s va vendre une toile rare de Francis Bacon"},"content":{"rendered":"<p><a href=\"http:\/\/www.newsoftheartworld.com\/christies-va-vendre-toile-rare-de-francis-bacon\/\"><img loading=\"lazy\" decoding=\"async\" class=\"alignnone size-full wp-image-7184\" src=\"https:\/\/www.galeriebecot.com\/wp-content\/uploads\/2017\/09\/Francis-Bacon.jpg\" alt=\"\" width=\"622\" height=\"865\" srcset=\"https:\/\/galeriebecot.com\/wp-content\/uploads\/2017\/09\/Francis-Bacon.jpg 622w, https:\/\/galeriebecot.com\/wp-content\/uploads\/2017\/09\/Francis-Bacon-216x300.jpg 216w\" sizes=\"auto, (max-width: 622px) 100vw, 622px\" \/><\/a><\/p>\n<p>Francis Bacon a la cote sur le march\u00e9 de l\u2019art. En 2013, son triptyque repr\u00e9sentant Lucian Freud s\u2019est arrach\u00e9 pour 142 millions de dollars chez Christie\u2019s \u00e0 New York. La maison de ventes aux ench\u00e8res a annonc\u00e9 qu\u2019elle allait une nouvelle fois associer son nom \u00e0 celui du peintre britannique. Elle va proposer \u00e0 la vente <i>Head with Raised Arm<\/i>, une toile tr\u00e8s rare estim\u00e9e entre 7 et 10 millions de livres sterling.<\/p>\n","protected":false},"excerpt":{"rendered":"<p>Francis Bacon a la cote sur le march\u00e9 de l\u2019art. En 2013, son triptyque repr\u00e9sentant Lucian Freud s\u2019est arrach\u00e9 pour 142 millions de dollars chez Christie\u2019s \u00e0 New York. La&hellip; <\/p>\n","protected":false},"author":1,"featured_media":0,"comment_status":"open","ping_status":"open","sticky":false,"template":"","format":"standard","meta":{"_exactmetrics_skip_tracking":false,"_exactmetrics_sitenote_active":false,"_exactmetrics_sitenote_note":"","_exactmetrics_sitenote_category":0,"footnotes":""},"categories":[27,21],"tags":[34,1688,928,66,1687,58,37,40],"class_list":["post-7183","post","type-post","status-publish","format-standard","hentry","category-artistes","category-vente-aux-encheres-doeuvres-dart","tag-andre-becot","tag-bacon","tag-christies","tag-club-des-collectionneurs-en-arts-visuels-de-quebec-studio-becot","tag-francis-bacon","tag-marc-bellemare-collectionneur","tag-studio-becot","tag-visuals-arts"],"_links":{"self":[{"href":"https:\/\/galeriebecot.com\/index.php?rest_route=\/wp\/v2\/posts\/7183","targetHints":{"allow":["GET"]}}],"collection":[{"href":"https:\/\/galeriebecot.com\/index.php?rest_route=\/wp\/v2\/posts"}],"about":[{"href":"https:\/\/galeriebecot.com\/index.php?rest_route=\/wp\/v2\/types\/post"}],"author":[{"embeddable":true,"href":"https:\/\/galeriebecot.com\/index.php?rest_route=\/wp\/v2\/users\/1"}],"replies":[{"embeddable":true,"href":"https:\/\/galeriebecot.com\/index.php?rest_route=%2Fwp%2Fv2%2Fcomments&post=7183"}],"version-history":[{"count":3,"href":"https:\/\/galeriebecot.com\/index.php?rest_route=\/wp\/v2\/posts\/7183\/revisions"}],"predecessor-version":[{"id":7187,"href":"https:\/\/galeriebecot.com\/index.php?rest_route=\/wp\/v2\/posts\/7183\/revisions\/7187"}],"wp:attachment":[{"href":"https:\/\/galeriebecot.com\/index.php?rest_route=%2Fwp%2Fv2%2Fmedia&parent=7183"}],"wp:term":[{"taxonomy":"category","embeddable":true,"href":"https:\/\/galeriebecot.com\/index.php?rest_route=%2Fwp%2Fv2%2Fcategories&post=7183"},{"taxonomy":"post_tag","embeddable":true,"href":"https:\/\/galeriebecot.com\/index.php?rest_route=%2Fwp%2Fv2%2Ftags&post=7183"}],"curies":[{"name":"wp","href":"https:\/\/api.w.org\/{rel}","templated":true}]}}