{"id":7170,"date":"2017-09-26T16:58:15","date_gmt":"2017-09-26T20:58:15","guid":{"rendered":"http:\/\/www.clubdescollectionneursenartsvisuelsdequebec.com\/?p=7170"},"modified":"2017-10-01T13:06:19","modified_gmt":"2017-10-01T17:06:19","slug":"remise-de-la-bourse-g2-2017","status":"publish","type":"post","link":"https:\/\/galeriebecot.com\/?p=7170","title":{"rendered":"Remise de la bourse G2, 2017"},"content":{"rendered":"<p>&nbsp;<\/p>\n<p><a href=\"https:\/\/www.galeriebecot.com\/wp-content\/uploads\/2017\/09\/Sylbie-Plante.jpg\"><img loading=\"lazy\" decoding=\"async\" class=\"alignnone size-full wp-image-7532\" src=\"https:\/\/www.galeriebecot.com\/wp-content\/uploads\/2017\/09\/Sylbie-Plante.jpg\" alt=\"\" width=\"960\" height=\"765\" srcset=\"https:\/\/galeriebecot.com\/wp-content\/uploads\/2017\/09\/Sylbie-Plante.jpg 960w, https:\/\/galeriebecot.com\/wp-content\/uploads\/2017\/09\/Sylbie-Plante-300x239.jpg 300w, https:\/\/galeriebecot.com\/wp-content\/uploads\/2017\/09\/Sylbie-Plante-768x612.jpg 768w\" sizes=\"auto, (max-width: 960px) 100vw, 960px\" \/><\/a><\/p>\n<p>Sylvie Plante , r\u00e9cipiendaire de la bourse G2, vendredi le 29 septembre 2017, \u00a0\u00e0 la galerie Gruais &#8211; Grondin.<\/p>\n<p>Cr\u00e9dit photo: <em>Serge Philippe Tremblay.<\/em><\/p>\n<p>F\u00e9licitations.<\/p>\n<p>Andr\u00e9 B\u00e9cot.<\/p>\n<p><a href=\"http:\/\/www.galeriedartgruaisgrondin.com\/\"><img loading=\"lazy\" decoding=\"async\" class=\"alignnone size-large wp-image-7171\" src=\"https:\/\/www.galeriebecot.com\/wp-content\/uploads\/2017\/09\/Bourse-G2-1024x1024.jpg\" alt=\"\" width=\"700\" height=\"700\" srcset=\"https:\/\/galeriebecot.com\/wp-content\/uploads\/2017\/09\/Bourse-G2-1024x1024.jpg 1024w, https:\/\/galeriebecot.com\/wp-content\/uploads\/2017\/09\/Bourse-G2-150x150.jpg 150w, https:\/\/galeriebecot.com\/wp-content\/uploads\/2017\/09\/Bourse-G2-300x300.jpg 300w, https:\/\/galeriebecot.com\/wp-content\/uploads\/2017\/09\/Bourse-G2-768x768.jpg 768w, https:\/\/galeriebecot.com\/wp-content\/uploads\/2017\/09\/Bourse-G2-330x330.jpg 330w, https:\/\/galeriebecot.com\/wp-content\/uploads\/2017\/09\/Bourse-G2.jpg 1136w\" sizes=\"auto, (max-width: 700px) 100vw, 700px\" \/><\/a><\/p>\n<p><a href=\"http:\/\/sylvieplante.com\/index.html\">Remise de la Bourse G2_2017, le 29 septembre, \u00e0 l&rsquo;artiste Sylvie Plante.<\/a>\u00a0 Andr\u00e9 B\u00e9cot, artiste en Arts Visuels et collaborateur du club des collectionneurs en Arts Visuels de Qu\u00e9bec, fera la remise du prix \u00e0 l&rsquo;artiste. Bienvenue \u00e0 tous !<\/p>\n<p>Son m\u00e9dium : Suie de po\u00eale \u00e0 l&rsquo;huile + m\u00e9dium acrylique : impression monotype<\/p>\n<p><a href=\"https:\/\/www.galeriebecot.com\/wp-content\/uploads\/2017\/09\/Zocalo.jpg\"><img loading=\"lazy\" decoding=\"async\" class=\"alignnone size-full wp-image-7519\" src=\"https:\/\/www.galeriebecot.com\/wp-content\/uploads\/2017\/09\/Zocalo.jpg\" alt=\"\" width=\"300\" height=\"80\" \/><\/a><\/p>\n<p><a href=\"http:\/\/zocaloweb.org\">Zocalo. Centre d&rsquo;artistes en art d&rsquo;impression.<\/a><\/p>\n<p><a href=\"https:\/\/www.galeriebecot.com\/wp-content\/uploads\/2017\/08\/Galerie-Gruais-Grondin-com.-1.jpg\"><img loading=\"lazy\" decoding=\"async\" class=\"alignnone size-large wp-image-7205\" src=\"https:\/\/www.galeriebecot.com\/wp-content\/uploads\/2017\/08\/Galerie-Gruais-Grondin-com.-1-736x1024.jpg\" alt=\"\" width=\"700\" height=\"974\" srcset=\"https:\/\/galeriebecot.com\/wp-content\/uploads\/2017\/08\/Galerie-Gruais-Grondin-com.-1-736x1024.jpg 736w, https:\/\/galeriebecot.com\/wp-content\/uploads\/2017\/08\/Galerie-Gruais-Grondin-com.-1-216x300.jpg 216w, https:\/\/galeriebecot.com\/wp-content\/uploads\/2017\/08\/Galerie-Gruais-Grondin-com.-1-768x1068.jpg 768w, https:\/\/galeriebecot.com\/wp-content\/uploads\/2017\/08\/Galerie-Gruais-Grondin-com.-1.jpg 775w\" sizes=\"auto, (max-width: 700px) 100vw, 700px\" \/><\/a><\/p>\n<p>&nbsp;<\/p>\n","protected":false},"excerpt":{"rendered":"<p>&nbsp; Sylvie Plante , r\u00e9cipiendaire de la bourse G2, vendredi le 29 septembre 2017, \u00a0\u00e0 la galerie Gruais &#8211; Grondin. Cr\u00e9dit photo: Serge Philippe Tremblay. F\u00e9licitations. Andr\u00e9 B\u00e9cot. Remise de&hellip; <\/p>\n","protected":false},"author":1,"featured_media":0,"comment_status":"open","ping_status":"open","sticky":false,"template":"","format":"standard","meta":{"_exactmetrics_skip_tracking":false,"_exactmetrics_sitenote_active":false,"_exactmetrics_sitenote_note":"","_exactmetrics_sitenote_category":0,"footnotes":""},"categories":[27,18,36,19],"tags":[34,1667,1668,1670,1671,1216,1669,1672,1673,1772,66,1181,1674,350,112,1665,1676,1677,1678,1679,1680,853,1681,58,1682,1683,1675,1684,356,37,1666,138,1685,1686,40],"class_list":["post-7170","post","type-post","status-publish","format-standard","hentry","category-artistes","category-evenement","category-prixreconnaissance","category-vernissage","tag-andre-becot","tag-archambault","tag-beaubien","tag-begin","tag-blackburn","tag-bouchard","tag-bourgoin","tag-breton","tag-cameron","tag-centre-zocalo","tag-club-des-collectionneurs-en-arts-visuels-de-quebec-studio-becot","tag-cornet","tag-desmeules","tag-fournier","tag-gagnon","tag-galerie-gruais-grondin","tag-gibeault","tag-grondin","tag-gruais","tag-lagueux","tag-lalonde","tag-lapointe","tag-legendre","tag-marc-bellemare-collectionneur","tag-martel","tag-muller","tag-negrin","tag-picard","tag-serge-philippe-tremblay","tag-studio-becot","tag-sylvie-plante","tag-theberge","tag-van-galen","tag-vernac","tag-visuals-arts"],"_links":{"self":[{"href":"https:\/\/galeriebecot.com\/index.php?rest_route=\/wp\/v2\/posts\/7170","targetHints":{"allow":["GET"]}}],"collection":[{"href":"https:\/\/galeriebecot.com\/index.php?rest_route=\/wp\/v2\/posts"}],"about":[{"href":"https:\/\/galeriebecot.com\/index.php?rest_route=\/wp\/v2\/types\/post"}],"author":[{"embeddable":true,"href":"https:\/\/galeriebecot.com\/index.php?rest_route=\/wp\/v2\/users\/1"}],"replies":[{"embeddable":true,"href":"https:\/\/galeriebecot.com\/index.php?rest_route=%2Fwp%2Fv2%2Fcomments&post=7170"}],"version-history":[{"count":23,"href":"https:\/\/galeriebecot.com\/index.php?rest_route=\/wp\/v2\/posts\/7170\/revisions"}],"predecessor-version":[{"id":7537,"href":"https:\/\/galeriebecot.com\/index.php?rest_route=\/wp\/v2\/posts\/7170\/revisions\/7537"}],"wp:attachment":[{"href":"https:\/\/galeriebecot.com\/index.php?rest_route=%2Fwp%2Fv2%2Fmedia&parent=7170"}],"wp:term":[{"taxonomy":"category","embeddable":true,"href":"https:\/\/galeriebecot.com\/index.php?rest_route=%2Fwp%2Fv2%2Fcategories&post=7170"},{"taxonomy":"post_tag","embeddable":true,"href":"https:\/\/galeriebecot.com\/index.php?rest_route=%2Fwp%2Fv2%2Ftags&post=7170"}],"curies":[{"name":"wp","href":"https:\/\/api.w.org\/{rel}","templated":true}]}}