{"id":7135,"date":"2025-10-27T10:49:00","date_gmt":"2025-10-27T14:49:00","guid":{"rendered":"http:\/\/www.clubdescollectionneursenartsvisuelsdequebec.com\/?p=7135"},"modified":"2025-11-04T16:50:34","modified_gmt":"2025-11-04T21:50:34","slug":"jean-pierre-raynaud-en-conferenceau-club-des-collectionneurs-en-arts-visuels-de-quebec","status":"publish","type":"post","link":"https:\/\/galeriebecot.com\/?p=7135","title":{"rendered":"La sculpture de Jean Pierre Raynaud de retour au parc de l&rsquo;Am\u00e9rique Fran\u00e7aise."},"content":{"rendered":"<p><a href=\"https:\/\/www.galeriebecot.com\/wp-content\/uploads\/2020\/01\/Raynaud-Tremblay72dpi.jpg\"><img loading=\"lazy\" decoding=\"async\" class=\"alignnone size-full wp-image-12920\" src=\"https:\/\/www.galeriebecot.com\/wp-content\/uploads\/2020\/01\/Raynaud-Tremblay72dpi.jpg\" alt=\"\" width=\"614\" height=\"337\" srcset=\"https:\/\/galeriebecot.com\/wp-content\/uploads\/2020\/01\/Raynaud-Tremblay72dpi.jpg 614w, https:\/\/galeriebecot.com\/wp-content\/uploads\/2020\/01\/Raynaud-Tremblay72dpi-300x165.jpg 300w\" sizes=\"auto, (max-width: 614px) 100vw, 614px\" \/><\/a><\/p>\n<p>Avril 2020 par <em>Serge Philippe Tremblay (photographe).<\/em><\/p>\n<p><a href=\"http:\/\/www.michelparent.com\/club\/\"><img loading=\"lazy\" decoding=\"async\" class=\"alignnone size-full wp-image-8818\" src=\"https:\/\/www.galeriebecot.com\/wp-content\/uploads\/2018\/06\/Logo-inscription-1-768x64ok.jpg\" alt=\"\" width=\"657\" height=\"63\" srcset=\"https:\/\/galeriebecot.com\/wp-content\/uploads\/2018\/06\/Logo-inscription-1-768x64ok.jpg 657w, https:\/\/galeriebecot.com\/wp-content\/uploads\/2018\/06\/Logo-inscription-1-768x64ok-300x29.jpg 300w\" sizes=\"auto, (max-width: 657px) 100vw, 657px\" \/><\/a><\/p>\n<p><a href=\"https:\/\/www.galeriebecot.com\/?p=11097\"><img loading=\"lazy\" decoding=\"async\" class=\"alignnone size-full wp-image-11176\" src=\"https:\/\/www.galeriebecot.com\/wp-content\/uploads\/2019\/02\/Reflexion-sur-lart-public.jpg\" alt=\"\" width=\"622\" height=\"888\" srcset=\"https:\/\/galeriebecot.com\/wp-content\/uploads\/2019\/02\/Reflexion-sur-lart-public.jpg 622w, https:\/\/galeriebecot.com\/wp-content\/uploads\/2019\/02\/Reflexion-sur-lart-public-210x300.jpg 210w\" sizes=\"auto, (max-width: 622px) 100vw, 622px\" \/><\/a><\/p>\n<p><strong>Journal de Qu\u00e9bec,&nbsp;<\/strong><em>par Dominique Leli\u00e8vre ( 2 septembre 2018 ).<\/em><\/p>\n<p><strong><a href=\"https:\/\/www.journaldequebec.com\/2018\/09\/02\/le-cube-blanc-en-haute-ville-pour-au-moins-25-ans\">Le &lt;&lt; cube blanc &gt;&gt; en Haute-Ville pour au moins 25 ans.<\/a><\/strong><\/p>\n<p><a href=\"https:\/\/www.galeriebecot.com\/wp-content\/uploads\/2019\/12\/Raynaud2.jpg\"><img loading=\"lazy\" decoding=\"async\" class=\"alignnone size-full wp-image-12267\" src=\"https:\/\/www.galeriebecot.com\/wp-content\/uploads\/2019\/12\/Raynaud2.jpg\" alt=\"\" width=\"720\" height=\"482\" srcset=\"https:\/\/galeriebecot.com\/wp-content\/uploads\/2019\/12\/Raynaud2.jpg 720w, https:\/\/galeriebecot.com\/wp-content\/uploads\/2019\/12\/Raynaud2-300x201.jpg 300w\" sizes=\"auto, (max-width: 720px) 100vw, 720px\" \/><\/a><\/p>\n<p>En ce magnifique &nbsp;25 d\u00e9cembre 2019 <em>( cr\u00e9dit photo: Serge Philippe Tremblay )<\/em><\/p>\n<p><a href=\"https:\/\/www.galeriebecot.com\/wp-content\/uploads\/2019\/12\/Raynaud1.jpg\"><img loading=\"lazy\" decoding=\"async\" class=\"alignnone size-full wp-image-12268\" src=\"https:\/\/www.galeriebecot.com\/wp-content\/uploads\/2019\/12\/Raynaud1.jpg\" alt=\"\" width=\"720\" height=\"482\" srcset=\"https:\/\/galeriebecot.com\/wp-content\/uploads\/2019\/12\/Raynaud1.jpg 720w, https:\/\/galeriebecot.com\/wp-content\/uploads\/2019\/12\/Raynaud1-300x201.jpg 300w\" sizes=\"auto, (max-width: 720px) 100vw, 720px\" \/><\/a><\/p>\n<p>En ce magnifique 25 d\u00e9cembre 2019&nbsp;<em>( cr\u00e9dit photo: Serge Philippe Tremblay )<\/em><\/p>\n<p><a href=\"https:\/\/www.galeriebecot.com\/wp-content\/uploads\/2018\/08\/Autoportrait2.jpg\"><img loading=\"lazy\" decoding=\"async\" class=\"alignnone size-full wp-image-9231\" src=\"https:\/\/www.galeriebecot.com\/wp-content\/uploads\/2018\/08\/Autoportrait2.jpg\" alt=\"\" width=\"720\" height=\"487\" srcset=\"https:\/\/galeriebecot.com\/wp-content\/uploads\/2018\/08\/Autoportrait2.jpg 720w, https:\/\/galeriebecot.com\/wp-content\/uploads\/2018\/08\/Autoportrait2-300x203.jpg 300w\" sizes=\"auto, (max-width: 720px) 100vw, 720px\" \/><\/a><\/p>\n<p><strong>La reconstruction est termin\u00e9e !<\/strong><\/p>\n<p>&lt;&lt; <strong><em>Autoportrait<\/em><\/strong> &gt;&gt; parc de l&rsquo;Am\u00e9rique -Fran\u00e7aise , Qu\u00e9bec, le&nbsp;1er septembre 2018.<\/p>\n<p><a href=\"https:\/\/intramuros.fr\/design\/news\/dupont-corian-au-service-de-batiments-d-exception\/\">C&rsquo;est quoi du <strong>Corian ? &nbsp;<\/strong>( <em>mat\u00e9riel pour la fabrication de l&rsquo;oeuvre \u00a0\u00bb Autoportrait<\/em>&nbsp;\u00a0\u00bb )<\/a><\/p>\n<p><a href=\"https:\/\/www.artsy.net\/artist\/jean-pierre-raynaud\"><img loading=\"lazy\" decoding=\"async\" class=\"alignnone size-full wp-image-12347\" src=\"https:\/\/www.galeriebecot.com\/wp-content\/uploads\/2019\/12\/Raynaud-1.jpg\" alt=\"\" width=\"432\" height=\"624\" srcset=\"https:\/\/galeriebecot.com\/wp-content\/uploads\/2019\/12\/Raynaud-1.jpg 432w, https:\/\/galeriebecot.com\/wp-content\/uploads\/2019\/12\/Raynaud-1-208x300.jpg 208w\" sizes=\"auto, (max-width: 432px) 100vw, 432px\" \/><\/a><\/p>\n<p><a href=\"https:\/\/www.galeriebecot.com\/wp-content\/uploads\/2018\/10\/hiver.jpg\"><img loading=\"lazy\" decoding=\"async\" class=\"alignnone size-full wp-image-9807\" src=\"https:\/\/www.galeriebecot.com\/wp-content\/uploads\/2018\/10\/hiver.jpg\" alt=\"\" width=\"682\" height=\"680\" srcset=\"https:\/\/galeriebecot.com\/wp-content\/uploads\/2018\/10\/hiver.jpg 682w, https:\/\/galeriebecot.com\/wp-content\/uploads\/2018\/10\/hiver-150x150.jpg 150w, https:\/\/galeriebecot.com\/wp-content\/uploads\/2018\/10\/hiver-300x300.jpg 300w, https:\/\/galeriebecot.com\/wp-content\/uploads\/2018\/10\/hiver-330x330.jpg 330w\" sizes=\"auto, (max-width: 682px) 100vw, 682px\" \/><\/a><\/p>\n<p>Qu\u00e9bec le mercredi le 21 novembre 2018.<\/p>\n<p><a href=\"https:\/\/www.galeriebecot.com\/wp-content\/uploads\/2018\/12\/Raynaud-Vi.jpg\"><img loading=\"lazy\" decoding=\"async\" class=\"alignnone size-full wp-image-10586\" src=\"https:\/\/www.galeriebecot.com\/wp-content\/uploads\/2018\/12\/Raynaud-Vi.jpg\" alt=\"\" width=\"648\" height=\"560\" srcset=\"https:\/\/galeriebecot.com\/wp-content\/uploads\/2018\/12\/Raynaud-Vi.jpg 648w, https:\/\/galeriebecot.com\/wp-content\/uploads\/2018\/12\/Raynaud-Vi-300x259.jpg 300w\" sizes=\"auto, (max-width: 648px) 100vw, 648px\" \/><\/a><\/p>\n<p>Cr\u00e9dits photos : <em>Serge Philippe Tremblay, 15 f\u00e9vrier 2019<\/em><\/p>\n<p><strong>R\u00e9union amicale &nbsp;in situ, &nbsp;du 1er septembre 2018.<\/strong><\/p>\n<p><a href=\"https:\/\/www.galeriebecot.com\/wp-content\/uploads\/2019\/02\/Autoportrait-1er-septembreOKOKOKOK-768x452.jpg\"><img loading=\"lazy\" decoding=\"async\" class=\"alignnone size-full wp-image-11579\" src=\"https:\/\/www.galeriebecot.com\/wp-content\/uploads\/2019\/02\/Autoportrait-1er-septembreOKOKOKOK-768x452.jpg\" alt=\"\" width=\"768\" height=\"452\" srcset=\"https:\/\/galeriebecot.com\/wp-content\/uploads\/2019\/02\/Autoportrait-1er-septembreOKOKOKOK-768x452.jpg 768w, https:\/\/galeriebecot.com\/wp-content\/uploads\/2019\/02\/Autoportrait-1er-septembreOKOKOKOK-768x452-300x177.jpg 300w\" sizes=\"auto, (max-width: 768px) 100vw, 768px\" \/><\/a><\/p>\n<p>Ludovic Boney, Aristide Gagnon, Don Darby, Jean-Pierre Morin, Andr\u00e9 B\u00e9cot, Norbert Langlois, Serge Philippe Tremblay, Marc Bellemare, Michel Parent.<\/p>\n<p><a href=\"https:\/\/www.galeriebecot.com\/wp-content\/uploads\/2018\/08\/Autoportrait-1er-septe-2ok.jpg\"><img loading=\"lazy\" decoding=\"async\" class=\"alignnone size-large wp-image-9227\" src=\"https:\/\/www.galeriebecot.com\/wp-content\/uploads\/2018\/08\/Autoportrait-1er-septe-2ok-1024x660.jpg\" alt=\"\" width=\"700\" height=\"451\" srcset=\"https:\/\/galeriebecot.com\/wp-content\/uploads\/2018\/08\/Autoportrait-1er-septe-2ok-1024x660.jpg 1024w, https:\/\/galeriebecot.com\/wp-content\/uploads\/2018\/08\/Autoportrait-1er-septe-2ok-300x193.jpg 300w, https:\/\/galeriebecot.com\/wp-content\/uploads\/2018\/08\/Autoportrait-1er-septe-2ok-768x495.jpg 768w, https:\/\/galeriebecot.com\/wp-content\/uploads\/2018\/08\/Autoportrait-1er-septe-2ok.jpg 1163w\" sizes=\"auto, (max-width: 700px) 100vw, 700px\" \/><\/a><\/p>\n<p>Aristide Gagnon, Don Darby, Jean-Pierre Morin, Andr\u00e9 B\u00e9cot, Norbert Langlois, Abdelilah Chiquer, Marc Bellemare.<\/p>\n<p><a href=\"https:\/\/artips.fr\/\"><em>Extrait du site Artips<\/em><\/a><\/p>\n<p><a href=\"https:\/\/www.galeriebecot.com\/wp-content\/uploads\/2020\/01\/Renaud1.jpg\"><img loading=\"lazy\" decoding=\"async\" class=\"alignnone size-full wp-image-12426\" src=\"https:\/\/www.galeriebecot.com\/wp-content\/uploads\/2020\/01\/Renaud1.jpg\" alt=\"\" width=\"696\" height=\"815\" srcset=\"https:\/\/galeriebecot.com\/wp-content\/uploads\/2020\/01\/Renaud1.jpg 696w, https:\/\/galeriebecot.com\/wp-content\/uploads\/2020\/01\/Renaud1-256x300.jpg 256w\" sizes=\"auto, (max-width: 696px) 100vw, 696px\" \/><\/a><\/p>\n<p><a href=\"https:\/\/www.galeriebecot.com\/wp-content\/uploads\/2020\/01\/Renaud2.jpg\"><img loading=\"lazy\" decoding=\"async\" class=\"alignnone size-full wp-image-12427\" src=\"https:\/\/www.galeriebecot.com\/wp-content\/uploads\/2020\/01\/Renaud2.jpg\" alt=\"\" width=\"690\" height=\"818\" srcset=\"https:\/\/galeriebecot.com\/wp-content\/uploads\/2020\/01\/Renaud2.jpg 690w, https:\/\/galeriebecot.com\/wp-content\/uploads\/2020\/01\/Renaud2-253x300.jpg 253w\" sizes=\"auto, (max-width: 690px) 100vw, 690px\" \/><\/a><\/p>\n<p><a href=\"https:\/\/www.galeriebecot.com\/wp-content\/uploads\/2020\/01\/Renaud3.jpg\"><img loading=\"lazy\" decoding=\"async\" class=\"alignnone size-full wp-image-12428\" src=\"https:\/\/www.galeriebecot.com\/wp-content\/uploads\/2020\/01\/Renaud3.jpg\" alt=\"\" width=\"690\" height=\"402\" srcset=\"https:\/\/galeriebecot.com\/wp-content\/uploads\/2020\/01\/Renaud3.jpg 690w, https:\/\/galeriebecot.com\/wp-content\/uploads\/2020\/01\/Renaud3-300x175.jpg 300w\" sizes=\"auto, (max-width: 690px) 100vw, 690px\" \/><\/a><\/p>\n<p><iframe loading=\"lazy\" title=\"Art. Interview pinceau : Jean Pierre Raynaud - Archive INA\" width=\"700\" height=\"525\" src=\"https:\/\/www.youtube.com\/embed\/hrpuy_KQHWo?feature=oembed\" frameborder=\"0\" allow=\"accelerometer; autoplay; encrypted-media; gyroscope; picture-in-picture\" allowfullscreen><\/iframe><\/p>\n<p><a href=\"https:\/\/www.facebook.com\/andre.becot\/posts\/10156397129829985?notif_id=1535075250062751&amp;notif_t=feedback_reaction_generic\"><img loading=\"lazy\" decoding=\"async\" class=\"alignnone size-large wp-image-9241\" src=\"https:\/\/www.galeriebecot.com\/wp-content\/uploads\/2018\/08\/Raynaud100-1024x675.jpg\" alt=\"\" width=\"700\" height=\"461\" srcset=\"https:\/\/galeriebecot.com\/wp-content\/uploads\/2018\/08\/Raynaud100.jpg 1024w, https:\/\/galeriebecot.com\/wp-content\/uploads\/2018\/08\/Raynaud100-300x198.jpg 300w, https:\/\/galeriebecot.com\/wp-content\/uploads\/2018\/08\/Raynaud100-768x506.jpg 768w\" sizes=\"auto, (max-width: 700px) 100vw, 700px\" \/><\/a><\/p>\n<p><a href=\"https:\/\/www.galeriebecot.com\/wp-content\/uploads\/2018\/08\/Ludovic-Equipe.jpg\"><img loading=\"lazy\" decoding=\"async\" class=\"alignnone size-full wp-image-9153\" src=\"https:\/\/www.galeriebecot.com\/wp-content\/uploads\/2018\/08\/Ludovic-Equipe.jpg\" alt=\"\" width=\"423\" height=\"214\" srcset=\"https:\/\/galeriebecot.com\/wp-content\/uploads\/2018\/08\/Ludovic-Equipe.jpg 423w, https:\/\/galeriebecot.com\/wp-content\/uploads\/2018\/08\/Ludovic-Equipe-300x152.jpg 300w\" sizes=\"auto, (max-width: 423px) 100vw, 423px\" \/><\/a><\/p>\n<p>L&rsquo;\u00e9quipe de <strong><em>Ludovic<\/em> Boney<\/strong> est compos\u00e9es des artistes:<\/p>\n<p><em>Kamille<\/em> <strong>Cyr<\/strong>,<em> Nicolas<\/em> <strong>Maisonneuve<\/strong>,<em>Thiery Nicolas<\/em> <strong>B\u00e9langer<\/strong>, <em>Simon<\/em> <strong>Doyon<\/strong>, <em>Dominique<\/em> <strong>Paquette,<\/strong> <em>\u00c9tienne<\/em> <strong>Baillargeon<\/strong>, <em>Jean-Pierre<\/em> <strong>Morin<\/strong><\/p>\n<p><a href=\"https:\/\/www.galeriebecot.com\/wp-content\/uploads\/2019\/12\/Raynaud.jpg\"><img loading=\"lazy\" decoding=\"async\" class=\"alignnone size-large wp-image-12330\" src=\"https:\/\/www.galeriebecot.com\/wp-content\/uploads\/2019\/12\/Raynaud-632x1024.jpg\" alt=\"\" width=\"632\" height=\"1024\" srcset=\"https:\/\/galeriebecot.com\/wp-content\/uploads\/2019\/12\/Raynaud-632x1024.jpg 632w, https:\/\/galeriebecot.com\/wp-content\/uploads\/2019\/12\/Raynaud-185x300.jpg 185w, https:\/\/galeriebecot.com\/wp-content\/uploads\/2019\/12\/Raynaud.jpg 686w\" sizes=\"auto, (max-width: 632px) 100vw, 632px\" \/><\/a><\/p>\n<p><a href=\"https:\/\/www.galeriebecot.com\/wp-content\/uploads\/2018\/10\/Dernier-CA.jpg\"><img loading=\"lazy\" decoding=\"async\" class=\"alignnone size-full wp-image-9791\" src=\"https:\/\/www.galeriebecot.com\/wp-content\/uploads\/2018\/10\/Dernier-CA.jpg\" alt=\"\" width=\"731\" height=\"527\" srcset=\"https:\/\/galeriebecot.com\/wp-content\/uploads\/2018\/10\/Dernier-CA.jpg 731w, https:\/\/galeriebecot.com\/wp-content\/uploads\/2018\/10\/Dernier-CA-300x216.jpg 300w\" sizes=\"auto, (max-width: 731px) 100vw, 731px\" \/><\/a><\/p>\n<p>R\u00e9union de planification, samedi le 20 octobre 2018.<\/p>\n<p><a href=\"https:\/\/www.galeriebecot.com\/wp-content\/uploads\/2018\/08\/CubeOK.jpg\"><img loading=\"lazy\" decoding=\"async\" class=\"alignnone size-large wp-image-9236\" src=\"https:\/\/www.galeriebecot.com\/wp-content\/uploads\/2018\/08\/CubeOK-502x1024.jpg\" alt=\"\" width=\"502\" height=\"1024\" srcset=\"https:\/\/galeriebecot.com\/wp-content\/uploads\/2018\/08\/CubeOK-502x1024.jpg 502w, https:\/\/galeriebecot.com\/wp-content\/uploads\/2018\/08\/CubeOK-147x300.jpg 147w, https:\/\/galeriebecot.com\/wp-content\/uploads\/2018\/08\/CubeOK-768x1566.jpg 768w, https:\/\/galeriebecot.com\/wp-content\/uploads\/2018\/08\/CubeOK.jpg 1096w\" sizes=\"auto, (max-width: 502px) 100vw, 502px\" \/><\/a><\/p>\n<p><a href=\"https:\/\/www.galeriebecot.com\/?p=9254\"><img loading=\"lazy\" decoding=\"async\" class=\"alignnone size-large wp-image-9263\" src=\"https:\/\/www.galeriebecot.com\/wp-content\/uploads\/2018\/09\/opinions-des-lecteurs-_-com1-1024x49.jpg\" alt=\"\" width=\"700\" height=\"33\" srcset=\"https:\/\/galeriebecot.com\/wp-content\/uploads\/2018\/09\/opinions-des-lecteurs-_-com1-1024x49.jpg 1024w, https:\/\/galeriebecot.com\/wp-content\/uploads\/2018\/09\/opinions-des-lecteurs-_-com1-300x14.jpg 300w, https:\/\/galeriebecot.com\/wp-content\/uploads\/2018\/09\/opinions-des-lecteurs-_-com1-768x37.jpg 768w\" sizes=\"auto, (max-width: 700px) 100vw, 700px\" \/><\/a><\/p>\n<p><a href=\"https:\/\/www.galeriebecot.com\/wp-content\/uploads\/2018\/08\/Raynaud1.jpg\"><img loading=\"lazy\" decoding=\"async\" class=\"alignnone size-full wp-image-9107\" src=\"https:\/\/www.galeriebecot.com\/wp-content\/uploads\/2018\/08\/Raynaud1.jpg\" alt=\"\" width=\"779\" height=\"938\" srcset=\"https:\/\/galeriebecot.com\/wp-content\/uploads\/2018\/08\/Raynaud1.jpg 779w, https:\/\/galeriebecot.com\/wp-content\/uploads\/2018\/08\/Raynaud1-249x300.jpg 249w, https:\/\/galeriebecot.com\/wp-content\/uploads\/2018\/08\/Raynaud1-768x925.jpg 768w\" sizes=\"auto, (max-width: 779px) 100vw, 779px\" \/><\/a><\/p>\n<p><a href=\"https:\/\/www.galeriebecot.com\/wp-content\/uploads\/2018\/11\/raynaud100.jpg\"><img loading=\"lazy\" decoding=\"async\" class=\"alignnone size-full wp-image-9907\" src=\"https:\/\/www.galeriebecot.com\/wp-content\/uploads\/2018\/11\/raynaud100.jpg\" alt=\"\" width=\"709\" height=\"972\" srcset=\"https:\/\/galeriebecot.com\/wp-content\/uploads\/2018\/11\/raynaud100.jpg 709w, https:\/\/galeriebecot.com\/wp-content\/uploads\/2018\/11\/raynaud100-219x300.jpg 219w\" sizes=\"auto, (max-width: 709px) 100vw, 709px\" \/><\/a><\/p>\n<p>&nbsp;<\/p>\n<p><a href=\"https:\/\/www.galeriebecot.com\/wp-content\/uploads\/2018\/05\/Raynaud-Zen11.jpg\"><img loading=\"lazy\" decoding=\"async\" class=\"alignnone size-large wp-image-8704\" src=\"https:\/\/www.galeriebecot.com\/wp-content\/uploads\/2018\/05\/Raynaud-Zen11-504x1024.jpg\" alt=\"\" width=\"504\" height=\"1024\" srcset=\"https:\/\/galeriebecot.com\/wp-content\/uploads\/2018\/05\/Raynaud-Zen11-504x1024.jpg 504w, https:\/\/galeriebecot.com\/wp-content\/uploads\/2018\/05\/Raynaud-Zen11-148x300.jpg 148w, https:\/\/galeriebecot.com\/wp-content\/uploads\/2018\/05\/Raynaud-Zen11.jpg 665w\" sizes=\"auto, (max-width: 504px) 100vw, 504px\" \/><\/a><\/p>\n<p><a href=\"https:\/\/www.galeriebecot.com\/wp-content\/uploads\/2018\/05\/Raynaud-Zen22.jpg\"><img loading=\"lazy\" decoding=\"async\" class=\"alignnone size-large wp-image-8707\" src=\"https:\/\/www.galeriebecot.com\/wp-content\/uploads\/2018\/05\/Raynaud-Zen22-499x1024.jpg\" alt=\"\" width=\"499\" height=\"1024\" srcset=\"https:\/\/galeriebecot.com\/wp-content\/uploads\/2018\/05\/Raynaud-Zen22-499x1024.jpg 499w, https:\/\/galeriebecot.com\/wp-content\/uploads\/2018\/05\/Raynaud-Zen22-146x300.jpg 146w, https:\/\/galeriebecot.com\/wp-content\/uploads\/2018\/05\/Raynaud-Zen22.jpg 508w\" sizes=\"auto, (max-width: 499px) 100vw, 499px\" \/><\/a><\/p>\n<p><a href=\"https:\/\/www.galeriebecot.com\/wp-content\/uploads\/2018\/05\/Raynaud1.jpg\"><img loading=\"lazy\" decoding=\"async\" class=\"alignnone size-large wp-image-8694\" src=\"https:\/\/www.galeriebecot.com\/wp-content\/uploads\/2018\/05\/Raynaud1-553x1024.jpg\" alt=\"\" width=\"553\" height=\"1024\" srcset=\"https:\/\/galeriebecot.com\/wp-content\/uploads\/2018\/05\/Raynaud1-553x1024.jpg 553w, https:\/\/galeriebecot.com\/wp-content\/uploads\/2018\/05\/Raynaud1-162x300.jpg 162w, https:\/\/galeriebecot.com\/wp-content\/uploads\/2018\/05\/Raynaud1.jpg 707w\" sizes=\"auto, (max-width: 553px) 100vw, 553px\" \/><\/a><\/p>\n<p><a href=\"https:\/\/www.galeriebecot.com\/wp-content\/uploads\/2018\/05\/Raynaud2.jpg\"><img loading=\"lazy\" decoding=\"async\" class=\"alignnone size-large wp-image-8695\" src=\"https:\/\/www.galeriebecot.com\/wp-content\/uploads\/2018\/05\/Raynaud2-543x1024.jpg\" alt=\"\" width=\"543\" height=\"1024\" srcset=\"https:\/\/galeriebecot.com\/wp-content\/uploads\/2018\/05\/Raynaud2-543x1024.jpg 543w, https:\/\/galeriebecot.com\/wp-content\/uploads\/2018\/05\/Raynaud2-159x300.jpg 159w, https:\/\/galeriebecot.com\/wp-content\/uploads\/2018\/05\/Raynaud2.jpg 571w\" sizes=\"auto, (max-width: 543px) 100vw, 543px\" \/><\/a><\/p>\n<p>La Sculpture de Jean-Pierre Raynaud de retour au parc de l&rsquo;Am\u00e9rique Fran\u00e7aise. Trois ans apr\u00e8s sa d\u00e9molition dans la controverse , une reproduction de l&rsquo;oeuvre d&rsquo;art contemporain Dialogue avec l&rsquo;histoire&#8230;<\/p>\n<p><a href=\"https:\/\/www.galeriebecot.com\/wp-content\/uploads\/2018\/11\/Raynaud4.jpg\"><img loading=\"lazy\" decoding=\"async\" class=\"alignnone size-large wp-image-9927\" src=\"https:\/\/www.galeriebecot.com\/wp-content\/uploads\/2018\/11\/Raynaud4-739x1024.jpg\" alt=\"\" width=\"700\" height=\"970\" srcset=\"https:\/\/galeriebecot.com\/wp-content\/uploads\/2018\/11\/Raynaud4.jpg 739w, https:\/\/galeriebecot.com\/wp-content\/uploads\/2018\/11\/Raynaud4-217x300.jpg 217w\" sizes=\"auto, (max-width: 700px) 100vw, 700px\" \/><\/a><\/p>\n<p><a href=\"https:\/\/www.galeriebecot.com\/wp-content\/uploads\/2017\/11\/Raynaud-Lesoleil22.jpg\"><img loading=\"lazy\" decoding=\"async\" class=\"alignnone size-large wp-image-8683\" src=\"https:\/\/www.galeriebecot.com\/wp-content\/uploads\/2017\/11\/Raynaud-Lesoleil22-706x1024.jpg\" alt=\"\" width=\"700\" height=\"1015\" srcset=\"https:\/\/galeriebecot.com\/wp-content\/uploads\/2017\/11\/Raynaud-Lesoleil22-706x1024.jpg 706w, https:\/\/galeriebecot.com\/wp-content\/uploads\/2017\/11\/Raynaud-Lesoleil22-207x300.jpg 207w, https:\/\/galeriebecot.com\/wp-content\/uploads\/2017\/11\/Raynaud-Lesoleil22-768x1115.jpg 768w, https:\/\/galeriebecot.com\/wp-content\/uploads\/2017\/11\/Raynaud-Lesoleil22.jpg 891w\" sizes=\"auto, (max-width: 700px) 100vw, 700px\" \/><\/a><\/p>\n<p><a href=\"https:\/\/www.galeriebecot.com\/wp-content\/uploads\/2018\/11\/Raynaud5.jpg\"><img loading=\"lazy\" decoding=\"async\" class=\"alignnone size-large wp-image-9929\" src=\"https:\/\/www.galeriebecot.com\/wp-content\/uploads\/2018\/11\/Raynaud5-930x1024.jpg\" alt=\"\" width=\"700\" height=\"771\" srcset=\"https:\/\/galeriebecot.com\/wp-content\/uploads\/2018\/11\/Raynaud5.jpg 930w, https:\/\/galeriebecot.com\/wp-content\/uploads\/2018\/11\/Raynaud5-272x300.jpg 272w, https:\/\/galeriebecot.com\/wp-content\/uploads\/2018\/11\/Raynaud5-768x846.jpg 768w\" sizes=\"auto, (max-width: 700px) 100vw, 700px\" \/><\/a><\/p>\n<p><a href=\"https:\/\/www.galeriebecot.com\/wp-content\/uploads\/2017\/09\/Raynaud_a.jpg\"><img loading=\"lazy\" decoding=\"async\" class=\"alignnone size-large wp-image-7136\" src=\"https:\/\/www.galeriebecot.com\/wp-content\/uploads\/2017\/09\/Raynaud_a-786x1024.jpg\" alt=\"\" width=\"700\" height=\"912\" srcset=\"https:\/\/galeriebecot.com\/wp-content\/uploads\/2017\/09\/Raynaud_a-786x1024.jpg 786w, https:\/\/galeriebecot.com\/wp-content\/uploads\/2017\/09\/Raynaud_a-230x300.jpg 230w, https:\/\/galeriebecot.com\/wp-content\/uploads\/2017\/09\/Raynaud_a-768x1001.jpg 768w, https:\/\/galeriebecot.com\/wp-content\/uploads\/2017\/09\/Raynaud_a.jpg 928w\" sizes=\"auto, (max-width: 700px) 100vw, 700px\" \/><\/a><\/p>\n<p><a href=\"https:\/\/www.galeriebecot.com\/wp-content\/uploads\/2017\/09\/Raynaud_b.jpg\"><img loading=\"lazy\" decoding=\"async\" class=\"alignnone size-full wp-image-7137\" src=\"https:\/\/www.galeriebecot.com\/wp-content\/uploads\/2017\/09\/Raynaud_b.jpg\" alt=\"\" width=\"768\" height=\"901\" srcset=\"https:\/\/galeriebecot.com\/wp-content\/uploads\/2017\/09\/Raynaud_b.jpg 768w, https:\/\/galeriebecot.com\/wp-content\/uploads\/2017\/09\/Raynaud_b-256x300.jpg 256w\" sizes=\"auto, (max-width: 768px) 100vw, 768px\" \/><\/a><\/p>\n<p><a href=\"https:\/\/www.galeriebecot.com\/wp-content\/uploads\/2017\/09\/Herge-speciala.jpg\"><img loading=\"lazy\" decoding=\"async\" class=\"alignnone size-full wp-image-7476\" src=\"https:\/\/www.galeriebecot.com\/wp-content\/uploads\/2017\/09\/Herge-speciala.jpg\" alt=\"\" width=\"641\" height=\"930\" srcset=\"https:\/\/galeriebecot.com\/wp-content\/uploads\/2017\/09\/Herge-speciala.jpg 641w, https:\/\/galeriebecot.com\/wp-content\/uploads\/2017\/09\/Herge-speciala-207x300.jpg 207w\" sizes=\"auto, (max-width: 641px) 100vw, 641px\" \/><\/a><\/p>\n<p><strong><a href=\"https:\/\/www.galeriebecot.com\/wp-content\/uploads\/2017\/09\/Hergem.jpg\"><img loading=\"lazy\" decoding=\"async\" class=\"alignnone size-full wp-image-7473\" src=\"https:\/\/www.galeriebecot.com\/wp-content\/uploads\/2017\/09\/Hergem.jpg\" alt=\"\" width=\"576\" height=\"244\" srcset=\"https:\/\/galeriebecot.com\/wp-content\/uploads\/2017\/09\/Hergem.jpg 576w, https:\/\/galeriebecot.com\/wp-content\/uploads\/2017\/09\/Hergem-300x127.jpg 300w\" sizes=\"auto, (max-width: 576px) 100vw, 576px\" \/><\/a><\/strong><\/p>\n<p><strong>Jean-Pierre Raynaud :&nbsp;H\u00e9ritier de Marcel Duchamp:<\/strong><\/p>\n<p><a href=\"https:\/\/www.galeriebecot.com\/wp-content\/uploads\/2017\/09\/roue-de-bicyclette-duchamp.jpg\"><img loading=\"lazy\" decoding=\"async\" class=\"alignnone size-full wp-image-7498\" src=\"https:\/\/www.galeriebecot.com\/wp-content\/uploads\/2017\/09\/roue-de-bicyclette-duchamp.jpg\" alt=\"\" width=\"560\" height=\"402\" srcset=\"https:\/\/galeriebecot.com\/wp-content\/uploads\/2017\/09\/roue-de-bicyclette-duchamp.jpg 560w, https:\/\/galeriebecot.com\/wp-content\/uploads\/2017\/09\/roue-de-bicyclette-duchamp-300x215.jpg 300w\" sizes=\"auto, (max-width: 560px) 100vw, 560px\" \/><\/a><\/p>\n<p><strong><em>Marcel Duchamp est l&rsquo;une des figures-phare du mouvement Dada. Inventeur du ready-made et inspirateur du Pop art.<\/em><\/strong><br \/>\nJean-Pierre Raynaud n&rsquo;est pas un masochiste. <em>\u00ab Je sais que pour moi cette vente aux ench\u00e8res est un luxe. Je peux me la permettre apr\u00e8s trente-cinq ans de carri\u00e8re. En fait, je vends le contenu de l&rsquo;exposition qui \u00e9tait au Mamac de Nice jusqu&rsquo;au 10 septembre dernier. Une nuit o\u00f9 j&rsquo;\u00e9tais seul \u00e0 pr\u00e9parer l&rsquo;exposition, en regardant les salles, j&rsquo;ai vu quarante-quatre ans de ma vie d\u00e9filer. \u00c7a m&rsquo;a boulevers\u00e9. Je me suis dit que tout cela ne pouvait pas retourner dans des caisses. Ma premi\u00e8re id\u00e9e a \u00e9t\u00e9 de les d\u00e9truire. Puis j&rsquo;ai pens\u00e9 \u00e0 les disperser, vendre sans prix de r\u00e9serve. \u00bb<\/em><\/p>\n<p><a href=\"https:\/\/www.lesechos.fr\/22\/09\/2006\/LesEchos\/19757-520-ECH_tout-jean-pierre-raynaud-aux-encheres.htm\">\u00c0 lire: article au complet sur le journal Les Echos par &nbsp;<em>Judith Benhamou-Huet 22\/09\/06<\/em><\/a><\/p>\n<p><a href=\"https:\/\/www.galeriebecot.com\/wp-content\/uploads\/2017\/09\/Galerie-Laurent-Strouk.jpg\"><img loading=\"lazy\" decoding=\"async\" class=\"alignnone size-large wp-image-7503\" src=\"https:\/\/www.galeriebecot.com\/wp-content\/uploads\/2017\/09\/Galerie-Laurent-Strouk-1024x711.jpg\" alt=\"\" width=\"700\" height=\"486\" srcset=\"https:\/\/galeriebecot.com\/wp-content\/uploads\/2017\/09\/Galerie-Laurent-Strouk-1024x711.jpg 1024w, https:\/\/galeriebecot.com\/wp-content\/uploads\/2017\/09\/Galerie-Laurent-Strouk-300x208.jpg 300w, https:\/\/galeriebecot.com\/wp-content\/uploads\/2017\/09\/Galerie-Laurent-Strouk-768x533.jpg 768w, https:\/\/galeriebecot.com\/wp-content\/uploads\/2017\/09\/Galerie-Laurent-Strouk-330x230.jpg 330w, https:\/\/galeriebecot.com\/wp-content\/uploads\/2017\/09\/Galerie-Laurent-Strouk.jpg 1174w\" sizes=\"auto, (max-width: 700px) 100vw, 700px\" \/><\/a><\/p>\n<p><a href=\"http:\/\/www.laurentstrouk.com\/fr\/artistes\/jean-pierre-raynaud-fr\/actualite-new-york-usa.html\">Galerie Laurent Strouk, Galerie d&rsquo;art contemporain, 2 avenue Matignon 75008 Paris<\/a><\/p>\n<p><a href=\"http:\/\/www.laurentstrouk.com\/fr\/videos\/video-galerie-laurent-strouk.html\">Galerie Laurent Strouk.<\/a>( vid\u00e9o )<\/p>\n<p>&nbsp;<\/p>\n<p><a href=\"https:\/\/www.galeriebecot.com\/wp-content\/uploads\/2018\/05\/Raynaud-Restanay.jpg\"><img loading=\"lazy\" decoding=\"async\" class=\"alignnone size-full wp-image-8692\" src=\"https:\/\/www.galeriebecot.com\/wp-content\/uploads\/2018\/05\/Raynaud-Restanay.jpg\" alt=\"\" width=\"277\" height=\"408\" srcset=\"https:\/\/galeriebecot.com\/wp-content\/uploads\/2018\/05\/Raynaud-Restanay.jpg 277w, https:\/\/galeriebecot.com\/wp-content\/uploads\/2018\/05\/Raynaud-Restanay-204x300.jpg 204w\" sizes=\"auto, (max-width: 277px) 100vw, 277px\" \/><\/a><\/p>\n<p>Le critique d&rsquo;art Pierre Restany (\u00e0 gauche) avec l&rsquo;artiste Jean-Pierre Raynaud.<\/p>\n<p><a href=\"https:\/\/www.galeriebecot.com\/wp-content\/uploads\/2017\/09\/Raynaud__Becot.jpg\"><img loading=\"lazy\" decoding=\"async\" class=\"alignnone size-full wp-image-7567\" src=\"https:\/\/www.galeriebecot.com\/wp-content\/uploads\/2017\/09\/Raynaud__Becot.jpg\" alt=\"\" width=\"504\" height=\"288\" srcset=\"https:\/\/galeriebecot.com\/wp-content\/uploads\/2017\/09\/Raynaud__Becot.jpg 504w, https:\/\/galeriebecot.com\/wp-content\/uploads\/2017\/09\/Raynaud__Becot-300x171.jpg 300w\" sizes=\"auto, (max-width: 504px) 100vw, 504px\" \/><\/a><\/p>\n<p>Jean Pierre Raynaud et Andr\u00e9 B\u00e9cot<\/p>\n<p>Mus\u00e9e de la civilisation, jeudi le 28 septembre 2017<\/p>\n<p>Cr\u00e9dit Photo : <em>Michel Parent<\/em><\/p>\n<p>\u00abC&rsquo;est une belle occasion de ramener M. Raynaud dans l&rsquo;art public et <strong>pour corriger l&rsquo;erreur de 2015<\/strong>. Il s&rsquo;agira d&rsquo;une sculpture qui va s&rsquo;inscrire le plus vite possible dans le paysage de Qu\u00e9bec. Tout est sign\u00e9 et dessin\u00e9. Il y a certaines hypoth\u00e8ses sur l&rsquo;endroit o\u00f9 elle sera \u00e9rig\u00e9e\u00bb, ajoute <strong>M<sup>e<\/sup>&nbsp;Bellemare<\/strong>, pr\u00e9cisant que le projet sera enti\u00e8rement financ\u00e9 par des <strong>fonds priv\u00e9s<\/strong>. Les d\u00e9tails de cette \u00abbelle annonce\u00bb seront d\u00e9voil\u00e9s en pr\u00e9sence de l&rsquo;artiste. ( <strong><em>extrait<\/em><\/strong> du journal <em>LeSoleil par Normand Provencher 16\/09\/17&#8230;voir article complet plus bas sur cette page<\/em>)<\/p>\n<h3><a href=\"http:\/\/www.mastaba1.fr\/\">www.mastaba1.fr<\/a><\/h3>\n<p><a href=\"https:\/\/www.galeriebecot.com\/wp-content\/uploads\/2017\/09\/Conference1.jpg\"><img loading=\"lazy\" decoding=\"async\" class=\"alignnone size-large wp-image-7404\" src=\"https:\/\/www.galeriebecot.com\/wp-content\/uploads\/2017\/09\/Conference1-592x1024.jpg\" alt=\"\" width=\"592\" height=\"1024\" srcset=\"https:\/\/galeriebecot.com\/wp-content\/uploads\/2017\/09\/Conference1-592x1024.jpg 592w, https:\/\/galeriebecot.com\/wp-content\/uploads\/2017\/09\/Conference1-173x300.jpg 173w, https:\/\/galeriebecot.com\/wp-content\/uploads\/2017\/09\/Conference1.jpg 663w\" sizes=\"auto, (max-width: 592px) 100vw, 592px\" \/><\/a><\/p>\n<p><a href=\"https:\/\/www.galeriebecot.com\/wp-content\/uploads\/2017\/09\/conference3ok.jpg\"><img loading=\"lazy\" decoding=\"async\" class=\"alignnone size-full wp-image-7492\" src=\"https:\/\/www.galeriebecot.com\/wp-content\/uploads\/2017\/09\/conference3ok.jpg\" alt=\"\" width=\"660\" height=\"827\" srcset=\"https:\/\/galeriebecot.com\/wp-content\/uploads\/2017\/09\/conference3ok.jpg 660w, https:\/\/galeriebecot.com\/wp-content\/uploads\/2017\/09\/conference3ok-239x300.jpg 239w\" sizes=\"auto, (max-width: 660px) 100vw, 660px\" \/><\/a><\/p>\n<p><a href=\"https:\/\/www.galeriebecot.com\/wp-content\/uploads\/2017\/09\/Cube-Blanc.jpg\"><img loading=\"lazy\" decoding=\"async\" class=\"alignnone size-large wp-image-7410\" src=\"https:\/\/www.galeriebecot.com\/wp-content\/uploads\/2017\/09\/Cube-Blanc-513x1024.jpg\" alt=\"\" width=\"513\" height=\"1024\" srcset=\"https:\/\/galeriebecot.com\/wp-content\/uploads\/2017\/09\/Cube-Blanc-513x1024.jpg 513w, https:\/\/galeriebecot.com\/wp-content\/uploads\/2017\/09\/Cube-Blanc-150x300.jpg 150w, https:\/\/galeriebecot.com\/wp-content\/uploads\/2017\/09\/Cube-Blanc-768x1534.jpg 768w, https:\/\/galeriebecot.com\/wp-content\/uploads\/2017\/09\/Cube-Blanc.jpg 984w\" sizes=\"auto, (max-width: 513px) 100vw, 513px\" \/><\/a><\/p>\n<p><a href=\"http:\/\/www.lapresse.ca\/le-soleil\/actualites\/la-capitale\/201709\/15\/01-5133772-une-nouvelle-oeuvre-de-jean-pierre-raynaud-pour-corriger-lerreur-de-2015.php?utm_categorieinterne=trafficdrivers&amp;utm_contenuinterne=envoyer_cbp\"><img loading=\"lazy\" decoding=\"async\" class=\"alignnone size-full wp-image-7257\" src=\"https:\/\/www.galeriebecot.com\/wp-content\/uploads\/2017\/09\/dessin-journal.jpg\" alt=\"\" width=\"144\" height=\"108\"><\/a><\/p>\n<p><a href=\"http:\/\/www.lapresse.ca\/le-soleil\/actualites\/la-capitale\/201709\/15\/01-5133772-une-nouvelle-oeuvre-de-jean-pierre-raynaud-pour-corriger-lerreur-de-2015.php?utm_categorieinterne=trafficdrivers&amp;utm_contenuinterne=envoyer_cbp\">Lire l&rsquo;article complet par Normand Provencher ,LeSoleil,&nbsp;<\/a>16\/09\/17<\/p>\n<h2><strong><a href=\"http:\/\/www.jeanpierreraynaud.com\/siteraynaud\/site_officiel_Jean_Pierre_Raynaud.html\"><img loading=\"lazy\" decoding=\"async\" class=\"size-full wp-image-7335 alignnone\" src=\"https:\/\/www.galeriebecot.com\/wp-content\/uploads\/2017\/09\/Reynaud.jpg\" alt=\"\" width=\"144\" height=\"151\"><\/a><\/strong><\/h2>\n<p><a href=\"http:\/\/www.lefigaro.fr\/arts-expositions\/2015\/07\/03\/03015-20150703ARTFIG00185-oeuvre-demolie-a-quebec-l-artiste-repond-au-figaro.php\">Jean-Pierre Raynaud r\u00e9pond au Figaro<\/a><\/p>\n<p><strong><a href=\"http:\/\/www.jeanpierreraynaud.com\/siteraynaud\/site_officiel_Jean_Pierre_Raynaud.html\">Qui est Jean Pierre Raynaud<\/a>&nbsp;?<\/strong><\/p>\n<p><a href=\"https:\/\/www.galeriebecot.com\/?p=7347\"><img loading=\"lazy\" decoding=\"async\" class=\"alignnone size-full wp-image-7355\" src=\"https:\/\/www.galeriebecot.com\/wp-content\/uploads\/2017\/09\/Journal.jpeg\" alt=\"\" width=\"144\" height=\"92\"><\/a><\/p>\n<p><a href=\"https:\/\/www.galeriebecot.com\/?p=7347\"><strong>Jean Pierre Raynaud<\/strong>: <em><strong>Le Devoir<\/strong>, par J\u00e9r\u00f4me Delgado<\/em><\/a>, 24\/09\/17<\/p>\n<p><a href=\"https:\/\/www.galeriebecot.com\/?p=7347\"><strong>Le &lt;&lt; Cube Blanc &gt;&gt; rena\u00eetra de ses cendres&nbsp;:<\/strong> <strong>Le journal de Qu\u00e9bec<\/strong>, <\/a><em>par Dominique Leli\u00e9vre 25\/09\/2017<\/em><\/p>\n<p><a href=\"http:\/\/www.lapresse.ca\/le-soleil\/actualites\/la-capitale\/201709\/24\/01-5136304-loeuvre-dialogue-avec-lhistoire-renaitra-plus-imposante.php?utm_categorieinterne=trafficdrivers&amp;utm_contenuinterne=envoyer_cbp\"><img loading=\"lazy\" decoding=\"async\" class=\"alignnone size-full wp-image-7369\" src=\"https:\/\/www.galeriebecot.com\/wp-content\/uploads\/2017\/09\/Guillaume-Piedboeuf.jpg\" alt=\"\" width=\"411\" height=\"80\" srcset=\"https:\/\/galeriebecot.com\/wp-content\/uploads\/2017\/09\/Guillaume-Piedboeuf.jpg 411w, https:\/\/galeriebecot.com\/wp-content\/uploads\/2017\/09\/Guillaume-Piedboeuf-300x58.jpg 300w\" sizes=\"auto, (max-width: 411px) 100vw, 411px\" \/><\/a><\/p>\n<p><a href=\"http:\/\/www.lapresse.ca\/le-soleil\/actualites\/la-capitale\/201709\/24\/01-5136304-loeuvre-dialogue-avec-lhistoire-renaitra-plus-imposante.php?utm_categorieinterne=trafficdrivers&amp;utm_contenuinterne=envoyer_cbp\">L&rsquo;oeuvre DIALOGUE rena\u00eetra&#8230;.&nbsp;<\/a>&nbsp;25\/09\/17<\/p>\n<p>&nbsp;<\/p>\n<p><a href=\"http:\/\/ici.radio-canada.ca\/premiere\/emissions\/premiere-heure\/segments\/entrevue\/39762\/raynaud-bellemare\"><img loading=\"lazy\" decoding=\"async\" class=\"alignnone size-full wp-image-7381\" src=\"https:\/\/www.galeriebecot.com\/wp-content\/uploads\/2017\/09\/Radio-Canada-1.jpg\" alt=\"\" width=\"277\" height=\"49\"><\/a><\/p>\n<p><a href=\"http:\/\/ici.radio-canada.ca\/premiere\/emissions\/premiere-heure\/segments\/entrevue\/39762\/raynaud-bellemare\"><img loading=\"lazy\" decoding=\"async\" class=\"alignnone size-full wp-image-7377\" src=\"https:\/\/www.galeriebecot.com\/wp-content\/uploads\/2017\/09\/Radio-Canada.jpg\" alt=\"\" width=\"671\" height=\"736\" srcset=\"https:\/\/galeriebecot.com\/wp-content\/uploads\/2017\/09\/Radio-Canada.jpg 671w, https:\/\/galeriebecot.com\/wp-content\/uploads\/2017\/09\/Radio-Canada-274x300.jpg 274w\" sizes=\"auto, (max-width: 671px) 100vw, 671px\" \/><\/a><\/p>\n<p>&nbsp;<\/p>\n<p><a href=\"https:\/\/www.galeriebecot.com\/wp-content\/uploads\/2017\/09\/Jean-Pierre-Raynaud.jpg\"><img loading=\"lazy\" decoding=\"async\" class=\"alignnone size-full wp-image-7166\" src=\"https:\/\/www.galeriebecot.com\/wp-content\/uploads\/2017\/09\/Jean-Pierre-Raynaud.jpg\" alt=\"\" width=\"720\" height=\"404\" srcset=\"https:\/\/galeriebecot.com\/wp-content\/uploads\/2017\/09\/Jean-Pierre-Raynaud.jpg 720w, https:\/\/galeriebecot.com\/wp-content\/uploads\/2017\/09\/Jean-Pierre-Raynaud-300x168.jpg 300w\" sizes=\"auto, (max-width: 720px) 100vw, 720px\" \/><\/a><\/p>\n<p><a href=\"https:\/\/www.galeriebecot.com\/wp-content\/uploads\/2017\/09\/Darby_Vaillancourt_Gagnon.jpg\"><img loading=\"lazy\" decoding=\"async\" class=\"alignnone size-full wp-image-7584\" src=\"https:\/\/www.galeriebecot.com\/wp-content\/uploads\/2017\/09\/Darby_Vaillancourt_Gagnon.jpg\" alt=\"\" width=\"576\" height=\"354\" srcset=\"https:\/\/galeriebecot.com\/wp-content\/uploads\/2017\/09\/Darby_Vaillancourt_Gagnon.jpg 576w, https:\/\/galeriebecot.com\/wp-content\/uploads\/2017\/09\/Darby_Vaillancourt_Gagnon-300x184.jpg 300w\" sizes=\"auto, (max-width: 576px) 100vw, 576px\" \/><\/a><\/p>\n<p>Les sculpteurs Don Darby, Armand Vaillancourt et Aristides Gagnon le 25\/09\/2017<\/p>\n<p>&nbsp;<\/p>\n<p><a href=\"https:\/\/www.galeriebecot.com\/wp-content\/uploads\/2017\/09\/Bellemare_Becot_Parent.jpg\"><img loading=\"lazy\" decoding=\"async\" class=\"alignnone size-full wp-image-7178\" src=\"https:\/\/www.galeriebecot.com\/wp-content\/uploads\/2017\/09\/Bellemare_Becot_Parent.jpg\" alt=\"\" width=\"625\" height=\"530\" srcset=\"https:\/\/galeriebecot.com\/wp-content\/uploads\/2017\/09\/Bellemare_Becot_Parent.jpg 625w, https:\/\/galeriebecot.com\/wp-content\/uploads\/2017\/09\/Bellemare_Becot_Parent-300x254.jpg 300w\" sizes=\"auto, (max-width: 625px) 100vw, 625px\" \/><\/a><\/p>\n<p>Qu\u00e9bec, 9 septembre 2017, Marc Bellemare, Andr\u00e9 B\u00e9cot et Michel Parent au Cochon Dingue de la rue Maguire.<\/p>\n","protected":false},"excerpt":{"rendered":"<p>Avril 2020 par Serge Philippe Tremblay (photographe). Journal de Qu\u00e9bec,&nbsp;par Dominique Leli\u00e8vre ( 2 septembre 2018 ). Le &lt;&lt; cube blanc &gt;&gt; en Haute-Ville pour au moins 25 ans. En&hellip; <\/p>\n","protected":false},"author":1,"featured_media":0,"comment_status":"open","ping_status":"open","sticky":false,"template":"","format":"standard","meta":{"_exactmetrics_skip_tracking":false,"_exactmetrics_sitenote_active":false,"_exactmetrics_sitenote_note":"","_exactmetrics_sitenote_category":0,"footnotes":""},"categories":[27,17],"tags":[1837,1394,955,34,1746,385,1753,53,770,43,1151,2448,1752,67,66,1773,1745,2452,275,1664,2453,465,1762,1774,1742,1750,271,929,1261,775,2454,1443,1176,1761,2449,1760,245,1347,58,930,211,1744,882,1743,1749,2450,1747,1320,1036,1748,1421,445,1836,81,438,1150,158,1751,210,1233,356,961,2160,2451,124],"class_list":["post-7135","post","type-post","status-publish","format-standard","hentry","category-artistes","category-conference","tag-abv","tag-aline-martineau","tag-amelie-proulx","tag-andre-becot","tag-andre-du-bois","tag-annie-descoteaux","tag-annie-morin","tag-aristide-gagnon","tag-armand-vaillancourt","tag-arts-visuels","tag-atelier-be-video","tag-baptiste-ricard-chatelain","tag-camille-b-vincent","tag-club-des-collectionneurs-en-arts-visuels-de-quebec-marc-bellemare","tag-club-des-collectionneurs-en-arts-visuels-de-quebec-studio-becot","tag-cochon-dingue","tag-dominique-lelievre","tag-dominique-paquette","tag-don-darby","tag-enap","tag-etienne-baillargeon","tag-florent-cousineau","tag-galerie-laurent-strouk","tag-georges-remi","tag-herge","tag-hugue-noel-de-tilly","tag-jacques-sylvain","tag-jean-luc-lavallee","tag-jean-pierre-morin","tag-jean-pierre-raynaud","tag-jean-pierremorin","tag-jerome-morissette","tag-journal-de-quebec","tag-judith-benhamou-huet","tag-kamille-cyr","tag-les-echos","tag-lesoleil","tag-ludovic-boney","tag-marc-bellemare-collectionneur","tag-marcel-duchamp","tag-martin-bureau","tag-martin-leblanc","tag-michel-parent","tag-musee-de-la-civilisation","tag-nenoit-levesque","tag-nicolas-maisonneuve","tag-nicole-thibault","tag-normand-provencher","tag-odette-theberge","tag-philip-despres","tag-philippe-pallafray","tag-pierre-beland","tag-pierre-bilodeau","tag-radio-canada","tag-regis-labeaume","tag-rejeanne-lamothe","tag-renald-brisebois","tag-ricahrd-mill","tag-richard-mill","tag-roger-fournier","tag-serge-philippe-tremblay","tag-simon-doyon","tag-stephanie-martin","tag-thiery-nicolas-belanger","tag-tintin"],"_links":{"self":[{"href":"https:\/\/galeriebecot.com\/index.php?rest_route=\/wp\/v2\/posts\/7135","targetHints":{"allow":["GET"]}}],"collection":[{"href":"https:\/\/galeriebecot.com\/index.php?rest_route=\/wp\/v2\/posts"}],"about":[{"href":"https:\/\/galeriebecot.com\/index.php?rest_route=\/wp\/v2\/types\/post"}],"author":[{"embeddable":true,"href":"https:\/\/galeriebecot.com\/index.php?rest_route=\/wp\/v2\/users\/1"}],"replies":[{"embeddable":true,"href":"https:\/\/galeriebecot.com\/index.php?rest_route=%2Fwp%2Fv2%2Fcomments&post=7135"}],"version-history":[{"count":221,"href":"https:\/\/galeriebecot.com\/index.php?rest_route=\/wp\/v2\/posts\/7135\/revisions"}],"predecessor-version":[{"id":15779,"href":"https:\/\/galeriebecot.com\/index.php?rest_route=\/wp\/v2\/posts\/7135\/revisions\/15779"}],"wp:attachment":[{"href":"https:\/\/galeriebecot.com\/index.php?rest_route=%2Fwp%2Fv2%2Fmedia&parent=7135"}],"wp:term":[{"taxonomy":"category","embeddable":true,"href":"https:\/\/galeriebecot.com\/index.php?rest_route=%2Fwp%2Fv2%2Fcategories&post=7135"},{"taxonomy":"post_tag","embeddable":true,"href":"https:\/\/galeriebecot.com\/index.php?rest_route=%2Fwp%2Fv2%2Ftags&post=7135"}],"curies":[{"name":"wp","href":"https:\/\/api.w.org\/{rel}","templated":true}]}}