{"id":7115,"date":"2018-09-19T15:51:05","date_gmt":"2018-09-19T19:51:05","guid":{"rendered":"http:\/\/www.clubdescollectionneursenartsvisuelsdequebec.com\/?p=7115"},"modified":"2018-09-27T15:36:53","modified_gmt":"2018-09-27T19:36:53","slug":"encan-a-la-clarte-dieuespace-galerie","status":"publish","type":"post","link":"https:\/\/galeriebecot.com\/?p=7115","title":{"rendered":"Exposition de H\u00e9l\u00e8ne Par\u00e9, Suzette Patry et Louise-Andr\u00e9e Roberge \u00e0 la Clart\u00e9-Dieu, espace galerie"},"content":{"rendered":"<p>&nbsp;<\/p>\n<p><a href=\"https:\/\/www.galeriebecot.com\/wp-content\/uploads\/2018\/08\/Suzette.jpg\"><img loading=\"lazy\" decoding=\"async\" class=\"alignnone wp-image-9375\" src=\"https:\/\/www.galeriebecot.com\/wp-content\/uploads\/2018\/08\/Suzette.jpg\" alt=\"\" width=\"811\" height=\"473\" \/><\/a><\/p>\n<p>Les jardins fous.<\/p>\n<p>Suzette Patry, H\u00e9l\u00e8ne Par\u00e9 et Louise &#8211; Andr\u00e9e Roberge.<\/p>\n<p>du 28 septembre au 28 octobre 2018.<\/p>\n<p>Ouverture du jeudi au dimanche de 13h \u00e0 17h.<\/p>\n<p><a href=\"https:\/\/www.galeriebecot.com\/wp-content\/uploads\/2017\/08\/clarte-dieu.jpg\"><img loading=\"lazy\" decoding=\"async\" class=\"alignnone size-full wp-image-9189\" src=\"https:\/\/www.galeriebecot.com\/wp-content\/uploads\/2017\/08\/clarte-dieu.jpg\" alt=\"\" width=\"405\" height=\"594\" srcset=\"https:\/\/galeriebecot.com\/wp-content\/uploads\/2017\/08\/clarte-dieu.jpg 405w, https:\/\/galeriebecot.com\/wp-content\/uploads\/2017\/08\/clarte-dieu-205x300.jpg 205w\" sizes=\"auto, (max-width: 405px) 100vw, 405px\" \/><\/a><\/p>\n<p>EXPOSITION\/<strong>ENCAN.<\/strong><\/p>\n<p>au profit de la Clart\u00e9-Dieu.<\/p>\n<p>du 18 juillet au 16 septembre 2018.<\/p>\n<p>Les oeuvres seront adjug\u00e9es l&rsquo;une apr\u00e8s l&rsquo;autre, sans cri\u00e9e, le <strong>dimanche 16 septembre<\/strong>, \u00e0 compter de 13h.<\/p>\n<p><a href=\"https:\/\/www.galeriebecot.com\/wp-content\/uploads\/2018\/08\/Dieu.jpg\"><img loading=\"lazy\" decoding=\"async\" class=\"alignnone size-full wp-image-9193\" src=\"https:\/\/www.galeriebecot.com\/wp-content\/uploads\/2018\/08\/Dieu.jpg\" alt=\"\" width=\"643\" height=\"638\" srcset=\"https:\/\/galeriebecot.com\/wp-content\/uploads\/2018\/08\/Dieu.jpg 643w, https:\/\/galeriebecot.com\/wp-content\/uploads\/2018\/08\/Dieu-150x150.jpg 150w, https:\/\/galeriebecot.com\/wp-content\/uploads\/2018\/08\/Dieu-300x298.jpg 300w\" sizes=\"auto, (max-width: 643px) 100vw, 643px\" \/><\/a><\/p>\n<p><a href=\"http:\/\/www.laclartedieu.org\/single-post\/2017\/07\/03\/EXPOSITION\"><img loading=\"lazy\" decoding=\"async\" class=\"alignnone size-large wp-image-7116\" src=\"https:\/\/www.galeriebecot.com\/wp-content\/uploads\/2017\/08\/Encan-599x1024.jpg\" alt=\"\" width=\"599\" height=\"1024\" srcset=\"https:\/\/galeriebecot.com\/wp-content\/uploads\/2017\/08\/Encan-599x1024.jpg 599w, https:\/\/galeriebecot.com\/wp-content\/uploads\/2017\/08\/Encan-175x300.jpg 175w, https:\/\/galeriebecot.com\/wp-content\/uploads\/2017\/08\/Encan-768x1313.jpg 768w, https:\/\/galeriebecot.com\/wp-content\/uploads\/2017\/08\/Encan.jpg 1026w\" sizes=\"auto, (max-width: 599px) 100vw, 599px\" \/><\/a><\/p>\n<h2>Encan \u00e0 la Clart\u00e9-Dieu\/espace galerie.<\/h2>\n<p>Pour visite:<\/p>\n<p>13 au 29 juillet ( du jeudi au samedi) de 13h \u00e0 17h.<\/p>\n<p>3 ao\u00fbt au 3 septembre ( du jeudi au dimanche) de 13h \u00e0 17h.<\/p>\n","protected":false},"excerpt":{"rendered":"<p>&nbsp; Les jardins fous. Suzette Patry, H\u00e9l\u00e8ne Par\u00e9 et Louise &#8211; Andr\u00e9e Roberge. du 28 septembre au 28 octobre 2018. Ouverture du jeudi au dimanche de 13h \u00e0 17h. EXPOSITION\/ENCAN.&hellip; <\/p>\n","protected":false},"author":1,"featured_media":0,"comment_status":"open","ping_status":"open","sticky":false,"template":"","format":"standard","meta":{"_exactmetrics_skip_tracking":false,"_exactmetrics_sitenote_active":false,"_exactmetrics_sitenote_note":"","_exactmetrics_sitenote_category":0,"footnotes":""},"categories":[27,21],"tags":[34,1662,66,2273,2511,58,37,889,40],"class_list":["post-7115","post","type-post","status-publish","format-standard","hentry","category-artistes","category-vente-aux-encheres-doeuvres-dart","tag-andre-becot","tag-clarte-dieu-espace-galerie","tag-club-des-collectionneurs-en-arts-visuels-de-quebec-studio-becot","tag-helene-pare","tag-louise-andree-roberge","tag-marc-bellemare-collectionneur","tag-studio-becot","tag-suzette-patry","tag-visuals-arts"],"_links":{"self":[{"href":"https:\/\/galeriebecot.com\/index.php?rest_route=\/wp\/v2\/posts\/7115","targetHints":{"allow":["GET"]}}],"collection":[{"href":"https:\/\/galeriebecot.com\/index.php?rest_route=\/wp\/v2\/posts"}],"about":[{"href":"https:\/\/galeriebecot.com\/index.php?rest_route=\/wp\/v2\/types\/post"}],"author":[{"embeddable":true,"href":"https:\/\/galeriebecot.com\/index.php?rest_route=\/wp\/v2\/users\/1"}],"replies":[{"embeddable":true,"href":"https:\/\/galeriebecot.com\/index.php?rest_route=%2Fwp%2Fv2%2Fcomments&post=7115"}],"version-history":[{"count":9,"href":"https:\/\/galeriebecot.com\/index.php?rest_route=\/wp\/v2\/posts\/7115\/revisions"}],"predecessor-version":[{"id":9377,"href":"https:\/\/galeriebecot.com\/index.php?rest_route=\/wp\/v2\/posts\/7115\/revisions\/9377"}],"wp:attachment":[{"href":"https:\/\/galeriebecot.com\/index.php?rest_route=%2Fwp%2Fv2%2Fmedia&parent=7115"}],"wp:term":[{"taxonomy":"category","embeddable":true,"href":"https:\/\/galeriebecot.com\/index.php?rest_route=%2Fwp%2Fv2%2Fcategories&post=7115"},{"taxonomy":"post_tag","embeddable":true,"href":"https:\/\/galeriebecot.com\/index.php?rest_route=%2Fwp%2Fv2%2Ftags&post=7115"}],"curies":[{"name":"wp","href":"https:\/\/api.w.org\/{rel}","templated":true}]}}