{"id":7098,"date":"2017-08-16T14:48:33","date_gmt":"2017-08-16T18:48:33","guid":{"rendered":"http:\/\/www.clubdescollectionneursenartsvisuelsdequebec.com\/?p=7098"},"modified":"2017-09-27T17:13:20","modified_gmt":"2017-09-27T21:13:20","slug":"marleen-provencal-expose","status":"publish","type":"post","link":"https:\/\/galeriebecot.com\/?p=7098","title":{"rendered":"Marleen Proven\u00e7al expose&#8230;"},"content":{"rendered":"<p><a href=\"https:\/\/www.galeriebecot.com\/wp-content\/uploads\/2017\/08\/Marleen.jpg\"><img loading=\"lazy\" decoding=\"async\" class=\"alignnone size-full wp-image-7464\" src=\"https:\/\/www.galeriebecot.com\/wp-content\/uploads\/2017\/08\/Marleen.jpg\" alt=\"\" width=\"569\" height=\"581\" srcset=\"https:\/\/galeriebecot.com\/wp-content\/uploads\/2017\/08\/Marleen.jpg 569w, https:\/\/galeriebecot.com\/wp-content\/uploads\/2017\/08\/Marleen-294x300.jpg 294w\" sizes=\"auto, (max-width: 569px) 100vw, 569px\" \/><\/a><\/p>\n<p>Rencontre avec l&rsquo;artiste, ce samedi 30 septembre 2017, entre 14h et 17h.<\/p>\n<p>Prolongation\u00a0\u00a0jusqu&rsquo;au 10 octobre prochain.<\/p>\n<p><a href=\"http:\/\/galerieblanche.com\/exhibit\/35769\/\"><img loading=\"lazy\" decoding=\"async\" class=\"alignnone size-full wp-image-7107\" src=\"https:\/\/www.galeriebecot.com\/wp-content\/uploads\/2017\/08\/Marleen-Provencal.jpg\" alt=\"\" width=\"864\" height=\"360\" srcset=\"https:\/\/galeriebecot.com\/wp-content\/uploads\/2017\/08\/Marleen-Provencal.jpg 864w, https:\/\/galeriebecot.com\/wp-content\/uploads\/2017\/08\/Marleen-Provencal-300x125.jpg 300w, https:\/\/galeriebecot.com\/wp-content\/uploads\/2017\/08\/Marleen-Provencal-768x320.jpg 768w\" sizes=\"auto, (max-width: 864px) 100vw, 864px\" \/><\/a><\/p>\n<p><a href=\"http:\/\/galerieblanche.com\/exhibit\/35769\/\">Vernissage de Marleen Proven\u00e7al :\u00a0\u00a0Toucher terre\/Feet on the ground.<\/a><\/p>\n<p>&nbsp;<\/p>\n<p>\u00ab Le peintre ne doit pas peindre seulement ce qu\u2019il voit devant lui, mais ce qu\u2019il voit en lui. \u00bb Caspar David Friedrich (1774-1840)<\/p>\n<p>Tant\u00f4t jaillissements \u00e9motionnels, tant\u00f4t remous astronomiques, l\u2019univers de Marleen Proven\u00e7al n\u2019a rien de statique. Flirtant avec l\u2019abstraction depuis une dizaine d\u2019ann\u00e9es, sa peinture, \u00e9minemment \u00e9nergique et suggestive, ignore le silence et la contrainte. Plus d\u2019une fois retourn\u00e9 sens dessus-dessous en cours d\u2019ex\u00e9cution, chaque tableau na\u00eet ainsi d\u2019un d\u00e9ploiement de couleurs audacieuses et d\u2019une gestuelle imp\u00e9tueuse dont la surface conserve les traces bien visibles.<br \/>\nAu c\u0153ur de visions en apparence chaotiques, \u00e9mergent \u00e7\u00e0 et l\u00e0 des paysages qui n\u2019ont rien d\u2019id\u00e9alis\u00e9s et de bucoliques. Des paysages tout en tensions, aux horizons embras\u00e9s, satur\u00e9s d\u2019ocre et de rouge, o\u00f9 persistent en quelques zones sombres des \u00e9clats de lumi\u00e8re blanch\u00e2tre et des perc\u00e9es de ciels bleus dans la grisaille. Eau, air, terre, feu, \u00e9l\u00e9ments solides et \u00e9th\u00e9r\u00e9s d\u2019une nature bien vivante, donnent ainsi l\u2019impression de s\u2019y livrer un combat chromatique, formel et spatial singulier&#8230;.<\/p>\n<p>Samedi le 16 septembre 2017 de 16h \u00e0 19h.<\/p>\n<p>Jusqu&rsquo;au 3 octobre.<\/p>\n<p><strong>Blanche, Galerie D&rsquo;Art<\/strong><\/p>\n<p>218, rue St-Paul Ouest<\/p>\n<p>Montr\u00e9al,Qc,H2Y 1Z9<\/p>\n","protected":false},"excerpt":{"rendered":"<p>Rencontre avec l&rsquo;artiste, ce samedi 30 septembre 2017, entre 14h et 17h. Prolongation\u00a0\u00a0jusqu&rsquo;au 10 octobre prochain. Vernissage de Marleen Proven\u00e7al :\u00a0\u00a0Toucher terre\/Feet on the ground. &nbsp; \u00ab Le peintre ne&hellip; <\/p>\n","protected":false},"author":1,"featured_media":0,"comment_status":"open","ping_status":"open","sticky":false,"template":"","format":"standard","meta":{"_exactmetrics_skip_tracking":false,"_exactmetrics_sitenote_active":false,"_exactmetrics_sitenote_note":"","_exactmetrics_sitenote_category":0,"footnotes":""},"categories":[27,19],"tags":[34,43,1659,58,1658,37,40],"class_list":["post-7098","post","type-post","status-publish","format-standard","hentry","category-artistes","category-vernissage","tag-andre-becot","tag-arts-visuels","tag-blanche-galerie-dart","tag-marc-bellemare-collectionneur","tag-marleen-provencal","tag-studio-becot","tag-visuals-arts"],"_links":{"self":[{"href":"https:\/\/galeriebecot.com\/index.php?rest_route=\/wp\/v2\/posts\/7098","targetHints":{"allow":["GET"]}}],"collection":[{"href":"https:\/\/galeriebecot.com\/index.php?rest_route=\/wp\/v2\/posts"}],"about":[{"href":"https:\/\/galeriebecot.com\/index.php?rest_route=\/wp\/v2\/types\/post"}],"author":[{"embeddable":true,"href":"https:\/\/galeriebecot.com\/index.php?rest_route=\/wp\/v2\/users\/1"}],"replies":[{"embeddable":true,"href":"https:\/\/galeriebecot.com\/index.php?rest_route=%2Fwp%2Fv2%2Fcomments&post=7098"}],"version-history":[{"count":12,"href":"https:\/\/galeriebecot.com\/index.php?rest_route=\/wp\/v2\/posts\/7098\/revisions"}],"predecessor-version":[{"id":7467,"href":"https:\/\/galeriebecot.com\/index.php?rest_route=\/wp\/v2\/posts\/7098\/revisions\/7467"}],"wp:attachment":[{"href":"https:\/\/galeriebecot.com\/index.php?rest_route=%2Fwp%2Fv2%2Fmedia&parent=7098"}],"wp:term":[{"taxonomy":"category","embeddable":true,"href":"https:\/\/galeriebecot.com\/index.php?rest_route=%2Fwp%2Fv2%2Fcategories&post=7098"},{"taxonomy":"post_tag","embeddable":true,"href":"https:\/\/galeriebecot.com\/index.php?rest_route=%2Fwp%2Fv2%2Ftags&post=7098"}],"curies":[{"name":"wp","href":"https:\/\/api.w.org\/{rel}","templated":true}]}}