{"id":7003,"date":"2026-07-31T18:12:00","date_gmt":"2026-07-31T22:12:00","guid":{"rendered":"http:\/\/www.clubdescollectionneursenartsvisuelsdequebec.com\/?p=7003"},"modified":"2026-08-04T14:11:10","modified_gmt":"2026-08-04T18:11:10","slug":"sculptures-a-visiter-dans-la-ville-de-quebec-durant-lete-2017","status":"publish","type":"post","link":"https:\/\/galeriebecot.com\/?p=7003","title":{"rendered":"Les sculptures de Jean Guillot \u00e0 d\u00e9couvrir dans la ville de Qu\u00e9bec durant l&rsquo;\u00e9t\u00e9 2026\u00a0"},"content":{"rendered":"\n<p class=\"wp-block-paragraph\">All\u00f4 Jean,<\/p>\n\n\n\n<p class=\"wp-block-paragraph\">C&rsquo;est avec une grande tristesse que j&rsquo;ai appris ton d\u00e9part pour l&rsquo;\u00e9ternit\u00e9.<\/p>\n\n\n\n<p class=\"wp-block-paragraph\">Ce que je retiendrai toujours de toi, c&rsquo;est ta profonde gentillesse, ta simplicit\u00e9, ta fa\u00e7on d&rsquo;\u00eatre et ton amour sinc\u00e8re pour le monde des arts. Tu \u00e9tais un homme accueillant, g\u00e9n\u00e9reux de c\u0153ur, dont la pr\u00e9sence laissait une empreinte apaisante. Ton souvenir continuera de vivre dans mon esprit et dans mon c\u0153ur.<\/p>\n\n\n\n<p class=\"wp-block-paragraph\">J&rsquo;offre mes plus sinc\u00e8res condol\u00e9ances \u00e0 tous tes proches, \u00e0 ta famille ainsi qu&rsquo;\u00e0 tous nos amis qui partagent aujourd&rsquo;hui cette immense peine.<\/p>\n\n\n\n<p class=\"wp-block-paragraph\">Repose en paix, Jean.<\/p>\n\n\n\n<figure class=\"wp-block-image size-large\"><a href=\"https:\/\/wilbrodrobert.com\/deces\/guillot-jean-2\/?inserted_post_id=32799&amp;status=success\"><img loading=\"lazy\" decoding=\"async\" width=\"1024\" height=\"369\" src=\"https:\/\/galeriebecot.com\/wp-content\/uploads\/2026\/07\/Jean-Guillot-Web-1024x369.jpg\" alt=\"\" class=\"wp-image-22096\" srcset=\"https:\/\/galeriebecot.com\/wp-content\/uploads\/2026\/07\/Jean-Guillot-Web-1024x369.jpg 1024w, https:\/\/galeriebecot.com\/wp-content\/uploads\/2026\/07\/Jean-Guillot-Web-300x108.jpg 300w, https:\/\/galeriebecot.com\/wp-content\/uploads\/2026\/07\/Jean-Guillot-Web-768x277.jpg 768w, https:\/\/galeriebecot.com\/wp-content\/uploads\/2026\/07\/Jean-Guillot-Web.jpg 1152w\" sizes=\"auto, (max-width: 1024px) 100vw, 1024px\" \/><\/a><\/figure>\n\n\n\n<p class=\"wp-block-paragraph\"><strong>Jean Guillot<\/strong> :<\/p>\n\n\n\n<p class=\"wp-block-paragraph\">Figure importante de la sculpture contemporaine \u00e0 Qu\u00e9bec, Jean Guillot appartient \u00e0 cette g\u00e9n\u00e9ration d&rsquo;artistes qui, \u00e0 partir des ann\u00e9es 1960, ont profond\u00e9ment renouvel\u00e9 le langage de la sculpture au Qu\u00e9bec. Form\u00e9 \u00e0 l&rsquo;\u00c9cole des beaux-arts de Qu\u00e9bec, puis \u00e0 l&rsquo;\u00c9cole d&rsquo;art visuel de l&rsquo;Universit\u00e9 Laval, il d\u00e9veloppe tr\u00e8s t\u00f4t une pratique o\u00f9 la mati\u00e8re, la lumi\u00e8re et l&rsquo;espace deviennent les v\u00e9ritables fondements de l&rsquo;\u0153uvre.<\/p>\n\n\n\n<p class=\"wp-block-paragraph\">Depuis plus d&rsquo;un demi-si\u00e8cle, Jean Guillot poursuit une d\u00e9marche empreinte de rigueur, de patience et d&rsquo;une remarquable coh\u00e9rence. Son travail s&rsquo;inscrit dans une recherche plastique o\u00f9 la sculpture d\u00e9passe la simple repr\u00e9sentation pour devenir une exp\u00e9rience sensible de la forme. Le volume, l&rsquo;\u00e9quilibre des masses, les tensions entre les pleins et les vides ainsi que la qualit\u00e9 tactile des mat\u00e9riaux occupent une place essentielle dans son vocabulaire artistique.<\/p>\n\n\n\n<p class=\"wp-block-paragraph\">\u00c0 travers ses sculptures, Guillot privil\u00e9gie un langage \u00e9pur\u00e9, o\u00f9 chaque \u00e9l\u00e9ment semble atteindre une n\u00e9cessit\u00e9. Refusant l&rsquo;effet spectaculaire, il \u00e9labore des \u0153uvres d&rsquo;une grande sobri\u00e9t\u00e9 qui invitent le regard \u00e0 ralentir et \u00e0 d\u00e9couvrir progressivement les subtilit\u00e9s des surfaces, des rythmes et des proportions. Son approche t\u00e9moigne d&rsquo;une profonde compr\u00e9hension des qualit\u00e9s intrins\u00e8ques de la mati\u00e8re, qu&rsquo;il fa\u00e7onne avec pr\u00e9cision afin de r\u00e9v\u00e9ler sa force expressive.<\/p>\n\n\n\n<p class=\"wp-block-paragraph\">Son \u0153uvre dialogue constamment avec son environnement. Qu&rsquo;elles soient pr\u00e9sent\u00e9es en galerie, en mus\u00e9e ou int\u00e9gr\u00e9es \u00e0 l&rsquo;espace public, ses sculptures \u00e9tablissent une relation dynamique avec l&rsquo;architecture, la lumi\u00e8re naturelle et le d\u00e9placement du spectateur. Cette attention port\u00e9e au contexte d&rsquo;installation conf\u00e8re \u00e0 chacune de ses r\u00e9alisations une pr\u00e9sence singuli\u00e8re.<\/p>\n\n\n\n<p class=\"wp-block-paragraph\">Tout au long de sa carri\u00e8re, Jean Guillot participe \u00e0 de nombreuses expositions et contribue au rayonnement de la sculpture qu\u00e9b\u00e9coise. Son parcours est marqu\u00e9 par un engagement constant envers l&rsquo;excellence artistique ainsi que par une r\u00e9flexion approfondie sur la place de la sculpture dans notre rapport au monde. Son nom demeure associ\u00e9 au d\u00e9veloppement des arts visuels dans la r\u00e9gion de Qu\u00e9bec, o\u00f9 il est reconnu pour la qualit\u00e9 de sa d\u00e9marche et l&rsquo;int\u00e9grit\u00e9 de son \u0153uvre.<\/p>\n\n\n\n<p class=\"wp-block-paragraph\">L&rsquo;ensemble de sa production r\u00e9v\u00e8le un artiste qui privil\u00e9gie la permanence plut\u00f4t que l&rsquo;effet de mode. Dans une \u00e9poque souvent domin\u00e9e par la rapidit\u00e9 des images, Jean Guillot rappelle que la sculpture est d&rsquo;abord un art de la dur\u00e9e, de la contemplation et de la pr\u00e9sence. Son \u0153uvre continue d&rsquo;occuper une place significative dans le patrimoine artistique qu\u00e9b\u00e9cois et constitue un t\u00e9moignage pr\u00e9cieux de l&rsquo;\u00e9volution de la sculpture contemporaine au Qu\u00e9bec.<\/p>\n\n\n<p><a href=\"https:\/\/www.galeriebecot.com\/wp-content\/uploads\/2017\/07\/Guillot-Jean-Sculptures.jpg\"><img loading=\"lazy\" decoding=\"async\" class=\"alignnone size-full wp-image-7004\" src=\"https:\/\/www.galeriebecot.com\/wp-content\/uploads\/2017\/07\/Guillot-Jean-Sculptures.jpg\" alt=\"\" width=\"720\" height=\"504\" srcset=\"https:\/\/galeriebecot.com\/wp-content\/uploads\/2017\/07\/Guillot-Jean-Sculptures.jpg 720w, https:\/\/galeriebecot.com\/wp-content\/uploads\/2017\/07\/Guillot-Jean-Sculptures-300x210.jpg 300w, https:\/\/galeriebecot.com\/wp-content\/uploads\/2017\/07\/Guillot-Jean-Sculptures-330x230.jpg 330w\" sizes=\"auto, (max-width: 720px) 100vw, 720px\" \/><\/a><\/p>\n<h3><strong>Ces deux sculptures sont des oeuvres de Jean Guillot.<\/strong><\/h3>\n<p>La premi\u00e8re \u00e0 gauche, est install\u00e9e en face du Caf\u00e9 au Temps Perdu, au 867 de l&rsquo;avenue Myrand \u00e0 St-Foy.<\/p>\n<p>La seconde \u00e0 droite&nbsp;, est install\u00e9e \u00e0 l&rsquo;entr\u00e9e de la base de plein air de Beauport.<\/p>","protected":false},"excerpt":{"rendered":"<p>All\u00f4 Jean, C&rsquo;est avec une grande tristesse que j&rsquo;ai appris ton d\u00e9part pour l&rsquo;\u00e9ternit\u00e9. Ce que je retiendrai toujours de toi, c&rsquo;est ta profonde gentillesse, ta simplicit\u00e9, ta fa\u00e7on d&rsquo;\u00eatre&hellip; <\/p>\n","protected":false},"author":1,"featured_media":0,"comment_status":"open","ping_status":"open","sticky":false,"template":"","format":"standard","meta":{"_exactmetrics_skip_tracking":false,"_exactmetrics_sitenote_active":false,"_exactmetrics_sitenote_note":"","_exactmetrics_sitenote_category":0,"footnotes":""},"categories":[27],"tags":[34,43,1636,1635,1634,58,37,443,40],"class_list":["post-7003","post","type-post","status-publish","format-standard","hentry","category-artistes","tag-andre-becot","tag-arts-visuels","tag-base-de-plein-air-de-beauport","tag-cafe-au-temps-perdu","tag-jean-guillot","tag-marc-bellemare-collectionneur","tag-studio-becot","tag-ville-de-quebec","tag-visuals-arts"],"_links":{"self":[{"href":"https:\/\/galeriebecot.com\/index.php?rest_route=\/wp\/v2\/posts\/7003","targetHints":{"allow":["GET"]}}],"collection":[{"href":"https:\/\/galeriebecot.com\/index.php?rest_route=\/wp\/v2\/posts"}],"about":[{"href":"https:\/\/galeriebecot.com\/index.php?rest_route=\/wp\/v2\/types\/post"}],"author":[{"embeddable":true,"href":"https:\/\/galeriebecot.com\/index.php?rest_route=\/wp\/v2\/users\/1"}],"replies":[{"embeddable":true,"href":"https:\/\/galeriebecot.com\/index.php?rest_route=%2Fwp%2Fv2%2Fcomments&post=7003"}],"version-history":[{"count":9,"href":"https:\/\/galeriebecot.com\/index.php?rest_route=\/wp\/v2\/posts\/7003\/revisions"}],"predecessor-version":[{"id":22102,"href":"https:\/\/galeriebecot.com\/index.php?rest_route=\/wp\/v2\/posts\/7003\/revisions\/22102"}],"wp:attachment":[{"href":"https:\/\/galeriebecot.com\/index.php?rest_route=%2Fwp%2Fv2%2Fmedia&parent=7003"}],"wp:term":[{"taxonomy":"category","embeddable":true,"href":"https:\/\/galeriebecot.com\/index.php?rest_route=%2Fwp%2Fv2%2Fcategories&post=7003"},{"taxonomy":"post_tag","embeddable":true,"href":"https:\/\/galeriebecot.com\/index.php?rest_route=%2Fwp%2Fv2%2Ftags&post=7003"}],"curies":[{"name":"wp","href":"https:\/\/api.w.org\/{rel}","templated":true}]}}