{"id":6964,"date":"2017-06-24T15:35:03","date_gmt":"2017-06-24T19:35:03","guid":{"rendered":"http:\/\/www.clubdescollectionneursenartsvisuelsdequebec.com\/?p=6964"},"modified":"2017-06-27T15:35:56","modified_gmt":"2017-06-27T19:35:56","slug":"odette-theberge-expose","status":"publish","type":"post","link":"https:\/\/galeriebecot.com\/?p=6964","title":{"rendered":"Odette Th\u00e9berge expose !"},"content":{"rendered":"<p><a href=\"https:\/\/www.galeriebecot.com\/wp-content\/uploads\/2017\/06\/Theberge-Odette.jpg\"><img loading=\"lazy\" decoding=\"async\" class=\"alignnone size-large wp-image-6965\" src=\"https:\/\/www.galeriebecot.com\/wp-content\/uploads\/2017\/06\/Theberge-Odette-636x1024.jpg\" alt=\"\" width=\"636\" height=\"1024\" srcset=\"https:\/\/galeriebecot.com\/wp-content\/uploads\/2017\/06\/Theberge-Odette-636x1024.jpg 636w, https:\/\/galeriebecot.com\/wp-content\/uploads\/2017\/06\/Theberge-Odette-186x300.jpg 186w, https:\/\/galeriebecot.com\/wp-content\/uploads\/2017\/06\/Theberge-Odette.jpg 686w\" sizes=\"auto, (max-width: 636px) 100vw, 636px\" \/><\/a><\/p>\n<p>Mementos.<\/p>\n<p>Au cours de l&rsquo;histoire cet acte a \u00e9t\u00e9 utilis\u00e9 pour protester, pour censurer, pour bannir, faire table rase des liens du pass\u00e9, etc.<\/p>\n","protected":false},"excerpt":{"rendered":"<p>Mementos. Au cours de l&rsquo;histoire cet acte a \u00e9t\u00e9 utilis\u00e9 pour protester, pour censurer, pour bannir, faire table rase des liens du pass\u00e9, etc.<\/p>\n","protected":false},"author":1,"featured_media":0,"comment_status":"open","ping_status":"open","sticky":false,"template":"","format":"standard","meta":{"_exactmetrics_skip_tracking":false,"_exactmetrics_sitenote_active":false,"_exactmetrics_sitenote_note":"","_exactmetrics_sitenote_category":0,"footnotes":""},"categories":[27,18],"tags":[34,1620,35,58,1036,37,40],"class_list":["post-6964","post","type-post","status-publish","format-standard","hentry","category-artistes","category-evenement","tag-andre-becot","tag-bibliotheque-monique-corriveau","tag-foire-en-arts-actuel","tag-marc-bellemare-collectionneur","tag-odette-theberge","tag-studio-becot","tag-visuals-arts"],"_links":{"self":[{"href":"https:\/\/galeriebecot.com\/index.php?rest_route=\/wp\/v2\/posts\/6964","targetHints":{"allow":["GET"]}}],"collection":[{"href":"https:\/\/galeriebecot.com\/index.php?rest_route=\/wp\/v2\/posts"}],"about":[{"href":"https:\/\/galeriebecot.com\/index.php?rest_route=\/wp\/v2\/types\/post"}],"author":[{"embeddable":true,"href":"https:\/\/galeriebecot.com\/index.php?rest_route=\/wp\/v2\/users\/1"}],"replies":[{"embeddable":true,"href":"https:\/\/galeriebecot.com\/index.php?rest_route=%2Fwp%2Fv2%2Fcomments&post=6964"}],"version-history":[{"count":1,"href":"https:\/\/galeriebecot.com\/index.php?rest_route=\/wp\/v2\/posts\/6964\/revisions"}],"predecessor-version":[{"id":6966,"href":"https:\/\/galeriebecot.com\/index.php?rest_route=\/wp\/v2\/posts\/6964\/revisions\/6966"}],"wp:attachment":[{"href":"https:\/\/galeriebecot.com\/index.php?rest_route=%2Fwp%2Fv2%2Fmedia&parent=6964"}],"wp:term":[{"taxonomy":"category","embeddable":true,"href":"https:\/\/galeriebecot.com\/index.php?rest_route=%2Fwp%2Fv2%2Fcategories&post=6964"},{"taxonomy":"post_tag","embeddable":true,"href":"https:\/\/galeriebecot.com\/index.php?rest_route=%2Fwp%2Fv2%2Ftags&post=6964"}],"curies":[{"name":"wp","href":"https:\/\/api.w.org\/{rel}","templated":true}]}}