{"id":6958,"date":"2017-06-23T09:18:06","date_gmt":"2017-06-23T13:18:06","guid":{"rendered":"http:\/\/www.clubdescollectionneursenartsvisuelsdequebec.com\/?p=6958"},"modified":"2017-06-26T09:22:55","modified_gmt":"2017-06-26T13:22:55","slug":"6958","status":"publish","type":"post","link":"https:\/\/galeriebecot.com\/?p=6958","title":{"rendered":"Kandinsky chez Sotheby&rsquo;s"},"content":{"rendered":"<p><a href=\"http:\/\/www.newsoftheartworld.com\/deux-records-kandinsky-chez-sothebys\/?utm_medium=email&amp;utm_campaign=News%20of%20the%20Art%20World%20-%2020%20-%2026%20juin%202017&amp;utm_content=News%20of%20the%20Art%20World%20-%2020%20-%2026%20juin%202017+CID_d0d61eb4fb8bffec4b461c5920d838c5&amp;utm_source=&amp;utm_term=Kandinsky\"><img loading=\"lazy\" decoding=\"async\" class=\"alignnone size-full wp-image-6959\" src=\"https:\/\/www.galeriebecot.com\/wp-content\/uploads\/2017\/06\/Kandinsky.jpg\" alt=\"\" width=\"764\" height=\"885\" srcset=\"https:\/\/galeriebecot.com\/wp-content\/uploads\/2017\/06\/Kandinsky.jpg 764w, https:\/\/galeriebecot.com\/wp-content\/uploads\/2017\/06\/Kandinsky-259x300.jpg 259w\" sizes=\"auto, (max-width: 764px) 100vw, 764px\" \/><\/a><\/p>\n<p>Les ventes londoniennes ont commenc\u00e9 le 21 juin avec une premi\u00e8re soir\u00e9e consacr\u00e9e \u00e0 l\u2019art impressionniste et moderne chez Sotheby\u2019s. Apr\u00e8s le succ\u00e8s d\u2019Art Basel (Voir <a href=\"http:\/\/www.newsoftheartworld.com\/deux-records-kandinsky-chez-sothebys\/?utm_medium=email&amp;utm_campaign=News%20of%20the%20Art%20World%20-%2020%20-%2026%20juin%202017&amp;utm_content=News%20of%20the%20Art%20World%20-%2020%20-%2026%20juin%202017+CID_d0d61eb4fb8bffec4b461c5920d838c5&amp;utm_source=&amp;utm_term=Kandinsky\" target=\"_blank\" rel=\"noopener noreferrer\">Succ\u00e8s artistique et commercial \u00e0 Art Basel<\/a>), les regards \u00e9taient tourn\u00e9s vers les salles de vente. La soir\u00e9e de Sotheby\u2019s a atteint les 149 millions d\u2019euros, un bien meilleur r\u00e9sultat qu\u2019au printemps dernier.<\/p>\n","protected":false},"excerpt":{"rendered":"<p>Les ventes londoniennes ont commenc\u00e9 le 21 juin avec une premi\u00e8re soir\u00e9e consacr\u00e9e \u00e0 l\u2019art impressionniste et moderne chez Sotheby\u2019s. Apr\u00e8s le succ\u00e8s d\u2019Art Basel (Voir Succ\u00e8s artistique et commercial&hellip; <\/p>\n","protected":false},"author":1,"featured_media":0,"comment_status":"open","ping_status":"open","sticky":false,"template":"","format":"standard","meta":{"_exactmetrics_skip_tracking":false,"_exactmetrics_sitenote_active":false,"_exactmetrics_sitenote_note":"","_exactmetrics_sitenote_category":0,"footnotes":""},"categories":[20,27,21],"tags":[34,35,1619,58,1463,37],"class_list":["post-6958","post","type-post","status-publish","format-standard","hentry","category-article-descriptif","category-artistes","category-vente-aux-encheres-doeuvres-dart","tag-andre-becot","tag-foire-en-arts-actuel","tag-kandinsky","tag-marc-bellemare-collectionneur","tag-sothebys","tag-studio-becot"],"_links":{"self":[{"href":"https:\/\/galeriebecot.com\/index.php?rest_route=\/wp\/v2\/posts\/6958","targetHints":{"allow":["GET"]}}],"collection":[{"href":"https:\/\/galeriebecot.com\/index.php?rest_route=\/wp\/v2\/posts"}],"about":[{"href":"https:\/\/galeriebecot.com\/index.php?rest_route=\/wp\/v2\/types\/post"}],"author":[{"embeddable":true,"href":"https:\/\/galeriebecot.com\/index.php?rest_route=\/wp\/v2\/users\/1"}],"replies":[{"embeddable":true,"href":"https:\/\/galeriebecot.com\/index.php?rest_route=%2Fwp%2Fv2%2Fcomments&post=6958"}],"version-history":[{"count":3,"href":"https:\/\/galeriebecot.com\/index.php?rest_route=\/wp\/v2\/posts\/6958\/revisions"}],"predecessor-version":[{"id":6962,"href":"https:\/\/galeriebecot.com\/index.php?rest_route=\/wp\/v2\/posts\/6958\/revisions\/6962"}],"wp:attachment":[{"href":"https:\/\/galeriebecot.com\/index.php?rest_route=%2Fwp%2Fv2%2Fmedia&parent=6958"}],"wp:term":[{"taxonomy":"category","embeddable":true,"href":"https:\/\/galeriebecot.com\/index.php?rest_route=%2Fwp%2Fv2%2Fcategories&post=6958"},{"taxonomy":"post_tag","embeddable":true,"href":"https:\/\/galeriebecot.com\/index.php?rest_route=%2Fwp%2Fv2%2Ftags&post=6958"}],"curies":[{"name":"wp","href":"https:\/\/api.w.org\/{rel}","templated":true}]}}